{"id":223645,"date":"2019-05-21T11:30:57","date_gmt":"2019-05-21T09:30:57","guid":{"rendered":"https:\/\/sandzakpress.net\/arhiva\/turske-snage-unistile-polozaje-terorista-na-sjeveru-iraka"},"modified":"2019-05-21T11:30:57","modified_gmt":"2019-05-21T09:30:57","slug":"turske-snage-unistile-polozaje-terorista-na-sjeveru-iraka","status":"publish","type":"post","link":"https:\/\/sandzakpress.net\/arhiva\/turske-snage-unistile-polozaje-terorista-na-sjeveru-iraka\/","title":{"rendered":"Turske snage uni\u0161tile polo\u017eaje terorista na sjeveru Iraka"},"content":{"rendered":"<p><span class=\"cb-itemprop\"><\/p>\n<p><img decoding=\"async\" src=\"https:\/\/static.vesti.rs\/slike-4\/Turska-vojska-unistila-sklonista-i-skladista-PKK-a-na-sjeveru-Iraka.jpg\" alt=\"Rezultat slika za Turske snage uni\u00c5\u00a1tile polo\u00c5\u00beaje terorista na sjeveru Iraka\" \/><\/p>\n<p><strong>U zra\u010dnoj akciji pripadnika snaga sigurnosti Republike Turske izvedenoj na sjeveru Iraka uni\u0161teni su polo\u017eaji terorista, javlja Anadolu Agency (AA).<\/strong><\/p>\n<p>Iz Ministarstva odbrane Republike Turske saop\u0107eno je kako je akcija organizirana na upori\u0161ta u podru\u010dju Avasin-Basian.<\/p>\n<p>Tom prilikom uni\u0161teni su vojni polo\u017eaj, skrovi\u0161te i skloni\u0161te koje su koristili teroristi PKK-a.<\/p>\n<p><\/span><br \/>\nPogledajte vijest na izvornom sajtu:<\/p>\n<p><a href=\"https:\/\/islampress.net\/45356\/turske-snage-unistile-polozaje-terorista-na-sjeveru-iraka\/\" target=\"_blank\">Turske snage uni\u0161tile polo\u017eaje terorista na sjeveru Iraka<\/a><\/p>\n","protected":false},"excerpt":{"rendered":"<p>U zra\u010dnoj akciji pripadnika snaga sigurnosti Republike Turske izvedenoj na sjeveru Iraka uni\u0161teni su polo\u017eaji terorista, javlja Anadolu Agency (AA). Iz Ministarstva odbrane Republike Turske saop\u0107eno je kako je akcija organizirana na upori\u0161ta u podru\u010dju Avasin-Basian. Tom prilikom uni\u0161teni su vojni polo\u017eaj, skrovi\u0161te i skloni\u0161te koje su koristili teroristi PKK-a. Pogledajte vijest na izvornom sajtu: [&hellip;]<\/p>\n","protected":false},"author":83,"featured_media":223646,"comment_status":"open","ping_status":"open","sticky":false,"template":"","format":"standard","meta":{"footnotes":""},"categories":[9],"tags":[10499],"class_list":{"0":"post-223645","1":"post","2":"type-post","3":"status-publish","4":"format-standard","5":"has-post-thumbnail","7":"category-svijet","8":"tag-a"},"yoast_head":"<!-- This site is optimized with the Yoast SEO Premium plugin v23.1 (Yoast SEO v24.9) - https:\/\/yoast.com\/wordpress\/plugins\/seo\/ -->\n<title>Turske snage uni\u0161tile polo\u017eaje terorista na sjeveru Iraka<\/title>\n<meta name=\"robots\" content=\"index, follow, max-snippet:-1, max-image-preview:large, max-video-preview:-1\" \/>\n<link rel=\"canonical\" href=\"https:\/\/sandzakpress.net\/arhiva\/turske-snage-unistile-polozaje-terorista-na-sjeveru-iraka\/\" \/>\n<meta property=\"og:locale\" content=\"bs_BA\" \/>\n<meta property=\"og:type\" content=\"article\" \/>\n<meta property=\"og:title\" content=\"Turske snage uni\u0161tile polo\u017eaje terorista na sjeveru Iraka\" \/>\n<meta property=\"og:description\" content=\"U zra\u010dnoj akciji pripadnika snaga sigurnosti Republike Turske izvedenoj na sjeveru Iraka uni\u0161teni su polo\u017eaji terorista, javlja Anadolu Agency (AA). Iz Ministarstva odbrane Republike Turske saop\u0107eno je kako je akcija organizirana na upori\u0161ta u podru\u010dju Avasin-Basian. Tom prilikom uni\u0161teni su vojni polo\u017eaj, skrovi\u0161te i skloni\u0161te koje su koristili teroristi PKK-a. Pogledajte vijest na izvornom sajtu: [&hellip;]\" \/>\n<meta property=\"og:url\" content=\"https:\/\/sandzakpress.net\/arhiva\/turske-snage-unistile-polozaje-terorista-na-sjeveru-iraka\/\" \/>\n<meta property=\"og:site_name\" content=\"Sand\u017eak PRESS\" \/>\n<meta property=\"article:published_time\" content=\"2019-05-21T09:30:57+00:00\" \/>\n<meta property=\"og:image\" content=\"https:\/\/sandzakpress.net\/arhiva\/wp-content\/uploads\/2019\/05\/Turska-vojska-unistila-sklonista-i-skladista-PKK-a-na-sjeveru-Iraka.jpg\" \/>\n\t<meta property=\"og:image:width\" content=\"770\" \/>\n\t<meta property=\"og:image:height\" content=\"433\" \/>\n\t<meta property=\"og:image:type\" content=\"image\/jpeg\" \/>\n<meta name=\"author\" content=\"bosniak\" \/>\n<meta name=\"twitter:card\" content=\"summary_large_image\" \/>\n<meta name=\"twitter:label1\" content=\"Written by\" \/>\n\t<meta name=\"twitter:data1\" content=\"bosniak\" \/>\n<script type=\"application\/ld+json\" class=\"yoast-schema-graph\">{\"@context\":\"https:\/\/schema.org\",\"@graph\":[{\"@type\":\"Article\",\"@id\":\"https:\/\/sandzakpress.net\/arhiva\/turske-snage-unistile-polozaje-terorista-na-sjeveru-iraka\/#article\",\"isPartOf\":{\"@id\":\"https:\/\/sandzakpress.net\/arhiva\/turske-snage-unistile-polozaje-terorista-na-sjeveru-iraka\/\"},\"author\":{\"name\":\"bosniak\",\"@id\":\"https:\/\/sandzakpress.net\/arhiva\/#\/schema\/person\/c8baee722073534b583ea7bdb2e36c02\"},\"headline\":\"Turske snage uni\u0161tile polo\u017eaje terorista na sjeveru Iraka\",\"datePublished\":\"2019-05-21T09:30:57+00:00\",\"mainEntityOfPage\":{\"@id\":\"https:\/\/sandzakpress.net\/arhiva\/turske-snage-unistile-polozaje-terorista-na-sjeveru-iraka\/\"},\"wordCount\":85,\"commentCount\":0,\"publisher\":{\"@id\":\"https:\/\/sandzakpress.net\/arhiva\/#\/schema\/person\/6e72b67d6e51910a1117b3b483ba20bd\"},\"image\":{\"@id\":\"https:\/\/sandzakpress.net\/arhiva\/turske-snage-unistile-polozaje-terorista-na-sjeveru-iraka\/#primaryimage\"},\"thumbnailUrl\":\"https:\/\/sandzakpress.net\/arhiva\/wp-content\/uploads\/2019\/05\/Turska-vojska-unistila-sklonista-i-skladista-PKK-a-na-sjeveru-Iraka.jpg\",\"keywords\":[\"A\"],\"articleSection\":[\"Svijet\"],\"inLanguage\":\"bs-BA\",\"potentialAction\":[{\"@type\":\"CommentAction\",\"name\":\"Comment\",\"target\":[\"https:\/\/sandzakpress.net\/arhiva\/turske-snage-unistile-polozaje-terorista-na-sjeveru-iraka\/#respond\"]}]},{\"@type\":\"WebPage\",\"@id\":\"https:\/\/sandzakpress.net\/arhiva\/turske-snage-unistile-polozaje-terorista-na-sjeveru-iraka\/\",\"url\":\"https:\/\/sandzakpress.net\/arhiva\/turske-snage-unistile-polozaje-terorista-na-sjeveru-iraka\/\",\"name\":\"Turske snage uni\u0161tile polo\u017eaje terorista na sjeveru Iraka\",\"isPartOf\":{\"@id\":\"https:\/\/sandzakpress.net\/arhiva\/#website\"},\"primaryImageOfPage\":{\"@id\":\"https:\/\/sandzakpress.net\/arhiva\/turske-snage-unistile-polozaje-terorista-na-sjeveru-iraka\/#primaryimage\"},\"image\":{\"@id\":\"https:\/\/sandzakpress.net\/arhiva\/turske-snage-unistile-polozaje-terorista-na-sjeveru-iraka\/#primaryimage\"},\"thumbnailUrl\":\"https:\/\/sandzakpress.net\/arhiva\/wp-content\/uploads\/2019\/05\/Turska-vojska-unistila-sklonista-i-skladista-PKK-a-na-sjeveru-Iraka.jpg\",\"datePublished\":\"2019-05-21T09:30:57+00:00\",\"breadcrumb\":{\"@id\":\"https:\/\/sandzakpress.net\/arhiva\/turske-snage-unistile-polozaje-terorista-na-sjeveru-iraka\/#breadcrumb\"},\"inLanguage\":\"bs-BA\",\"potentialAction\":[{\"@type\":\"ReadAction\",\"target\":[\"https:\/\/sandzakpress.net\/arhiva\/turske-snage-unistile-polozaje-terorista-na-sjeveru-iraka\/\"]}]},{\"@type\":\"ImageObject\",\"inLanguage\":\"bs-BA\",\"@id\":\"https:\/\/sandzakpress.net\/arhiva\/turske-snage-unistile-polozaje-terorista-na-sjeveru-iraka\/#primaryimage\",\"url\":\"https:\/\/sandzakpress.net\/arhiva\/wp-content\/uploads\/2019\/05\/Turska-vojska-unistila-sklonista-i-skladista-PKK-a-na-sjeveru-Iraka.jpg\",\"contentUrl\":\"https:\/\/sandzakpress.net\/arhiva\/wp-content\/uploads\/2019\/05\/Turska-vojska-unistila-sklonista-i-skladista-PKK-a-na-sjeveru-Iraka.jpg\",\"width\":770,\"height\":433},{\"@type\":\"BreadcrumbList\",\"@id\":\"https:\/\/sandzakpress.net\/arhiva\/turske-snage-unistile-polozaje-terorista-na-sjeveru-iraka\/#breadcrumb\",\"itemListElement\":[{\"@type\":\"ListItem\",\"position\":1,\"name\":\"Home\",\"item\":\"https:\/\/sandzakpress.net\/arhiva\/\"},{\"@type\":\"ListItem\",\"position\":2,\"name\":\"Turske snage uni\u0161tile polo\u017eaje terorista na sjeveru Iraka\"}]},{\"@type\":\"WebSite\",\"@id\":\"https:\/\/sandzakpress.net\/arhiva\/#website\",\"url\":\"https:\/\/sandzakpress.net\/arhiva\/\",\"name\":\"Sand\u017eak PRESS\",\"description\":\"Prve elektronske novine u Sand\u017eaku\",\"publisher\":{\"@id\":\"https:\/\/sandzakpress.net\/arhiva\/#\/schema\/person\/6e72b67d6e51910a1117b3b483ba20bd\"},\"potentialAction\":[{\"@type\":\"SearchAction\",\"target\":{\"@type\":\"EntryPoint\",\"urlTemplate\":\"https:\/\/sandzakpress.net\/arhiva\/?s={search_term_string}\"},\"query-input\":{\"@type\":\"PropertyValueSpecification\",\"valueRequired\":true,\"valueName\":\"search_term_string\"}}],\"inLanguage\":\"bs-BA\"},{\"@type\":[\"Person\",\"Organization\"],\"@id\":\"https:\/\/sandzakpress.net\/arhiva\/#\/schema\/person\/6e72b67d6e51910a1117b3b483ba20bd\",\"name\":\"Kul\",\"image\":{\"@type\":\"ImageObject\",\"inLanguage\":\"bs-BA\",\"@id\":\"https:\/\/sandzakpress.net\/arhiva\/#\/schema\/person\/image\/\",\"url\":\"https:\/\/secure.gravatar.com\/avatar\/42263f39aa27ac04c43cab85c280eb2e?s=96&d=mm&r=pg\",\"contentUrl\":\"https:\/\/secure.gravatar.com\/avatar\/42263f39aa27ac04c43cab85c280eb2e?s=96&d=mm&r=pg\",\"caption\":\"Kul\"},\"logo\":{\"@id\":\"https:\/\/sandzakpress.net\/arhiva\/#\/schema\/person\/image\/\"}},{\"@type\":\"Person\",\"@id\":\"https:\/\/sandzakpress.net\/arhiva\/#\/schema\/person\/c8baee722073534b583ea7bdb2e36c02\",\"name\":\"bosniak\",\"image\":{\"@type\":\"ImageObject\",\"inLanguage\":\"bs-BA\",\"@id\":\"https:\/\/sandzakpress.net\/arhiva\/#\/schema\/person\/image\/\",\"url\":\"https:\/\/secure.gravatar.com\/avatar\/a04fd330bfe3a36a72a0ad4a6d89fca7?s=96&d=mm&r=pg\",\"contentUrl\":\"https:\/\/secure.gravatar.com\/avatar\/a04fd330bfe3a36a72a0ad4a6d89fca7?s=96&d=mm&r=pg\",\"caption\":\"bosniak\"},\"url\":\"https:\/\/sandzakpress.net\/arhiva\/author\/bosniak\/\"}]}<\/script>\n<!-- \/ Yoast SEO Premium plugin. -->","yoast_head_json":{"title":"Turske snage uni\u0161tile polo\u017eaje terorista na sjeveru Iraka","robots":{"index":"index","follow":"follow","max-snippet":"max-snippet:-1","max-image-preview":"max-image-preview:large","max-video-preview":"max-video-preview:-1"},"canonical":"https:\/\/sandzakpress.net\/arhiva\/turske-snage-unistile-polozaje-terorista-na-sjeveru-iraka\/","og_locale":"bs_BA","og_type":"article","og_title":"Turske snage uni\u0161tile polo\u017eaje terorista na sjeveru Iraka","og_description":"U zra\u010dnoj akciji pripadnika snaga sigurnosti Republike Turske izvedenoj na sjeveru Iraka uni\u0161teni su polo\u017eaji terorista, javlja Anadolu Agency (AA). Iz Ministarstva odbrane Republike Turske saop\u0107eno je kako je akcija organizirana na upori\u0161ta u podru\u010dju Avasin-Basian. Tom prilikom uni\u0161teni su vojni polo\u017eaj, skrovi\u0161te i skloni\u0161te koje su koristili teroristi PKK-a. Pogledajte vijest na izvornom sajtu: [&hellip;]","og_url":"https:\/\/sandzakpress.net\/arhiva\/turske-snage-unistile-polozaje-terorista-na-sjeveru-iraka\/","og_site_name":"Sand\u017eak PRESS","article_published_time":"2019-05-21T09:30:57+00:00","og_image":[{"width":770,"height":433,"url":"https:\/\/sandzakpress.net\/arhiva\/wp-content\/uploads\/2019\/05\/Turska-vojska-unistila-sklonista-i-skladista-PKK-a-na-sjeveru-Iraka.jpg","type":"image\/jpeg"}],"author":"bosniak","twitter_card":"summary_large_image","twitter_misc":{"Written by":"bosniak"},"schema":{"@context":"https:\/\/schema.org","@graph":[{"@type":"Article","@id":"https:\/\/sandzakpress.net\/arhiva\/turske-snage-unistile-polozaje-terorista-na-sjeveru-iraka\/#article","isPartOf":{"@id":"https:\/\/sandzakpress.net\/arhiva\/turske-snage-unistile-polozaje-terorista-na-sjeveru-iraka\/"},"author":{"name":"bosniak","@id":"https:\/\/sandzakpress.net\/arhiva\/#\/schema\/person\/c8baee722073534b583ea7bdb2e36c02"},"headline":"Turske snage uni\u0161tile polo\u017eaje terorista na sjeveru Iraka","datePublished":"2019-05-21T09:30:57+00:00","mainEntityOfPage":{"@id":"https:\/\/sandzakpress.net\/arhiva\/turske-snage-unistile-polozaje-terorista-na-sjeveru-iraka\/"},"wordCount":85,"commentCount":0,"publisher":{"@id":"https:\/\/sandzakpress.net\/arhiva\/#\/schema\/person\/6e72b67d6e51910a1117b3b483ba20bd"},"image":{"@id":"https:\/\/sandzakpress.net\/arhiva\/turske-snage-unistile-polozaje-terorista-na-sjeveru-iraka\/#primaryimage"},"thumbnailUrl":"https:\/\/sandzakpress.net\/arhiva\/wp-content\/uploads\/2019\/05\/Turska-vojska-unistila-sklonista-i-skladista-PKK-a-na-sjeveru-Iraka.jpg","keywords":["A"],"articleSection":["Svijet"],"inLanguage":"bs-BA","potentialAction":[{"@type":"CommentAction","name":"Comment","target":["https:\/\/sandzakpress.net\/arhiva\/turske-snage-unistile-polozaje-terorista-na-sjeveru-iraka\/#respond"]}]},{"@type":"WebPage","@id":"https:\/\/sandzakpress.net\/arhiva\/turske-snage-unistile-polozaje-terorista-na-sjeveru-iraka\/","url":"https:\/\/sandzakpress.net\/arhiva\/turske-snage-unistile-polozaje-terorista-na-sjeveru-iraka\/","name":"Turske snage uni\u0161tile polo\u017eaje terorista na sjeveru Iraka","isPartOf":{"@id":"https:\/\/sandzakpress.net\/arhiva\/#website"},"primaryImageOfPage":{"@id":"https:\/\/sandzakpress.net\/arhiva\/turske-snage-unistile-polozaje-terorista-na-sjeveru-iraka\/#primaryimage"},"image":{"@id":"https:\/\/sandzakpress.net\/arhiva\/turske-snage-unistile-polozaje-terorista-na-sjeveru-iraka\/#primaryimage"},"thumbnailUrl":"https:\/\/sandzakpress.net\/arhiva\/wp-content\/uploads\/2019\/05\/Turska-vojska-unistila-sklonista-i-skladista-PKK-a-na-sjeveru-Iraka.jpg","datePublished":"2019-05-21T09:30:57+00:00","breadcrumb":{"@id":"https:\/\/sandzakpress.net\/arhiva\/turske-snage-unistile-polozaje-terorista-na-sjeveru-iraka\/#breadcrumb"},"inLanguage":"bs-BA","potentialAction":[{"@type":"ReadAction","target":["https:\/\/sandzakpress.net\/arhiva\/turske-snage-unistile-polozaje-terorista-na-sjeveru-iraka\/"]}]},{"@type":"ImageObject","inLanguage":"bs-BA","@id":"https:\/\/sandzakpress.net\/arhiva\/turske-snage-unistile-polozaje-terorista-na-sjeveru-iraka\/#primaryimage","url":"https:\/\/sandzakpress.net\/arhiva\/wp-content\/uploads\/2019\/05\/Turska-vojska-unistila-sklonista-i-skladista-PKK-a-na-sjeveru-Iraka.jpg","contentUrl":"https:\/\/sandzakpress.net\/arhiva\/wp-content\/uploads\/2019\/05\/Turska-vojska-unistila-sklonista-i-skladista-PKK-a-na-sjeveru-Iraka.jpg","width":770,"height":433},{"@type":"BreadcrumbList","@id":"https:\/\/sandzakpress.net\/arhiva\/turske-snage-unistile-polozaje-terorista-na-sjeveru-iraka\/#breadcrumb","itemListElement":[{"@type":"ListItem","position":1,"name":"Home","item":"https:\/\/sandzakpress.net\/arhiva\/"},{"@type":"ListItem","position":2,"name":"Turske snage uni\u0161tile polo\u017eaje terorista na sjeveru Iraka"}]},{"@type":"WebSite","@id":"https:\/\/sandzakpress.net\/arhiva\/#website","url":"https:\/\/sandzakpress.net\/arhiva\/","name":"Sand\u017eak PRESS","description":"Prve elektronske novine u Sand\u017eaku","publisher":{"@id":"https:\/\/sandzakpress.net\/arhiva\/#\/schema\/person\/6e72b67d6e51910a1117b3b483ba20bd"},"potentialAction":[{"@type":"SearchAction","target":{"@type":"EntryPoint","urlTemplate":"https:\/\/sandzakpress.net\/arhiva\/?s={search_term_string}"},"query-input":{"@type":"PropertyValueSpecification","valueRequired":true,"valueName":"search_term_string"}}],"inLanguage":"bs-BA"},{"@type":["Person","Organization"],"@id":"https:\/\/sandzakpress.net\/arhiva\/#\/schema\/person\/6e72b67d6e51910a1117b3b483ba20bd","name":"Kul","image":{"@type":"ImageObject","inLanguage":"bs-BA","@id":"https:\/\/sandzakpress.net\/arhiva\/#\/schema\/person\/image\/","url":"https:\/\/secure.gravatar.com\/avatar\/42263f39aa27ac04c43cab85c280eb2e?s=96&d=mm&r=pg","contentUrl":"https:\/\/secure.gravatar.com\/avatar\/42263f39aa27ac04c43cab85c280eb2e?s=96&d=mm&r=pg","caption":"Kul"},"logo":{"@id":"https:\/\/sandzakpress.net\/arhiva\/#\/schema\/person\/image\/"}},{"@type":"Person","@id":"https:\/\/sandzakpress.net\/arhiva\/#\/schema\/person\/c8baee722073534b583ea7bdb2e36c02","name":"bosniak","image":{"@type":"ImageObject","inLanguage":"bs-BA","@id":"https:\/\/sandzakpress.net\/arhiva\/#\/schema\/person\/image\/","url":"https:\/\/secure.gravatar.com\/avatar\/a04fd330bfe3a36a72a0ad4a6d89fca7?s=96&d=mm&r=pg","contentUrl":"https:\/\/secure.gravatar.com\/avatar\/a04fd330bfe3a36a72a0ad4a6d89fca7?s=96&d=mm&r=pg","caption":"bosniak"},"url":"https:\/\/sandzakpress.net\/arhiva\/author\/bosniak\/"}]}},"_links":{"self":[{"href":"https:\/\/sandzakpress.net\/arhiva\/wp-json\/wp\/v2\/posts\/223645"}],"collection":[{"href":"https:\/\/sandzakpress.net\/arhiva\/wp-json\/wp\/v2\/posts"}],"about":[{"href":"https:\/\/sandzakpress.net\/arhiva\/wp-json\/wp\/v2\/types\/post"}],"author":[{"embeddable":true,"href":"https:\/\/sandzakpress.net\/arhiva\/wp-json\/wp\/v2\/users\/83"}],"replies":[{"embeddable":true,"href":"https:\/\/sandzakpress.net\/arhiva\/wp-json\/wp\/v2\/comments?post=223645"}],"version-history":[{"count":0,"href":"https:\/\/sandzakpress.net\/arhiva\/wp-json\/wp\/v2\/posts\/223645\/revisions"}],"wp:featuredmedia":[{"embeddable":true,"href":"https:\/\/sandzakpress.net\/arhiva\/wp-json\/wp\/v2\/media\/223646"}],"wp:attachment":[{"href":"https:\/\/sandzakpress.net\/arhiva\/wp-json\/wp\/v2\/media?parent=223645"}],"wp:term":[{"taxonomy":"category","embeddable":true,"href":"https:\/\/sandzakpress.net\/arhiva\/wp-json\/wp\/v2\/categories?post=223645"},{"taxonomy":"post_tag","embeddable":true,"href":"https:\/\/sandzakpress.net\/arhiva\/wp-json\/wp\/v2\/tags?post=223645"}],"curies":[{"name":"wp","href":"https:\/\/api.w.org\/{rel}","templated":true}]}}