{"id":223639,"date":"2019-05-21T11:34:55","date_gmt":"2019-05-21T09:34:55","guid":{"rendered":"https:\/\/sandzakpress.net\/arhiva\/njemacka-roditelji-u-taksiju-zaboravili-tek-rodjenu-bebu"},"modified":"2019-05-21T11:34:55","modified_gmt":"2019-05-21T09:34:55","slug":"njemacka-roditelji-u-taksiju-zaboravili-tek-rodjenu-bebu","status":"publish","type":"post","link":"https:\/\/sandzakpress.net\/arhiva\/njemacka-roditelji-u-taksiju-zaboravili-tek-rodjenu-bebu\/","title":{"rendered":"Njema\u010dka: Roditelji u taksiju zaboravili tek ro\u0111enu bebu"},"content":{"rendered":"<p><span class=\"cb-itemprop\"><\/p>\n<p><img decoding=\"async\" src=\"https:\/\/avaz.ba\/media\/2019\/05\/20\/948125\/thumbs\/873x400.jpg\" alt=\"Rezultat slika za Njema\u00c4\u008dka: Roditelji u taksiju zaboravili tek ro\u00c4\u0091enu bebu\" \/><\/p>\n<p><strong>U Njema\u010dkoj je zabilje\u017een nesvakida\u0161nji slu\u010daj kada su roditelji tek ro\u0111ene bebe zaboravili novoro\u0111en\u010de u taksiju nakon \u0161to su iz bolnice stigli pred svoj dom, prenosi Anadolu Agency (AA).<\/strong><\/p>\n<p>Hambur\u0161ka policija je saop\u0107ila da su roditelji ubrzo shvatili da su zaboravili bebu te je otac po\u010deo tr\u010dati za taksijem, ali ga voza\u010d nije primijetio.<\/p>\n<p>U prvom momentu ni pozivima taksi-dispe\u010dera nisu uspjeli locirati gdje se nalazi beba.<\/p>\n<p>Kako navode njema\u010dki mediji, voza\u010d nije bio ni svjestan da u autu vozi bebu pa je parkirao vozilo u podzemnoj gara\u017ei i oti\u0161ao na pauzu za ru\u010dak.<\/p>\n<p>Potom je vozio nekoliko kilometara kako bi prevezao idu\u0107eg klijenta koji je primijetio bebu koja spava.<\/p>\n<p>Pozvali su policiju koja je pomogla da spoji bebu s roditeljima i jednogodi\u0161njom sestrom.<\/p>\n<p><\/span><br \/>\nPogledajte vijest na izvornom sajtu:<\/p>\n<p><a href=\"https:\/\/islampress.net\/45365\/njemacka-roditelji-u-taksiju-zaboravili-tek-rodjenu-bebu\/\" target=\"_blank\">Njema\u010dka: Roditelji u taksiju zaboravili tek ro\u0111enu bebu<\/a><\/p>\n","protected":false},"excerpt":{"rendered":"<p>U Njema\u010dkoj je zabilje\u017een nesvakida\u0161nji slu\u010daj kada su roditelji tek ro\u0111ene bebe zaboravili novoro\u0111en\u010de u taksiju nakon \u0161to su iz bolnice stigli pred svoj dom, prenosi Anadolu Agency (AA). Hambur\u0161ka policija je saop\u0107ila da su roditelji ubrzo shvatili da su zaboravili bebu te je otac po\u010deo tr\u010dati za taksijem, ali ga voza\u010d nije primijetio. U [&hellip;]<\/p>\n","protected":false},"author":83,"featured_media":223640,"comment_status":"open","ping_status":"open","sticky":false,"template":"","format":"standard","meta":{"footnotes":""},"categories":[9],"tags":[10499],"class_list":{"0":"post-223639","1":"post","2":"type-post","3":"status-publish","4":"format-standard","5":"has-post-thumbnail","7":"category-svijet","8":"tag-a"},"yoast_head":"<!-- This site is optimized with the Yoast SEO Premium plugin v23.1 (Yoast SEO v24.9) - https:\/\/yoast.com\/wordpress\/plugins\/seo\/ -->\n<title>Njema\u010dka: Roditelji u taksiju zaboravili tek ro\u0111enu bebu<\/title>\n<meta name=\"robots\" content=\"index, follow, max-snippet:-1, max-image-preview:large, max-video-preview:-1\" \/>\n<link rel=\"canonical\" href=\"https:\/\/sandzakpress.net\/arhiva\/njemacka-roditelji-u-taksiju-zaboravili-tek-rodjenu-bebu\/\" \/>\n<meta property=\"og:locale\" content=\"bs_BA\" \/>\n<meta property=\"og:type\" content=\"article\" \/>\n<meta property=\"og:title\" content=\"Njema\u010dka: Roditelji u taksiju zaboravili tek ro\u0111enu bebu\" \/>\n<meta property=\"og:description\" content=\"U Njema\u010dkoj je zabilje\u017een nesvakida\u0161nji slu\u010daj kada su roditelji tek ro\u0111ene bebe zaboravili novoro\u0111en\u010de u taksiju nakon \u0161to su iz bolnice stigli pred svoj dom, prenosi Anadolu Agency (AA). Hambur\u0161ka policija je saop\u0107ila da su roditelji ubrzo shvatili da su zaboravili bebu te je otac po\u010deo tr\u010dati za taksijem, ali ga voza\u010d nije primijetio. U [&hellip;]\" \/>\n<meta property=\"og:url\" content=\"https:\/\/sandzakpress.net\/arhiva\/njemacka-roditelji-u-taksiju-zaboravili-tek-rodjenu-bebu\/\" \/>\n<meta property=\"og:site_name\" content=\"Sand\u017eak PRESS\" \/>\n<meta property=\"article:published_time\" content=\"2019-05-21T09:34:55+00:00\" \/>\n<meta property=\"og:image\" content=\"https:\/\/sandzakpress.net\/arhiva\/wp-content\/uploads\/2019\/05\/873x400-26.jpg\" \/>\n\t<meta property=\"og:image:width\" content=\"753\" \/>\n\t<meta property=\"og:image:height\" content=\"424\" \/>\n\t<meta property=\"og:image:type\" content=\"image\/jpeg\" \/>\n<meta name=\"author\" content=\"bosniak\" \/>\n<meta name=\"twitter:card\" content=\"summary_large_image\" \/>\n<meta name=\"twitter:label1\" content=\"Written by\" \/>\n\t<meta name=\"twitter:data1\" content=\"bosniak\" \/>\n\t<meta name=\"twitter:label2\" content=\"Est. reading time\" \/>\n\t<meta name=\"twitter:data2\" content=\"1 minuta\" \/>\n<script type=\"application\/ld+json\" class=\"yoast-schema-graph\">{\"@context\":\"https:\/\/schema.org\",\"@graph\":[{\"@type\":\"Article\",\"@id\":\"https:\/\/sandzakpress.net\/arhiva\/njemacka-roditelji-u-taksiju-zaboravili-tek-rodjenu-bebu\/#article\",\"isPartOf\":{\"@id\":\"https:\/\/sandzakpress.net\/arhiva\/njemacka-roditelji-u-taksiju-zaboravili-tek-rodjenu-bebu\/\"},\"author\":{\"name\":\"bosniak\",\"@id\":\"https:\/\/sandzakpress.net\/arhiva\/#\/schema\/person\/c8baee722073534b583ea7bdb2e36c02\"},\"headline\":\"Njema\u010dka: Roditelji u taksiju zaboravili tek ro\u0111enu bebu\",\"datePublished\":\"2019-05-21T09:34:55+00:00\",\"mainEntityOfPage\":{\"@id\":\"https:\/\/sandzakpress.net\/arhiva\/njemacka-roditelji-u-taksiju-zaboravili-tek-rodjenu-bebu\/\"},\"wordCount\":167,\"commentCount\":0,\"publisher\":{\"@id\":\"https:\/\/sandzakpress.net\/arhiva\/#\/schema\/person\/6e72b67d6e51910a1117b3b483ba20bd\"},\"image\":{\"@id\":\"https:\/\/sandzakpress.net\/arhiva\/njemacka-roditelji-u-taksiju-zaboravili-tek-rodjenu-bebu\/#primaryimage\"},\"thumbnailUrl\":\"https:\/\/sandzakpress.net\/arhiva\/wp-content\/uploads\/2019\/05\/873x400-26.jpg\",\"keywords\":[\"A\"],\"articleSection\":[\"Svijet\"],\"inLanguage\":\"bs-BA\",\"potentialAction\":[{\"@type\":\"CommentAction\",\"name\":\"Comment\",\"target\":[\"https:\/\/sandzakpress.net\/arhiva\/njemacka-roditelji-u-taksiju-zaboravili-tek-rodjenu-bebu\/#respond\"]}]},{\"@type\":\"WebPage\",\"@id\":\"https:\/\/sandzakpress.net\/arhiva\/njemacka-roditelji-u-taksiju-zaboravili-tek-rodjenu-bebu\/\",\"url\":\"https:\/\/sandzakpress.net\/arhiva\/njemacka-roditelji-u-taksiju-zaboravili-tek-rodjenu-bebu\/\",\"name\":\"Njema\u010dka: Roditelji u taksiju zaboravili tek ro\u0111enu bebu\",\"isPartOf\":{\"@id\":\"https:\/\/sandzakpress.net\/arhiva\/#website\"},\"primaryImageOfPage\":{\"@id\":\"https:\/\/sandzakpress.net\/arhiva\/njemacka-roditelji-u-taksiju-zaboravili-tek-rodjenu-bebu\/#primaryimage\"},\"image\":{\"@id\":\"https:\/\/sandzakpress.net\/arhiva\/njemacka-roditelji-u-taksiju-zaboravili-tek-rodjenu-bebu\/#primaryimage\"},\"thumbnailUrl\":\"https:\/\/sandzakpress.net\/arhiva\/wp-content\/uploads\/2019\/05\/873x400-26.jpg\",\"datePublished\":\"2019-05-21T09:34:55+00:00\",\"breadcrumb\":{\"@id\":\"https:\/\/sandzakpress.net\/arhiva\/njemacka-roditelji-u-taksiju-zaboravili-tek-rodjenu-bebu\/#breadcrumb\"},\"inLanguage\":\"bs-BA\",\"potentialAction\":[{\"@type\":\"ReadAction\",\"target\":[\"https:\/\/sandzakpress.net\/arhiva\/njemacka-roditelji-u-taksiju-zaboravili-tek-rodjenu-bebu\/\"]}]},{\"@type\":\"ImageObject\",\"inLanguage\":\"bs-BA\",\"@id\":\"https:\/\/sandzakpress.net\/arhiva\/njemacka-roditelji-u-taksiju-zaboravili-tek-rodjenu-bebu\/#primaryimage\",\"url\":\"https:\/\/sandzakpress.net\/arhiva\/wp-content\/uploads\/2019\/05\/873x400-26.jpg\",\"contentUrl\":\"https:\/\/sandzakpress.net\/arhiva\/wp-content\/uploads\/2019\/05\/873x400-26.jpg\",\"width\":753,\"height\":424},{\"@type\":\"BreadcrumbList\",\"@id\":\"https:\/\/sandzakpress.net\/arhiva\/njemacka-roditelji-u-taksiju-zaboravili-tek-rodjenu-bebu\/#breadcrumb\",\"itemListElement\":[{\"@type\":\"ListItem\",\"position\":1,\"name\":\"Home\",\"item\":\"https:\/\/sandzakpress.net\/arhiva\/\"},{\"@type\":\"ListItem\",\"position\":2,\"name\":\"Njema\u010dka: Roditelji u taksiju zaboravili tek ro\u0111enu bebu\"}]},{\"@type\":\"WebSite\",\"@id\":\"https:\/\/sandzakpress.net\/arhiva\/#website\",\"url\":\"https:\/\/sandzakpress.net\/arhiva\/\",\"name\":\"Sand\u017eak PRESS\",\"description\":\"Prve elektronske novine u Sand\u017eaku\",\"publisher\":{\"@id\":\"https:\/\/sandzakpress.net\/arhiva\/#\/schema\/person\/6e72b67d6e51910a1117b3b483ba20bd\"},\"potentialAction\":[{\"@type\":\"SearchAction\",\"target\":{\"@type\":\"EntryPoint\",\"urlTemplate\":\"https:\/\/sandzakpress.net\/arhiva\/?s={search_term_string}\"},\"query-input\":{\"@type\":\"PropertyValueSpecification\",\"valueRequired\":true,\"valueName\":\"search_term_string\"}}],\"inLanguage\":\"bs-BA\"},{\"@type\":[\"Person\",\"Organization\"],\"@id\":\"https:\/\/sandzakpress.net\/arhiva\/#\/schema\/person\/6e72b67d6e51910a1117b3b483ba20bd\",\"name\":\"Kul\",\"image\":{\"@type\":\"ImageObject\",\"inLanguage\":\"bs-BA\",\"@id\":\"https:\/\/sandzakpress.net\/arhiva\/#\/schema\/person\/image\/\",\"url\":\"https:\/\/secure.gravatar.com\/avatar\/42263f39aa27ac04c43cab85c280eb2e?s=96&d=mm&r=pg\",\"contentUrl\":\"https:\/\/secure.gravatar.com\/avatar\/42263f39aa27ac04c43cab85c280eb2e?s=96&d=mm&r=pg\",\"caption\":\"Kul\"},\"logo\":{\"@id\":\"https:\/\/sandzakpress.net\/arhiva\/#\/schema\/person\/image\/\"}},{\"@type\":\"Person\",\"@id\":\"https:\/\/sandzakpress.net\/arhiva\/#\/schema\/person\/c8baee722073534b583ea7bdb2e36c02\",\"name\":\"bosniak\",\"image\":{\"@type\":\"ImageObject\",\"inLanguage\":\"bs-BA\",\"@id\":\"https:\/\/sandzakpress.net\/arhiva\/#\/schema\/person\/image\/\",\"url\":\"https:\/\/secure.gravatar.com\/avatar\/a04fd330bfe3a36a72a0ad4a6d89fca7?s=96&d=mm&r=pg\",\"contentUrl\":\"https:\/\/secure.gravatar.com\/avatar\/a04fd330bfe3a36a72a0ad4a6d89fca7?s=96&d=mm&r=pg\",\"caption\":\"bosniak\"},\"url\":\"https:\/\/sandzakpress.net\/arhiva\/author\/bosniak\/\"}]}<\/script>\n<!-- \/ Yoast SEO Premium plugin. -->","yoast_head_json":{"title":"Njema\u010dka: Roditelji u taksiju zaboravili tek ro\u0111enu bebu","robots":{"index":"index","follow":"follow","max-snippet":"max-snippet:-1","max-image-preview":"max-image-preview:large","max-video-preview":"max-video-preview:-1"},"canonical":"https:\/\/sandzakpress.net\/arhiva\/njemacka-roditelji-u-taksiju-zaboravili-tek-rodjenu-bebu\/","og_locale":"bs_BA","og_type":"article","og_title":"Njema\u010dka: Roditelji u taksiju zaboravili tek ro\u0111enu bebu","og_description":"U Njema\u010dkoj je zabilje\u017een nesvakida\u0161nji slu\u010daj kada su roditelji tek ro\u0111ene bebe zaboravili novoro\u0111en\u010de u taksiju nakon \u0161to su iz bolnice stigli pred svoj dom, prenosi Anadolu Agency (AA). Hambur\u0161ka policija je saop\u0107ila da su roditelji ubrzo shvatili da su zaboravili bebu te je otac po\u010deo tr\u010dati za taksijem, ali ga voza\u010d nije primijetio. U [&hellip;]","og_url":"https:\/\/sandzakpress.net\/arhiva\/njemacka-roditelji-u-taksiju-zaboravili-tek-rodjenu-bebu\/","og_site_name":"Sand\u017eak PRESS","article_published_time":"2019-05-21T09:34:55+00:00","og_image":[{"width":753,"height":424,"url":"https:\/\/sandzakpress.net\/arhiva\/wp-content\/uploads\/2019\/05\/873x400-26.jpg","type":"image\/jpeg"}],"author":"bosniak","twitter_card":"summary_large_image","twitter_misc":{"Written by":"bosniak","Est. reading time":"1 minuta"},"schema":{"@context":"https:\/\/schema.org","@graph":[{"@type":"Article","@id":"https:\/\/sandzakpress.net\/arhiva\/njemacka-roditelji-u-taksiju-zaboravili-tek-rodjenu-bebu\/#article","isPartOf":{"@id":"https:\/\/sandzakpress.net\/arhiva\/njemacka-roditelji-u-taksiju-zaboravili-tek-rodjenu-bebu\/"},"author":{"name":"bosniak","@id":"https:\/\/sandzakpress.net\/arhiva\/#\/schema\/person\/c8baee722073534b583ea7bdb2e36c02"},"headline":"Njema\u010dka: Roditelji u taksiju zaboravili tek ro\u0111enu bebu","datePublished":"2019-05-21T09:34:55+00:00","mainEntityOfPage":{"@id":"https:\/\/sandzakpress.net\/arhiva\/njemacka-roditelji-u-taksiju-zaboravili-tek-rodjenu-bebu\/"},"wordCount":167,"commentCount":0,"publisher":{"@id":"https:\/\/sandzakpress.net\/arhiva\/#\/schema\/person\/6e72b67d6e51910a1117b3b483ba20bd"},"image":{"@id":"https:\/\/sandzakpress.net\/arhiva\/njemacka-roditelji-u-taksiju-zaboravili-tek-rodjenu-bebu\/#primaryimage"},"thumbnailUrl":"https:\/\/sandzakpress.net\/arhiva\/wp-content\/uploads\/2019\/05\/873x400-26.jpg","keywords":["A"],"articleSection":["Svijet"],"inLanguage":"bs-BA","potentialAction":[{"@type":"CommentAction","name":"Comment","target":["https:\/\/sandzakpress.net\/arhiva\/njemacka-roditelji-u-taksiju-zaboravili-tek-rodjenu-bebu\/#respond"]}]},{"@type":"WebPage","@id":"https:\/\/sandzakpress.net\/arhiva\/njemacka-roditelji-u-taksiju-zaboravili-tek-rodjenu-bebu\/","url":"https:\/\/sandzakpress.net\/arhiva\/njemacka-roditelji-u-taksiju-zaboravili-tek-rodjenu-bebu\/","name":"Njema\u010dka: Roditelji u taksiju zaboravili tek ro\u0111enu bebu","isPartOf":{"@id":"https:\/\/sandzakpress.net\/arhiva\/#website"},"primaryImageOfPage":{"@id":"https:\/\/sandzakpress.net\/arhiva\/njemacka-roditelji-u-taksiju-zaboravili-tek-rodjenu-bebu\/#primaryimage"},"image":{"@id":"https:\/\/sandzakpress.net\/arhiva\/njemacka-roditelji-u-taksiju-zaboravili-tek-rodjenu-bebu\/#primaryimage"},"thumbnailUrl":"https:\/\/sandzakpress.net\/arhiva\/wp-content\/uploads\/2019\/05\/873x400-26.jpg","datePublished":"2019-05-21T09:34:55+00:00","breadcrumb":{"@id":"https:\/\/sandzakpress.net\/arhiva\/njemacka-roditelji-u-taksiju-zaboravili-tek-rodjenu-bebu\/#breadcrumb"},"inLanguage":"bs-BA","potentialAction":[{"@type":"ReadAction","target":["https:\/\/sandzakpress.net\/arhiva\/njemacka-roditelji-u-taksiju-zaboravili-tek-rodjenu-bebu\/"]}]},{"@type":"ImageObject","inLanguage":"bs-BA","@id":"https:\/\/sandzakpress.net\/arhiva\/njemacka-roditelji-u-taksiju-zaboravili-tek-rodjenu-bebu\/#primaryimage","url":"https:\/\/sandzakpress.net\/arhiva\/wp-content\/uploads\/2019\/05\/873x400-26.jpg","contentUrl":"https:\/\/sandzakpress.net\/arhiva\/wp-content\/uploads\/2019\/05\/873x400-26.jpg","width":753,"height":424},{"@type":"BreadcrumbList","@id":"https:\/\/sandzakpress.net\/arhiva\/njemacka-roditelji-u-taksiju-zaboravili-tek-rodjenu-bebu\/#breadcrumb","itemListElement":[{"@type":"ListItem","position":1,"name":"Home","item":"https:\/\/sandzakpress.net\/arhiva\/"},{"@type":"ListItem","position":2,"name":"Njema\u010dka: Roditelji u taksiju zaboravili tek ro\u0111enu bebu"}]},{"@type":"WebSite","@id":"https:\/\/sandzakpress.net\/arhiva\/#website","url":"https:\/\/sandzakpress.net\/arhiva\/","name":"Sand\u017eak PRESS","description":"Prve elektronske novine u Sand\u017eaku","publisher":{"@id":"https:\/\/sandzakpress.net\/arhiva\/#\/schema\/person\/6e72b67d6e51910a1117b3b483ba20bd"},"potentialAction":[{"@type":"SearchAction","target":{"@type":"EntryPoint","urlTemplate":"https:\/\/sandzakpress.net\/arhiva\/?s={search_term_string}"},"query-input":{"@type":"PropertyValueSpecification","valueRequired":true,"valueName":"search_term_string"}}],"inLanguage":"bs-BA"},{"@type":["Person","Organization"],"@id":"https:\/\/sandzakpress.net\/arhiva\/#\/schema\/person\/6e72b67d6e51910a1117b3b483ba20bd","name":"Kul","image":{"@type":"ImageObject","inLanguage":"bs-BA","@id":"https:\/\/sandzakpress.net\/arhiva\/#\/schema\/person\/image\/","url":"https:\/\/secure.gravatar.com\/avatar\/42263f39aa27ac04c43cab85c280eb2e?s=96&d=mm&r=pg","contentUrl":"https:\/\/secure.gravatar.com\/avatar\/42263f39aa27ac04c43cab85c280eb2e?s=96&d=mm&r=pg","caption":"Kul"},"logo":{"@id":"https:\/\/sandzakpress.net\/arhiva\/#\/schema\/person\/image\/"}},{"@type":"Person","@id":"https:\/\/sandzakpress.net\/arhiva\/#\/schema\/person\/c8baee722073534b583ea7bdb2e36c02","name":"bosniak","image":{"@type":"ImageObject","inLanguage":"bs-BA","@id":"https:\/\/sandzakpress.net\/arhiva\/#\/schema\/person\/image\/","url":"https:\/\/secure.gravatar.com\/avatar\/a04fd330bfe3a36a72a0ad4a6d89fca7?s=96&d=mm&r=pg","contentUrl":"https:\/\/secure.gravatar.com\/avatar\/a04fd330bfe3a36a72a0ad4a6d89fca7?s=96&d=mm&r=pg","caption":"bosniak"},"url":"https:\/\/sandzakpress.net\/arhiva\/author\/bosniak\/"}]}},"_links":{"self":[{"href":"https:\/\/sandzakpress.net\/arhiva\/wp-json\/wp\/v2\/posts\/223639"}],"collection":[{"href":"https:\/\/sandzakpress.net\/arhiva\/wp-json\/wp\/v2\/posts"}],"about":[{"href":"https:\/\/sandzakpress.net\/arhiva\/wp-json\/wp\/v2\/types\/post"}],"author":[{"embeddable":true,"href":"https:\/\/sandzakpress.net\/arhiva\/wp-json\/wp\/v2\/users\/83"}],"replies":[{"embeddable":true,"href":"https:\/\/sandzakpress.net\/arhiva\/wp-json\/wp\/v2\/comments?post=223639"}],"version-history":[{"count":0,"href":"https:\/\/sandzakpress.net\/arhiva\/wp-json\/wp\/v2\/posts\/223639\/revisions"}],"wp:featuredmedia":[{"embeddable":true,"href":"https:\/\/sandzakpress.net\/arhiva\/wp-json\/wp\/v2\/media\/223640"}],"wp:attachment":[{"href":"https:\/\/sandzakpress.net\/arhiva\/wp-json\/wp\/v2\/media?parent=223639"}],"wp:term":[{"taxonomy":"category","embeddable":true,"href":"https:\/\/sandzakpress.net\/arhiva\/wp-json\/wp\/v2\/categories?post=223639"},{"taxonomy":"post_tag","embeddable":true,"href":"https:\/\/sandzakpress.net\/arhiva\/wp-json\/wp\/v2\/tags?post=223639"}],"curies":[{"name":"wp","href":"https:\/\/api.w.org\/{rel}","templated":true}]}}