{"id":223634,"date":"2019-05-21T11:40:42","date_gmt":"2019-05-21T09:40:42","guid":{"rendered":"https:\/\/sandzakpress.net\/arhiva\/palestinci-spremni-na-bojkot-izbora-u-izraelu"},"modified":"2019-05-21T11:40:42","modified_gmt":"2019-05-21T09:40:42","slug":"palestinci-spremni-na-bojkot-izbora-u-izraelu","status":"publish","type":"post","link":"https:\/\/sandzakpress.net\/arhiva\/palestinci-spremni-na-bojkot-izbora-u-izraelu\/","title":{"rendered":"Palestinci spremni na bojkot izbora u Izraelu"},"content":{"rendered":"<p><span class=\"cb-itemprop\"><\/p>\n<p><img decoding=\"async\" src=\"http:\/\/balkans.aljazeera.net\/sites\/default\/files\/styles\/d8\/public\/vlcsnap-2019-04-06-16h49m19s581.png?itok=MMbwU3RO\" alt=\"Rezultat slika za Palestinci spremni na bojkot izbora u Izraelu\" \/><\/p>\n<div class=\"field field-name-body field-type-text-with-summary field-label-hidden\">\n<div class=\"field-items\">\n<div class=\"field-item even\">\n<p><strong>U Izraelu se u utorak odr\u017eavaju parlamentarni izbori. Gotovo petinu glasa\u010dkog tijela \u010dine Palestinci s izraelskim dr\u017eavljanstvom. Oni ka\u017eu da ih dr\u017eava aktivno diskriminira, a istra\u017eivanja javnog mi\u0161ljenja pokazuju da ih veliki broj namjerava bojkotirati izbore.<\/strong><\/p>\n<\/div>\n<\/div>\n<\/div>\n<div class=\"field field-name-comments-link-wrapper field-type-ds field-label-hidden\">\n<div class=\"field-items\"><\/div>\n<div>al jazeera<\/div>\n<\/div>\n<p><\/span><br \/>\nPogledajte vijest na izvornom sajtu:<\/p>\n<p><a href=\"https:\/\/islampress.net\/45377\/palestinci-spremni-na-bojkot-izbora-u-izraelu\/\" target=\"_blank\">Palestinci spremni na bojkot izbora u Izraelu<\/a><\/p>\n","protected":false},"excerpt":{"rendered":"<p>U Izraelu se u utorak odr\u017eavaju parlamentarni izbori. Gotovo petinu glasa\u010dkog tijela \u010dine Palestinci s izraelskim dr\u017eavljanstvom. Oni ka\u017eu da ih dr\u017eava aktivno diskriminira, a istra\u017eivanja javnog mi\u0161ljenja pokazuju da ih veliki broj namjerava bojkotirati izbore. al jazeera Pogledajte vijest na izvornom sajtu: Palestinci spremni na bojkot izbora u Izraelu<\/p>\n","protected":false},"author":83,"featured_media":0,"comment_status":"open","ping_status":"open","sticky":false,"template":"","format":"standard","meta":{"footnotes":""},"categories":[9],"tags":[10499],"class_list":{"0":"post-223634","1":"post","2":"type-post","3":"status-publish","4":"format-standard","6":"category-svijet","7":"tag-a"},"yoast_head":"<!-- This site is optimized with the Yoast SEO Premium plugin v23.1 (Yoast SEO v24.9) - https:\/\/yoast.com\/wordpress\/plugins\/seo\/ -->\n<title>Palestinci spremni na bojkot izbora u Izraelu<\/title>\n<meta name=\"robots\" content=\"index, follow, max-snippet:-1, max-image-preview:large, max-video-preview:-1\" \/>\n<link rel=\"canonical\" href=\"https:\/\/sandzakpress.net\/arhiva\/palestinci-spremni-na-bojkot-izbora-u-izraelu\/\" \/>\n<meta property=\"og:locale\" content=\"bs_BA\" \/>\n<meta property=\"og:type\" content=\"article\" \/>\n<meta property=\"og:title\" content=\"Palestinci spremni na bojkot izbora u Izraelu\" \/>\n<meta property=\"og:description\" content=\"U Izraelu se u utorak odr\u017eavaju parlamentarni izbori. Gotovo petinu glasa\u010dkog tijela \u010dine Palestinci s izraelskim dr\u017eavljanstvom. Oni ka\u017eu da ih dr\u017eava aktivno diskriminira, a istra\u017eivanja javnog mi\u0161ljenja pokazuju da ih veliki broj namjerava bojkotirati izbore. al jazeera Pogledajte vijest na izvornom sajtu: Palestinci spremni na bojkot izbora u Izraelu\" \/>\n<meta property=\"og:url\" content=\"https:\/\/sandzakpress.net\/arhiva\/palestinci-spremni-na-bojkot-izbora-u-izraelu\/\" \/>\n<meta property=\"og:site_name\" content=\"Sand\u017eak PRESS\" \/>\n<meta property=\"article:published_time\" content=\"2019-05-21T09:40:42+00:00\" \/>\n<meta property=\"og:image\" content=\"http:\/\/balkans.aljazeera.net\/sites\/default\/files\/styles\/d8\/public\/vlcsnap-2019-04-06-16h49m19s581.png?itok=MMbwU3RO\" \/>\n<meta name=\"author\" content=\"bosniak\" \/>\n<meta name=\"twitter:card\" content=\"summary_large_image\" \/>\n<meta name=\"twitter:label1\" content=\"Written by\" \/>\n\t<meta name=\"twitter:data1\" content=\"bosniak\" \/>\n<script type=\"application\/ld+json\" class=\"yoast-schema-graph\">{\"@context\":\"https:\/\/schema.org\",\"@graph\":[{\"@type\":\"Article\",\"@id\":\"https:\/\/sandzakpress.net\/arhiva\/palestinci-spremni-na-bojkot-izbora-u-izraelu\/#article\",\"isPartOf\":{\"@id\":\"https:\/\/sandzakpress.net\/arhiva\/palestinci-spremni-na-bojkot-izbora-u-izraelu\/\"},\"author\":{\"name\":\"bosniak\",\"@id\":\"https:\/\/sandzakpress.net\/arhiva\/#\/schema\/person\/c8baee722073534b583ea7bdb2e36c02\"},\"headline\":\"Palestinci spremni na bojkot izbora u Izraelu\",\"datePublished\":\"2019-05-21T09:40:42+00:00\",\"mainEntityOfPage\":{\"@id\":\"https:\/\/sandzakpress.net\/arhiva\/palestinci-spremni-na-bojkot-izbora-u-izraelu\/\"},\"wordCount\":64,\"commentCount\":0,\"publisher\":{\"@id\":\"https:\/\/sandzakpress.net\/arhiva\/#\/schema\/person\/6e72b67d6e51910a1117b3b483ba20bd\"},\"image\":{\"@id\":\"https:\/\/sandzakpress.net\/arhiva\/palestinci-spremni-na-bojkot-izbora-u-izraelu\/#primaryimage\"},\"thumbnailUrl\":\"http:\/\/balkans.aljazeera.net\/sites\/default\/files\/styles\/d8\/public\/vlcsnap-2019-04-06-16h49m19s581.png?itok=MMbwU3RO\",\"keywords\":[\"A\"],\"articleSection\":[\"Svijet\"],\"inLanguage\":\"bs-BA\",\"potentialAction\":[{\"@type\":\"CommentAction\",\"name\":\"Comment\",\"target\":[\"https:\/\/sandzakpress.net\/arhiva\/palestinci-spremni-na-bojkot-izbora-u-izraelu\/#respond\"]}]},{\"@type\":\"WebPage\",\"@id\":\"https:\/\/sandzakpress.net\/arhiva\/palestinci-spremni-na-bojkot-izbora-u-izraelu\/\",\"url\":\"https:\/\/sandzakpress.net\/arhiva\/palestinci-spremni-na-bojkot-izbora-u-izraelu\/\",\"name\":\"Palestinci spremni na bojkot izbora u Izraelu\",\"isPartOf\":{\"@id\":\"https:\/\/sandzakpress.net\/arhiva\/#website\"},\"primaryImageOfPage\":{\"@id\":\"https:\/\/sandzakpress.net\/arhiva\/palestinci-spremni-na-bojkot-izbora-u-izraelu\/#primaryimage\"},\"image\":{\"@id\":\"https:\/\/sandzakpress.net\/arhiva\/palestinci-spremni-na-bojkot-izbora-u-izraelu\/#primaryimage\"},\"thumbnailUrl\":\"http:\/\/balkans.aljazeera.net\/sites\/default\/files\/styles\/d8\/public\/vlcsnap-2019-04-06-16h49m19s581.png?itok=MMbwU3RO\",\"datePublished\":\"2019-05-21T09:40:42+00:00\",\"breadcrumb\":{\"@id\":\"https:\/\/sandzakpress.net\/arhiva\/palestinci-spremni-na-bojkot-izbora-u-izraelu\/#breadcrumb\"},\"inLanguage\":\"bs-BA\",\"potentialAction\":[{\"@type\":\"ReadAction\",\"target\":[\"https:\/\/sandzakpress.net\/arhiva\/palestinci-spremni-na-bojkot-izbora-u-izraelu\/\"]}]},{\"@type\":\"ImageObject\",\"inLanguage\":\"bs-BA\",\"@id\":\"https:\/\/sandzakpress.net\/arhiva\/palestinci-spremni-na-bojkot-izbora-u-izraelu\/#primaryimage\",\"url\":\"http:\/\/balkans.aljazeera.net\/sites\/default\/files\/styles\/d8\/public\/vlcsnap-2019-04-06-16h49m19s581.png?itok=MMbwU3RO\",\"contentUrl\":\"http:\/\/balkans.aljazeera.net\/sites\/default\/files\/styles\/d8\/public\/vlcsnap-2019-04-06-16h49m19s581.png?itok=MMbwU3RO\"},{\"@type\":\"BreadcrumbList\",\"@id\":\"https:\/\/sandzakpress.net\/arhiva\/palestinci-spremni-na-bojkot-izbora-u-izraelu\/#breadcrumb\",\"itemListElement\":[{\"@type\":\"ListItem\",\"position\":1,\"name\":\"Home\",\"item\":\"https:\/\/sandzakpress.net\/arhiva\/\"},{\"@type\":\"ListItem\",\"position\":2,\"name\":\"Palestinci spremni na bojkot izbora u Izraelu\"}]},{\"@type\":\"WebSite\",\"@id\":\"https:\/\/sandzakpress.net\/arhiva\/#website\",\"url\":\"https:\/\/sandzakpress.net\/arhiva\/\",\"name\":\"Sand\u017eak PRESS\",\"description\":\"Prve elektronske novine u Sand\u017eaku\",\"publisher\":{\"@id\":\"https:\/\/sandzakpress.net\/arhiva\/#\/schema\/person\/6e72b67d6e51910a1117b3b483ba20bd\"},\"potentialAction\":[{\"@type\":\"SearchAction\",\"target\":{\"@type\":\"EntryPoint\",\"urlTemplate\":\"https:\/\/sandzakpress.net\/arhiva\/?s={search_term_string}\"},\"query-input\":{\"@type\":\"PropertyValueSpecification\",\"valueRequired\":true,\"valueName\":\"search_term_string\"}}],\"inLanguage\":\"bs-BA\"},{\"@type\":[\"Person\",\"Organization\"],\"@id\":\"https:\/\/sandzakpress.net\/arhiva\/#\/schema\/person\/6e72b67d6e51910a1117b3b483ba20bd\",\"name\":\"Kul\",\"image\":{\"@type\":\"ImageObject\",\"inLanguage\":\"bs-BA\",\"@id\":\"https:\/\/sandzakpress.net\/arhiva\/#\/schema\/person\/image\/\",\"url\":\"https:\/\/secure.gravatar.com\/avatar\/42263f39aa27ac04c43cab85c280eb2e?s=96&d=mm&r=pg\",\"contentUrl\":\"https:\/\/secure.gravatar.com\/avatar\/42263f39aa27ac04c43cab85c280eb2e?s=96&d=mm&r=pg\",\"caption\":\"Kul\"},\"logo\":{\"@id\":\"https:\/\/sandzakpress.net\/arhiva\/#\/schema\/person\/image\/\"}},{\"@type\":\"Person\",\"@id\":\"https:\/\/sandzakpress.net\/arhiva\/#\/schema\/person\/c8baee722073534b583ea7bdb2e36c02\",\"name\":\"bosniak\",\"image\":{\"@type\":\"ImageObject\",\"inLanguage\":\"bs-BA\",\"@id\":\"https:\/\/sandzakpress.net\/arhiva\/#\/schema\/person\/image\/\",\"url\":\"https:\/\/secure.gravatar.com\/avatar\/a04fd330bfe3a36a72a0ad4a6d89fca7?s=96&d=mm&r=pg\",\"contentUrl\":\"https:\/\/secure.gravatar.com\/avatar\/a04fd330bfe3a36a72a0ad4a6d89fca7?s=96&d=mm&r=pg\",\"caption\":\"bosniak\"},\"url\":\"https:\/\/sandzakpress.net\/arhiva\/author\/bosniak\/\"}]}<\/script>\n<!-- \/ Yoast SEO Premium plugin. -->","yoast_head_json":{"title":"Palestinci spremni na bojkot izbora u Izraelu","robots":{"index":"index","follow":"follow","max-snippet":"max-snippet:-1","max-image-preview":"max-image-preview:large","max-video-preview":"max-video-preview:-1"},"canonical":"https:\/\/sandzakpress.net\/arhiva\/palestinci-spremni-na-bojkot-izbora-u-izraelu\/","og_locale":"bs_BA","og_type":"article","og_title":"Palestinci spremni na bojkot izbora u Izraelu","og_description":"U Izraelu se u utorak odr\u017eavaju parlamentarni izbori. Gotovo petinu glasa\u010dkog tijela \u010dine Palestinci s izraelskim dr\u017eavljanstvom. Oni ka\u017eu da ih dr\u017eava aktivno diskriminira, a istra\u017eivanja javnog mi\u0161ljenja pokazuju da ih veliki broj namjerava bojkotirati izbore. al jazeera Pogledajte vijest na izvornom sajtu: Palestinci spremni na bojkot izbora u Izraelu","og_url":"https:\/\/sandzakpress.net\/arhiva\/palestinci-spremni-na-bojkot-izbora-u-izraelu\/","og_site_name":"Sand\u017eak PRESS","article_published_time":"2019-05-21T09:40:42+00:00","og_image":[{"url":"http:\/\/balkans.aljazeera.net\/sites\/default\/files\/styles\/d8\/public\/vlcsnap-2019-04-06-16h49m19s581.png?itok=MMbwU3RO","type":"","width":"","height":""}],"author":"bosniak","twitter_card":"summary_large_image","twitter_misc":{"Written by":"bosniak"},"schema":{"@context":"https:\/\/schema.org","@graph":[{"@type":"Article","@id":"https:\/\/sandzakpress.net\/arhiva\/palestinci-spremni-na-bojkot-izbora-u-izraelu\/#article","isPartOf":{"@id":"https:\/\/sandzakpress.net\/arhiva\/palestinci-spremni-na-bojkot-izbora-u-izraelu\/"},"author":{"name":"bosniak","@id":"https:\/\/sandzakpress.net\/arhiva\/#\/schema\/person\/c8baee722073534b583ea7bdb2e36c02"},"headline":"Palestinci spremni na bojkot izbora u Izraelu","datePublished":"2019-05-21T09:40:42+00:00","mainEntityOfPage":{"@id":"https:\/\/sandzakpress.net\/arhiva\/palestinci-spremni-na-bojkot-izbora-u-izraelu\/"},"wordCount":64,"commentCount":0,"publisher":{"@id":"https:\/\/sandzakpress.net\/arhiva\/#\/schema\/person\/6e72b67d6e51910a1117b3b483ba20bd"},"image":{"@id":"https:\/\/sandzakpress.net\/arhiva\/palestinci-spremni-na-bojkot-izbora-u-izraelu\/#primaryimage"},"thumbnailUrl":"http:\/\/balkans.aljazeera.net\/sites\/default\/files\/styles\/d8\/public\/vlcsnap-2019-04-06-16h49m19s581.png?itok=MMbwU3RO","keywords":["A"],"articleSection":["Svijet"],"inLanguage":"bs-BA","potentialAction":[{"@type":"CommentAction","name":"Comment","target":["https:\/\/sandzakpress.net\/arhiva\/palestinci-spremni-na-bojkot-izbora-u-izraelu\/#respond"]}]},{"@type":"WebPage","@id":"https:\/\/sandzakpress.net\/arhiva\/palestinci-spremni-na-bojkot-izbora-u-izraelu\/","url":"https:\/\/sandzakpress.net\/arhiva\/palestinci-spremni-na-bojkot-izbora-u-izraelu\/","name":"Palestinci spremni na bojkot izbora u Izraelu","isPartOf":{"@id":"https:\/\/sandzakpress.net\/arhiva\/#website"},"primaryImageOfPage":{"@id":"https:\/\/sandzakpress.net\/arhiva\/palestinci-spremni-na-bojkot-izbora-u-izraelu\/#primaryimage"},"image":{"@id":"https:\/\/sandzakpress.net\/arhiva\/palestinci-spremni-na-bojkot-izbora-u-izraelu\/#primaryimage"},"thumbnailUrl":"http:\/\/balkans.aljazeera.net\/sites\/default\/files\/styles\/d8\/public\/vlcsnap-2019-04-06-16h49m19s581.png?itok=MMbwU3RO","datePublished":"2019-05-21T09:40:42+00:00","breadcrumb":{"@id":"https:\/\/sandzakpress.net\/arhiva\/palestinci-spremni-na-bojkot-izbora-u-izraelu\/#breadcrumb"},"inLanguage":"bs-BA","potentialAction":[{"@type":"ReadAction","target":["https:\/\/sandzakpress.net\/arhiva\/palestinci-spremni-na-bojkot-izbora-u-izraelu\/"]}]},{"@type":"ImageObject","inLanguage":"bs-BA","@id":"https:\/\/sandzakpress.net\/arhiva\/palestinci-spremni-na-bojkot-izbora-u-izraelu\/#primaryimage","url":"http:\/\/balkans.aljazeera.net\/sites\/default\/files\/styles\/d8\/public\/vlcsnap-2019-04-06-16h49m19s581.png?itok=MMbwU3RO","contentUrl":"http:\/\/balkans.aljazeera.net\/sites\/default\/files\/styles\/d8\/public\/vlcsnap-2019-04-06-16h49m19s581.png?itok=MMbwU3RO"},{"@type":"BreadcrumbList","@id":"https:\/\/sandzakpress.net\/arhiva\/palestinci-spremni-na-bojkot-izbora-u-izraelu\/#breadcrumb","itemListElement":[{"@type":"ListItem","position":1,"name":"Home","item":"https:\/\/sandzakpress.net\/arhiva\/"},{"@type":"ListItem","position":2,"name":"Palestinci spremni na bojkot izbora u Izraelu"}]},{"@type":"WebSite","@id":"https:\/\/sandzakpress.net\/arhiva\/#website","url":"https:\/\/sandzakpress.net\/arhiva\/","name":"Sand\u017eak PRESS","description":"Prve elektronske novine u Sand\u017eaku","publisher":{"@id":"https:\/\/sandzakpress.net\/arhiva\/#\/schema\/person\/6e72b67d6e51910a1117b3b483ba20bd"},"potentialAction":[{"@type":"SearchAction","target":{"@type":"EntryPoint","urlTemplate":"https:\/\/sandzakpress.net\/arhiva\/?s={search_term_string}"},"query-input":{"@type":"PropertyValueSpecification","valueRequired":true,"valueName":"search_term_string"}}],"inLanguage":"bs-BA"},{"@type":["Person","Organization"],"@id":"https:\/\/sandzakpress.net\/arhiva\/#\/schema\/person\/6e72b67d6e51910a1117b3b483ba20bd","name":"Kul","image":{"@type":"ImageObject","inLanguage":"bs-BA","@id":"https:\/\/sandzakpress.net\/arhiva\/#\/schema\/person\/image\/","url":"https:\/\/secure.gravatar.com\/avatar\/42263f39aa27ac04c43cab85c280eb2e?s=96&d=mm&r=pg","contentUrl":"https:\/\/secure.gravatar.com\/avatar\/42263f39aa27ac04c43cab85c280eb2e?s=96&d=mm&r=pg","caption":"Kul"},"logo":{"@id":"https:\/\/sandzakpress.net\/arhiva\/#\/schema\/person\/image\/"}},{"@type":"Person","@id":"https:\/\/sandzakpress.net\/arhiva\/#\/schema\/person\/c8baee722073534b583ea7bdb2e36c02","name":"bosniak","image":{"@type":"ImageObject","inLanguage":"bs-BA","@id":"https:\/\/sandzakpress.net\/arhiva\/#\/schema\/person\/image\/","url":"https:\/\/secure.gravatar.com\/avatar\/a04fd330bfe3a36a72a0ad4a6d89fca7?s=96&d=mm&r=pg","contentUrl":"https:\/\/secure.gravatar.com\/avatar\/a04fd330bfe3a36a72a0ad4a6d89fca7?s=96&d=mm&r=pg","caption":"bosniak"},"url":"https:\/\/sandzakpress.net\/arhiva\/author\/bosniak\/"}]}},"_links":{"self":[{"href":"https:\/\/sandzakpress.net\/arhiva\/wp-json\/wp\/v2\/posts\/223634"}],"collection":[{"href":"https:\/\/sandzakpress.net\/arhiva\/wp-json\/wp\/v2\/posts"}],"about":[{"href":"https:\/\/sandzakpress.net\/arhiva\/wp-json\/wp\/v2\/types\/post"}],"author":[{"embeddable":true,"href":"https:\/\/sandzakpress.net\/arhiva\/wp-json\/wp\/v2\/users\/83"}],"replies":[{"embeddable":true,"href":"https:\/\/sandzakpress.net\/arhiva\/wp-json\/wp\/v2\/comments?post=223634"}],"version-history":[{"count":0,"href":"https:\/\/sandzakpress.net\/arhiva\/wp-json\/wp\/v2\/posts\/223634\/revisions"}],"wp:attachment":[{"href":"https:\/\/sandzakpress.net\/arhiva\/wp-json\/wp\/v2\/media?parent=223634"}],"wp:term":[{"taxonomy":"category","embeddable":true,"href":"https:\/\/sandzakpress.net\/arhiva\/wp-json\/wp\/v2\/categories?post=223634"},{"taxonomy":"post_tag","embeddable":true,"href":"https:\/\/sandzakpress.net\/arhiva\/wp-json\/wp\/v2\/tags?post=223634"}],"curies":[{"name":"wp","href":"https:\/\/api.w.org\/{rel}","templated":true}]}}