{"id":223620,"date":"2019-05-20T13:57:37","date_gmt":"2019-05-20T11:57:37","guid":{"rendered":"https:\/\/sandzakpress.net\/arhiva\/?p=223620"},"modified":"2019-05-20T13:57:37","modified_gmt":"2019-05-20T11:57:37","slug":"bs-podrzacemo-donosenje-zakona-o-slobodi-vjeroispovijesti","status":"publish","type":"post","link":"https:\/\/sandzakpress.net\/arhiva\/bs-podrzacemo-donosenje-zakona-o-slobodi-vjeroispovijesti\/","title":{"rendered":"BS: Podr\u017ea\u0107emo dono\u0161enje zakona o slobodi vjeroispovijesti"},"content":{"rendered":"<p><img decoding=\"async\" src=\"https:\/\/www.vijesti.me\/media\/20190519180556_3f518601-6349-4920-8155-becb98852598.jpeg\" alt=\"Rezultat slika za BS: Podr\u00c5\u00bea\u00c4\u0087emo dono\u00c5\u00a1enje zakona o slobodi vjeroispovijesti\" \/><\/p>\n<p><strong>Bo\u0161nja\u010dka stranka pozdravila je Prijedlog zakona o slobodi vjeroispovijesti koji je usvojila Vlada, i kroz dalju proceduru \u0107e, kako navode, podr\u017eati dono\u0161enje ovog zakona.<\/strong><\/p>\n<p>U toj partiji smatraju da je rije\u010d o modernom zakonskom rje\u0161enju koje uva\u017eava vjersku i etni\u010dku raznolikost Crne Gore i \u0161titi prava pripadnika svih vjerskih zajednica.<\/p>\n<p>\u201cGra\u0111anski koncept na\u0161e dr\u017eave mogu\u0107e je ja\u010dati samo kroz po\u0161tovanje njene dru\u0161tvene slojevitosti, vjerskog su\u017eivota i po\u0161tovanja svih kulturnih identita koji \u010dine njeno dru\u0161tveno bi\u0107e. Zato je i potrebno dono\u0161enje zakonskih rje\u0161enja koja \u0107e napraviti realan okvir za nesmetano funkcionisanje svih vjerskih zajednica i definisanje njihovih jednakih prava, kao i obaveza, na temelju Ustava i uz po\u0161tovanje me\u0111unarodnih standarda\u201d, saop\u0161tili su iz BS.<ins><\/ins><\/p>\n<p>Za njih je, isti\u010du, veoma va\u017eno da se ovim zakonom na bilo koji na\u010din ne dovodi u pitanje Sporazum koji je dr\u017eava potpisala sa Islamskom zajednicom.<\/p>\n<p>\u201cZakonom se garantuje po\u0161tovanje nivoa dostignutih prava u prethodnom periodu i otvara prostor da se ona dodatno ja\u010daju i unaprje\u0111uju. Veoma je va\u017eno stvoriti trajne mehanizme za za\u0161titu posebnosti svih vjerskih zajednica, posebno u pogledu po\u0161tovanja specifi\u010dnosti njihovog identiteta, kao i za\u0161tite vjerskih objekata i njihove imovine. Vjerujemo da \u0107e se kroz dalja unapre\u0111enja zakonskih rje\u0161enja stvoriti prostor i za ubrzanje procesa restitucije i povra\u0107aja imovinskih prava ili obe\u0161te\u0107enje nad uzurpiranom imovinom vjerskih zajednica u ranijim dru\u0161tvenim sistemima\u201d, isti\u010du iz BS.<\/p>\n<p>Dr\u017eava Crna Gora je, zaklju\u010duju, na putu demokratskog razvoja i treba stalno unaprje\u0111ivati prostor za njegovanje razli\u010ditosti i puno uva\u017eavanje vjerskih prava i sloboda kao jednog od klju\u010dnih nosilaca njenog gra\u0111anskog identiteta.<\/p>\n<p>Izvor:\u00a0<strong>Vijesti.me<\/strong><\/p>\n","protected":false},"excerpt":{"rendered":"<p>Bo\u0161nja\u010dka stranka pozdravila je Prijedlog zakona o slobodi vjeroispovijesti koji je usvojila Vlada, i kroz dalju proceduru \u0107e, kako navode, podr\u017eati dono\u0161enje ovog zakona. U toj partiji smatraju da je rije\u010d o modernom zakonskom rje\u0161enju koje uva\u017eava vjersku i etni\u010dku raznolikost Crne Gore i \u0161titi prava pripadnika svih vjerskih zajednica. \u201cGra\u0111anski koncept na\u0161e dr\u017eave mogu\u0107e [&hellip;]<\/p>\n","protected":false},"author":509,"featured_media":223621,"comment_status":"open","ping_status":"open","sticky":false,"template":"","format":"standard","meta":{"footnotes":""},"categories":[398,1],"tags":[],"class_list":{"0":"post-223620","1":"post","2":"type-post","3":"status-publish","4":"format-standard","5":"has-post-thumbnail","7":"category-rozaje","8":"category-politika"},"yoast_head":"<!-- This site is optimized with the Yoast SEO Premium plugin v23.1 (Yoast SEO v24.9) - https:\/\/yoast.com\/wordpress\/plugins\/seo\/ -->\n<title>BS: Podr\u017ea\u0107emo dono\u0161enje zakona o slobodi vjeroispovijesti<\/title>\n<meta name=\"robots\" content=\"index, follow, max-snippet:-1, max-image-preview:large, max-video-preview:-1\" \/>\n<link rel=\"canonical\" href=\"https:\/\/sandzakpress.net\/arhiva\/bs-podrzacemo-donosenje-zakona-o-slobodi-vjeroispovijesti\/\" \/>\n<meta property=\"og:locale\" content=\"bs_BA\" \/>\n<meta property=\"og:type\" content=\"article\" \/>\n<meta property=\"og:title\" content=\"BS: Podr\u017ea\u0107emo dono\u0161enje zakona o slobodi vjeroispovijesti\" \/>\n<meta property=\"og:description\" content=\"Bo\u0161nja\u010dka stranka pozdravila je Prijedlog zakona o slobodi vjeroispovijesti koji je usvojila Vlada, i kroz dalju proceduru \u0107e, kako navode, podr\u017eati dono\u0161enje ovog zakona. U toj partiji smatraju da je rije\u010d o modernom zakonskom rje\u0161enju koje uva\u017eava vjersku i etni\u010dku raznolikost Crne Gore i \u0161titi prava pripadnika svih vjerskih zajednica. \u201cGra\u0111anski koncept na\u0161e dr\u017eave mogu\u0107e [&hellip;]\" \/>\n<meta property=\"og:url\" content=\"https:\/\/sandzakpress.net\/arhiva\/bs-podrzacemo-donosenje-zakona-o-slobodi-vjeroispovijesti\/\" \/>\n<meta property=\"og:site_name\" content=\"Sand\u017eak PRESS\" \/>\n<meta property=\"article:published_time\" content=\"2019-05-20T11:57:37+00:00\" \/>\n<meta property=\"og:image\" content=\"https:\/\/sandzakpress.net\/arhiva\/wp-content\/uploads\/2019\/05\/20190519180556_3f518601-6349-4920-8155-becb98852598.jpeg.jpg\" \/>\n\t<meta property=\"og:image:width\" content=\"800\" \/>\n\t<meta property=\"og:image:height\" content=\"385\" \/>\n\t<meta property=\"og:image:type\" content=\"image\/jpeg\" \/>\n<meta name=\"author\" content=\"Agencija\" \/>\n<meta name=\"twitter:card\" content=\"summary_large_image\" \/>\n<meta name=\"twitter:label1\" content=\"Written by\" \/>\n\t<meta name=\"twitter:data1\" content=\"Agencija\" \/>\n\t<meta name=\"twitter:label2\" content=\"Est. reading time\" \/>\n\t<meta name=\"twitter:data2\" content=\"2 minute\" \/>\n<script type=\"application\/ld+json\" class=\"yoast-schema-graph\">{\"@context\":\"https:\/\/schema.org\",\"@graph\":[{\"@type\":\"Article\",\"@id\":\"https:\/\/sandzakpress.net\/arhiva\/bs-podrzacemo-donosenje-zakona-o-slobodi-vjeroispovijesti\/#article\",\"isPartOf\":{\"@id\":\"https:\/\/sandzakpress.net\/arhiva\/bs-podrzacemo-donosenje-zakona-o-slobodi-vjeroispovijesti\/\"},\"author\":{\"name\":\"Agencija\",\"@id\":\"https:\/\/sandzakpress.net\/arhiva\/#\/schema\/person\/cb59d7e3ab91ab90dd680ad0305a6185\"},\"headline\":\"BS: Podr\u017ea\u0107emo dono\u0161enje zakona o slobodi vjeroispovijesti\",\"datePublished\":\"2019-05-20T11:57:37+00:00\",\"mainEntityOfPage\":{\"@id\":\"https:\/\/sandzakpress.net\/arhiva\/bs-podrzacemo-donosenje-zakona-o-slobodi-vjeroispovijesti\/\"},\"wordCount\":314,\"commentCount\":1,\"publisher\":{\"@id\":\"https:\/\/sandzakpress.net\/arhiva\/#\/schema\/person\/6e72b67d6e51910a1117b3b483ba20bd\"},\"image\":{\"@id\":\"https:\/\/sandzakpress.net\/arhiva\/bs-podrzacemo-donosenje-zakona-o-slobodi-vjeroispovijesti\/#primaryimage\"},\"thumbnailUrl\":\"https:\/\/sandzakpress.net\/arhiva\/wp-content\/uploads\/2019\/05\/20190519180556_3f518601-6349-4920-8155-becb98852598.jpeg.jpg\",\"articleSection\":[\"Ro\u017eaje\",\"Politika\"],\"inLanguage\":\"bs-BA\",\"potentialAction\":[{\"@type\":\"CommentAction\",\"name\":\"Comment\",\"target\":[\"https:\/\/sandzakpress.net\/arhiva\/bs-podrzacemo-donosenje-zakona-o-slobodi-vjeroispovijesti\/#respond\"]}]},{\"@type\":\"WebPage\",\"@id\":\"https:\/\/sandzakpress.net\/arhiva\/bs-podrzacemo-donosenje-zakona-o-slobodi-vjeroispovijesti\/\",\"url\":\"https:\/\/sandzakpress.net\/arhiva\/bs-podrzacemo-donosenje-zakona-o-slobodi-vjeroispovijesti\/\",\"name\":\"BS: Podr\u017ea\u0107emo dono\u0161enje zakona o slobodi vjeroispovijesti\",\"isPartOf\":{\"@id\":\"https:\/\/sandzakpress.net\/arhiva\/#website\"},\"primaryImageOfPage\":{\"@id\":\"https:\/\/sandzakpress.net\/arhiva\/bs-podrzacemo-donosenje-zakona-o-slobodi-vjeroispovijesti\/#primaryimage\"},\"image\":{\"@id\":\"https:\/\/sandzakpress.net\/arhiva\/bs-podrzacemo-donosenje-zakona-o-slobodi-vjeroispovijesti\/#primaryimage\"},\"thumbnailUrl\":\"https:\/\/sandzakpress.net\/arhiva\/wp-content\/uploads\/2019\/05\/20190519180556_3f518601-6349-4920-8155-becb98852598.jpeg.jpg\",\"datePublished\":\"2019-05-20T11:57:37+00:00\",\"breadcrumb\":{\"@id\":\"https:\/\/sandzakpress.net\/arhiva\/bs-podrzacemo-donosenje-zakona-o-slobodi-vjeroispovijesti\/#breadcrumb\"},\"inLanguage\":\"bs-BA\",\"potentialAction\":[{\"@type\":\"ReadAction\",\"target\":[\"https:\/\/sandzakpress.net\/arhiva\/bs-podrzacemo-donosenje-zakona-o-slobodi-vjeroispovijesti\/\"]}]},{\"@type\":\"ImageObject\",\"inLanguage\":\"bs-BA\",\"@id\":\"https:\/\/sandzakpress.net\/arhiva\/bs-podrzacemo-donosenje-zakona-o-slobodi-vjeroispovijesti\/#primaryimage\",\"url\":\"https:\/\/sandzakpress.net\/arhiva\/wp-content\/uploads\/2019\/05\/20190519180556_3f518601-6349-4920-8155-becb98852598.jpeg.jpg\",\"contentUrl\":\"https:\/\/sandzakpress.net\/arhiva\/wp-content\/uploads\/2019\/05\/20190519180556_3f518601-6349-4920-8155-becb98852598.jpeg.jpg\",\"width\":800,\"height\":385},{\"@type\":\"BreadcrumbList\",\"@id\":\"https:\/\/sandzakpress.net\/arhiva\/bs-podrzacemo-donosenje-zakona-o-slobodi-vjeroispovijesti\/#breadcrumb\",\"itemListElement\":[{\"@type\":\"ListItem\",\"position\":1,\"name\":\"Home\",\"item\":\"https:\/\/sandzakpress.net\/arhiva\/\"},{\"@type\":\"ListItem\",\"position\":2,\"name\":\"BS: Podr\u017ea\u0107emo dono\u0161enje zakona o slobodi vjeroispovijesti\"}]},{\"@type\":\"WebSite\",\"@id\":\"https:\/\/sandzakpress.net\/arhiva\/#website\",\"url\":\"https:\/\/sandzakpress.net\/arhiva\/\",\"name\":\"Sand\u017eak PRESS\",\"description\":\"Prve elektronske novine u Sand\u017eaku\",\"publisher\":{\"@id\":\"https:\/\/sandzakpress.net\/arhiva\/#\/schema\/person\/6e72b67d6e51910a1117b3b483ba20bd\"},\"potentialAction\":[{\"@type\":\"SearchAction\",\"target\":{\"@type\":\"EntryPoint\",\"urlTemplate\":\"https:\/\/sandzakpress.net\/arhiva\/?s={search_term_string}\"},\"query-input\":{\"@type\":\"PropertyValueSpecification\",\"valueRequired\":true,\"valueName\":\"search_term_string\"}}],\"inLanguage\":\"bs-BA\"},{\"@type\":[\"Person\",\"Organization\"],\"@id\":\"https:\/\/sandzakpress.net\/arhiva\/#\/schema\/person\/6e72b67d6e51910a1117b3b483ba20bd\",\"name\":\"Kul\",\"image\":{\"@type\":\"ImageObject\",\"inLanguage\":\"bs-BA\",\"@id\":\"https:\/\/sandzakpress.net\/arhiva\/#\/schema\/person\/image\/\",\"url\":\"https:\/\/secure.gravatar.com\/avatar\/42263f39aa27ac04c43cab85c280eb2e?s=96&d=mm&r=pg\",\"contentUrl\":\"https:\/\/secure.gravatar.com\/avatar\/42263f39aa27ac04c43cab85c280eb2e?s=96&d=mm&r=pg\",\"caption\":\"Kul\"},\"logo\":{\"@id\":\"https:\/\/sandzakpress.net\/arhiva\/#\/schema\/person\/image\/\"}},{\"@type\":\"Person\",\"@id\":\"https:\/\/sandzakpress.net\/arhiva\/#\/schema\/person\/cb59d7e3ab91ab90dd680ad0305a6185\",\"name\":\"Agencija\",\"image\":{\"@type\":\"ImageObject\",\"inLanguage\":\"bs-BA\",\"@id\":\"https:\/\/sandzakpress.net\/arhiva\/#\/schema\/person\/image\/\",\"url\":\"https:\/\/secure.gravatar.com\/avatar\/4b7fafa80a22f0c2afe23966b3961fe0?s=96&d=mm&r=pg\",\"contentUrl\":\"https:\/\/secure.gravatar.com\/avatar\/4b7fafa80a22f0c2afe23966b3961fe0?s=96&d=mm&r=pg\",\"caption\":\"Agencija\"},\"url\":\"https:\/\/sandzakpress.net\/arhiva\/author\/agencija\/\"}]}<\/script>\n<!-- \/ Yoast SEO Premium plugin. -->","yoast_head_json":{"title":"BS: Podr\u017ea\u0107emo dono\u0161enje zakona o slobodi vjeroispovijesti","robots":{"index":"index","follow":"follow","max-snippet":"max-snippet:-1","max-image-preview":"max-image-preview:large","max-video-preview":"max-video-preview:-1"},"canonical":"https:\/\/sandzakpress.net\/arhiva\/bs-podrzacemo-donosenje-zakona-o-slobodi-vjeroispovijesti\/","og_locale":"bs_BA","og_type":"article","og_title":"BS: Podr\u017ea\u0107emo dono\u0161enje zakona o slobodi vjeroispovijesti","og_description":"Bo\u0161nja\u010dka stranka pozdravila je Prijedlog zakona o slobodi vjeroispovijesti koji je usvojila Vlada, i kroz dalju proceduru \u0107e, kako navode, podr\u017eati dono\u0161enje ovog zakona. U toj partiji smatraju da je rije\u010d o modernom zakonskom rje\u0161enju koje uva\u017eava vjersku i etni\u010dku raznolikost Crne Gore i \u0161titi prava pripadnika svih vjerskih zajednica. \u201cGra\u0111anski koncept na\u0161e dr\u017eave mogu\u0107e [&hellip;]","og_url":"https:\/\/sandzakpress.net\/arhiva\/bs-podrzacemo-donosenje-zakona-o-slobodi-vjeroispovijesti\/","og_site_name":"Sand\u017eak PRESS","article_published_time":"2019-05-20T11:57:37+00:00","og_image":[{"width":800,"height":385,"url":"https:\/\/sandzakpress.net\/arhiva\/wp-content\/uploads\/2019\/05\/20190519180556_3f518601-6349-4920-8155-becb98852598.jpeg.jpg","type":"image\/jpeg"}],"author":"Agencija","twitter_card":"summary_large_image","twitter_misc":{"Written by":"Agencija","Est. reading time":"2 minute"},"schema":{"@context":"https:\/\/schema.org","@graph":[{"@type":"Article","@id":"https:\/\/sandzakpress.net\/arhiva\/bs-podrzacemo-donosenje-zakona-o-slobodi-vjeroispovijesti\/#article","isPartOf":{"@id":"https:\/\/sandzakpress.net\/arhiva\/bs-podrzacemo-donosenje-zakona-o-slobodi-vjeroispovijesti\/"},"author":{"name":"Agencija","@id":"https:\/\/sandzakpress.net\/arhiva\/#\/schema\/person\/cb59d7e3ab91ab90dd680ad0305a6185"},"headline":"BS: Podr\u017ea\u0107emo dono\u0161enje zakona o slobodi vjeroispovijesti","datePublished":"2019-05-20T11:57:37+00:00","mainEntityOfPage":{"@id":"https:\/\/sandzakpress.net\/arhiva\/bs-podrzacemo-donosenje-zakona-o-slobodi-vjeroispovijesti\/"},"wordCount":314,"commentCount":1,"publisher":{"@id":"https:\/\/sandzakpress.net\/arhiva\/#\/schema\/person\/6e72b67d6e51910a1117b3b483ba20bd"},"image":{"@id":"https:\/\/sandzakpress.net\/arhiva\/bs-podrzacemo-donosenje-zakona-o-slobodi-vjeroispovijesti\/#primaryimage"},"thumbnailUrl":"https:\/\/sandzakpress.net\/arhiva\/wp-content\/uploads\/2019\/05\/20190519180556_3f518601-6349-4920-8155-becb98852598.jpeg.jpg","articleSection":["Ro\u017eaje","Politika"],"inLanguage":"bs-BA","potentialAction":[{"@type":"CommentAction","name":"Comment","target":["https:\/\/sandzakpress.net\/arhiva\/bs-podrzacemo-donosenje-zakona-o-slobodi-vjeroispovijesti\/#respond"]}]},{"@type":"WebPage","@id":"https:\/\/sandzakpress.net\/arhiva\/bs-podrzacemo-donosenje-zakona-o-slobodi-vjeroispovijesti\/","url":"https:\/\/sandzakpress.net\/arhiva\/bs-podrzacemo-donosenje-zakona-o-slobodi-vjeroispovijesti\/","name":"BS: Podr\u017ea\u0107emo dono\u0161enje zakona o slobodi vjeroispovijesti","isPartOf":{"@id":"https:\/\/sandzakpress.net\/arhiva\/#website"},"primaryImageOfPage":{"@id":"https:\/\/sandzakpress.net\/arhiva\/bs-podrzacemo-donosenje-zakona-o-slobodi-vjeroispovijesti\/#primaryimage"},"image":{"@id":"https:\/\/sandzakpress.net\/arhiva\/bs-podrzacemo-donosenje-zakona-o-slobodi-vjeroispovijesti\/#primaryimage"},"thumbnailUrl":"https:\/\/sandzakpress.net\/arhiva\/wp-content\/uploads\/2019\/05\/20190519180556_3f518601-6349-4920-8155-becb98852598.jpeg.jpg","datePublished":"2019-05-20T11:57:37+00:00","breadcrumb":{"@id":"https:\/\/sandzakpress.net\/arhiva\/bs-podrzacemo-donosenje-zakona-o-slobodi-vjeroispovijesti\/#breadcrumb"},"inLanguage":"bs-BA","potentialAction":[{"@type":"ReadAction","target":["https:\/\/sandzakpress.net\/arhiva\/bs-podrzacemo-donosenje-zakona-o-slobodi-vjeroispovijesti\/"]}]},{"@type":"ImageObject","inLanguage":"bs-BA","@id":"https:\/\/sandzakpress.net\/arhiva\/bs-podrzacemo-donosenje-zakona-o-slobodi-vjeroispovijesti\/#primaryimage","url":"https:\/\/sandzakpress.net\/arhiva\/wp-content\/uploads\/2019\/05\/20190519180556_3f518601-6349-4920-8155-becb98852598.jpeg.jpg","contentUrl":"https:\/\/sandzakpress.net\/arhiva\/wp-content\/uploads\/2019\/05\/20190519180556_3f518601-6349-4920-8155-becb98852598.jpeg.jpg","width":800,"height":385},{"@type":"BreadcrumbList","@id":"https:\/\/sandzakpress.net\/arhiva\/bs-podrzacemo-donosenje-zakona-o-slobodi-vjeroispovijesti\/#breadcrumb","itemListElement":[{"@type":"ListItem","position":1,"name":"Home","item":"https:\/\/sandzakpress.net\/arhiva\/"},{"@type":"ListItem","position":2,"name":"BS: Podr\u017ea\u0107emo dono\u0161enje zakona o slobodi vjeroispovijesti"}]},{"@type":"WebSite","@id":"https:\/\/sandzakpress.net\/arhiva\/#website","url":"https:\/\/sandzakpress.net\/arhiva\/","name":"Sand\u017eak PRESS","description":"Prve elektronske novine u Sand\u017eaku","publisher":{"@id":"https:\/\/sandzakpress.net\/arhiva\/#\/schema\/person\/6e72b67d6e51910a1117b3b483ba20bd"},"potentialAction":[{"@type":"SearchAction","target":{"@type":"EntryPoint","urlTemplate":"https:\/\/sandzakpress.net\/arhiva\/?s={search_term_string}"},"query-input":{"@type":"PropertyValueSpecification","valueRequired":true,"valueName":"search_term_string"}}],"inLanguage":"bs-BA"},{"@type":["Person","Organization"],"@id":"https:\/\/sandzakpress.net\/arhiva\/#\/schema\/person\/6e72b67d6e51910a1117b3b483ba20bd","name":"Kul","image":{"@type":"ImageObject","inLanguage":"bs-BA","@id":"https:\/\/sandzakpress.net\/arhiva\/#\/schema\/person\/image\/","url":"https:\/\/secure.gravatar.com\/avatar\/42263f39aa27ac04c43cab85c280eb2e?s=96&d=mm&r=pg","contentUrl":"https:\/\/secure.gravatar.com\/avatar\/42263f39aa27ac04c43cab85c280eb2e?s=96&d=mm&r=pg","caption":"Kul"},"logo":{"@id":"https:\/\/sandzakpress.net\/arhiva\/#\/schema\/person\/image\/"}},{"@type":"Person","@id":"https:\/\/sandzakpress.net\/arhiva\/#\/schema\/person\/cb59d7e3ab91ab90dd680ad0305a6185","name":"Agencija","image":{"@type":"ImageObject","inLanguage":"bs-BA","@id":"https:\/\/sandzakpress.net\/arhiva\/#\/schema\/person\/image\/","url":"https:\/\/secure.gravatar.com\/avatar\/4b7fafa80a22f0c2afe23966b3961fe0?s=96&d=mm&r=pg","contentUrl":"https:\/\/secure.gravatar.com\/avatar\/4b7fafa80a22f0c2afe23966b3961fe0?s=96&d=mm&r=pg","caption":"Agencija"},"url":"https:\/\/sandzakpress.net\/arhiva\/author\/agencija\/"}]}},"_links":{"self":[{"href":"https:\/\/sandzakpress.net\/arhiva\/wp-json\/wp\/v2\/posts\/223620"}],"collection":[{"href":"https:\/\/sandzakpress.net\/arhiva\/wp-json\/wp\/v2\/posts"}],"about":[{"href":"https:\/\/sandzakpress.net\/arhiva\/wp-json\/wp\/v2\/types\/post"}],"author":[{"embeddable":true,"href":"https:\/\/sandzakpress.net\/arhiva\/wp-json\/wp\/v2\/users\/509"}],"replies":[{"embeddable":true,"href":"https:\/\/sandzakpress.net\/arhiva\/wp-json\/wp\/v2\/comments?post=223620"}],"version-history":[{"count":0,"href":"https:\/\/sandzakpress.net\/arhiva\/wp-json\/wp\/v2\/posts\/223620\/revisions"}],"wp:featuredmedia":[{"embeddable":true,"href":"https:\/\/sandzakpress.net\/arhiva\/wp-json\/wp\/v2\/media\/223621"}],"wp:attachment":[{"href":"https:\/\/sandzakpress.net\/arhiva\/wp-json\/wp\/v2\/media?parent=223620"}],"wp:term":[{"taxonomy":"category","embeddable":true,"href":"https:\/\/sandzakpress.net\/arhiva\/wp-json\/wp\/v2\/categories?post=223620"},{"taxonomy":"post_tag","embeddable":true,"href":"https:\/\/sandzakpress.net\/arhiva\/wp-json\/wp\/v2\/tags?post=223620"}],"curies":[{"name":"wp","href":"https:\/\/api.w.org\/{rel}","templated":true}]}}