{"id":223587,"date":"2019-05-20T11:51:43","date_gmt":"2019-05-20T09:51:43","guid":{"rendered":"https:\/\/sandzakpress.net\/arhiva\/rijad-s-arabija-zaprijetila-iranu-mi-smo-spremni-a-vi-sami-odlucujete-o-svojoj-sudbini"},"modified":"2019-05-20T11:51:43","modified_gmt":"2019-05-20T09:51:43","slug":"rijad-s-arabija-zaprijetila-iranu-mi-smo-spremni-a-vi-sami-odlucujete-o-svojoj-sudbini","status":"publish","type":"post","link":"https:\/\/sandzakpress.net\/arhiva\/rijad-s-arabija-zaprijetila-iranu-mi-smo-spremni-a-vi-sami-odlucujete-o-svojoj-sudbini\/","title":{"rendered":"Rijad \/ S. Arabija zaprijetila Iranu: Mi smo spremni, a vi sami odlu\u010dujete o svojoj sudbini"},"content":{"rendered":"<p><span class=\"cb-itemprop\"><\/p>\n<p><img decoding=\"async\" src=\"https:\/\/storage.radiosarajevo.ba\/image\/460562\/1180x732\/saudi-iran-map.jpg\" alt=\"Foto: IB Times\" \/><\/p>\n<div id=\"__xclaimwords_wrapper\">\n<p><strong>Saudijska Arabija\u00a0\u017eeli da sprije\u010di rat u regiji ali je spremna da odgovori &#8220;svom snagom i odlu\u010dno\u0161\u0107u&#8221; nakon pro\u0161losedmi\u010dnih napada na saudijske naftovode, rekao je saudijski ministar vanjskih poslova\u00a0Adel al-Jubeir, dodav\u0161i da je\u00a0sada red na Iranu da &#8220;odlu\u010di o svojoj sudbini&#8221;.<\/strong><\/p>\n<p><strong>Rijad<\/strong>\u00a0je optu\u017eio<strong>\u00a0Teheran<\/strong>\u00a0da je naredio napade bespilotne letjelice na dvije\u00a0pumpne stanice saudijskog naftovoda ove sedmice. Odgovornost za napad preuzeo je pobunjeni\u010dki pokret\u00a0<strong>Husija<\/strong>\u00a0u\u00a0<strong>Jemenu<\/strong>. On se desio dva dana nakon \u0161to su \u010detiri plovila, uklju\u010duju\u0107i dva saudijska tankera, bili sabotirani uz obale\u00a0<strong>Ujedinjenih Arapskih Emirata<\/strong>, prenosi Al Jazeera Balkans.<\/p>\n<p>Iran je odbacio optu\u017ebe da stoji iza napada.<\/p>\n<p>&#8220;Kraljevstvo Saudijske Arabije ne \u017eeli rat u regiji niti ga tra\u017ei. Uradit \u0107e sve \u0161to mo\u017ee da sprije\u010di ovaj rat a istovremeno ponovo potvr\u0111uje da u slu\u010daju da druge strane izaberu rat, Kraljevstvo \u0107e odgovoriti svom snagom i odlu\u010dno\u0161\u0107u, i branit \u0107e sebe i svoje interese&#8221;, rekao je saudijski ministar vanjskih poslova Adel al-Jubeir.<\/p>\n<p><strong>Saudijski kralj Salman<\/strong>\u00a0pozvao je zaljevske i arapske lidere da do\u0111u na hitni samit u Meki 30. maja da diskutuju o posljedicama napada.<\/p>\n<p>&#8220;Trenutne kriti\u010dne okolnosti zahtijevaju ujedinjen arapski i zaljevski stav prema izazovima i rizicima&#8221;, rekao je ministar vanjskih poslova UAE-a, saudijske saveznice koja nije nikoga optu\u017eila za sabota\u017eu tankera, \u010dekaju\u0107i istragu.<\/p>\n<p>Niko jo\u0161 nije preuzeo odgovornost za to, ali dva izvora iz ameri\u010dke vlade rekla su da SAD vjeruje da je Iran potaknuo pobunjeni\u010dku grupu iz Jemena ili \u0161iitske milicije u Iraku da to izvedu.<\/p>\n<p>Norve\u0161ka osiguravaju\u0107a ku\u0107a napisala je izvje\u0161taj u kojem stoji da je &#8220;veoma mogu\u0107e&#8221; da je<strong>\u00a0Iranska revolucionarna garda<\/strong>\u00a0omogu\u0107ila napad na plovila.<\/p>\n<p>Saudijski princ prijestolonasljednik Mohammed bin Salman razgovarao je o doga\u0111ajima u regiji, kao i poku\u0161ajima da se pove\u0107a sigurnost i stabilnost, u telefonskom razgovoru sa ameri\u010dkim dr\u017eavnim sekretarom\u00a0<strong>Mikeom Pompeom.\u00a0<\/strong><\/p>\n<p>&#8220;\u017delimo mir i stabilnost u regiji ali ne\u0107emo sjediti skr\u0161tenih ruku. Sada je rad na Iran da odlu\u010di kakva \u0107e biti njegova sudbina&#8221;, rekao je Jubeir.<\/p>\n<\/div>\n<div id=\"04cf1e0d307933588cdb5f4036a2a933\" class=\"iAdserver adloaded\" data-iadserver-zone=\"1356\">\n<div class=\"ipromAP\" data-zone=\"1356\">\n<div id=\"taboola-below-article-thumbnails\" class=\" trc_related_container trc_spotlight_widget tbl-feed-container tbl-feed-frame-DIVIDER  render-late-effect\" data-feed-container-num=\"1\" data-feed-main-container-id=\"taboola-below-article-thumbnails\" data-parent-placement-name=\"Below Article Thumbnails\" data-pub-lang=\"en\">\n<div class=\" tbl-feed-header tbl-logo-right-position\">\n<div class=\"tbl-feed-header-logo\"><\/div>\n<\/div>\n<div id=\"taboola-below-article-thumbnails-pl1\" class=\" trc_related_container trc_spotlight_widget trc_elastic trc_elastic_thumbs-feed-01  tbl-feed-card \" data-card-index=\"1\" data-batch-num=\"1\" data-placement-name=\"Below Article Thumbnails | Card 1\">\n<div class=\"trc_rbox_container\">\n<div>\n<div id=\"trc_wrapper_50524\" class=\"trc_rbox thumbs-feed-01 trc-content-sponsored \">\n<div id=\"outer_50524\" class=\"trc_rbox_outer\">\n<div id=\"rbox-t2v\" class=\"trc_rbox_div trc_rbox_border_elm\">\n<div id=\"internal_trc_50524\">\n<div class=\"videoCube trc_spotlight_item origin-default thumbnail_top syndicatedItem textItem videoCube_1_child trc-first-recommendation trc-spotlight-first-recommendation \" data-item-id=\"~~V1~~1366933570177350098~~XWppzb4aaWaU5eo7Adx0V0cryCp3L_lpLV1ZrSNIEuWMc_yxTMNX-G82GZFQs2mY8vYNcWu-S-Upzd37ucjcYqN8C29w2ueI0iMRlsQFk57Cnst2-PUpNkPrf1Nd_sKJ9b7w0VDdEAwWlun8kZSG_1dnsKRXnoyeSGfT6c4s1lv-rjoH3_VtptyXPIlgItSM3i07IGdF8lI043LHlcj5H5Z2TIHxw_qzsIhRU8VmMOoIeCAdOTECbkyvEDB5N7ePgZaDdz3pGW2Ow5P4b8hy-DVoNRHbqVhuqkR3_fK50luiqGzS8sYYe_w6qlMWUSzjJmbKJsUI0FdMdWj1iDkARFdN3kD5kaFojVxxYyykyHsFzhfFyFyHA39WCCxVPkL6yG1-WKVaYOpxgyxK0jnE8kZQz8PaqPuPw8fbvxXPT8AtCU-9OOls15zVbTxlaEQlC8sBBlUIPhGuRbc--4OQptILsdm_vzO7DoAv74oT-BN55uEkFYmw0cqPa1qMTKHcUNUX-fIALUQYT5o3hXRt0nBdsjk99J4UFiw8cTSzpjpmjpnsa_E80LI4psytzaFgx6OM2pNhfiGJvpB09HthB4esUxB-9QFzu-74ZcpolhtsPigP2Lcp2J_ObfBtc8SUd4DBxGG4jgSlIYh-zGVuePmDLF7mqCST1an7zjCN68FS8lfJSJqzm2Ha3xHZCbbsqHz5p9y1nZJWdxqlmJOxynSeGyDEJ9INxRZ2jz_Jkw9flMalec67NibMnl1zIww65HvdKT7muMyzMKBxHPnHlxk4ZafePqSh8b5j1q7c7kdrFJIY6giQ1Y-c3k-ePXp088hi5IrgSxEvQL9DB_GCfCFJ9XsaP_tEk3GNhsEYQhboPKGWHpXk7Io755TCOkrV7WNRY0SVQ_NDbOtr4jvaY3QMdTQZnpufmUSKZcYpN2t0RnMUtpds_ktj5wiQ-MuJ\" data-item-title=\"Huawei MateBook X Pro 8GB\/512GB\" data-item-thumb=\"https:\/\/pix.nl.eu.criteo.net\/img\/img?c=1&amp;h=800&amp;m=0&amp;partner=26251&amp;q=80&amp;r=0&amp;u=https%3A%2F%2Fcdn.idealo.com%2Ffolder%2FProduct%2F6225%2F5%2F6225574%2Fs1_produktbild_max%2Fhuawei-matebook-x-pro-8gb-512gb.jpg&amp;ups=1&amp;v=3&amp;w=800&amp;s=HBCphXH9tY3IEQwDDJtjRE5F\" data-item-syndicated=\"true\"><\/div>\n<\/div>\n<\/div>\n<\/div>\n<\/div>\n<\/div>\n<\/div>\n<\/div>\n<\/div>\n<\/div>\n<\/div>\n<p><\/span><br \/>\nPogledajte vijest na izvornom sajtu:<\/p>\n<p><a href=\"https:\/\/islampress.net\/45296\/rijad-s-arabija-zaprijetila-iranu-mi-smo-spremni-a-vi-sami-odlucujete-o-svojoj-sudbini\/\" target=\"_blank\">Rijad \/ S. Arabija zaprijetila Iranu: Mi smo spremni, a vi sami odlu\u010dujete o svojoj sudbini<\/a><\/p>\n","protected":false},"excerpt":{"rendered":"<p>Saudijska Arabija\u00a0\u017eeli da sprije\u010di rat u regiji ali je spremna da odgovori &#8220;svom snagom i odlu\u010dno\u0161\u0107u&#8221; nakon pro\u0161losedmi\u010dnih napada na saudijske naftovode, rekao je saudijski ministar vanjskih poslova\u00a0Adel al-Jubeir, dodav\u0161i da je\u00a0sada red na Iranu da &#8220;odlu\u010di o svojoj sudbini&#8221;. Rijad\u00a0je optu\u017eio\u00a0Teheran\u00a0da je naredio napade bespilotne letjelice na dvije\u00a0pumpne stanice saudijskog naftovoda ove sedmice. Odgovornost [&hellip;]<\/p>\n","protected":false},"author":83,"featured_media":0,"comment_status":"open","ping_status":"open","sticky":false,"template":"","format":"standard","meta":{"footnotes":""},"categories":[9],"tags":[10499],"class_list":{"0":"post-223587","1":"post","2":"type-post","3":"status-publish","4":"format-standard","6":"category-svijet","7":"tag-a"},"yoast_head":"<!-- This site is optimized with the Yoast SEO Premium plugin v23.1 (Yoast SEO v24.9) - https:\/\/yoast.com\/wordpress\/plugins\/seo\/ -->\n<title>Rijad \/ S. Arabija zaprijetila Iranu: Mi smo spremni, a vi sami odlu\u010dujete o svojoj sudbini<\/title>\n<meta name=\"robots\" content=\"index, follow, max-snippet:-1, max-image-preview:large, max-video-preview:-1\" \/>\n<link rel=\"canonical\" href=\"https:\/\/sandzakpress.net\/arhiva\/rijad-s-arabija-zaprijetila-iranu-mi-smo-spremni-a-vi-sami-odlucujete-o-svojoj-sudbini\/\" \/>\n<meta property=\"og:locale\" content=\"bs_BA\" \/>\n<meta property=\"og:type\" content=\"article\" \/>\n<meta property=\"og:title\" content=\"Rijad \/ S. Arabija zaprijetila Iranu: Mi smo spremni, a vi sami odlu\u010dujete o svojoj sudbini\" \/>\n<meta property=\"og:description\" content=\"Saudijska Arabija\u00a0\u017eeli da sprije\u010di rat u regiji ali je spremna da odgovori &#8220;svom snagom i odlu\u010dno\u0161\u0107u&#8221; nakon pro\u0161losedmi\u010dnih napada na saudijske naftovode, rekao je saudijski ministar vanjskih poslova\u00a0Adel al-Jubeir, dodav\u0161i da je\u00a0sada red na Iranu da &#8220;odlu\u010di o svojoj sudbini&#8221;. Rijad\u00a0je optu\u017eio\u00a0Teheran\u00a0da je naredio napade bespilotne letjelice na dvije\u00a0pumpne stanice saudijskog naftovoda ove sedmice. Odgovornost [&hellip;]\" \/>\n<meta property=\"og:url\" content=\"https:\/\/sandzakpress.net\/arhiva\/rijad-s-arabija-zaprijetila-iranu-mi-smo-spremni-a-vi-sami-odlucujete-o-svojoj-sudbini\/\" \/>\n<meta property=\"og:site_name\" content=\"Sand\u017eak PRESS\" \/>\n<meta property=\"article:published_time\" content=\"2019-05-20T09:51:43+00:00\" \/>\n<meta property=\"og:image\" content=\"https:\/\/storage.radiosarajevo.ba\/image\/460562\/1180x732\/saudi-iran-map.jpg\" \/>\n<meta name=\"author\" content=\"bosniak\" \/>\n<meta name=\"twitter:card\" content=\"summary_large_image\" \/>\n<meta name=\"twitter:label1\" content=\"Written by\" \/>\n\t<meta name=\"twitter:data1\" content=\"bosniak\" \/>\n\t<meta name=\"twitter:label2\" content=\"Est. reading time\" \/>\n\t<meta name=\"twitter:data2\" content=\"2 minute\" \/>\n<script type=\"application\/ld+json\" class=\"yoast-schema-graph\">{\"@context\":\"https:\/\/schema.org\",\"@graph\":[{\"@type\":\"Article\",\"@id\":\"https:\/\/sandzakpress.net\/arhiva\/rijad-s-arabija-zaprijetila-iranu-mi-smo-spremni-a-vi-sami-odlucujete-o-svojoj-sudbini\/#article\",\"isPartOf\":{\"@id\":\"https:\/\/sandzakpress.net\/arhiva\/rijad-s-arabija-zaprijetila-iranu-mi-smo-spremni-a-vi-sami-odlucujete-o-svojoj-sudbini\/\"},\"author\":{\"name\":\"bosniak\",\"@id\":\"https:\/\/sandzakpress.net\/arhiva\/#\/schema\/person\/c8baee722073534b583ea7bdb2e36c02\"},\"headline\":\"Rijad \/ S. Arabija zaprijetila Iranu: Mi smo spremni, a vi sami odlu\u010dujete o svojoj sudbini\",\"datePublished\":\"2019-05-20T09:51:43+00:00\",\"mainEntityOfPage\":{\"@id\":\"https:\/\/sandzakpress.net\/arhiva\/rijad-s-arabija-zaprijetila-iranu-mi-smo-spremni-a-vi-sami-odlucujete-o-svojoj-sudbini\/\"},\"wordCount\":399,\"commentCount\":0,\"publisher\":{\"@id\":\"https:\/\/sandzakpress.net\/arhiva\/#\/schema\/person\/6e72b67d6e51910a1117b3b483ba20bd\"},\"image\":{\"@id\":\"https:\/\/sandzakpress.net\/arhiva\/rijad-s-arabija-zaprijetila-iranu-mi-smo-spremni-a-vi-sami-odlucujete-o-svojoj-sudbini\/#primaryimage\"},\"thumbnailUrl\":\"https:\/\/storage.radiosarajevo.ba\/image\/460562\/1180x732\/saudi-iran-map.jpg\",\"keywords\":[\"A\"],\"articleSection\":[\"Svijet\"],\"inLanguage\":\"bs-BA\",\"potentialAction\":[{\"@type\":\"CommentAction\",\"name\":\"Comment\",\"target\":[\"https:\/\/sandzakpress.net\/arhiva\/rijad-s-arabija-zaprijetila-iranu-mi-smo-spremni-a-vi-sami-odlucujete-o-svojoj-sudbini\/#respond\"]}]},{\"@type\":\"WebPage\",\"@id\":\"https:\/\/sandzakpress.net\/arhiva\/rijad-s-arabija-zaprijetila-iranu-mi-smo-spremni-a-vi-sami-odlucujete-o-svojoj-sudbini\/\",\"url\":\"https:\/\/sandzakpress.net\/arhiva\/rijad-s-arabija-zaprijetila-iranu-mi-smo-spremni-a-vi-sami-odlucujete-o-svojoj-sudbini\/\",\"name\":\"Rijad \/ S. Arabija zaprijetila Iranu: Mi smo spremni, a vi sami odlu\u010dujete o svojoj sudbini\",\"isPartOf\":{\"@id\":\"https:\/\/sandzakpress.net\/arhiva\/#website\"},\"primaryImageOfPage\":{\"@id\":\"https:\/\/sandzakpress.net\/arhiva\/rijad-s-arabija-zaprijetila-iranu-mi-smo-spremni-a-vi-sami-odlucujete-o-svojoj-sudbini\/#primaryimage\"},\"image\":{\"@id\":\"https:\/\/sandzakpress.net\/arhiva\/rijad-s-arabija-zaprijetila-iranu-mi-smo-spremni-a-vi-sami-odlucujete-o-svojoj-sudbini\/#primaryimage\"},\"thumbnailUrl\":\"https:\/\/storage.radiosarajevo.ba\/image\/460562\/1180x732\/saudi-iran-map.jpg\",\"datePublished\":\"2019-05-20T09:51:43+00:00\",\"breadcrumb\":{\"@id\":\"https:\/\/sandzakpress.net\/arhiva\/rijad-s-arabija-zaprijetila-iranu-mi-smo-spremni-a-vi-sami-odlucujete-o-svojoj-sudbini\/#breadcrumb\"},\"inLanguage\":\"bs-BA\",\"potentialAction\":[{\"@type\":\"ReadAction\",\"target\":[\"https:\/\/sandzakpress.net\/arhiva\/rijad-s-arabija-zaprijetila-iranu-mi-smo-spremni-a-vi-sami-odlucujete-o-svojoj-sudbini\/\"]}]},{\"@type\":\"ImageObject\",\"inLanguage\":\"bs-BA\",\"@id\":\"https:\/\/sandzakpress.net\/arhiva\/rijad-s-arabija-zaprijetila-iranu-mi-smo-spremni-a-vi-sami-odlucujete-o-svojoj-sudbini\/#primaryimage\",\"url\":\"https:\/\/storage.radiosarajevo.ba\/image\/460562\/1180x732\/saudi-iran-map.jpg\",\"contentUrl\":\"https:\/\/storage.radiosarajevo.ba\/image\/460562\/1180x732\/saudi-iran-map.jpg\"},{\"@type\":\"BreadcrumbList\",\"@id\":\"https:\/\/sandzakpress.net\/arhiva\/rijad-s-arabija-zaprijetila-iranu-mi-smo-spremni-a-vi-sami-odlucujete-o-svojoj-sudbini\/#breadcrumb\",\"itemListElement\":[{\"@type\":\"ListItem\",\"position\":1,\"name\":\"Home\",\"item\":\"https:\/\/sandzakpress.net\/arhiva\/\"},{\"@type\":\"ListItem\",\"position\":2,\"name\":\"Rijad \/ S. Arabija zaprijetila Iranu: Mi smo spremni, a vi sami odlu\u010dujete o svojoj sudbini\"}]},{\"@type\":\"WebSite\",\"@id\":\"https:\/\/sandzakpress.net\/arhiva\/#website\",\"url\":\"https:\/\/sandzakpress.net\/arhiva\/\",\"name\":\"Sand\u017eak PRESS\",\"description\":\"Prve elektronske novine u Sand\u017eaku\",\"publisher\":{\"@id\":\"https:\/\/sandzakpress.net\/arhiva\/#\/schema\/person\/6e72b67d6e51910a1117b3b483ba20bd\"},\"potentialAction\":[{\"@type\":\"SearchAction\",\"target\":{\"@type\":\"EntryPoint\",\"urlTemplate\":\"https:\/\/sandzakpress.net\/arhiva\/?s={search_term_string}\"},\"query-input\":{\"@type\":\"PropertyValueSpecification\",\"valueRequired\":true,\"valueName\":\"search_term_string\"}}],\"inLanguage\":\"bs-BA\"},{\"@type\":[\"Person\",\"Organization\"],\"@id\":\"https:\/\/sandzakpress.net\/arhiva\/#\/schema\/person\/6e72b67d6e51910a1117b3b483ba20bd\",\"name\":\"Kul\",\"image\":{\"@type\":\"ImageObject\",\"inLanguage\":\"bs-BA\",\"@id\":\"https:\/\/sandzakpress.net\/arhiva\/#\/schema\/person\/image\/\",\"url\":\"https:\/\/secure.gravatar.com\/avatar\/42263f39aa27ac04c43cab85c280eb2e?s=96&d=mm&r=pg\",\"contentUrl\":\"https:\/\/secure.gravatar.com\/avatar\/42263f39aa27ac04c43cab85c280eb2e?s=96&d=mm&r=pg\",\"caption\":\"Kul\"},\"logo\":{\"@id\":\"https:\/\/sandzakpress.net\/arhiva\/#\/schema\/person\/image\/\"}},{\"@type\":\"Person\",\"@id\":\"https:\/\/sandzakpress.net\/arhiva\/#\/schema\/person\/c8baee722073534b583ea7bdb2e36c02\",\"name\":\"bosniak\",\"image\":{\"@type\":\"ImageObject\",\"inLanguage\":\"bs-BA\",\"@id\":\"https:\/\/sandzakpress.net\/arhiva\/#\/schema\/person\/image\/\",\"url\":\"https:\/\/secure.gravatar.com\/avatar\/a04fd330bfe3a36a72a0ad4a6d89fca7?s=96&d=mm&r=pg\",\"contentUrl\":\"https:\/\/secure.gravatar.com\/avatar\/a04fd330bfe3a36a72a0ad4a6d89fca7?s=96&d=mm&r=pg\",\"caption\":\"bosniak\"},\"url\":\"https:\/\/sandzakpress.net\/arhiva\/author\/bosniak\/\"}]}<\/script>\n<!-- \/ Yoast SEO Premium plugin. -->","yoast_head_json":{"title":"Rijad \/ S. Arabija zaprijetila Iranu: Mi smo spremni, a vi sami odlu\u010dujete o svojoj sudbini","robots":{"index":"index","follow":"follow","max-snippet":"max-snippet:-1","max-image-preview":"max-image-preview:large","max-video-preview":"max-video-preview:-1"},"canonical":"https:\/\/sandzakpress.net\/arhiva\/rijad-s-arabija-zaprijetila-iranu-mi-smo-spremni-a-vi-sami-odlucujete-o-svojoj-sudbini\/","og_locale":"bs_BA","og_type":"article","og_title":"Rijad \/ S. Arabija zaprijetila Iranu: Mi smo spremni, a vi sami odlu\u010dujete o svojoj sudbini","og_description":"Saudijska Arabija\u00a0\u017eeli da sprije\u010di rat u regiji ali je spremna da odgovori &#8220;svom snagom i odlu\u010dno\u0161\u0107u&#8221; nakon pro\u0161losedmi\u010dnih napada na saudijske naftovode, rekao je saudijski ministar vanjskih poslova\u00a0Adel al-Jubeir, dodav\u0161i da je\u00a0sada red na Iranu da &#8220;odlu\u010di o svojoj sudbini&#8221;. Rijad\u00a0je optu\u017eio\u00a0Teheran\u00a0da je naredio napade bespilotne letjelice na dvije\u00a0pumpne stanice saudijskog naftovoda ove sedmice. Odgovornost [&hellip;]","og_url":"https:\/\/sandzakpress.net\/arhiva\/rijad-s-arabija-zaprijetila-iranu-mi-smo-spremni-a-vi-sami-odlucujete-o-svojoj-sudbini\/","og_site_name":"Sand\u017eak PRESS","article_published_time":"2019-05-20T09:51:43+00:00","og_image":[{"url":"https:\/\/storage.radiosarajevo.ba\/image\/460562\/1180x732\/saudi-iran-map.jpg","type":"","width":"","height":""}],"author":"bosniak","twitter_card":"summary_large_image","twitter_misc":{"Written by":"bosniak","Est. reading time":"2 minute"},"schema":{"@context":"https:\/\/schema.org","@graph":[{"@type":"Article","@id":"https:\/\/sandzakpress.net\/arhiva\/rijad-s-arabija-zaprijetila-iranu-mi-smo-spremni-a-vi-sami-odlucujete-o-svojoj-sudbini\/#article","isPartOf":{"@id":"https:\/\/sandzakpress.net\/arhiva\/rijad-s-arabija-zaprijetila-iranu-mi-smo-spremni-a-vi-sami-odlucujete-o-svojoj-sudbini\/"},"author":{"name":"bosniak","@id":"https:\/\/sandzakpress.net\/arhiva\/#\/schema\/person\/c8baee722073534b583ea7bdb2e36c02"},"headline":"Rijad \/ S. Arabija zaprijetila Iranu: Mi smo spremni, a vi sami odlu\u010dujete o svojoj sudbini","datePublished":"2019-05-20T09:51:43+00:00","mainEntityOfPage":{"@id":"https:\/\/sandzakpress.net\/arhiva\/rijad-s-arabija-zaprijetila-iranu-mi-smo-spremni-a-vi-sami-odlucujete-o-svojoj-sudbini\/"},"wordCount":399,"commentCount":0,"publisher":{"@id":"https:\/\/sandzakpress.net\/arhiva\/#\/schema\/person\/6e72b67d6e51910a1117b3b483ba20bd"},"image":{"@id":"https:\/\/sandzakpress.net\/arhiva\/rijad-s-arabija-zaprijetila-iranu-mi-smo-spremni-a-vi-sami-odlucujete-o-svojoj-sudbini\/#primaryimage"},"thumbnailUrl":"https:\/\/storage.radiosarajevo.ba\/image\/460562\/1180x732\/saudi-iran-map.jpg","keywords":["A"],"articleSection":["Svijet"],"inLanguage":"bs-BA","potentialAction":[{"@type":"CommentAction","name":"Comment","target":["https:\/\/sandzakpress.net\/arhiva\/rijad-s-arabija-zaprijetila-iranu-mi-smo-spremni-a-vi-sami-odlucujete-o-svojoj-sudbini\/#respond"]}]},{"@type":"WebPage","@id":"https:\/\/sandzakpress.net\/arhiva\/rijad-s-arabija-zaprijetila-iranu-mi-smo-spremni-a-vi-sami-odlucujete-o-svojoj-sudbini\/","url":"https:\/\/sandzakpress.net\/arhiva\/rijad-s-arabija-zaprijetila-iranu-mi-smo-spremni-a-vi-sami-odlucujete-o-svojoj-sudbini\/","name":"Rijad \/ S. Arabija zaprijetila Iranu: Mi smo spremni, a vi sami odlu\u010dujete o svojoj sudbini","isPartOf":{"@id":"https:\/\/sandzakpress.net\/arhiva\/#website"},"primaryImageOfPage":{"@id":"https:\/\/sandzakpress.net\/arhiva\/rijad-s-arabija-zaprijetila-iranu-mi-smo-spremni-a-vi-sami-odlucujete-o-svojoj-sudbini\/#primaryimage"},"image":{"@id":"https:\/\/sandzakpress.net\/arhiva\/rijad-s-arabija-zaprijetila-iranu-mi-smo-spremni-a-vi-sami-odlucujete-o-svojoj-sudbini\/#primaryimage"},"thumbnailUrl":"https:\/\/storage.radiosarajevo.ba\/image\/460562\/1180x732\/saudi-iran-map.jpg","datePublished":"2019-05-20T09:51:43+00:00","breadcrumb":{"@id":"https:\/\/sandzakpress.net\/arhiva\/rijad-s-arabija-zaprijetila-iranu-mi-smo-spremni-a-vi-sami-odlucujete-o-svojoj-sudbini\/#breadcrumb"},"inLanguage":"bs-BA","potentialAction":[{"@type":"ReadAction","target":["https:\/\/sandzakpress.net\/arhiva\/rijad-s-arabija-zaprijetila-iranu-mi-smo-spremni-a-vi-sami-odlucujete-o-svojoj-sudbini\/"]}]},{"@type":"ImageObject","inLanguage":"bs-BA","@id":"https:\/\/sandzakpress.net\/arhiva\/rijad-s-arabija-zaprijetila-iranu-mi-smo-spremni-a-vi-sami-odlucujete-o-svojoj-sudbini\/#primaryimage","url":"https:\/\/storage.radiosarajevo.ba\/image\/460562\/1180x732\/saudi-iran-map.jpg","contentUrl":"https:\/\/storage.radiosarajevo.ba\/image\/460562\/1180x732\/saudi-iran-map.jpg"},{"@type":"BreadcrumbList","@id":"https:\/\/sandzakpress.net\/arhiva\/rijad-s-arabija-zaprijetila-iranu-mi-smo-spremni-a-vi-sami-odlucujete-o-svojoj-sudbini\/#breadcrumb","itemListElement":[{"@type":"ListItem","position":1,"name":"Home","item":"https:\/\/sandzakpress.net\/arhiva\/"},{"@type":"ListItem","position":2,"name":"Rijad \/ S. Arabija zaprijetila Iranu: Mi smo spremni, a vi sami odlu\u010dujete o svojoj sudbini"}]},{"@type":"WebSite","@id":"https:\/\/sandzakpress.net\/arhiva\/#website","url":"https:\/\/sandzakpress.net\/arhiva\/","name":"Sand\u017eak PRESS","description":"Prve elektronske novine u Sand\u017eaku","publisher":{"@id":"https:\/\/sandzakpress.net\/arhiva\/#\/schema\/person\/6e72b67d6e51910a1117b3b483ba20bd"},"potentialAction":[{"@type":"SearchAction","target":{"@type":"EntryPoint","urlTemplate":"https:\/\/sandzakpress.net\/arhiva\/?s={search_term_string}"},"query-input":{"@type":"PropertyValueSpecification","valueRequired":true,"valueName":"search_term_string"}}],"inLanguage":"bs-BA"},{"@type":["Person","Organization"],"@id":"https:\/\/sandzakpress.net\/arhiva\/#\/schema\/person\/6e72b67d6e51910a1117b3b483ba20bd","name":"Kul","image":{"@type":"ImageObject","inLanguage":"bs-BA","@id":"https:\/\/sandzakpress.net\/arhiva\/#\/schema\/person\/image\/","url":"https:\/\/secure.gravatar.com\/avatar\/42263f39aa27ac04c43cab85c280eb2e?s=96&d=mm&r=pg","contentUrl":"https:\/\/secure.gravatar.com\/avatar\/42263f39aa27ac04c43cab85c280eb2e?s=96&d=mm&r=pg","caption":"Kul"},"logo":{"@id":"https:\/\/sandzakpress.net\/arhiva\/#\/schema\/person\/image\/"}},{"@type":"Person","@id":"https:\/\/sandzakpress.net\/arhiva\/#\/schema\/person\/c8baee722073534b583ea7bdb2e36c02","name":"bosniak","image":{"@type":"ImageObject","inLanguage":"bs-BA","@id":"https:\/\/sandzakpress.net\/arhiva\/#\/schema\/person\/image\/","url":"https:\/\/secure.gravatar.com\/avatar\/a04fd330bfe3a36a72a0ad4a6d89fca7?s=96&d=mm&r=pg","contentUrl":"https:\/\/secure.gravatar.com\/avatar\/a04fd330bfe3a36a72a0ad4a6d89fca7?s=96&d=mm&r=pg","caption":"bosniak"},"url":"https:\/\/sandzakpress.net\/arhiva\/author\/bosniak\/"}]}},"_links":{"self":[{"href":"https:\/\/sandzakpress.net\/arhiva\/wp-json\/wp\/v2\/posts\/223587"}],"collection":[{"href":"https:\/\/sandzakpress.net\/arhiva\/wp-json\/wp\/v2\/posts"}],"about":[{"href":"https:\/\/sandzakpress.net\/arhiva\/wp-json\/wp\/v2\/types\/post"}],"author":[{"embeddable":true,"href":"https:\/\/sandzakpress.net\/arhiva\/wp-json\/wp\/v2\/users\/83"}],"replies":[{"embeddable":true,"href":"https:\/\/sandzakpress.net\/arhiva\/wp-json\/wp\/v2\/comments?post=223587"}],"version-history":[{"count":0,"href":"https:\/\/sandzakpress.net\/arhiva\/wp-json\/wp\/v2\/posts\/223587\/revisions"}],"wp:attachment":[{"href":"https:\/\/sandzakpress.net\/arhiva\/wp-json\/wp\/v2\/media?parent=223587"}],"wp:term":[{"taxonomy":"category","embeddable":true,"href":"https:\/\/sandzakpress.net\/arhiva\/wp-json\/wp\/v2\/categories?post=223587"},{"taxonomy":"post_tag","embeddable":true,"href":"https:\/\/sandzakpress.net\/arhiva\/wp-json\/wp\/v2\/tags?post=223587"}],"curies":[{"name":"wp","href":"https:\/\/api.w.org\/{rel}","templated":true}]}}