{"id":223567,"date":"2019-05-20T12:48:35","date_gmt":"2019-05-20T10:48:35","guid":{"rendered":"https:\/\/sandzakpress.net\/arhiva\/?p=223567"},"modified":"2019-05-20T12:49:37","modified_gmt":"2019-05-20T10:49:37","slug":"svetski-kup-u-kik-boksu-zlatne-medalje-za-ajlu-lukac-i-saidu-bukvic","status":"publish","type":"post","link":"https:\/\/sandzakpress.net\/arhiva\/svetski-kup-u-kik-boksu-zlatne-medalje-za-ajlu-lukac-i-saidu-bukvic\/","title":{"rendered":"Svjetski kup u kik-boksu: Zlatne medalje za Ajlu Luka\u010d i Saidu Bukvi\u0107"},"content":{"rendered":"<p><img decoding=\"async\" class=\"aligncenter\" src=\"http:\/\/www.novosti.rs\/upload\/thumbs\/images\/2019\/\/05\/19\/sp-lukac-bukvic_620x0.jpg\" alt=\" Ajla Luka\u00c4\u008d i Saida Bukvi\u00c4\u0087\" \/><\/p>\n<div><strong>\u010clanica Kluba borila\u010dkih sportova Novi Pazar Ajla Luka\u010d osvojila je zlatnu medalju na Svetskom kik-boks kupu u Budimpe\u0161ti. U finalu discipline lou-kik, ona je u kategoriji do 56 kilograma slavila protiv Nemice Karolin Lasote odlukom sudija 2:1.<\/strong><\/div>\n<p>Luka\u010d, koja je i aktuelna prvakinja Evrope u lou-kiku do 56 kilograma, na taj na\u010din odbranila je titulu osvojenu pro\u0161le godine.<\/p>\n<p>Reprezentativka Srbije u kik-boksu Saida Bukvi\u0107 osvojila je zlatnu medalju u disciplini lou-kik na Svetskom kupu u Budimpe\u0161ti.U kategoriji do 52 kilograma, \u010dlanica Sportskog udru\u017eenja borila\u010dkih sportova Pazar u finalu je pobedila Izraelku Adi Rotem sa 3:0.<\/p>\n<p>Bukvi\u0107 je i pro\u0161le godine slavila na turniru u Budimpe\u0161ti, a zvani\u010dna je evropska i svetska \u0161ampionka u lou-kiku do 52 kilograma.<\/p>\n<p>Ma\u0111arska je 25. put doma\u0107in Svetskog kupa pod okriljem Svetske kik-boks asocijacije (WAKO).<\/p>\n<p>(Novosti)<\/p>\n","protected":false},"excerpt":{"rendered":"<p>\u010clanica Kluba borila\u010dkih sportova Novi Pazar Ajla Luka\u010d osvojila je zlatnu medalju na Svetskom kik-boks kupu u Budimpe\u0161ti. U finalu discipline lou-kik, ona je u kategoriji do 56 kilograma slavila protiv Nemice Karolin Lasote odlukom sudija 2:1. Luka\u010d, koja je i aktuelna prvakinja Evrope u lou-kiku do 56 kilograma, na taj na\u010din odbranila je titulu [&hellip;]<\/p>\n","protected":false},"author":509,"featured_media":223589,"comment_status":"open","ping_status":"open","sticky":false,"template":"","format":"standard","meta":{"footnotes":""},"categories":[72,13,8957],"tags":[],"class_list":{"0":"post-223567","1":"post","2":"type-post","3":"status-publish","4":"format-standard","5":"has-post-thumbnail","7":"category-novi-pazar","8":"category-sport","9":"category-vijesti-dana"},"yoast_head":"<!-- This site is optimized with the Yoast SEO Premium plugin v23.1 (Yoast SEO v24.9) - https:\/\/yoast.com\/wordpress\/plugins\/seo\/ -->\n<title>Svjetski kup u kik-boksu: Zlatne medalje za Ajlu Luka\u010d i Saidu Bukvi\u0107<\/title>\n<meta name=\"robots\" content=\"index, follow, max-snippet:-1, max-image-preview:large, max-video-preview:-1\" \/>\n<link rel=\"canonical\" href=\"https:\/\/sandzakpress.net\/arhiva\/svetski-kup-u-kik-boksu-zlatne-medalje-za-ajlu-lukac-i-saidu-bukvic\/\" \/>\n<meta property=\"og:locale\" content=\"bs_BA\" \/>\n<meta property=\"og:type\" content=\"article\" \/>\n<meta property=\"og:title\" content=\"Svjetski kup u kik-boksu: Zlatne medalje za Ajlu Luka\u010d i Saidu Bukvi\u0107\" \/>\n<meta property=\"og:description\" content=\"\u010clanica Kluba borila\u010dkih sportova Novi Pazar Ajla Luka\u010d osvojila je zlatnu medalju na Svetskom kik-boks kupu u Budimpe\u0161ti. U finalu discipline lou-kik, ona je u kategoriji do 56 kilograma slavila protiv Nemice Karolin Lasote odlukom sudija 2:1. Luka\u010d, koja je i aktuelna prvakinja Evrope u lou-kiku do 56 kilograma, na taj na\u010din odbranila je titulu [&hellip;]\" \/>\n<meta property=\"og:url\" content=\"https:\/\/sandzakpress.net\/arhiva\/svetski-kup-u-kik-boksu-zlatne-medalje-za-ajlu-lukac-i-saidu-bukvic\/\" \/>\n<meta property=\"og:site_name\" content=\"Sand\u017eak PRESS\" \/>\n<meta property=\"article:published_time\" content=\"2019-05-20T10:48:35+00:00\" \/>\n<meta property=\"article:modified_time\" content=\"2019-05-20T10:49:37+00:00\" \/>\n<meta property=\"og:image\" content=\"https:\/\/sandzakpress.net\/arhiva\/wp-content\/uploads\/2019\/05\/sp-lukac-bukvic_620x0.jpg\" \/>\n\t<meta property=\"og:image:width\" content=\"620\" \/>\n\t<meta property=\"og:image:height\" content=\"413\" \/>\n\t<meta property=\"og:image:type\" content=\"image\/jpeg\" \/>\n<meta name=\"author\" content=\"Agencija\" \/>\n<meta name=\"twitter:card\" content=\"summary_large_image\" \/>\n<meta name=\"twitter:label1\" content=\"Written by\" \/>\n\t<meta name=\"twitter:data1\" content=\"Agencija\" \/>\n\t<meta name=\"twitter:label2\" content=\"Est. reading time\" \/>\n\t<meta name=\"twitter:data2\" content=\"1 minuta\" \/>\n<script type=\"application\/ld+json\" class=\"yoast-schema-graph\">{\"@context\":\"https:\/\/schema.org\",\"@graph\":[{\"@type\":\"Article\",\"@id\":\"https:\/\/sandzakpress.net\/arhiva\/svetski-kup-u-kik-boksu-zlatne-medalje-za-ajlu-lukac-i-saidu-bukvic\/#article\",\"isPartOf\":{\"@id\":\"https:\/\/sandzakpress.net\/arhiva\/svetski-kup-u-kik-boksu-zlatne-medalje-za-ajlu-lukac-i-saidu-bukvic\/\"},\"author\":{\"name\":\"Agencija\",\"@id\":\"https:\/\/sandzakpress.net\/arhiva\/#\/schema\/person\/cb59d7e3ab91ab90dd680ad0305a6185\"},\"headline\":\"Svjetski kup u kik-boksu: Zlatne medalje za Ajlu Luka\u010d i Saidu Bukvi\u0107\",\"datePublished\":\"2019-05-20T10:48:35+00:00\",\"dateModified\":\"2019-05-20T10:49:37+00:00\",\"mainEntityOfPage\":{\"@id\":\"https:\/\/sandzakpress.net\/arhiva\/svetski-kup-u-kik-boksu-zlatne-medalje-za-ajlu-lukac-i-saidu-bukvic\/\"},\"wordCount\":149,\"commentCount\":0,\"publisher\":{\"@id\":\"https:\/\/sandzakpress.net\/arhiva\/#\/schema\/person\/6e72b67d6e51910a1117b3b483ba20bd\"},\"image\":{\"@id\":\"https:\/\/sandzakpress.net\/arhiva\/svetski-kup-u-kik-boksu-zlatne-medalje-za-ajlu-lukac-i-saidu-bukvic\/#primaryimage\"},\"thumbnailUrl\":\"https:\/\/sandzakpress.net\/arhiva\/wp-content\/uploads\/2019\/05\/sp-lukac-bukvic_620x0.jpg\",\"articleSection\":[\"Novi Pazar\",\"Sport\",\"VIJESTI DANA\"],\"inLanguage\":\"bs-BA\",\"potentialAction\":[{\"@type\":\"CommentAction\",\"name\":\"Comment\",\"target\":[\"https:\/\/sandzakpress.net\/arhiva\/svetski-kup-u-kik-boksu-zlatne-medalje-za-ajlu-lukac-i-saidu-bukvic\/#respond\"]}]},{\"@type\":\"WebPage\",\"@id\":\"https:\/\/sandzakpress.net\/arhiva\/svetski-kup-u-kik-boksu-zlatne-medalje-za-ajlu-lukac-i-saidu-bukvic\/\",\"url\":\"https:\/\/sandzakpress.net\/arhiva\/svetski-kup-u-kik-boksu-zlatne-medalje-za-ajlu-lukac-i-saidu-bukvic\/\",\"name\":\"Svjetski kup u kik-boksu: Zlatne medalje za Ajlu Luka\u010d i Saidu Bukvi\u0107\",\"isPartOf\":{\"@id\":\"https:\/\/sandzakpress.net\/arhiva\/#website\"},\"primaryImageOfPage\":{\"@id\":\"https:\/\/sandzakpress.net\/arhiva\/svetski-kup-u-kik-boksu-zlatne-medalje-za-ajlu-lukac-i-saidu-bukvic\/#primaryimage\"},\"image\":{\"@id\":\"https:\/\/sandzakpress.net\/arhiva\/svetski-kup-u-kik-boksu-zlatne-medalje-za-ajlu-lukac-i-saidu-bukvic\/#primaryimage\"},\"thumbnailUrl\":\"https:\/\/sandzakpress.net\/arhiva\/wp-content\/uploads\/2019\/05\/sp-lukac-bukvic_620x0.jpg\",\"datePublished\":\"2019-05-20T10:48:35+00:00\",\"dateModified\":\"2019-05-20T10:49:37+00:00\",\"breadcrumb\":{\"@id\":\"https:\/\/sandzakpress.net\/arhiva\/svetski-kup-u-kik-boksu-zlatne-medalje-za-ajlu-lukac-i-saidu-bukvic\/#breadcrumb\"},\"inLanguage\":\"bs-BA\",\"potentialAction\":[{\"@type\":\"ReadAction\",\"target\":[\"https:\/\/sandzakpress.net\/arhiva\/svetski-kup-u-kik-boksu-zlatne-medalje-za-ajlu-lukac-i-saidu-bukvic\/\"]}]},{\"@type\":\"ImageObject\",\"inLanguage\":\"bs-BA\",\"@id\":\"https:\/\/sandzakpress.net\/arhiva\/svetski-kup-u-kik-boksu-zlatne-medalje-za-ajlu-lukac-i-saidu-bukvic\/#primaryimage\",\"url\":\"https:\/\/sandzakpress.net\/arhiva\/wp-content\/uploads\/2019\/05\/sp-lukac-bukvic_620x0.jpg\",\"contentUrl\":\"https:\/\/sandzakpress.net\/arhiva\/wp-content\/uploads\/2019\/05\/sp-lukac-bukvic_620x0.jpg\",\"width\":620,\"height\":413},{\"@type\":\"BreadcrumbList\",\"@id\":\"https:\/\/sandzakpress.net\/arhiva\/svetski-kup-u-kik-boksu-zlatne-medalje-za-ajlu-lukac-i-saidu-bukvic\/#breadcrumb\",\"itemListElement\":[{\"@type\":\"ListItem\",\"position\":1,\"name\":\"Home\",\"item\":\"https:\/\/sandzakpress.net\/arhiva\/\"},{\"@type\":\"ListItem\",\"position\":2,\"name\":\"Svjetski kup u kik-boksu: Zlatne medalje za Ajlu Luka\u010d i Saidu Bukvi\u0107\"}]},{\"@type\":\"WebSite\",\"@id\":\"https:\/\/sandzakpress.net\/arhiva\/#website\",\"url\":\"https:\/\/sandzakpress.net\/arhiva\/\",\"name\":\"Sand\u017eak PRESS\",\"description\":\"Prve elektronske novine u Sand\u017eaku\",\"publisher\":{\"@id\":\"https:\/\/sandzakpress.net\/arhiva\/#\/schema\/person\/6e72b67d6e51910a1117b3b483ba20bd\"},\"potentialAction\":[{\"@type\":\"SearchAction\",\"target\":{\"@type\":\"EntryPoint\",\"urlTemplate\":\"https:\/\/sandzakpress.net\/arhiva\/?s={search_term_string}\"},\"query-input\":{\"@type\":\"PropertyValueSpecification\",\"valueRequired\":true,\"valueName\":\"search_term_string\"}}],\"inLanguage\":\"bs-BA\"},{\"@type\":[\"Person\",\"Organization\"],\"@id\":\"https:\/\/sandzakpress.net\/arhiva\/#\/schema\/person\/6e72b67d6e51910a1117b3b483ba20bd\",\"name\":\"Kul\",\"image\":{\"@type\":\"ImageObject\",\"inLanguage\":\"bs-BA\",\"@id\":\"https:\/\/sandzakpress.net\/arhiva\/#\/schema\/person\/image\/\",\"url\":\"https:\/\/secure.gravatar.com\/avatar\/42263f39aa27ac04c43cab85c280eb2e?s=96&d=mm&r=pg\",\"contentUrl\":\"https:\/\/secure.gravatar.com\/avatar\/42263f39aa27ac04c43cab85c280eb2e?s=96&d=mm&r=pg\",\"caption\":\"Kul\"},\"logo\":{\"@id\":\"https:\/\/sandzakpress.net\/arhiva\/#\/schema\/person\/image\/\"}},{\"@type\":\"Person\",\"@id\":\"https:\/\/sandzakpress.net\/arhiva\/#\/schema\/person\/cb59d7e3ab91ab90dd680ad0305a6185\",\"name\":\"Agencija\",\"image\":{\"@type\":\"ImageObject\",\"inLanguage\":\"bs-BA\",\"@id\":\"https:\/\/sandzakpress.net\/arhiva\/#\/schema\/person\/image\/\",\"url\":\"https:\/\/secure.gravatar.com\/avatar\/4b7fafa80a22f0c2afe23966b3961fe0?s=96&d=mm&r=pg\",\"contentUrl\":\"https:\/\/secure.gravatar.com\/avatar\/4b7fafa80a22f0c2afe23966b3961fe0?s=96&d=mm&r=pg\",\"caption\":\"Agencija\"},\"url\":\"https:\/\/sandzakpress.net\/arhiva\/author\/agencija\/\"}]}<\/script>\n<!-- \/ Yoast SEO Premium plugin. -->","yoast_head_json":{"title":"Svjetski kup u kik-boksu: Zlatne medalje za Ajlu Luka\u010d i Saidu Bukvi\u0107","robots":{"index":"index","follow":"follow","max-snippet":"max-snippet:-1","max-image-preview":"max-image-preview:large","max-video-preview":"max-video-preview:-1"},"canonical":"https:\/\/sandzakpress.net\/arhiva\/svetski-kup-u-kik-boksu-zlatne-medalje-za-ajlu-lukac-i-saidu-bukvic\/","og_locale":"bs_BA","og_type":"article","og_title":"Svjetski kup u kik-boksu: Zlatne medalje za Ajlu Luka\u010d i Saidu Bukvi\u0107","og_description":"\u010clanica Kluba borila\u010dkih sportova Novi Pazar Ajla Luka\u010d osvojila je zlatnu medalju na Svetskom kik-boks kupu u Budimpe\u0161ti. U finalu discipline lou-kik, ona je u kategoriji do 56 kilograma slavila protiv Nemice Karolin Lasote odlukom sudija 2:1. Luka\u010d, koja je i aktuelna prvakinja Evrope u lou-kiku do 56 kilograma, na taj na\u010din odbranila je titulu [&hellip;]","og_url":"https:\/\/sandzakpress.net\/arhiva\/svetski-kup-u-kik-boksu-zlatne-medalje-za-ajlu-lukac-i-saidu-bukvic\/","og_site_name":"Sand\u017eak PRESS","article_published_time":"2019-05-20T10:48:35+00:00","article_modified_time":"2019-05-20T10:49:37+00:00","og_image":[{"width":620,"height":413,"url":"https:\/\/sandzakpress.net\/arhiva\/wp-content\/uploads\/2019\/05\/sp-lukac-bukvic_620x0.jpg","type":"image\/jpeg"}],"author":"Agencija","twitter_card":"summary_large_image","twitter_misc":{"Written by":"Agencija","Est. reading time":"1 minuta"},"schema":{"@context":"https:\/\/schema.org","@graph":[{"@type":"Article","@id":"https:\/\/sandzakpress.net\/arhiva\/svetski-kup-u-kik-boksu-zlatne-medalje-za-ajlu-lukac-i-saidu-bukvic\/#article","isPartOf":{"@id":"https:\/\/sandzakpress.net\/arhiva\/svetski-kup-u-kik-boksu-zlatne-medalje-za-ajlu-lukac-i-saidu-bukvic\/"},"author":{"name":"Agencija","@id":"https:\/\/sandzakpress.net\/arhiva\/#\/schema\/person\/cb59d7e3ab91ab90dd680ad0305a6185"},"headline":"Svjetski kup u kik-boksu: Zlatne medalje za Ajlu Luka\u010d i Saidu Bukvi\u0107","datePublished":"2019-05-20T10:48:35+00:00","dateModified":"2019-05-20T10:49:37+00:00","mainEntityOfPage":{"@id":"https:\/\/sandzakpress.net\/arhiva\/svetski-kup-u-kik-boksu-zlatne-medalje-za-ajlu-lukac-i-saidu-bukvic\/"},"wordCount":149,"commentCount":0,"publisher":{"@id":"https:\/\/sandzakpress.net\/arhiva\/#\/schema\/person\/6e72b67d6e51910a1117b3b483ba20bd"},"image":{"@id":"https:\/\/sandzakpress.net\/arhiva\/svetski-kup-u-kik-boksu-zlatne-medalje-za-ajlu-lukac-i-saidu-bukvic\/#primaryimage"},"thumbnailUrl":"https:\/\/sandzakpress.net\/arhiva\/wp-content\/uploads\/2019\/05\/sp-lukac-bukvic_620x0.jpg","articleSection":["Novi Pazar","Sport","VIJESTI DANA"],"inLanguage":"bs-BA","potentialAction":[{"@type":"CommentAction","name":"Comment","target":["https:\/\/sandzakpress.net\/arhiva\/svetski-kup-u-kik-boksu-zlatne-medalje-za-ajlu-lukac-i-saidu-bukvic\/#respond"]}]},{"@type":"WebPage","@id":"https:\/\/sandzakpress.net\/arhiva\/svetski-kup-u-kik-boksu-zlatne-medalje-za-ajlu-lukac-i-saidu-bukvic\/","url":"https:\/\/sandzakpress.net\/arhiva\/svetski-kup-u-kik-boksu-zlatne-medalje-za-ajlu-lukac-i-saidu-bukvic\/","name":"Svjetski kup u kik-boksu: Zlatne medalje za Ajlu Luka\u010d i Saidu Bukvi\u0107","isPartOf":{"@id":"https:\/\/sandzakpress.net\/arhiva\/#website"},"primaryImageOfPage":{"@id":"https:\/\/sandzakpress.net\/arhiva\/svetski-kup-u-kik-boksu-zlatne-medalje-za-ajlu-lukac-i-saidu-bukvic\/#primaryimage"},"image":{"@id":"https:\/\/sandzakpress.net\/arhiva\/svetski-kup-u-kik-boksu-zlatne-medalje-za-ajlu-lukac-i-saidu-bukvic\/#primaryimage"},"thumbnailUrl":"https:\/\/sandzakpress.net\/arhiva\/wp-content\/uploads\/2019\/05\/sp-lukac-bukvic_620x0.jpg","datePublished":"2019-05-20T10:48:35+00:00","dateModified":"2019-05-20T10:49:37+00:00","breadcrumb":{"@id":"https:\/\/sandzakpress.net\/arhiva\/svetski-kup-u-kik-boksu-zlatne-medalje-za-ajlu-lukac-i-saidu-bukvic\/#breadcrumb"},"inLanguage":"bs-BA","potentialAction":[{"@type":"ReadAction","target":["https:\/\/sandzakpress.net\/arhiva\/svetski-kup-u-kik-boksu-zlatne-medalje-za-ajlu-lukac-i-saidu-bukvic\/"]}]},{"@type":"ImageObject","inLanguage":"bs-BA","@id":"https:\/\/sandzakpress.net\/arhiva\/svetski-kup-u-kik-boksu-zlatne-medalje-za-ajlu-lukac-i-saidu-bukvic\/#primaryimage","url":"https:\/\/sandzakpress.net\/arhiva\/wp-content\/uploads\/2019\/05\/sp-lukac-bukvic_620x0.jpg","contentUrl":"https:\/\/sandzakpress.net\/arhiva\/wp-content\/uploads\/2019\/05\/sp-lukac-bukvic_620x0.jpg","width":620,"height":413},{"@type":"BreadcrumbList","@id":"https:\/\/sandzakpress.net\/arhiva\/svetski-kup-u-kik-boksu-zlatne-medalje-za-ajlu-lukac-i-saidu-bukvic\/#breadcrumb","itemListElement":[{"@type":"ListItem","position":1,"name":"Home","item":"https:\/\/sandzakpress.net\/arhiva\/"},{"@type":"ListItem","position":2,"name":"Svjetski kup u kik-boksu: Zlatne medalje za Ajlu Luka\u010d i Saidu Bukvi\u0107"}]},{"@type":"WebSite","@id":"https:\/\/sandzakpress.net\/arhiva\/#website","url":"https:\/\/sandzakpress.net\/arhiva\/","name":"Sand\u017eak PRESS","description":"Prve elektronske novine u Sand\u017eaku","publisher":{"@id":"https:\/\/sandzakpress.net\/arhiva\/#\/schema\/person\/6e72b67d6e51910a1117b3b483ba20bd"},"potentialAction":[{"@type":"SearchAction","target":{"@type":"EntryPoint","urlTemplate":"https:\/\/sandzakpress.net\/arhiva\/?s={search_term_string}"},"query-input":{"@type":"PropertyValueSpecification","valueRequired":true,"valueName":"search_term_string"}}],"inLanguage":"bs-BA"},{"@type":["Person","Organization"],"@id":"https:\/\/sandzakpress.net\/arhiva\/#\/schema\/person\/6e72b67d6e51910a1117b3b483ba20bd","name":"Kul","image":{"@type":"ImageObject","inLanguage":"bs-BA","@id":"https:\/\/sandzakpress.net\/arhiva\/#\/schema\/person\/image\/","url":"https:\/\/secure.gravatar.com\/avatar\/42263f39aa27ac04c43cab85c280eb2e?s=96&d=mm&r=pg","contentUrl":"https:\/\/secure.gravatar.com\/avatar\/42263f39aa27ac04c43cab85c280eb2e?s=96&d=mm&r=pg","caption":"Kul"},"logo":{"@id":"https:\/\/sandzakpress.net\/arhiva\/#\/schema\/person\/image\/"}},{"@type":"Person","@id":"https:\/\/sandzakpress.net\/arhiva\/#\/schema\/person\/cb59d7e3ab91ab90dd680ad0305a6185","name":"Agencija","image":{"@type":"ImageObject","inLanguage":"bs-BA","@id":"https:\/\/sandzakpress.net\/arhiva\/#\/schema\/person\/image\/","url":"https:\/\/secure.gravatar.com\/avatar\/4b7fafa80a22f0c2afe23966b3961fe0?s=96&d=mm&r=pg","contentUrl":"https:\/\/secure.gravatar.com\/avatar\/4b7fafa80a22f0c2afe23966b3961fe0?s=96&d=mm&r=pg","caption":"Agencija"},"url":"https:\/\/sandzakpress.net\/arhiva\/author\/agencija\/"}]}},"_links":{"self":[{"href":"https:\/\/sandzakpress.net\/arhiva\/wp-json\/wp\/v2\/posts\/223567"}],"collection":[{"href":"https:\/\/sandzakpress.net\/arhiva\/wp-json\/wp\/v2\/posts"}],"about":[{"href":"https:\/\/sandzakpress.net\/arhiva\/wp-json\/wp\/v2\/types\/post"}],"author":[{"embeddable":true,"href":"https:\/\/sandzakpress.net\/arhiva\/wp-json\/wp\/v2\/users\/509"}],"replies":[{"embeddable":true,"href":"https:\/\/sandzakpress.net\/arhiva\/wp-json\/wp\/v2\/comments?post=223567"}],"version-history":[{"count":0,"href":"https:\/\/sandzakpress.net\/arhiva\/wp-json\/wp\/v2\/posts\/223567\/revisions"}],"wp:featuredmedia":[{"embeddable":true,"href":"https:\/\/sandzakpress.net\/arhiva\/wp-json\/wp\/v2\/media\/223589"}],"wp:attachment":[{"href":"https:\/\/sandzakpress.net\/arhiva\/wp-json\/wp\/v2\/media?parent=223567"}],"wp:term":[{"taxonomy":"category","embeddable":true,"href":"https:\/\/sandzakpress.net\/arhiva\/wp-json\/wp\/v2\/categories?post=223567"},{"taxonomy":"post_tag","embeddable":true,"href":"https:\/\/sandzakpress.net\/arhiva\/wp-json\/wp\/v2\/tags?post=223567"}],"curies":[{"name":"wp","href":"https:\/\/api.w.org\/{rel}","templated":true}]}}