{"id":223533,"date":"2019-05-18T14:50:42","date_gmt":"2019-05-18T12:50:42","guid":{"rendered":"https:\/\/sandzakpress.net\/arhiva\/?p=223533"},"modified":"2019-05-18T14:50:42","modified_gmt":"2019-05-18T12:50:42","slug":"ramdedovic-utrkujemo-se-u-cinjenju-dobra","status":"publish","type":"post","link":"https:\/\/sandzakpress.net\/arhiva\/ramdedovic-utrkujemo-se-u-cinjenju-dobra\/","title":{"rendered":"Ramdedovi\u0107: Utrkujemo se u \u010dinjenju dobra"},"content":{"rendered":"<p><img decoding=\"async\" class=\"aligncenter\" src=\"http:\/\/www.radiopetnjica.me\/wp-content\/uploads\/2019\/05\/IMG_6299-696x522.jpg\" \/><\/p>\n<p><strong>U okviru Bo\u0161nja\u010dkog Kulturnog Centra \u201cSand\u017eak\u201d u Petnjici od nedavno je po\u010dela sa radom kuhinja CHR HAJRATA. Kao \u0161to je ve\u0107 i kazano, tokom mjeseca Ramazana kuhinja priprema i dijeli iftarske obroke.<\/strong><\/p>\n<div class=\"2morWag3\">\n<div class=\"td-all-devices\">\n<p>Prije dva dana je Bo\u0161nja\u010dkom kulturnom centru odr\u017ean iftar koji je donirao\u00a0<strong>Mijaz Ramdedovi\u0107<\/strong>.<\/p>\n<div class=\"wp-block-image\">,,Iftari su sevap za donatore, a dobro djelo za \u0161irenje pravde, za dru\u017eenje i \u0161irenje mira. Hvala Svevi\u0161enjem Stvoritelju \u0161to nam ve\u010deras podari da do\u017eivimo da ova omladina iftari sa elanom, motivacijom i uz maksimalni medjusobni respekt i po\u0161tovanje priredjuju i poma\u017eu se tokom tih iftara. Onda \u010dovjek dobija krila. Ovo je moj rodni kraj. Ovo je moje djetinjstvo. Ovo su moji Bihorci i ovo smo mi! Hvala vam omladinke i omladinci za ovakav do\u010dek i hvala \u0161to ste ovakvi\u201d, rekao je Ramdedovi\u0107.<\/div>\n<div><img decoding=\"async\" class=\"aligncenter\" src=\"http:\/\/www.radiopetnjica.me\/wp-content\/uploads\/2019\/05\/IMG_6296-1024x768.jpg\" \/>,,Kad \u010dujete da se ovdje zahvaljuju\u0107i donacijama i donatorima potencira i podr\u017eava ovaj rad, pa \u0161ta drugo nego o\u010dekivati nagradu od Svevi\u0161njeg Stvoritelja za ove sevape. I ne samo to, ve\u0107 ovi iftari imaju jednu ekonomsku dimenziju. Ovdje se sve pazari po petnji\u010dkim trgovinama, kupuje se, sprema i ovdje tro\u0161i. Tako se stvaraju radna mjesta i potpoma\u017eu postoje\u0107a, od \u010dega svi imamo koristi. Trebamo raditi na tome da ova, sada humanitarna kuhinja, preraste u Bihorsku. Ovo je sevap, ovo je hajir, ovako ne\u0161to je potrebno Petnjici i ovo je lice Bihora. Moja poruka je da se utrkujemo u \u010dinjenju dobra jer dobro i dobre akcije su potrebne za Petnjicu i Bihor\u201d, kazao je Ramdedovi\u0107.<\/div>\n<div><img decoding=\"async\" src=\"http:\/\/www.radiopetnjica.me\/wp-content\/uploads\/2019\/05\/IMG_6300-1024x768.jpg\" \/><\/div>\n<div>\n<p><strong>\u201cNudimo ove prostorije svima vama za kori\u0161tenje u dobrotvorne svrhe, a pogotovo sada za Iftare besplatno, nudimo vam pomo\u0107 svi zajedno i\u00a0 slo\u017eno da ova kuhinja za\u017eivi i Vi mo\u017eete organizovati iftar\u201d , saop\u0161tili su iz uprave BKCS.<\/strong><\/p>\n<p><img decoding=\"async\" src=\"http:\/\/www.radiopetnjica.me\/wp-content\/uploads\/2019\/05\/IMG_6345-770x1024.jpg\" \/><img decoding=\"async\" src=\"http:\/\/www.radiopetnjica.me\/wp-content\/uploads\/2019\/05\/IMG_6346-770x1024.jpg\" \/><img decoding=\"async\" src=\"http:\/\/www.radiopetnjica.me\/wp-content\/uploads\/2019\/05\/IMG_6347-770x1024.jpg\" \/><img decoding=\"async\" src=\"http:\/\/www.radiopetnjica.me\/wp-content\/uploads\/2019\/05\/IMG_6349-1024x768.jpg\" \/><img decoding=\"async\" src=\"http:\/\/www.radiopetnjica.me\/wp-content\/uploads\/2019\/05\/IMG_6351-1024x768.jpg\" \/><img decoding=\"async\" src=\"http:\/\/www.radiopetnjica.me\/wp-content\/uploads\/2019\/05\/IMG_6350-1-1024x768.jpg\" \/><img decoding=\"async\" src=\"http:\/\/www.radiopetnjica.me\/wp-content\/uploads\/2019\/05\/IMG_6357-1024x684.jpg\" \/><img decoding=\"async\" src=\"http:\/\/www.radiopetnjica.me\/wp-content\/uploads\/2019\/05\/IMG_6358-684x1024.jpg\" \/><img decoding=\"async\" src=\"http:\/\/www.radiopetnjica.me\/wp-content\/uploads\/2019\/05\/IMG_6359-1024x684.jpg\" \/><\/p>\n<figure><img decoding=\"async\" class=\"wp-image-29286\" src=\"http:\/\/www.radiopetnjica.me\/wp-content\/uploads\/2019\/05\/IMG_6359-1024x684.jpg\" sizes=\"(max-width: 1024px) 100vw, 1024px\" srcset=\"http:\/\/www.radiopetnjica.me\/wp-content\/uploads\/2019\/05\/IMG_6359-1024x684.jpg 1024w, http:\/\/www.radiopetnjica.me\/wp-content\/uploads\/2019\/05\/IMG_6359-300x200.jpg 300w, http:\/\/www.radiopetnjica.me\/wp-content\/uploads\/2019\/05\/IMG_6359-768x513.jpg 768w, http:\/\/www.radiopetnjica.me\/wp-content\/uploads\/2019\/05\/IMG_6359-696x465.jpg 696w, http:\/\/www.radiopetnjica.me\/wp-content\/uploads\/2019\/05\/IMG_6359-1068x713.jpg 1068w, http:\/\/www.radiopetnjica.me\/wp-content\/uploads\/2019\/05\/IMG_6359-629x420.jpg 629w, http:\/\/www.radiopetnjica.me\/wp-content\/uploads\/2019\/05\/IMG_6359.jpg 1280w\" alt=\"\" data-id=\"29286\" data-link=\"http:\/\/www.radiopetnjica.me\/2019\/05\/16\/ramdedovic-utrkujmo-se-u-cinjenju-dobra\/img_6359\/\" \/><\/figure>\n<\/div>\n<\/div>\n<\/div>\n","protected":false},"excerpt":{"rendered":"<p>U okviru Bo\u0161nja\u010dkog Kulturnog Centra \u201cSand\u017eak\u201d u Petnjici od nedavno je po\u010dela sa radom kuhinja CHR HAJRATA. Kao \u0161to je ve\u0107 i kazano, tokom mjeseca Ramazana kuhinja priprema i dijeli iftarske obroke. Prije dva dana je Bo\u0161nja\u010dkom kulturnom centru odr\u017ean iftar koji je donirao\u00a0Mijaz Ramdedovi\u0107. ,,Iftari su sevap za donatore, a dobro djelo za \u0161irenje [&hellip;]<\/p>\n","protected":false},"author":509,"featured_media":223541,"comment_status":"open","ping_status":"open","sticky":false,"template":"","format":"standard","meta":{"footnotes":""},"categories":[10174,5],"tags":[],"class_list":{"0":"post-223533","1":"post","2":"type-post","3":"status-publish","4":"format-standard","5":"has-post-thumbnail","7":"category-petnjica-vase-vijesti","8":"category-drustvo"},"yoast_head":"<!-- This site is optimized with the Yoast SEO Premium plugin v23.1 (Yoast SEO v24.9) - https:\/\/yoast.com\/wordpress\/plugins\/seo\/ -->\n<title>Ramdedovi\u0107: Utrkujemo se u \u010dinjenju dobra<\/title>\n<meta name=\"robots\" content=\"index, follow, max-snippet:-1, max-image-preview:large, max-video-preview:-1\" \/>\n<link rel=\"canonical\" href=\"https:\/\/sandzakpress.net\/arhiva\/ramdedovic-utrkujemo-se-u-cinjenju-dobra\/\" \/>\n<meta property=\"og:locale\" content=\"bs_BA\" \/>\n<meta property=\"og:type\" content=\"article\" \/>\n<meta property=\"og:title\" content=\"Ramdedovi\u0107: Utrkujemo se u \u010dinjenju dobra\" \/>\n<meta property=\"og:description\" content=\"U okviru Bo\u0161nja\u010dkog Kulturnog Centra \u201cSand\u017eak\u201d u Petnjici od nedavno je po\u010dela sa radom kuhinja CHR HAJRATA. Kao \u0161to je ve\u0107 i kazano, tokom mjeseca Ramazana kuhinja priprema i dijeli iftarske obroke. Prije dva dana je Bo\u0161nja\u010dkom kulturnom centru odr\u017ean iftar koji je donirao\u00a0Mijaz Ramdedovi\u0107. ,,Iftari su sevap za donatore, a dobro djelo za \u0161irenje [&hellip;]\" \/>\n<meta property=\"og:url\" content=\"https:\/\/sandzakpress.net\/arhiva\/ramdedovic-utrkujemo-se-u-cinjenju-dobra\/\" \/>\n<meta property=\"og:site_name\" content=\"Sand\u017eak PRESS\" \/>\n<meta property=\"article:published_time\" content=\"2019-05-18T12:50:42+00:00\" \/>\n<meta property=\"og:image\" content=\"https:\/\/sandzakpress.net\/arhiva\/wp-content\/uploads\/2019\/05\/IMG_6299-696x522.jpg\" \/>\n\t<meta property=\"og:image:width\" content=\"696\" \/>\n\t<meta property=\"og:image:height\" content=\"522\" \/>\n\t<meta property=\"og:image:type\" content=\"image\/jpeg\" \/>\n<meta name=\"author\" content=\"Agencija\" \/>\n<meta name=\"twitter:card\" content=\"summary_large_image\" \/>\n<meta name=\"twitter:label1\" content=\"Written by\" \/>\n\t<meta name=\"twitter:data1\" content=\"Agencija\" \/>\n\t<meta name=\"twitter:label2\" content=\"Est. reading time\" \/>\n\t<meta name=\"twitter:data2\" content=\"2 minute\" \/>\n<script type=\"application\/ld+json\" class=\"yoast-schema-graph\">{\"@context\":\"https:\/\/schema.org\",\"@graph\":[{\"@type\":\"Article\",\"@id\":\"https:\/\/sandzakpress.net\/arhiva\/ramdedovic-utrkujemo-se-u-cinjenju-dobra\/#article\",\"isPartOf\":{\"@id\":\"https:\/\/sandzakpress.net\/arhiva\/ramdedovic-utrkujemo-se-u-cinjenju-dobra\/\"},\"author\":{\"name\":\"Agencija\",\"@id\":\"https:\/\/sandzakpress.net\/arhiva\/#\/schema\/person\/cb59d7e3ab91ab90dd680ad0305a6185\"},\"headline\":\"Ramdedovi\u0107: Utrkujemo se u \u010dinjenju dobra\",\"datePublished\":\"2019-05-18T12:50:42+00:00\",\"mainEntityOfPage\":{\"@id\":\"https:\/\/sandzakpress.net\/arhiva\/ramdedovic-utrkujemo-se-u-cinjenju-dobra\/\"},\"wordCount\":314,\"commentCount\":0,\"publisher\":{\"@id\":\"https:\/\/sandzakpress.net\/arhiva\/#\/schema\/person\/6e72b67d6e51910a1117b3b483ba20bd\"},\"image\":{\"@id\":\"https:\/\/sandzakpress.net\/arhiva\/ramdedovic-utrkujemo-se-u-cinjenju-dobra\/#primaryimage\"},\"thumbnailUrl\":\"https:\/\/sandzakpress.net\/arhiva\/wp-content\/uploads\/2019\/05\/IMG_6299-696x522.jpg\",\"articleSection\":[\"Petnjica\",\"Dru\u0161tvo\"],\"inLanguage\":\"bs-BA\",\"potentialAction\":[{\"@type\":\"CommentAction\",\"name\":\"Comment\",\"target\":[\"https:\/\/sandzakpress.net\/arhiva\/ramdedovic-utrkujemo-se-u-cinjenju-dobra\/#respond\"]}]},{\"@type\":\"WebPage\",\"@id\":\"https:\/\/sandzakpress.net\/arhiva\/ramdedovic-utrkujemo-se-u-cinjenju-dobra\/\",\"url\":\"https:\/\/sandzakpress.net\/arhiva\/ramdedovic-utrkujemo-se-u-cinjenju-dobra\/\",\"name\":\"Ramdedovi\u0107: Utrkujemo se u \u010dinjenju dobra\",\"isPartOf\":{\"@id\":\"https:\/\/sandzakpress.net\/arhiva\/#website\"},\"primaryImageOfPage\":{\"@id\":\"https:\/\/sandzakpress.net\/arhiva\/ramdedovic-utrkujemo-se-u-cinjenju-dobra\/#primaryimage\"},\"image\":{\"@id\":\"https:\/\/sandzakpress.net\/arhiva\/ramdedovic-utrkujemo-se-u-cinjenju-dobra\/#primaryimage\"},\"thumbnailUrl\":\"https:\/\/sandzakpress.net\/arhiva\/wp-content\/uploads\/2019\/05\/IMG_6299-696x522.jpg\",\"datePublished\":\"2019-05-18T12:50:42+00:00\",\"breadcrumb\":{\"@id\":\"https:\/\/sandzakpress.net\/arhiva\/ramdedovic-utrkujemo-se-u-cinjenju-dobra\/#breadcrumb\"},\"inLanguage\":\"bs-BA\",\"potentialAction\":[{\"@type\":\"ReadAction\",\"target\":[\"https:\/\/sandzakpress.net\/arhiva\/ramdedovic-utrkujemo-se-u-cinjenju-dobra\/\"]}]},{\"@type\":\"ImageObject\",\"inLanguage\":\"bs-BA\",\"@id\":\"https:\/\/sandzakpress.net\/arhiva\/ramdedovic-utrkujemo-se-u-cinjenju-dobra\/#primaryimage\",\"url\":\"https:\/\/sandzakpress.net\/arhiva\/wp-content\/uploads\/2019\/05\/IMG_6299-696x522.jpg\",\"contentUrl\":\"https:\/\/sandzakpress.net\/arhiva\/wp-content\/uploads\/2019\/05\/IMG_6299-696x522.jpg\",\"width\":696,\"height\":522},{\"@type\":\"BreadcrumbList\",\"@id\":\"https:\/\/sandzakpress.net\/arhiva\/ramdedovic-utrkujemo-se-u-cinjenju-dobra\/#breadcrumb\",\"itemListElement\":[{\"@type\":\"ListItem\",\"position\":1,\"name\":\"Home\",\"item\":\"https:\/\/sandzakpress.net\/arhiva\/\"},{\"@type\":\"ListItem\",\"position\":2,\"name\":\"Ramdedovi\u0107: Utrkujemo se u \u010dinjenju dobra\"}]},{\"@type\":\"WebSite\",\"@id\":\"https:\/\/sandzakpress.net\/arhiva\/#website\",\"url\":\"https:\/\/sandzakpress.net\/arhiva\/\",\"name\":\"Sand\u017eak PRESS\",\"description\":\"Prve elektronske novine u Sand\u017eaku\",\"publisher\":{\"@id\":\"https:\/\/sandzakpress.net\/arhiva\/#\/schema\/person\/6e72b67d6e51910a1117b3b483ba20bd\"},\"potentialAction\":[{\"@type\":\"SearchAction\",\"target\":{\"@type\":\"EntryPoint\",\"urlTemplate\":\"https:\/\/sandzakpress.net\/arhiva\/?s={search_term_string}\"},\"query-input\":{\"@type\":\"PropertyValueSpecification\",\"valueRequired\":true,\"valueName\":\"search_term_string\"}}],\"inLanguage\":\"bs-BA\"},{\"@type\":[\"Person\",\"Organization\"],\"@id\":\"https:\/\/sandzakpress.net\/arhiva\/#\/schema\/person\/6e72b67d6e51910a1117b3b483ba20bd\",\"name\":\"Kul\",\"image\":{\"@type\":\"ImageObject\",\"inLanguage\":\"bs-BA\",\"@id\":\"https:\/\/sandzakpress.net\/arhiva\/#\/schema\/person\/image\/\",\"url\":\"https:\/\/secure.gravatar.com\/avatar\/42263f39aa27ac04c43cab85c280eb2e?s=96&d=mm&r=pg\",\"contentUrl\":\"https:\/\/secure.gravatar.com\/avatar\/42263f39aa27ac04c43cab85c280eb2e?s=96&d=mm&r=pg\",\"caption\":\"Kul\"},\"logo\":{\"@id\":\"https:\/\/sandzakpress.net\/arhiva\/#\/schema\/person\/image\/\"}},{\"@type\":\"Person\",\"@id\":\"https:\/\/sandzakpress.net\/arhiva\/#\/schema\/person\/cb59d7e3ab91ab90dd680ad0305a6185\",\"name\":\"Agencija\",\"image\":{\"@type\":\"ImageObject\",\"inLanguage\":\"bs-BA\",\"@id\":\"https:\/\/sandzakpress.net\/arhiva\/#\/schema\/person\/image\/\",\"url\":\"https:\/\/secure.gravatar.com\/avatar\/4b7fafa80a22f0c2afe23966b3961fe0?s=96&d=mm&r=pg\",\"contentUrl\":\"https:\/\/secure.gravatar.com\/avatar\/4b7fafa80a22f0c2afe23966b3961fe0?s=96&d=mm&r=pg\",\"caption\":\"Agencija\"},\"url\":\"https:\/\/sandzakpress.net\/arhiva\/author\/agencija\/\"}]}<\/script>\n<!-- \/ Yoast SEO Premium plugin. -->","yoast_head_json":{"title":"Ramdedovi\u0107: Utrkujemo se u \u010dinjenju dobra","robots":{"index":"index","follow":"follow","max-snippet":"max-snippet:-1","max-image-preview":"max-image-preview:large","max-video-preview":"max-video-preview:-1"},"canonical":"https:\/\/sandzakpress.net\/arhiva\/ramdedovic-utrkujemo-se-u-cinjenju-dobra\/","og_locale":"bs_BA","og_type":"article","og_title":"Ramdedovi\u0107: Utrkujemo se u \u010dinjenju dobra","og_description":"U okviru Bo\u0161nja\u010dkog Kulturnog Centra \u201cSand\u017eak\u201d u Petnjici od nedavno je po\u010dela sa radom kuhinja CHR HAJRATA. Kao \u0161to je ve\u0107 i kazano, tokom mjeseca Ramazana kuhinja priprema i dijeli iftarske obroke. Prije dva dana je Bo\u0161nja\u010dkom kulturnom centru odr\u017ean iftar koji je donirao\u00a0Mijaz Ramdedovi\u0107. ,,Iftari su sevap za donatore, a dobro djelo za \u0161irenje [&hellip;]","og_url":"https:\/\/sandzakpress.net\/arhiva\/ramdedovic-utrkujemo-se-u-cinjenju-dobra\/","og_site_name":"Sand\u017eak PRESS","article_published_time":"2019-05-18T12:50:42+00:00","og_image":[{"width":696,"height":522,"url":"https:\/\/sandzakpress.net\/arhiva\/wp-content\/uploads\/2019\/05\/IMG_6299-696x522.jpg","type":"image\/jpeg"}],"author":"Agencija","twitter_card":"summary_large_image","twitter_misc":{"Written by":"Agencija","Est. reading time":"2 minute"},"schema":{"@context":"https:\/\/schema.org","@graph":[{"@type":"Article","@id":"https:\/\/sandzakpress.net\/arhiva\/ramdedovic-utrkujemo-se-u-cinjenju-dobra\/#article","isPartOf":{"@id":"https:\/\/sandzakpress.net\/arhiva\/ramdedovic-utrkujemo-se-u-cinjenju-dobra\/"},"author":{"name":"Agencija","@id":"https:\/\/sandzakpress.net\/arhiva\/#\/schema\/person\/cb59d7e3ab91ab90dd680ad0305a6185"},"headline":"Ramdedovi\u0107: Utrkujemo se u \u010dinjenju dobra","datePublished":"2019-05-18T12:50:42+00:00","mainEntityOfPage":{"@id":"https:\/\/sandzakpress.net\/arhiva\/ramdedovic-utrkujemo-se-u-cinjenju-dobra\/"},"wordCount":314,"commentCount":0,"publisher":{"@id":"https:\/\/sandzakpress.net\/arhiva\/#\/schema\/person\/6e72b67d6e51910a1117b3b483ba20bd"},"image":{"@id":"https:\/\/sandzakpress.net\/arhiva\/ramdedovic-utrkujemo-se-u-cinjenju-dobra\/#primaryimage"},"thumbnailUrl":"https:\/\/sandzakpress.net\/arhiva\/wp-content\/uploads\/2019\/05\/IMG_6299-696x522.jpg","articleSection":["Petnjica","Dru\u0161tvo"],"inLanguage":"bs-BA","potentialAction":[{"@type":"CommentAction","name":"Comment","target":["https:\/\/sandzakpress.net\/arhiva\/ramdedovic-utrkujemo-se-u-cinjenju-dobra\/#respond"]}]},{"@type":"WebPage","@id":"https:\/\/sandzakpress.net\/arhiva\/ramdedovic-utrkujemo-se-u-cinjenju-dobra\/","url":"https:\/\/sandzakpress.net\/arhiva\/ramdedovic-utrkujemo-se-u-cinjenju-dobra\/","name":"Ramdedovi\u0107: Utrkujemo se u \u010dinjenju dobra","isPartOf":{"@id":"https:\/\/sandzakpress.net\/arhiva\/#website"},"primaryImageOfPage":{"@id":"https:\/\/sandzakpress.net\/arhiva\/ramdedovic-utrkujemo-se-u-cinjenju-dobra\/#primaryimage"},"image":{"@id":"https:\/\/sandzakpress.net\/arhiva\/ramdedovic-utrkujemo-se-u-cinjenju-dobra\/#primaryimage"},"thumbnailUrl":"https:\/\/sandzakpress.net\/arhiva\/wp-content\/uploads\/2019\/05\/IMG_6299-696x522.jpg","datePublished":"2019-05-18T12:50:42+00:00","breadcrumb":{"@id":"https:\/\/sandzakpress.net\/arhiva\/ramdedovic-utrkujemo-se-u-cinjenju-dobra\/#breadcrumb"},"inLanguage":"bs-BA","potentialAction":[{"@type":"ReadAction","target":["https:\/\/sandzakpress.net\/arhiva\/ramdedovic-utrkujemo-se-u-cinjenju-dobra\/"]}]},{"@type":"ImageObject","inLanguage":"bs-BA","@id":"https:\/\/sandzakpress.net\/arhiva\/ramdedovic-utrkujemo-se-u-cinjenju-dobra\/#primaryimage","url":"https:\/\/sandzakpress.net\/arhiva\/wp-content\/uploads\/2019\/05\/IMG_6299-696x522.jpg","contentUrl":"https:\/\/sandzakpress.net\/arhiva\/wp-content\/uploads\/2019\/05\/IMG_6299-696x522.jpg","width":696,"height":522},{"@type":"BreadcrumbList","@id":"https:\/\/sandzakpress.net\/arhiva\/ramdedovic-utrkujemo-se-u-cinjenju-dobra\/#breadcrumb","itemListElement":[{"@type":"ListItem","position":1,"name":"Home","item":"https:\/\/sandzakpress.net\/arhiva\/"},{"@type":"ListItem","position":2,"name":"Ramdedovi\u0107: Utrkujemo se u \u010dinjenju dobra"}]},{"@type":"WebSite","@id":"https:\/\/sandzakpress.net\/arhiva\/#website","url":"https:\/\/sandzakpress.net\/arhiva\/","name":"Sand\u017eak PRESS","description":"Prve elektronske novine u Sand\u017eaku","publisher":{"@id":"https:\/\/sandzakpress.net\/arhiva\/#\/schema\/person\/6e72b67d6e51910a1117b3b483ba20bd"},"potentialAction":[{"@type":"SearchAction","target":{"@type":"EntryPoint","urlTemplate":"https:\/\/sandzakpress.net\/arhiva\/?s={search_term_string}"},"query-input":{"@type":"PropertyValueSpecification","valueRequired":true,"valueName":"search_term_string"}}],"inLanguage":"bs-BA"},{"@type":["Person","Organization"],"@id":"https:\/\/sandzakpress.net\/arhiva\/#\/schema\/person\/6e72b67d6e51910a1117b3b483ba20bd","name":"Kul","image":{"@type":"ImageObject","inLanguage":"bs-BA","@id":"https:\/\/sandzakpress.net\/arhiva\/#\/schema\/person\/image\/","url":"https:\/\/secure.gravatar.com\/avatar\/42263f39aa27ac04c43cab85c280eb2e?s=96&d=mm&r=pg","contentUrl":"https:\/\/secure.gravatar.com\/avatar\/42263f39aa27ac04c43cab85c280eb2e?s=96&d=mm&r=pg","caption":"Kul"},"logo":{"@id":"https:\/\/sandzakpress.net\/arhiva\/#\/schema\/person\/image\/"}},{"@type":"Person","@id":"https:\/\/sandzakpress.net\/arhiva\/#\/schema\/person\/cb59d7e3ab91ab90dd680ad0305a6185","name":"Agencija","image":{"@type":"ImageObject","inLanguage":"bs-BA","@id":"https:\/\/sandzakpress.net\/arhiva\/#\/schema\/person\/image\/","url":"https:\/\/secure.gravatar.com\/avatar\/4b7fafa80a22f0c2afe23966b3961fe0?s=96&d=mm&r=pg","contentUrl":"https:\/\/secure.gravatar.com\/avatar\/4b7fafa80a22f0c2afe23966b3961fe0?s=96&d=mm&r=pg","caption":"Agencija"},"url":"https:\/\/sandzakpress.net\/arhiva\/author\/agencija\/"}]}},"_links":{"self":[{"href":"https:\/\/sandzakpress.net\/arhiva\/wp-json\/wp\/v2\/posts\/223533"}],"collection":[{"href":"https:\/\/sandzakpress.net\/arhiva\/wp-json\/wp\/v2\/posts"}],"about":[{"href":"https:\/\/sandzakpress.net\/arhiva\/wp-json\/wp\/v2\/types\/post"}],"author":[{"embeddable":true,"href":"https:\/\/sandzakpress.net\/arhiva\/wp-json\/wp\/v2\/users\/509"}],"replies":[{"embeddable":true,"href":"https:\/\/sandzakpress.net\/arhiva\/wp-json\/wp\/v2\/comments?post=223533"}],"version-history":[{"count":0,"href":"https:\/\/sandzakpress.net\/arhiva\/wp-json\/wp\/v2\/posts\/223533\/revisions"}],"wp:featuredmedia":[{"embeddable":true,"href":"https:\/\/sandzakpress.net\/arhiva\/wp-json\/wp\/v2\/media\/223541"}],"wp:attachment":[{"href":"https:\/\/sandzakpress.net\/arhiva\/wp-json\/wp\/v2\/media?parent=223533"}],"wp:term":[{"taxonomy":"category","embeddable":true,"href":"https:\/\/sandzakpress.net\/arhiva\/wp-json\/wp\/v2\/categories?post=223533"},{"taxonomy":"post_tag","embeddable":true,"href":"https:\/\/sandzakpress.net\/arhiva\/wp-json\/wp\/v2\/tags?post=223533"}],"curies":[{"name":"wp","href":"https:\/\/api.w.org\/{rel}","templated":true}]}}