{"id":223518,"date":"2019-05-18T14:25:56","date_gmt":"2019-05-18T12:25:56","guid":{"rendered":"https:\/\/sandzakpress.net\/arhiva\/?p=223518"},"modified":"2019-05-18T22:43:22","modified_gmt":"2019-05-18T20:43:22","slug":"muftija-dudic-islamska-zajednica-ce-tokom-ramazana-uprilici-50-000-iftara","status":"publish","type":"post","link":"https:\/\/sandzakpress.net\/arhiva\/muftija-dudic-islamska-zajednica-ce-tokom-ramazana-uprilici-50-000-iftara\/","title":{"rendered":"Muftija Dudi\u0107: Islamska zajednica \u0107e tokom ramazana uprili\u010diti 50.000 iftara"},"content":{"rendered":"<p><strong><img decoding=\"async\" src=\"https:\/\/mesihat.org\/wp-content\/uploads\/2019\/05\/img-20190518-wa00027103786495456630502.jpg\" \/><br \/>Pod pokroviteljstvom Me\u0161ihata IZ-e u Srbiji, 17.05.2019. godine, muftija dr. Mevlud ef. Dudi\u0107 uprili\u010dio je iftar u Islamskom centru u Beogradu za d\u017eematlije. <\/strong><\/p>\n<p>Doma\u0107in iftara bio je Sead ef. \u0160a\u0107irovi\u0107, prisustvovali su mu i imami Muftijstva beogradsko-novosadskig. Gost iftara bila je i delegacija Rijaseta IZ-e u BiH koju su \u010dinili izaslanik Reisu-l-uleme Ismail ef. Smailovi\u0107 \u2013 direktor Uprave za vjerske poslove, Mirsad ef. Kalajd\u017ei\u0107.<\/p>\n<div class=\"_rp_16\">\n<div>\n<div>\n<div class=\"_rp_X5\">\n<div id=\"Item.MessageNormalizedBody\" class=\"_rp_X5 rpHighlightAllClass rpHighlightBodyClass\">\n<div class=\"rps_36c4\">\n<div>\n<div dir=\"auto\">\n<div dir=\"auto\">Prije iftara, muftija Dudi\u0107 je odr\u017eao sastanak sa imamima na kojem je prisustvovo i efendija Smailovi\u0107.<\/p>\n<\/div>\n<div dir=\"auto\">Na sastanku je dogovoren plan i program rada sa posebnim akcentom na organiziranje iftara u d\u017eematima.<\/p>\n<\/div>\n<div dir=\"auto\">Ovog Ramazana Me\u0161ihat je u planu da sa CHR Hajrat na podru\u010dju Islamske zajednice uprili\u010di 50.000 iftara.<\/p>\n<\/div>\n<div dir=\"auto\">Nakon sastanka d\u017eematski je obavljen ak\u0161am namaz koji je predvodio muftija Dudi\u0107.<\/p>\n<\/div>\n<div dir=\"auto\">Poslije iftara obratili su se predsjednik Me\u0161ihata i izaslanik Reisu-l-uleme.<\/p>\n<\/div>\n<div dir=\"auto\">Po\u017eeljev\u0161i dobrodo\u0161licu i prijatan iftar, muftija Dudi\u0107 je istakao da od prvog dana pa do danas, a tako \u0107e biti do kraja Ramazana, bit \u0107e organizirani iftari za najugro\u017eenije d\u017eemate, posebno u Vojvodini. Zahvalio se svima koji podr\u017eavaju ovaj projekat.<\/p>\n<\/div>\n<div dir=\"auto\">Ismail ef. Smailovi\u0107 prenio je selame vrhovnog poglavara, isti\u010du\u0107i da je od izuzetnog zna\u010daja da muslimani u svim sredinama dostojanstveno prezentiraju svoju vjeru.<\/div>\n<div dir=\"auto\"><img decoding=\"async\" src=\"https:\/\/mesihat.org\/wp-content\/uploads\/2019\/05\/img-85c1424b3895ea543984392a8a3123d7-v6586763487844844538.jpg\" \/><img decoding=\"async\" src=\"https:\/\/mesihat.org\/wp-content\/uploads\/2019\/05\/img-fa88db162cece301629c1c058fa3bcf9-v5265137878464155350.jpg\" \/><img decoding=\"async\" src=\"https:\/\/mesihat.org\/wp-content\/uploads\/2019\/05\/img-8c351f210c7d8b5424f472344287881a-v1561346627478919969.jpg\" \/><img decoding=\"async\" src=\"https:\/\/mesihat.org\/wp-content\/uploads\/2019\/05\/img-20190518-wa00018416020230212320134.jpg\" \/><img decoding=\"async\" src=\"https:\/\/mesihat.org\/wp-content\/uploads\/2019\/05\/img-20190518-wa00005210218742772440772.jpg\" \/><img decoding=\"async\" src=\"https:\/\/mesihat.org\/wp-content\/uploads\/2019\/05\/img-20190518-wa00041621768815162573668.jpg\" \/><img decoding=\"async\" src=\"https:\/\/mesihat.org\/wp-content\/uploads\/2019\/05\/img-20190518-wa00038426294482273160777.jpg\" \/><img decoding=\"async\" src=\"https:\/\/mesihat.org\/wp-content\/uploads\/2019\/05\/img-20190518-wa00058939801531857521270.jpg\" \/><img decoding=\"async\" src=\"https:\/\/mesihat.org\/wp-content\/uploads\/2019\/05\/img-20190518-wa00067248613072572303897.jpg\" \/><img decoding=\"async\" src=\"https:\/\/mesihat.org\/wp-content\/uploads\/2019\/05\/img-20190518-wa00082758386865216630430.jpg\" \/><img decoding=\"async\" src=\"https:\/\/mesihat.org\/wp-content\/uploads\/2019\/05\/img-20190518-wa00091708429725915058040.jpg\" \/><img decoding=\"async\" src=\"https:\/\/mesihat.org\/wp-content\/uploads\/2019\/05\/img-20190518-wa0010952635224835619381.jpg\" \/><img decoding=\"async\" src=\"https:\/\/mesihat.org\/wp-content\/uploads\/2019\/05\/img-20190518-wa00075377699080227700537.jpg\" \/><img decoding=\"async\" src=\"https:\/\/mesihat.org\/wp-content\/uploads\/2019\/05\/img-57cc900701fd48bc7fdefbaafab5a8fe-v4772397053131676324.jpg\" \/><\/div>\n<\/div>\n<\/div>\n<\/div>\n<\/div>\n<\/div>\n<\/div>\n<\/div>\n<\/div>\n","protected":false},"excerpt":{"rendered":"<p>Pod pokroviteljstvom Me\u0161ihata IZ-e u Srbiji, 17.05.2019. godine, muftija dr. Mevlud ef. Dudi\u0107 uprili\u010dio je iftar u Islamskom centru u Beogradu za d\u017eematlije. Doma\u0107in iftara bio je Sead ef. \u0160a\u0107irovi\u0107, prisustvovali su mu i imami Muftijstva beogradsko-novosadskig. Gost iftara bila je i delegacija Rijaseta IZ-e u BiH koju su \u010dinili izaslanik Reisu-l-uleme Ismail ef. Smailovi\u0107 [&hellip;]<\/p>\n","protected":false},"author":509,"featured_media":223524,"comment_status":"open","ping_status":"open","sticky":false,"template":"","format":"standard","meta":{"footnotes":""},"categories":[72,802,8957],"tags":[],"class_list":{"0":"post-223518","1":"post","2":"type-post","3":"status-publish","4":"format-standard","5":"has-post-thumbnail","7":"category-novi-pazar","8":"category-islamska_zajednica","9":"category-vijesti-dana"},"yoast_head":"<!-- This site is optimized with the Yoast SEO Premium plugin v23.1 (Yoast SEO v24.9) - https:\/\/yoast.com\/wordpress\/plugins\/seo\/ -->\n<title>Muftija Dudi\u0107: Islamska zajednica \u0107e tokom ramazana uprili\u010diti 50.000 iftara<\/title>\n<meta name=\"robots\" content=\"index, follow, max-snippet:-1, max-image-preview:large, max-video-preview:-1\" \/>\n<link rel=\"canonical\" href=\"https:\/\/sandzakpress.net\/arhiva\/muftija-dudic-islamska-zajednica-ce-tokom-ramazana-uprilici-50-000-iftara\/\" \/>\n<meta property=\"og:locale\" content=\"bs_BA\" \/>\n<meta property=\"og:type\" content=\"article\" \/>\n<meta property=\"og:title\" content=\"Muftija Dudi\u0107: Islamska zajednica \u0107e tokom ramazana uprili\u010diti 50.000 iftara\" \/>\n<meta property=\"og:description\" content=\"Pod pokroviteljstvom Me\u0161ihata IZ-e u Srbiji, 17.05.2019. godine, muftija dr. Mevlud ef. Dudi\u0107 uprili\u010dio je iftar u Islamskom centru u Beogradu za d\u017eematlije. Doma\u0107in iftara bio je Sead ef. \u0160a\u0107irovi\u0107, prisustvovali su mu i imami Muftijstva beogradsko-novosadskig. Gost iftara bila je i delegacija Rijaseta IZ-e u BiH koju su \u010dinili izaslanik Reisu-l-uleme Ismail ef. Smailovi\u0107 [&hellip;]\" \/>\n<meta property=\"og:url\" content=\"https:\/\/sandzakpress.net\/arhiva\/muftija-dudic-islamska-zajednica-ce-tokom-ramazana-uprilici-50-000-iftara\/\" \/>\n<meta property=\"og:site_name\" content=\"Sand\u017eak PRESS\" \/>\n<meta property=\"article:published_time\" content=\"2019-05-18T12:25:56+00:00\" \/>\n<meta property=\"article:modified_time\" content=\"2019-05-18T20:43:22+00:00\" \/>\n<meta property=\"og:image\" content=\"https:\/\/sandzakpress.net\/arhiva\/wp-content\/uploads\/2019\/05\/img-20190518-wa00027103786495456630502.jpg\" \/>\n\t<meta property=\"og:image:width\" content=\"1600\" \/>\n\t<meta property=\"og:image:height\" content=\"1200\" \/>\n\t<meta property=\"og:image:type\" content=\"image\/jpeg\" \/>\n<meta name=\"author\" content=\"Agencija\" \/>\n<meta name=\"twitter:card\" content=\"summary_large_image\" \/>\n<meta name=\"twitter:label1\" content=\"Written by\" \/>\n\t<meta name=\"twitter:data1\" content=\"Agencija\" \/>\n\t<meta name=\"twitter:label2\" content=\"Est. reading time\" \/>\n\t<meta name=\"twitter:data2\" content=\"1 minuta\" \/>\n<script type=\"application\/ld+json\" class=\"yoast-schema-graph\">{\"@context\":\"https:\/\/schema.org\",\"@graph\":[{\"@type\":\"Article\",\"@id\":\"https:\/\/sandzakpress.net\/arhiva\/muftija-dudic-islamska-zajednica-ce-tokom-ramazana-uprilici-50-000-iftara\/#article\",\"isPartOf\":{\"@id\":\"https:\/\/sandzakpress.net\/arhiva\/muftija-dudic-islamska-zajednica-ce-tokom-ramazana-uprilici-50-000-iftara\/\"},\"author\":{\"name\":\"Agencija\",\"@id\":\"https:\/\/sandzakpress.net\/arhiva\/#\/schema\/person\/cb59d7e3ab91ab90dd680ad0305a6185\"},\"headline\":\"Muftija Dudi\u0107: Islamska zajednica \u0107e tokom ramazana uprili\u010diti 50.000 iftara\",\"datePublished\":\"2019-05-18T12:25:56+00:00\",\"dateModified\":\"2019-05-18T20:43:22+00:00\",\"mainEntityOfPage\":{\"@id\":\"https:\/\/sandzakpress.net\/arhiva\/muftija-dudic-islamska-zajednica-ce-tokom-ramazana-uprilici-50-000-iftara\/\"},\"wordCount\":228,\"commentCount\":1,\"publisher\":{\"@id\":\"https:\/\/sandzakpress.net\/arhiva\/#\/schema\/person\/6e72b67d6e51910a1117b3b483ba20bd\"},\"image\":{\"@id\":\"https:\/\/sandzakpress.net\/arhiva\/muftija-dudic-islamska-zajednica-ce-tokom-ramazana-uprilici-50-000-iftara\/#primaryimage\"},\"thumbnailUrl\":\"https:\/\/sandzakpress.net\/arhiva\/wp-content\/uploads\/2019\/05\/img-20190518-wa00027103786495456630502.jpg\",\"articleSection\":[\"Novi Pazar\",\"Islamska zajednica\",\"VIJESTI DANA\"],\"inLanguage\":\"bs-BA\",\"potentialAction\":[{\"@type\":\"CommentAction\",\"name\":\"Comment\",\"target\":[\"https:\/\/sandzakpress.net\/arhiva\/muftija-dudic-islamska-zajednica-ce-tokom-ramazana-uprilici-50-000-iftara\/#respond\"]}]},{\"@type\":\"WebPage\",\"@id\":\"https:\/\/sandzakpress.net\/arhiva\/muftija-dudic-islamska-zajednica-ce-tokom-ramazana-uprilici-50-000-iftara\/\",\"url\":\"https:\/\/sandzakpress.net\/arhiva\/muftija-dudic-islamska-zajednica-ce-tokom-ramazana-uprilici-50-000-iftara\/\",\"name\":\"Muftija Dudi\u0107: Islamska zajednica \u0107e tokom ramazana uprili\u010diti 50.000 iftara\",\"isPartOf\":{\"@id\":\"https:\/\/sandzakpress.net\/arhiva\/#website\"},\"primaryImageOfPage\":{\"@id\":\"https:\/\/sandzakpress.net\/arhiva\/muftija-dudic-islamska-zajednica-ce-tokom-ramazana-uprilici-50-000-iftara\/#primaryimage\"},\"image\":{\"@id\":\"https:\/\/sandzakpress.net\/arhiva\/muftija-dudic-islamska-zajednica-ce-tokom-ramazana-uprilici-50-000-iftara\/#primaryimage\"},\"thumbnailUrl\":\"https:\/\/sandzakpress.net\/arhiva\/wp-content\/uploads\/2019\/05\/img-20190518-wa00027103786495456630502.jpg\",\"datePublished\":\"2019-05-18T12:25:56+00:00\",\"dateModified\":\"2019-05-18T20:43:22+00:00\",\"breadcrumb\":{\"@id\":\"https:\/\/sandzakpress.net\/arhiva\/muftija-dudic-islamska-zajednica-ce-tokom-ramazana-uprilici-50-000-iftara\/#breadcrumb\"},\"inLanguage\":\"bs-BA\",\"potentialAction\":[{\"@type\":\"ReadAction\",\"target\":[\"https:\/\/sandzakpress.net\/arhiva\/muftija-dudic-islamska-zajednica-ce-tokom-ramazana-uprilici-50-000-iftara\/\"]}]},{\"@type\":\"ImageObject\",\"inLanguage\":\"bs-BA\",\"@id\":\"https:\/\/sandzakpress.net\/arhiva\/muftija-dudic-islamska-zajednica-ce-tokom-ramazana-uprilici-50-000-iftara\/#primaryimage\",\"url\":\"https:\/\/sandzakpress.net\/arhiva\/wp-content\/uploads\/2019\/05\/img-20190518-wa00027103786495456630502.jpg\",\"contentUrl\":\"https:\/\/sandzakpress.net\/arhiva\/wp-content\/uploads\/2019\/05\/img-20190518-wa00027103786495456630502.jpg\",\"width\":1600,\"height\":1200},{\"@type\":\"BreadcrumbList\",\"@id\":\"https:\/\/sandzakpress.net\/arhiva\/muftija-dudic-islamska-zajednica-ce-tokom-ramazana-uprilici-50-000-iftara\/#breadcrumb\",\"itemListElement\":[{\"@type\":\"ListItem\",\"position\":1,\"name\":\"Home\",\"item\":\"https:\/\/sandzakpress.net\/arhiva\/\"},{\"@type\":\"ListItem\",\"position\":2,\"name\":\"Muftija Dudi\u0107: Islamska zajednica \u0107e tokom ramazana uprili\u010diti 50.000 iftara\"}]},{\"@type\":\"WebSite\",\"@id\":\"https:\/\/sandzakpress.net\/arhiva\/#website\",\"url\":\"https:\/\/sandzakpress.net\/arhiva\/\",\"name\":\"Sand\u017eak PRESS\",\"description\":\"Prve elektronske novine u Sand\u017eaku\",\"publisher\":{\"@id\":\"https:\/\/sandzakpress.net\/arhiva\/#\/schema\/person\/6e72b67d6e51910a1117b3b483ba20bd\"},\"potentialAction\":[{\"@type\":\"SearchAction\",\"target\":{\"@type\":\"EntryPoint\",\"urlTemplate\":\"https:\/\/sandzakpress.net\/arhiva\/?s={search_term_string}\"},\"query-input\":{\"@type\":\"PropertyValueSpecification\",\"valueRequired\":true,\"valueName\":\"search_term_string\"}}],\"inLanguage\":\"bs-BA\"},{\"@type\":[\"Person\",\"Organization\"],\"@id\":\"https:\/\/sandzakpress.net\/arhiva\/#\/schema\/person\/6e72b67d6e51910a1117b3b483ba20bd\",\"name\":\"Kul\",\"image\":{\"@type\":\"ImageObject\",\"inLanguage\":\"bs-BA\",\"@id\":\"https:\/\/sandzakpress.net\/arhiva\/#\/schema\/person\/image\/\",\"url\":\"https:\/\/secure.gravatar.com\/avatar\/42263f39aa27ac04c43cab85c280eb2e?s=96&d=mm&r=pg\",\"contentUrl\":\"https:\/\/secure.gravatar.com\/avatar\/42263f39aa27ac04c43cab85c280eb2e?s=96&d=mm&r=pg\",\"caption\":\"Kul\"},\"logo\":{\"@id\":\"https:\/\/sandzakpress.net\/arhiva\/#\/schema\/person\/image\/\"}},{\"@type\":\"Person\",\"@id\":\"https:\/\/sandzakpress.net\/arhiva\/#\/schema\/person\/cb59d7e3ab91ab90dd680ad0305a6185\",\"name\":\"Agencija\",\"image\":{\"@type\":\"ImageObject\",\"inLanguage\":\"bs-BA\",\"@id\":\"https:\/\/sandzakpress.net\/arhiva\/#\/schema\/person\/image\/\",\"url\":\"https:\/\/secure.gravatar.com\/avatar\/4b7fafa80a22f0c2afe23966b3961fe0?s=96&d=mm&r=pg\",\"contentUrl\":\"https:\/\/secure.gravatar.com\/avatar\/4b7fafa80a22f0c2afe23966b3961fe0?s=96&d=mm&r=pg\",\"caption\":\"Agencija\"},\"url\":\"https:\/\/sandzakpress.net\/arhiva\/author\/agencija\/\"}]}<\/script>\n<!-- \/ Yoast SEO Premium plugin. -->","yoast_head_json":{"title":"Muftija Dudi\u0107: Islamska zajednica \u0107e tokom ramazana uprili\u010diti 50.000 iftara","robots":{"index":"index","follow":"follow","max-snippet":"max-snippet:-1","max-image-preview":"max-image-preview:large","max-video-preview":"max-video-preview:-1"},"canonical":"https:\/\/sandzakpress.net\/arhiva\/muftija-dudic-islamska-zajednica-ce-tokom-ramazana-uprilici-50-000-iftara\/","og_locale":"bs_BA","og_type":"article","og_title":"Muftija Dudi\u0107: Islamska zajednica \u0107e tokom ramazana uprili\u010diti 50.000 iftara","og_description":"Pod pokroviteljstvom Me\u0161ihata IZ-e u Srbiji, 17.05.2019. godine, muftija dr. Mevlud ef. Dudi\u0107 uprili\u010dio je iftar u Islamskom centru u Beogradu za d\u017eematlije. Doma\u0107in iftara bio je Sead ef. \u0160a\u0107irovi\u0107, prisustvovali su mu i imami Muftijstva beogradsko-novosadskig. Gost iftara bila je i delegacija Rijaseta IZ-e u BiH koju su \u010dinili izaslanik Reisu-l-uleme Ismail ef. Smailovi\u0107 [&hellip;]","og_url":"https:\/\/sandzakpress.net\/arhiva\/muftija-dudic-islamska-zajednica-ce-tokom-ramazana-uprilici-50-000-iftara\/","og_site_name":"Sand\u017eak PRESS","article_published_time":"2019-05-18T12:25:56+00:00","article_modified_time":"2019-05-18T20:43:22+00:00","og_image":[{"width":1600,"height":1200,"url":"https:\/\/sandzakpress.net\/arhiva\/wp-content\/uploads\/2019\/05\/img-20190518-wa00027103786495456630502.jpg","type":"image\/jpeg"}],"author":"Agencija","twitter_card":"summary_large_image","twitter_misc":{"Written by":"Agencija","Est. reading time":"1 minuta"},"schema":{"@context":"https:\/\/schema.org","@graph":[{"@type":"Article","@id":"https:\/\/sandzakpress.net\/arhiva\/muftija-dudic-islamska-zajednica-ce-tokom-ramazana-uprilici-50-000-iftara\/#article","isPartOf":{"@id":"https:\/\/sandzakpress.net\/arhiva\/muftija-dudic-islamska-zajednica-ce-tokom-ramazana-uprilici-50-000-iftara\/"},"author":{"name":"Agencija","@id":"https:\/\/sandzakpress.net\/arhiva\/#\/schema\/person\/cb59d7e3ab91ab90dd680ad0305a6185"},"headline":"Muftija Dudi\u0107: Islamska zajednica \u0107e tokom ramazana uprili\u010diti 50.000 iftara","datePublished":"2019-05-18T12:25:56+00:00","dateModified":"2019-05-18T20:43:22+00:00","mainEntityOfPage":{"@id":"https:\/\/sandzakpress.net\/arhiva\/muftija-dudic-islamska-zajednica-ce-tokom-ramazana-uprilici-50-000-iftara\/"},"wordCount":228,"commentCount":1,"publisher":{"@id":"https:\/\/sandzakpress.net\/arhiva\/#\/schema\/person\/6e72b67d6e51910a1117b3b483ba20bd"},"image":{"@id":"https:\/\/sandzakpress.net\/arhiva\/muftija-dudic-islamska-zajednica-ce-tokom-ramazana-uprilici-50-000-iftara\/#primaryimage"},"thumbnailUrl":"https:\/\/sandzakpress.net\/arhiva\/wp-content\/uploads\/2019\/05\/img-20190518-wa00027103786495456630502.jpg","articleSection":["Novi Pazar","Islamska zajednica","VIJESTI DANA"],"inLanguage":"bs-BA","potentialAction":[{"@type":"CommentAction","name":"Comment","target":["https:\/\/sandzakpress.net\/arhiva\/muftija-dudic-islamska-zajednica-ce-tokom-ramazana-uprilici-50-000-iftara\/#respond"]}]},{"@type":"WebPage","@id":"https:\/\/sandzakpress.net\/arhiva\/muftija-dudic-islamska-zajednica-ce-tokom-ramazana-uprilici-50-000-iftara\/","url":"https:\/\/sandzakpress.net\/arhiva\/muftija-dudic-islamska-zajednica-ce-tokom-ramazana-uprilici-50-000-iftara\/","name":"Muftija Dudi\u0107: Islamska zajednica \u0107e tokom ramazana uprili\u010diti 50.000 iftara","isPartOf":{"@id":"https:\/\/sandzakpress.net\/arhiva\/#website"},"primaryImageOfPage":{"@id":"https:\/\/sandzakpress.net\/arhiva\/muftija-dudic-islamska-zajednica-ce-tokom-ramazana-uprilici-50-000-iftara\/#primaryimage"},"image":{"@id":"https:\/\/sandzakpress.net\/arhiva\/muftija-dudic-islamska-zajednica-ce-tokom-ramazana-uprilici-50-000-iftara\/#primaryimage"},"thumbnailUrl":"https:\/\/sandzakpress.net\/arhiva\/wp-content\/uploads\/2019\/05\/img-20190518-wa00027103786495456630502.jpg","datePublished":"2019-05-18T12:25:56+00:00","dateModified":"2019-05-18T20:43:22+00:00","breadcrumb":{"@id":"https:\/\/sandzakpress.net\/arhiva\/muftija-dudic-islamska-zajednica-ce-tokom-ramazana-uprilici-50-000-iftara\/#breadcrumb"},"inLanguage":"bs-BA","potentialAction":[{"@type":"ReadAction","target":["https:\/\/sandzakpress.net\/arhiva\/muftija-dudic-islamska-zajednica-ce-tokom-ramazana-uprilici-50-000-iftara\/"]}]},{"@type":"ImageObject","inLanguage":"bs-BA","@id":"https:\/\/sandzakpress.net\/arhiva\/muftija-dudic-islamska-zajednica-ce-tokom-ramazana-uprilici-50-000-iftara\/#primaryimage","url":"https:\/\/sandzakpress.net\/arhiva\/wp-content\/uploads\/2019\/05\/img-20190518-wa00027103786495456630502.jpg","contentUrl":"https:\/\/sandzakpress.net\/arhiva\/wp-content\/uploads\/2019\/05\/img-20190518-wa00027103786495456630502.jpg","width":1600,"height":1200},{"@type":"BreadcrumbList","@id":"https:\/\/sandzakpress.net\/arhiva\/muftija-dudic-islamska-zajednica-ce-tokom-ramazana-uprilici-50-000-iftara\/#breadcrumb","itemListElement":[{"@type":"ListItem","position":1,"name":"Home","item":"https:\/\/sandzakpress.net\/arhiva\/"},{"@type":"ListItem","position":2,"name":"Muftija Dudi\u0107: Islamska zajednica \u0107e tokom ramazana uprili\u010diti 50.000 iftara"}]},{"@type":"WebSite","@id":"https:\/\/sandzakpress.net\/arhiva\/#website","url":"https:\/\/sandzakpress.net\/arhiva\/","name":"Sand\u017eak PRESS","description":"Prve elektronske novine u Sand\u017eaku","publisher":{"@id":"https:\/\/sandzakpress.net\/arhiva\/#\/schema\/person\/6e72b67d6e51910a1117b3b483ba20bd"},"potentialAction":[{"@type":"SearchAction","target":{"@type":"EntryPoint","urlTemplate":"https:\/\/sandzakpress.net\/arhiva\/?s={search_term_string}"},"query-input":{"@type":"PropertyValueSpecification","valueRequired":true,"valueName":"search_term_string"}}],"inLanguage":"bs-BA"},{"@type":["Person","Organization"],"@id":"https:\/\/sandzakpress.net\/arhiva\/#\/schema\/person\/6e72b67d6e51910a1117b3b483ba20bd","name":"Kul","image":{"@type":"ImageObject","inLanguage":"bs-BA","@id":"https:\/\/sandzakpress.net\/arhiva\/#\/schema\/person\/image\/","url":"https:\/\/secure.gravatar.com\/avatar\/42263f39aa27ac04c43cab85c280eb2e?s=96&d=mm&r=pg","contentUrl":"https:\/\/secure.gravatar.com\/avatar\/42263f39aa27ac04c43cab85c280eb2e?s=96&d=mm&r=pg","caption":"Kul"},"logo":{"@id":"https:\/\/sandzakpress.net\/arhiva\/#\/schema\/person\/image\/"}},{"@type":"Person","@id":"https:\/\/sandzakpress.net\/arhiva\/#\/schema\/person\/cb59d7e3ab91ab90dd680ad0305a6185","name":"Agencija","image":{"@type":"ImageObject","inLanguage":"bs-BA","@id":"https:\/\/sandzakpress.net\/arhiva\/#\/schema\/person\/image\/","url":"https:\/\/secure.gravatar.com\/avatar\/4b7fafa80a22f0c2afe23966b3961fe0?s=96&d=mm&r=pg","contentUrl":"https:\/\/secure.gravatar.com\/avatar\/4b7fafa80a22f0c2afe23966b3961fe0?s=96&d=mm&r=pg","caption":"Agencija"},"url":"https:\/\/sandzakpress.net\/arhiva\/author\/agencija\/"}]}},"_links":{"self":[{"href":"https:\/\/sandzakpress.net\/arhiva\/wp-json\/wp\/v2\/posts\/223518"}],"collection":[{"href":"https:\/\/sandzakpress.net\/arhiva\/wp-json\/wp\/v2\/posts"}],"about":[{"href":"https:\/\/sandzakpress.net\/arhiva\/wp-json\/wp\/v2\/types\/post"}],"author":[{"embeddable":true,"href":"https:\/\/sandzakpress.net\/arhiva\/wp-json\/wp\/v2\/users\/509"}],"replies":[{"embeddable":true,"href":"https:\/\/sandzakpress.net\/arhiva\/wp-json\/wp\/v2\/comments?post=223518"}],"version-history":[{"count":0,"href":"https:\/\/sandzakpress.net\/arhiva\/wp-json\/wp\/v2\/posts\/223518\/revisions"}],"wp:featuredmedia":[{"embeddable":true,"href":"https:\/\/sandzakpress.net\/arhiva\/wp-json\/wp\/v2\/media\/223524"}],"wp:attachment":[{"href":"https:\/\/sandzakpress.net\/arhiva\/wp-json\/wp\/v2\/media?parent=223518"}],"wp:term":[{"taxonomy":"category","embeddable":true,"href":"https:\/\/sandzakpress.net\/arhiva\/wp-json\/wp\/v2\/categories?post=223518"},{"taxonomy":"post_tag","embeddable":true,"href":"https:\/\/sandzakpress.net\/arhiva\/wp-json\/wp\/v2\/tags?post=223518"}],"curies":[{"name":"wp","href":"https:\/\/api.w.org\/{rel}","templated":true}]}}