{"id":223482,"date":"2019-05-17T15:47:14","date_gmt":"2019-05-17T13:47:14","guid":{"rendered":"https:\/\/sandzakpress.net\/arhiva\/?p=223482"},"modified":"2019-05-17T15:47:14","modified_gmt":"2019-05-17T13:47:14","slug":"gradovi-koji-umiru-andrijevica-i-petnjica-bile-bolje-povezane-prije-pola-vijeka","status":"publish","type":"post","link":"https:\/\/sandzakpress.net\/arhiva\/gradovi-koji-umiru-andrijevica-i-petnjica-bile-bolje-povezane-prije-pola-vijeka\/","title":{"rendered":"Gradovi koji umiru: Andrijevica i Petnjica bile bolje povezane prije pola vijeka"},"content":{"rendered":"<p><img decoding=\"async\" src=\"https:\/\/www.vijesti.me\/media\/20190512210512_74a69ba9-eb9e-448f-af37-acff653eceac.jpeg\" alt=\"Na rubu izumiranja: Konjuhe\" \/><\/p>\n<div class=\"article__lead\">\n<p><strong>Andrijevica i Petnjica i veliki mjesni centri u beranskoj op\u0161tini prije 50 godina bolje su bili povezani me\u0111usobno nego sada. Nema ni autobusa ni kombija, a sve je manje i putnika<\/strong><\/p>\n<\/div>\n<div class=\"articleMetadata marginBottom30\">\n<p>Stanovnici Andrijevice i Petnjice, kao i velikih mjesnih centara na podru\u010dju beranske op\u0161tine, prije pola vijeka bili su bolje povezani sa gradovima u susjedstvu nego \u0161to su danas.<\/p>\n<p>Mje\u0161tani potkomovskih sela upozoravaju da na ovom podru\u010dju, zahvaljuju\u0107i nebrizi onih koji bi o tome morali da se staraju, ve\u0107 dugi niz godina ne funkcioni\u0161e javni prevoz i isti\u010du da su zbog toga mje\u0161tani Jo\u0161anice, Japana, Konjuha, Ko\u0161uti\u0107a, \u0110uli\u0107a, Cecuna, Kuti i Bojovi\u0107a prinu\u0111eni da se sami snalaze za prevoz do grada.<\/p>\n<p>Prema njihovim rije\u010dima, to je jo\u0161 jedan razlog vi\u0161e \u0161to lokalno stanovni\u0161tvo masovno napu\u0161ta svoj zavi\u010daj.<\/p>\n<p>\u201cNa podru\u010dju Andrijevice prije tri decenije imali smo daleko uredniji i organizovaniji prevoz putnika i \u0111aka, nego danas. To potvr\u0111uje da Andrijevica umjesto naprijed, ide nazad. Zato apelujem na nadle\u017ene da \u0161to prije preduzmu ne\u0161to po ovom pitanju i omogu\u0107e mje\u0161tanima potkomovskih sela bar najosnovnije uslove za \u017eivot jer, ako se nastavi ovakvim tempom na\u0161i krajevi \u0107e ubrzo ostati pusti\u201d, pri\u010da Radenko Jankovi\u0107.<\/p>\n<p>On smatra da andrijevi\u010dka sela moraju da imaju mnogo bolju i kvalitetniju povezanost sa gradskim jezgrom i susjednim Beranama, gdje su sve va\u017enije institucije, od bolni\u010dkog centra do suda.<\/p>\n<p>\u201cPitamo se da li u Crnoj Gori, ili u bilo kojoj drugoj zemlji, danas postoji op\u0161tina \u010diji su gra\u0111ani suo\u010deni sa \u010dinjenicom da ne mogu dobiti osnovnu uslugu, uslugu javnog prevoza\u201d, ka\u017ee Jankovi\u0107.<\/p>\n<p>Mje\u0161tani ovih krajeva sa vidnim emocijama pri\u010daju o proteklim vremenima, koja i nijesu tako daleka.<\/p>\n<p>\u201cNekad su od Berana do Konjuha saobra\u0107ali autobusi i kombi vozila po nekoliko puta dnevno i svi su bili puni putnika. Tada se u autobusu tra\u017eilo mjesto vi\u0161e, jer nije mogao da primi sve putnike\u201d, pri\u010da Aco Babovi\u0107.<\/p>\n<p>On ka\u017ee da danas nema ni autobusa ni kombija, a sve je manje i putnika.<\/p>\n<p>\u201cOdjednom sve se promijenilo. Sela su po\u010dela da propadaju uporedo sa zatvaranjem fabrika. Zato smo izgubili i radnika i seljaka. Zato je Konjuhe danas tu gdje jeste, na rubu izumiranja\u201d, nagla\u0161ava Babovi\u0107.<\/p>\n<p>Mje\u0161tani tvrde da se i odr\u017eavanju i popravci lokalnog puta Andrijevica &#8211; Konjuhe ne pridaje dovoljno pa\u017enje i da \u0107e se u to uvjeriti svako ko se tom saobra\u0107ajnicom uputi prema selima ispod Komova.<\/p>\n<p>Iz lokalne uprave isti\u010du da su redovno raspisivali konkurs za dodjelu linija u prigradskom linijskom prevozu putnika u op\u0161tini Andrijevica. Me\u0111utim, kako tvrde, na konkurse se niko ne javlja, prije svega zbog nedostatka putnika.<\/p>\n<p>\u201cMi smo raspisivali tendere za prevoz pitnika. Ranije su odre\u0111eni prevoznici vr\u0161ili prevoz putnika prema Konjusima, ali u poslednje vrijeme nema interesenata za ovu djelatnost, najvjerovatnije zbog nerentabilnosti\u201d, tvrde u lokalnoj upravi u Andrijevici.<\/p>\n<p>Putnici su ostali bez autobusa i na podru\u010dju op\u0161tine Petnjica. I mje\u0161tani bihorskih sela godinama upozoravaju da na tom podru\u010dju ne funkcioni\u0161e javni prevoz.<\/p>\n<p>Isti\u010du da su zbog toga stanovnici petnji\u010dke op\u0161tine prinu\u0111eni da se sami snalaze kada je prevoz do Berana, Ro\u017eaja i Bijelog Polja u pitanju.<\/p>\n<p>\u201cNa podru\u010dju Petnjice prije \u010detiri decenije imali smo daleko uredniji i organizovaniji prevoz putnika i \u0111aka, nego danas. Apelujem na nadle\u017ene da \u0161to prije preduzmu ne\u0161to po ovom pitanju i omogu\u0107e mje\u0161tanima petnji\u010dkih sela bar najosnovnije uslove za \u017eivot jer, ako se nastavi ovakvim tempom, na\u0161i krajevi \u0107e ubrzo ostati pusti\u201d, ka\u017ee stanovnik Petnjice Zaim Li\u010dina.<\/p>\n<p>Stanovnici Bihora tvrde da je iz centra Petnjice nemogu\u0107e oti\u0107i gradskim ili me\u0111ugradskim prevozom, osim sa privatnim prevoznikom koji prevozi u\u010denike ujutro u sedam \u010dasova iz Petnjice do Berana i vra\u0107a ih poslije zavr\u0161etka \u0161kole.<\/p>\n<p>Li\u010dina podsje\u0107a da na podru\u010dju Petnjice \u017eivi veliki broj ljudi koji su u poodmaklim godinama zbog nedostatka autobuske linije do Berana \u010desto ne mogu do\u0107i do ljekara i dobiti adekvatnu ljekarsku pomo\u0107.<\/p>\n<p>\u201cProblem neredovnog javnog prevoza posebno poga\u0111a stare i bolesne koji su uskra\u0107eni da ostvare elementarno pravo na zdravstvenu za\u0161titu. Ovaj problem bi se mogao rije\u0161iti dono\u0161enjem odluke po kojoj bi se regulisao prevoz do najudaljenijih mjesta kombi vozilima, uz odre\u0111ene uslove. Mi vjerujemo da bi ovakvo rje\u0161enje bilo od velike pomo\u0107i gra\u0111anima\u201d, smatra Li\u010dina.<\/p>\n<p><b>\u201cDubrave\u201d nestale, taksisti u Beranama trljaju ruke<\/b><\/p>\n<p>U ni\u0161ta boljem polo\u017eaju u pogledu javnog prevoza nijesu ni stanovnici velikih mjesnih centara na podru\u010dju beranske op\u0161tine, kao \u0161to su Lubnice, \u0160ekular ili Kaludra.<\/p>\n<p>O uzrocima i posljedicama najslikovitije govore podaci posljednjeg popisa. Dovoljan je primjer takozvane Gornjoselsku \u017eupe, smje\u0161tene na padinama Bjelasice, koju \u010dine sela Lubnice, Pra\u0107evac, Bastahe, Glavace, Kuriku\u0107e i Vu\u010da.<\/p>\n<figure><img loading=\"lazy\" decoding=\"async\" src=\"https:\/\/www.vijesti.me\/media\/20190512210512_78afabe2df5ea8f207070d8198d5084d58be0c082d868dfb13bb5d3707d631e9.jpeg\" alt=\"Autobus nekada saobra\u0107ao \u010detiri puta dnevno: Lubnice\" width=\"1024\" height=\"768\" data-media-id=\"editor_0\" data-image-id=\"20190512210512_78afabe2df5ea8f207070d8198d5084d58be0c082d868dfb13bb5d3707d631e9\" data-rendition-name=\"original\" \/><\/figure>\n<p>Na ovom prostoru 1948. godine \u017eivjelo je 1.800 stanovnika, da bi taj broj 2003. godine bio sveden na ne\u0161to vi\u0161e od 600. Danas je ta cifra znatno manja.<\/p>\n<p>Da je situacija poprimila zabrinjavaju\u0107i karakter govori i podatak da Osnovnu \u0161kolu u Lubnicama ove godine poha\u0111a svega \u010detrdeset u\u010denika, iako je nekad brojala i do \u010detiri stotine \u0111aka.<\/p>\n<p>\u201cGornja sela su nekad bila puna naroda. Mjesni centar u Lubnicama je \u017eivio kao pravi mali grad. Autobus na relaciji Berane &#8211; Lubnice saobra\u0107ao je \u010detiri puta u toku jednog dana\u201d, prisje\u0107aju se mje\u0161tani Lubnica.<\/p>\n<p>Starijim generacijama nije se te\u0161ko prisjetiti vremena kada su regionalnim i lokalnim putevima krstarile takozvane \u201cdubrave\u201d i kako nikada nijesu bile bez putnika.<\/p>\n<p>Danas taksisti za bilo kakvu hitnu potrebu izvla\u010de stanovni\u0161tvu ovih sve siroma\u0161nijih sjevernih krajeva posljednji novac iz d\u017eepa.<\/p>\n<\/div>\n","protected":false},"excerpt":{"rendered":"<p>Andrijevica i Petnjica i veliki mjesni centri u beranskoj op\u0161tini prije 50 godina bolje su bili povezani me\u0111usobno nego sada. Nema ni autobusa ni kombija, a sve je manje i putnika Stanovnici Andrijevice i Petnjice, kao i velikih mjesnih centara na podru\u010dju beranske op\u0161tine, prije pola vijeka bili su bolje povezani sa gradovima u susjedstvu [&hellip;]<\/p>\n","protected":false},"author":509,"featured_media":223485,"comment_status":"open","ping_status":"open","sticky":false,"template":"","format":"standard","meta":{"footnotes":""},"categories":[10174,3],"tags":[],"class_list":{"0":"post-223482","1":"post","2":"type-post","3":"status-publish","4":"format-standard","5":"has-post-thumbnail","7":"category-petnjica-vase-vijesti","8":"category-privreda"},"yoast_head":"<!-- This site is optimized with the Yoast SEO Premium plugin v23.1 (Yoast SEO v24.9) - https:\/\/yoast.com\/wordpress\/plugins\/seo\/ -->\n<title>Gradovi koji umiru: Andrijevica i Petnjica bile bolje povezane prije pola vijeka<\/title>\n<meta name=\"robots\" content=\"index, follow, max-snippet:-1, max-image-preview:large, max-video-preview:-1\" \/>\n<link rel=\"canonical\" href=\"https:\/\/sandzakpress.net\/arhiva\/gradovi-koji-umiru-andrijevica-i-petnjica-bile-bolje-povezane-prije-pola-vijeka\/\" \/>\n<meta property=\"og:locale\" content=\"bs_BA\" \/>\n<meta property=\"og:type\" content=\"article\" \/>\n<meta property=\"og:title\" content=\"Gradovi koji umiru: Andrijevica i Petnjica bile bolje povezane prije pola vijeka\" \/>\n<meta property=\"og:description\" content=\"Andrijevica i Petnjica i veliki mjesni centri u beranskoj op\u0161tini prije 50 godina bolje su bili povezani me\u0111usobno nego sada. Nema ni autobusa ni kombija, a sve je manje i putnika Stanovnici Andrijevice i Petnjice, kao i velikih mjesnih centara na podru\u010dju beranske op\u0161tine, prije pola vijeka bili su bolje povezani sa gradovima u susjedstvu [&hellip;]\" \/>\n<meta property=\"og:url\" content=\"https:\/\/sandzakpress.net\/arhiva\/gradovi-koji-umiru-andrijevica-i-petnjica-bile-bolje-povezane-prije-pola-vijeka\/\" \/>\n<meta property=\"og:site_name\" content=\"Sand\u017eak PRESS\" \/>\n<meta property=\"article:published_time\" content=\"2019-05-17T13:47:14+00:00\" \/>\n<meta property=\"og:image\" content=\"https:\/\/sandzakpress.net\/arhiva\/wp-content\/uploads\/2019\/05\/20190512210512_74a69ba9-eb9e-448f-af37-acff653eceac.jpeg.jpg\" \/>\n\t<meta property=\"og:image:width\" content=\"800\" \/>\n\t<meta property=\"og:image:height\" content=\"385\" \/>\n\t<meta property=\"og:image:type\" content=\"image\/jpeg\" \/>\n<meta name=\"author\" content=\"Agencija\" \/>\n<meta name=\"twitter:card\" content=\"summary_large_image\" \/>\n<meta name=\"twitter:label1\" content=\"Written by\" \/>\n\t<meta name=\"twitter:data1\" content=\"Agencija\" \/>\n\t<meta name=\"twitter:label2\" content=\"Est. reading time\" \/>\n\t<meta name=\"twitter:data2\" content=\"5 minuta\" \/>\n<script type=\"application\/ld+json\" class=\"yoast-schema-graph\">{\"@context\":\"https:\/\/schema.org\",\"@graph\":[{\"@type\":\"Article\",\"@id\":\"https:\/\/sandzakpress.net\/arhiva\/gradovi-koji-umiru-andrijevica-i-petnjica-bile-bolje-povezane-prije-pola-vijeka\/#article\",\"isPartOf\":{\"@id\":\"https:\/\/sandzakpress.net\/arhiva\/gradovi-koji-umiru-andrijevica-i-petnjica-bile-bolje-povezane-prije-pola-vijeka\/\"},\"author\":{\"name\":\"Agencija\",\"@id\":\"https:\/\/sandzakpress.net\/arhiva\/#\/schema\/person\/cb59d7e3ab91ab90dd680ad0305a6185\"},\"headline\":\"Gradovi koji umiru: Andrijevica i Petnjica bile bolje povezane prije pola vijeka\",\"datePublished\":\"2019-05-17T13:47:14+00:00\",\"mainEntityOfPage\":{\"@id\":\"https:\/\/sandzakpress.net\/arhiva\/gradovi-koji-umiru-andrijevica-i-petnjica-bile-bolje-povezane-prije-pola-vijeka\/\"},\"wordCount\":994,\"commentCount\":0,\"publisher\":{\"@id\":\"https:\/\/sandzakpress.net\/arhiva\/#\/schema\/person\/6e72b67d6e51910a1117b3b483ba20bd\"},\"image\":{\"@id\":\"https:\/\/sandzakpress.net\/arhiva\/gradovi-koji-umiru-andrijevica-i-petnjica-bile-bolje-povezane-prije-pola-vijeka\/#primaryimage\"},\"thumbnailUrl\":\"https:\/\/sandzakpress.net\/arhiva\/wp-content\/uploads\/2019\/05\/20190512210512_74a69ba9-eb9e-448f-af37-acff653eceac.jpeg.jpg\",\"articleSection\":[\"Petnjica\",\"Privreda\"],\"inLanguage\":\"bs-BA\",\"potentialAction\":[{\"@type\":\"CommentAction\",\"name\":\"Comment\",\"target\":[\"https:\/\/sandzakpress.net\/arhiva\/gradovi-koji-umiru-andrijevica-i-petnjica-bile-bolje-povezane-prije-pola-vijeka\/#respond\"]}]},{\"@type\":\"WebPage\",\"@id\":\"https:\/\/sandzakpress.net\/arhiva\/gradovi-koji-umiru-andrijevica-i-petnjica-bile-bolje-povezane-prije-pola-vijeka\/\",\"url\":\"https:\/\/sandzakpress.net\/arhiva\/gradovi-koji-umiru-andrijevica-i-petnjica-bile-bolje-povezane-prije-pola-vijeka\/\",\"name\":\"Gradovi koji umiru: Andrijevica i Petnjica bile bolje povezane prije pola vijeka\",\"isPartOf\":{\"@id\":\"https:\/\/sandzakpress.net\/arhiva\/#website\"},\"primaryImageOfPage\":{\"@id\":\"https:\/\/sandzakpress.net\/arhiva\/gradovi-koji-umiru-andrijevica-i-petnjica-bile-bolje-povezane-prije-pola-vijeka\/#primaryimage\"},\"image\":{\"@id\":\"https:\/\/sandzakpress.net\/arhiva\/gradovi-koji-umiru-andrijevica-i-petnjica-bile-bolje-povezane-prije-pola-vijeka\/#primaryimage\"},\"thumbnailUrl\":\"https:\/\/sandzakpress.net\/arhiva\/wp-content\/uploads\/2019\/05\/20190512210512_74a69ba9-eb9e-448f-af37-acff653eceac.jpeg.jpg\",\"datePublished\":\"2019-05-17T13:47:14+00:00\",\"breadcrumb\":{\"@id\":\"https:\/\/sandzakpress.net\/arhiva\/gradovi-koji-umiru-andrijevica-i-petnjica-bile-bolje-povezane-prije-pola-vijeka\/#breadcrumb\"},\"inLanguage\":\"bs-BA\",\"potentialAction\":[{\"@type\":\"ReadAction\",\"target\":[\"https:\/\/sandzakpress.net\/arhiva\/gradovi-koji-umiru-andrijevica-i-petnjica-bile-bolje-povezane-prije-pola-vijeka\/\"]}]},{\"@type\":\"ImageObject\",\"inLanguage\":\"bs-BA\",\"@id\":\"https:\/\/sandzakpress.net\/arhiva\/gradovi-koji-umiru-andrijevica-i-petnjica-bile-bolje-povezane-prije-pola-vijeka\/#primaryimage\",\"url\":\"https:\/\/sandzakpress.net\/arhiva\/wp-content\/uploads\/2019\/05\/20190512210512_74a69ba9-eb9e-448f-af37-acff653eceac.jpeg.jpg\",\"contentUrl\":\"https:\/\/sandzakpress.net\/arhiva\/wp-content\/uploads\/2019\/05\/20190512210512_74a69ba9-eb9e-448f-af37-acff653eceac.jpeg.jpg\",\"width\":800,\"height\":385},{\"@type\":\"BreadcrumbList\",\"@id\":\"https:\/\/sandzakpress.net\/arhiva\/gradovi-koji-umiru-andrijevica-i-petnjica-bile-bolje-povezane-prije-pola-vijeka\/#breadcrumb\",\"itemListElement\":[{\"@type\":\"ListItem\",\"position\":1,\"name\":\"Home\",\"item\":\"https:\/\/sandzakpress.net\/arhiva\/\"},{\"@type\":\"ListItem\",\"position\":2,\"name\":\"Gradovi koji umiru: Andrijevica i Petnjica bile bolje povezane prije pola vijeka\"}]},{\"@type\":\"WebSite\",\"@id\":\"https:\/\/sandzakpress.net\/arhiva\/#website\",\"url\":\"https:\/\/sandzakpress.net\/arhiva\/\",\"name\":\"Sand\u017eak PRESS\",\"description\":\"Prve elektronske novine u Sand\u017eaku\",\"publisher\":{\"@id\":\"https:\/\/sandzakpress.net\/arhiva\/#\/schema\/person\/6e72b67d6e51910a1117b3b483ba20bd\"},\"potentialAction\":[{\"@type\":\"SearchAction\",\"target\":{\"@type\":\"EntryPoint\",\"urlTemplate\":\"https:\/\/sandzakpress.net\/arhiva\/?s={search_term_string}\"},\"query-input\":{\"@type\":\"PropertyValueSpecification\",\"valueRequired\":true,\"valueName\":\"search_term_string\"}}],\"inLanguage\":\"bs-BA\"},{\"@type\":[\"Person\",\"Organization\"],\"@id\":\"https:\/\/sandzakpress.net\/arhiva\/#\/schema\/person\/6e72b67d6e51910a1117b3b483ba20bd\",\"name\":\"Kul\",\"image\":{\"@type\":\"ImageObject\",\"inLanguage\":\"bs-BA\",\"@id\":\"https:\/\/sandzakpress.net\/arhiva\/#\/schema\/person\/image\/\",\"url\":\"https:\/\/secure.gravatar.com\/avatar\/42263f39aa27ac04c43cab85c280eb2e?s=96&d=mm&r=pg\",\"contentUrl\":\"https:\/\/secure.gravatar.com\/avatar\/42263f39aa27ac04c43cab85c280eb2e?s=96&d=mm&r=pg\",\"caption\":\"Kul\"},\"logo\":{\"@id\":\"https:\/\/sandzakpress.net\/arhiva\/#\/schema\/person\/image\/\"}},{\"@type\":\"Person\",\"@id\":\"https:\/\/sandzakpress.net\/arhiva\/#\/schema\/person\/cb59d7e3ab91ab90dd680ad0305a6185\",\"name\":\"Agencija\",\"image\":{\"@type\":\"ImageObject\",\"inLanguage\":\"bs-BA\",\"@id\":\"https:\/\/sandzakpress.net\/arhiva\/#\/schema\/person\/image\/\",\"url\":\"https:\/\/secure.gravatar.com\/avatar\/4b7fafa80a22f0c2afe23966b3961fe0?s=96&d=mm&r=pg\",\"contentUrl\":\"https:\/\/secure.gravatar.com\/avatar\/4b7fafa80a22f0c2afe23966b3961fe0?s=96&d=mm&r=pg\",\"caption\":\"Agencija\"},\"url\":\"https:\/\/sandzakpress.net\/arhiva\/author\/agencija\/\"}]}<\/script>\n<!-- \/ Yoast SEO Premium plugin. -->","yoast_head_json":{"title":"Gradovi koji umiru: Andrijevica i Petnjica bile bolje povezane prije pola vijeka","robots":{"index":"index","follow":"follow","max-snippet":"max-snippet:-1","max-image-preview":"max-image-preview:large","max-video-preview":"max-video-preview:-1"},"canonical":"https:\/\/sandzakpress.net\/arhiva\/gradovi-koji-umiru-andrijevica-i-petnjica-bile-bolje-povezane-prije-pola-vijeka\/","og_locale":"bs_BA","og_type":"article","og_title":"Gradovi koji umiru: Andrijevica i Petnjica bile bolje povezane prije pola vijeka","og_description":"Andrijevica i Petnjica i veliki mjesni centri u beranskoj op\u0161tini prije 50 godina bolje su bili povezani me\u0111usobno nego sada. Nema ni autobusa ni kombija, a sve je manje i putnika Stanovnici Andrijevice i Petnjice, kao i velikih mjesnih centara na podru\u010dju beranske op\u0161tine, prije pola vijeka bili su bolje povezani sa gradovima u susjedstvu [&hellip;]","og_url":"https:\/\/sandzakpress.net\/arhiva\/gradovi-koji-umiru-andrijevica-i-petnjica-bile-bolje-povezane-prije-pola-vijeka\/","og_site_name":"Sand\u017eak PRESS","article_published_time":"2019-05-17T13:47:14+00:00","og_image":[{"width":800,"height":385,"url":"https:\/\/sandzakpress.net\/arhiva\/wp-content\/uploads\/2019\/05\/20190512210512_74a69ba9-eb9e-448f-af37-acff653eceac.jpeg.jpg","type":"image\/jpeg"}],"author":"Agencija","twitter_card":"summary_large_image","twitter_misc":{"Written by":"Agencija","Est. reading time":"5 minuta"},"schema":{"@context":"https:\/\/schema.org","@graph":[{"@type":"Article","@id":"https:\/\/sandzakpress.net\/arhiva\/gradovi-koji-umiru-andrijevica-i-petnjica-bile-bolje-povezane-prije-pola-vijeka\/#article","isPartOf":{"@id":"https:\/\/sandzakpress.net\/arhiva\/gradovi-koji-umiru-andrijevica-i-petnjica-bile-bolje-povezane-prije-pola-vijeka\/"},"author":{"name":"Agencija","@id":"https:\/\/sandzakpress.net\/arhiva\/#\/schema\/person\/cb59d7e3ab91ab90dd680ad0305a6185"},"headline":"Gradovi koji umiru: Andrijevica i Petnjica bile bolje povezane prije pola vijeka","datePublished":"2019-05-17T13:47:14+00:00","mainEntityOfPage":{"@id":"https:\/\/sandzakpress.net\/arhiva\/gradovi-koji-umiru-andrijevica-i-petnjica-bile-bolje-povezane-prije-pola-vijeka\/"},"wordCount":994,"commentCount":0,"publisher":{"@id":"https:\/\/sandzakpress.net\/arhiva\/#\/schema\/person\/6e72b67d6e51910a1117b3b483ba20bd"},"image":{"@id":"https:\/\/sandzakpress.net\/arhiva\/gradovi-koji-umiru-andrijevica-i-petnjica-bile-bolje-povezane-prije-pola-vijeka\/#primaryimage"},"thumbnailUrl":"https:\/\/sandzakpress.net\/arhiva\/wp-content\/uploads\/2019\/05\/20190512210512_74a69ba9-eb9e-448f-af37-acff653eceac.jpeg.jpg","articleSection":["Petnjica","Privreda"],"inLanguage":"bs-BA","potentialAction":[{"@type":"CommentAction","name":"Comment","target":["https:\/\/sandzakpress.net\/arhiva\/gradovi-koji-umiru-andrijevica-i-petnjica-bile-bolje-povezane-prije-pola-vijeka\/#respond"]}]},{"@type":"WebPage","@id":"https:\/\/sandzakpress.net\/arhiva\/gradovi-koji-umiru-andrijevica-i-petnjica-bile-bolje-povezane-prije-pola-vijeka\/","url":"https:\/\/sandzakpress.net\/arhiva\/gradovi-koji-umiru-andrijevica-i-petnjica-bile-bolje-povezane-prije-pola-vijeka\/","name":"Gradovi koji umiru: Andrijevica i Petnjica bile bolje povezane prije pola vijeka","isPartOf":{"@id":"https:\/\/sandzakpress.net\/arhiva\/#website"},"primaryImageOfPage":{"@id":"https:\/\/sandzakpress.net\/arhiva\/gradovi-koji-umiru-andrijevica-i-petnjica-bile-bolje-povezane-prije-pola-vijeka\/#primaryimage"},"image":{"@id":"https:\/\/sandzakpress.net\/arhiva\/gradovi-koji-umiru-andrijevica-i-petnjica-bile-bolje-povezane-prije-pola-vijeka\/#primaryimage"},"thumbnailUrl":"https:\/\/sandzakpress.net\/arhiva\/wp-content\/uploads\/2019\/05\/20190512210512_74a69ba9-eb9e-448f-af37-acff653eceac.jpeg.jpg","datePublished":"2019-05-17T13:47:14+00:00","breadcrumb":{"@id":"https:\/\/sandzakpress.net\/arhiva\/gradovi-koji-umiru-andrijevica-i-petnjica-bile-bolje-povezane-prije-pola-vijeka\/#breadcrumb"},"inLanguage":"bs-BA","potentialAction":[{"@type":"ReadAction","target":["https:\/\/sandzakpress.net\/arhiva\/gradovi-koji-umiru-andrijevica-i-petnjica-bile-bolje-povezane-prije-pola-vijeka\/"]}]},{"@type":"ImageObject","inLanguage":"bs-BA","@id":"https:\/\/sandzakpress.net\/arhiva\/gradovi-koji-umiru-andrijevica-i-petnjica-bile-bolje-povezane-prije-pola-vijeka\/#primaryimage","url":"https:\/\/sandzakpress.net\/arhiva\/wp-content\/uploads\/2019\/05\/20190512210512_74a69ba9-eb9e-448f-af37-acff653eceac.jpeg.jpg","contentUrl":"https:\/\/sandzakpress.net\/arhiva\/wp-content\/uploads\/2019\/05\/20190512210512_74a69ba9-eb9e-448f-af37-acff653eceac.jpeg.jpg","width":800,"height":385},{"@type":"BreadcrumbList","@id":"https:\/\/sandzakpress.net\/arhiva\/gradovi-koji-umiru-andrijevica-i-petnjica-bile-bolje-povezane-prije-pola-vijeka\/#breadcrumb","itemListElement":[{"@type":"ListItem","position":1,"name":"Home","item":"https:\/\/sandzakpress.net\/arhiva\/"},{"@type":"ListItem","position":2,"name":"Gradovi koji umiru: Andrijevica i Petnjica bile bolje povezane prije pola vijeka"}]},{"@type":"WebSite","@id":"https:\/\/sandzakpress.net\/arhiva\/#website","url":"https:\/\/sandzakpress.net\/arhiva\/","name":"Sand\u017eak PRESS","description":"Prve elektronske novine u Sand\u017eaku","publisher":{"@id":"https:\/\/sandzakpress.net\/arhiva\/#\/schema\/person\/6e72b67d6e51910a1117b3b483ba20bd"},"potentialAction":[{"@type":"SearchAction","target":{"@type":"EntryPoint","urlTemplate":"https:\/\/sandzakpress.net\/arhiva\/?s={search_term_string}"},"query-input":{"@type":"PropertyValueSpecification","valueRequired":true,"valueName":"search_term_string"}}],"inLanguage":"bs-BA"},{"@type":["Person","Organization"],"@id":"https:\/\/sandzakpress.net\/arhiva\/#\/schema\/person\/6e72b67d6e51910a1117b3b483ba20bd","name":"Kul","image":{"@type":"ImageObject","inLanguage":"bs-BA","@id":"https:\/\/sandzakpress.net\/arhiva\/#\/schema\/person\/image\/","url":"https:\/\/secure.gravatar.com\/avatar\/42263f39aa27ac04c43cab85c280eb2e?s=96&d=mm&r=pg","contentUrl":"https:\/\/secure.gravatar.com\/avatar\/42263f39aa27ac04c43cab85c280eb2e?s=96&d=mm&r=pg","caption":"Kul"},"logo":{"@id":"https:\/\/sandzakpress.net\/arhiva\/#\/schema\/person\/image\/"}},{"@type":"Person","@id":"https:\/\/sandzakpress.net\/arhiva\/#\/schema\/person\/cb59d7e3ab91ab90dd680ad0305a6185","name":"Agencija","image":{"@type":"ImageObject","inLanguage":"bs-BA","@id":"https:\/\/sandzakpress.net\/arhiva\/#\/schema\/person\/image\/","url":"https:\/\/secure.gravatar.com\/avatar\/4b7fafa80a22f0c2afe23966b3961fe0?s=96&d=mm&r=pg","contentUrl":"https:\/\/secure.gravatar.com\/avatar\/4b7fafa80a22f0c2afe23966b3961fe0?s=96&d=mm&r=pg","caption":"Agencija"},"url":"https:\/\/sandzakpress.net\/arhiva\/author\/agencija\/"}]}},"_links":{"self":[{"href":"https:\/\/sandzakpress.net\/arhiva\/wp-json\/wp\/v2\/posts\/223482"}],"collection":[{"href":"https:\/\/sandzakpress.net\/arhiva\/wp-json\/wp\/v2\/posts"}],"about":[{"href":"https:\/\/sandzakpress.net\/arhiva\/wp-json\/wp\/v2\/types\/post"}],"author":[{"embeddable":true,"href":"https:\/\/sandzakpress.net\/arhiva\/wp-json\/wp\/v2\/users\/509"}],"replies":[{"embeddable":true,"href":"https:\/\/sandzakpress.net\/arhiva\/wp-json\/wp\/v2\/comments?post=223482"}],"version-history":[{"count":0,"href":"https:\/\/sandzakpress.net\/arhiva\/wp-json\/wp\/v2\/posts\/223482\/revisions"}],"wp:featuredmedia":[{"embeddable":true,"href":"https:\/\/sandzakpress.net\/arhiva\/wp-json\/wp\/v2\/media\/223485"}],"wp:attachment":[{"href":"https:\/\/sandzakpress.net\/arhiva\/wp-json\/wp\/v2\/media?parent=223482"}],"wp:term":[{"taxonomy":"category","embeddable":true,"href":"https:\/\/sandzakpress.net\/arhiva\/wp-json\/wp\/v2\/categories?post=223482"},{"taxonomy":"post_tag","embeddable":true,"href":"https:\/\/sandzakpress.net\/arhiva\/wp-json\/wp\/v2\/tags?post=223482"}],"curies":[{"name":"wp","href":"https:\/\/api.w.org\/{rel}","templated":true}]}}