{"id":223416,"date":"2019-05-17T11:26:46","date_gmt":"2019-05-17T09:26:46","guid":{"rendered":"https:\/\/sandzakpress.net\/arhiva\/na-prijedlog-desnice-austrija-zabranila-nosenje-marama-i-burke-u-osnovnim-skolama-jevrejima-dozvoljeno-vjersko-odjevanje"},"modified":"2019-05-17T11:26:46","modified_gmt":"2019-05-17T09:26:46","slug":"na-prijedlog-desnice-austrija-zabranila-nosenje-marama-i-burke-u-osnovnim-skolama-jevrejima-dozvoljeno-vjersko-odjevanje","status":"publish","type":"post","link":"https:\/\/sandzakpress.net\/arhiva\/na-prijedlog-desnice-austrija-zabranila-nosenje-marama-i-burke-u-osnovnim-skolama-jevrejima-dozvoljeno-vjersko-odjevanje\/","title":{"rendered":"Na prijedlog desnice, Austrija zabranila no\u0161enje marama i burke u osnovnim \u0161kolama \u2013 Jevrejima dozvoljeno vjersko odjevanje"},"content":{"rendered":"<p><span class=\"cb-itemprop\"><\/p>\n<p><img decoding=\"async\" src=\"http:\/\/balkans.aljazeera.net\/sites\/default\/files\/styles\/d8\/public\/burka_zabrana_austrija_reuters.jpg?itok=PSqd1fI8\" \/><\/p>\n<p><strong>Austrijski zastupnici su odobrili nacrt zakona koji je predlo\u017eila koalicijska vlada desnice i krajnje desnice kojim se zabranjuje no\u0161enje burke u osnovnoj \u0161koli.<\/strong><\/p>\n<p>Kako bi se za\u0161titili od optu\u017ebi za diskriminaciju muslimana, tekst spominje \u201ebilo kakvu odje\u0107u s ideolo\u0161kim ili s vjerskim oznakama koja pokriva glavu\u201c, prenijela je Hina.<\/p>\n<p>Isti\u010du da se zabrana ne odnosi na kape koje nose dje\u010daci Siki ili jevrejska kipa.<\/p>\n<p><strong>No, \u010dlanovi koalicije na vlasti, konzervativci (OVP) kancelara Sebastiana Kurza i krajnja desnica (FPO) jasno su rekli da zakon\u00a0smjera na burku.<\/strong><\/p>\n<p>Glasnogovornik FPO-a za prosvjetu Wendelin Moelzer rekao je da je zakon \u201esignal protiv politi\u010dkog islama\u201c a zastupnik OVP-a Rudolf Tascher je istaknuo da je tekst nu\u017ean kako se djevoj\u010dice ne bi \u201edr\u017eale u ropskoj pokornosti\u201c.<\/p>\n<p>Predstavnici vladaju\u0107e koalicije,\u00a0\u010dlanovi krajnje desne Slobodarske stranke Austrije i Narodne stranke desnog centra, jasno su stavili do znanja da se zakon, unato\u010d op\u0107enitom opisu, odnosi samo na muslimanske marame.<\/p>\n<p>Slu\u017ebena muslimanska organizacija u Austriji\u00a0IGGOe ranije je o\u0161tro osudila ovaj zakon nazvav\u0161i ga besramnom i diverzantskom taktikom.\u00a0U svakom slu\u010daju isti\u010du kako \u0107e ovom mjerom biti pogo\u0111en zanemariv broj djevoj\u010dica.<\/p>\n<p>Ve\u0107ina opozicionih zastupnika glasala je protiv zakona.<\/p>\n<h4>Opozicija bila protiv nacrta<\/h4>\n<p>Vlada dodaje da zakonom nisu obuhva\u0107eni turban sikha i \u017eidovska kipa.<\/p>\n<p>Udru\u017eenje austrijskih muslimana IGGO nazvao je nacrt zakona \u201esramotnim\u201c i \u201ediverzijskom taktikom\u201c, istaknuv\u0161i da burku u osnovnoj \u0161koli nosi tek veoma mali broj djevoj\u010dica.<\/p>\n<p>Gotovo svi opozicioni zastupnici glasali su protiv teksta a neki su optu\u017eili vladu da \u017eeli puniti naslovnice novina umjesto da radi za dobrobit djece.<\/p>\n<p><em>Izvor:\u00a0Agencije, Al jazeera, radiosarajevo.ba<\/em><\/p>\n<p><\/span><br \/>\nPogledajte vijest na izvornom sajtu:<\/p>\n<p><a href=\"https:\/\/islampress.net\/45237\/na-prijedlog-desnice-austrija-zabranila-nosenje-marama-i-burke-u-osnovnim-skolama-jevrejima-dozvoljeno-vjersko-odjevanje\/\" target=\"_blank\">Na prijedlog desnice, Austrija zabranila no\u0161enje marama i burke u osnovnim \u0161kolama \u2013 Jevrejima dozvoljeno vjersko odjevanje<\/a><\/p>\n","protected":false},"excerpt":{"rendered":"<p>Austrijski zastupnici su odobrili nacrt zakona koji je predlo\u017eila koalicijska vlada desnice i krajnje desnice kojim se zabranjuje no\u0161enje burke u osnovnoj \u0161koli. Kako bi se za\u0161titili od optu\u017ebi za diskriminaciju muslimana, tekst spominje \u201ebilo kakvu odje\u0107u s ideolo\u0161kim ili s vjerskim oznakama koja pokriva glavu\u201c, prenijela je Hina. Isti\u010du da se zabrana ne odnosi [&hellip;]<\/p>\n","protected":false},"author":83,"featured_media":0,"comment_status":"open","ping_status":"open","sticky":false,"template":"","format":"standard","meta":{"footnotes":""},"categories":[9],"tags":[10499],"class_list":{"0":"post-223416","1":"post","2":"type-post","3":"status-publish","4":"format-standard","6":"category-svijet","7":"tag-a"},"yoast_head":"<!-- This site is optimized with the Yoast SEO Premium plugin v23.1 (Yoast SEO v24.9) - https:\/\/yoast.com\/wordpress\/plugins\/seo\/ -->\n<title>Na prijedlog desnice, Austrija zabranila no\u0161enje marama i burke u osnovnim \u0161kolama \u2013 Jevrejima dozvoljeno vjersko odjevanje<\/title>\n<meta name=\"robots\" content=\"index, follow, max-snippet:-1, max-image-preview:large, max-video-preview:-1\" \/>\n<link rel=\"canonical\" href=\"https:\/\/sandzakpress.net\/arhiva\/na-prijedlog-desnice-austrija-zabranila-nosenje-marama-i-burke-u-osnovnim-skolama-jevrejima-dozvoljeno-vjersko-odjevanje\/\" \/>\n<meta property=\"og:locale\" content=\"bs_BA\" \/>\n<meta property=\"og:type\" content=\"article\" \/>\n<meta property=\"og:title\" content=\"Na prijedlog desnice, Austrija zabranila no\u0161enje marama i burke u osnovnim \u0161kolama \u2013 Jevrejima dozvoljeno vjersko odjevanje\" \/>\n<meta property=\"og:description\" content=\"Austrijski zastupnici su odobrili nacrt zakona koji je predlo\u017eila koalicijska vlada desnice i krajnje desnice kojim se zabranjuje no\u0161enje burke u osnovnoj \u0161koli. Kako bi se za\u0161titili od optu\u017ebi za diskriminaciju muslimana, tekst spominje \u201ebilo kakvu odje\u0107u s ideolo\u0161kim ili s vjerskim oznakama koja pokriva glavu\u201c, prenijela je Hina. Isti\u010du da se zabrana ne odnosi [&hellip;]\" \/>\n<meta property=\"og:url\" content=\"https:\/\/sandzakpress.net\/arhiva\/na-prijedlog-desnice-austrija-zabranila-nosenje-marama-i-burke-u-osnovnim-skolama-jevrejima-dozvoljeno-vjersko-odjevanje\/\" \/>\n<meta property=\"og:site_name\" content=\"Sand\u017eak PRESS\" \/>\n<meta property=\"article:published_time\" content=\"2019-05-17T09:26:46+00:00\" \/>\n<meta property=\"og:image\" content=\"http:\/\/balkans.aljazeera.net\/sites\/default\/files\/styles\/d8\/public\/burka_zabrana_austrija_reuters.jpg?itok=PSqd1fI8\" \/>\n<meta name=\"author\" content=\"bosniak\" \/>\n<meta name=\"twitter:card\" content=\"summary_large_image\" \/>\n<meta name=\"twitter:label1\" content=\"Written by\" \/>\n\t<meta name=\"twitter:data1\" content=\"bosniak\" \/>\n\t<meta name=\"twitter:label2\" content=\"Est. reading time\" \/>\n\t<meta name=\"twitter:data2\" content=\"2 minute\" \/>\n<script type=\"application\/ld+json\" class=\"yoast-schema-graph\">{\"@context\":\"https:\/\/schema.org\",\"@graph\":[{\"@type\":\"Article\",\"@id\":\"https:\/\/sandzakpress.net\/arhiva\/na-prijedlog-desnice-austrija-zabranila-nosenje-marama-i-burke-u-osnovnim-skolama-jevrejima-dozvoljeno-vjersko-odjevanje\/#article\",\"isPartOf\":{\"@id\":\"https:\/\/sandzakpress.net\/arhiva\/na-prijedlog-desnice-austrija-zabranila-nosenje-marama-i-burke-u-osnovnim-skolama-jevrejima-dozvoljeno-vjersko-odjevanje\/\"},\"author\":{\"name\":\"bosniak\",\"@id\":\"https:\/\/sandzakpress.net\/arhiva\/#\/schema\/person\/c8baee722073534b583ea7bdb2e36c02\"},\"headline\":\"Na prijedlog desnice, Austrija zabranila no\u0161enje marama i burke u osnovnim \u0161kolama \u2013 Jevrejima dozvoljeno vjersko odjevanje\",\"datePublished\":\"2019-05-17T09:26:46+00:00\",\"mainEntityOfPage\":{\"@id\":\"https:\/\/sandzakpress.net\/arhiva\/na-prijedlog-desnice-austrija-zabranila-nosenje-marama-i-burke-u-osnovnim-skolama-jevrejima-dozvoljeno-vjersko-odjevanje\/\"},\"wordCount\":324,\"commentCount\":0,\"publisher\":{\"@id\":\"https:\/\/sandzakpress.net\/arhiva\/#\/schema\/person\/6e72b67d6e51910a1117b3b483ba20bd\"},\"image\":{\"@id\":\"https:\/\/sandzakpress.net\/arhiva\/na-prijedlog-desnice-austrija-zabranila-nosenje-marama-i-burke-u-osnovnim-skolama-jevrejima-dozvoljeno-vjersko-odjevanje\/#primaryimage\"},\"thumbnailUrl\":\"http:\/\/balkans.aljazeera.net\/sites\/default\/files\/styles\/d8\/public\/burka_zabrana_austrija_reuters.jpg?itok=PSqd1fI8\",\"keywords\":[\"A\"],\"articleSection\":[\"Svijet\"],\"inLanguage\":\"bs-BA\",\"potentialAction\":[{\"@type\":\"CommentAction\",\"name\":\"Comment\",\"target\":[\"https:\/\/sandzakpress.net\/arhiva\/na-prijedlog-desnice-austrija-zabranila-nosenje-marama-i-burke-u-osnovnim-skolama-jevrejima-dozvoljeno-vjersko-odjevanje\/#respond\"]}]},{\"@type\":\"WebPage\",\"@id\":\"https:\/\/sandzakpress.net\/arhiva\/na-prijedlog-desnice-austrija-zabranila-nosenje-marama-i-burke-u-osnovnim-skolama-jevrejima-dozvoljeno-vjersko-odjevanje\/\",\"url\":\"https:\/\/sandzakpress.net\/arhiva\/na-prijedlog-desnice-austrija-zabranila-nosenje-marama-i-burke-u-osnovnim-skolama-jevrejima-dozvoljeno-vjersko-odjevanje\/\",\"name\":\"Na prijedlog desnice, Austrija zabranila no\u0161enje marama i burke u osnovnim \u0161kolama \u2013 Jevrejima dozvoljeno vjersko odjevanje\",\"isPartOf\":{\"@id\":\"https:\/\/sandzakpress.net\/arhiva\/#website\"},\"primaryImageOfPage\":{\"@id\":\"https:\/\/sandzakpress.net\/arhiva\/na-prijedlog-desnice-austrija-zabranila-nosenje-marama-i-burke-u-osnovnim-skolama-jevrejima-dozvoljeno-vjersko-odjevanje\/#primaryimage\"},\"image\":{\"@id\":\"https:\/\/sandzakpress.net\/arhiva\/na-prijedlog-desnice-austrija-zabranila-nosenje-marama-i-burke-u-osnovnim-skolama-jevrejima-dozvoljeno-vjersko-odjevanje\/#primaryimage\"},\"thumbnailUrl\":\"http:\/\/balkans.aljazeera.net\/sites\/default\/files\/styles\/d8\/public\/burka_zabrana_austrija_reuters.jpg?itok=PSqd1fI8\",\"datePublished\":\"2019-05-17T09:26:46+00:00\",\"breadcrumb\":{\"@id\":\"https:\/\/sandzakpress.net\/arhiva\/na-prijedlog-desnice-austrija-zabranila-nosenje-marama-i-burke-u-osnovnim-skolama-jevrejima-dozvoljeno-vjersko-odjevanje\/#breadcrumb\"},\"inLanguage\":\"bs-BA\",\"potentialAction\":[{\"@type\":\"ReadAction\",\"target\":[\"https:\/\/sandzakpress.net\/arhiva\/na-prijedlog-desnice-austrija-zabranila-nosenje-marama-i-burke-u-osnovnim-skolama-jevrejima-dozvoljeno-vjersko-odjevanje\/\"]}]},{\"@type\":\"ImageObject\",\"inLanguage\":\"bs-BA\",\"@id\":\"https:\/\/sandzakpress.net\/arhiva\/na-prijedlog-desnice-austrija-zabranila-nosenje-marama-i-burke-u-osnovnim-skolama-jevrejima-dozvoljeno-vjersko-odjevanje\/#primaryimage\",\"url\":\"http:\/\/balkans.aljazeera.net\/sites\/default\/files\/styles\/d8\/public\/burka_zabrana_austrija_reuters.jpg?itok=PSqd1fI8\",\"contentUrl\":\"http:\/\/balkans.aljazeera.net\/sites\/default\/files\/styles\/d8\/public\/burka_zabrana_austrija_reuters.jpg?itok=PSqd1fI8\"},{\"@type\":\"BreadcrumbList\",\"@id\":\"https:\/\/sandzakpress.net\/arhiva\/na-prijedlog-desnice-austrija-zabranila-nosenje-marama-i-burke-u-osnovnim-skolama-jevrejima-dozvoljeno-vjersko-odjevanje\/#breadcrumb\",\"itemListElement\":[{\"@type\":\"ListItem\",\"position\":1,\"name\":\"Home\",\"item\":\"https:\/\/sandzakpress.net\/arhiva\/\"},{\"@type\":\"ListItem\",\"position\":2,\"name\":\"Na prijedlog desnice, Austrija zabranila no\u0161enje marama i burke u osnovnim \u0161kolama \u2013 Jevrejima dozvoljeno vjersko odjevanje\"}]},{\"@type\":\"WebSite\",\"@id\":\"https:\/\/sandzakpress.net\/arhiva\/#website\",\"url\":\"https:\/\/sandzakpress.net\/arhiva\/\",\"name\":\"Sand\u017eak PRESS\",\"description\":\"Prve elektronske novine u Sand\u017eaku\",\"publisher\":{\"@id\":\"https:\/\/sandzakpress.net\/arhiva\/#\/schema\/person\/6e72b67d6e51910a1117b3b483ba20bd\"},\"potentialAction\":[{\"@type\":\"SearchAction\",\"target\":{\"@type\":\"EntryPoint\",\"urlTemplate\":\"https:\/\/sandzakpress.net\/arhiva\/?s={search_term_string}\"},\"query-input\":{\"@type\":\"PropertyValueSpecification\",\"valueRequired\":true,\"valueName\":\"search_term_string\"}}],\"inLanguage\":\"bs-BA\"},{\"@type\":[\"Person\",\"Organization\"],\"@id\":\"https:\/\/sandzakpress.net\/arhiva\/#\/schema\/person\/6e72b67d6e51910a1117b3b483ba20bd\",\"name\":\"Kul\",\"image\":{\"@type\":\"ImageObject\",\"inLanguage\":\"bs-BA\",\"@id\":\"https:\/\/sandzakpress.net\/arhiva\/#\/schema\/person\/image\/\",\"url\":\"https:\/\/secure.gravatar.com\/avatar\/42263f39aa27ac04c43cab85c280eb2e?s=96&d=mm&r=pg\",\"contentUrl\":\"https:\/\/secure.gravatar.com\/avatar\/42263f39aa27ac04c43cab85c280eb2e?s=96&d=mm&r=pg\",\"caption\":\"Kul\"},\"logo\":{\"@id\":\"https:\/\/sandzakpress.net\/arhiva\/#\/schema\/person\/image\/\"}},{\"@type\":\"Person\",\"@id\":\"https:\/\/sandzakpress.net\/arhiva\/#\/schema\/person\/c8baee722073534b583ea7bdb2e36c02\",\"name\":\"bosniak\",\"image\":{\"@type\":\"ImageObject\",\"inLanguage\":\"bs-BA\",\"@id\":\"https:\/\/sandzakpress.net\/arhiva\/#\/schema\/person\/image\/\",\"url\":\"https:\/\/secure.gravatar.com\/avatar\/a04fd330bfe3a36a72a0ad4a6d89fca7?s=96&d=mm&r=pg\",\"contentUrl\":\"https:\/\/secure.gravatar.com\/avatar\/a04fd330bfe3a36a72a0ad4a6d89fca7?s=96&d=mm&r=pg\",\"caption\":\"bosniak\"},\"url\":\"https:\/\/sandzakpress.net\/arhiva\/author\/bosniak\/\"}]}<\/script>\n<!-- \/ Yoast SEO Premium plugin. -->","yoast_head_json":{"title":"Na prijedlog desnice, Austrija zabranila no\u0161enje marama i burke u osnovnim \u0161kolama \u2013 Jevrejima dozvoljeno vjersko odjevanje","robots":{"index":"index","follow":"follow","max-snippet":"max-snippet:-1","max-image-preview":"max-image-preview:large","max-video-preview":"max-video-preview:-1"},"canonical":"https:\/\/sandzakpress.net\/arhiva\/na-prijedlog-desnice-austrija-zabranila-nosenje-marama-i-burke-u-osnovnim-skolama-jevrejima-dozvoljeno-vjersko-odjevanje\/","og_locale":"bs_BA","og_type":"article","og_title":"Na prijedlog desnice, Austrija zabranila no\u0161enje marama i burke u osnovnim \u0161kolama \u2013 Jevrejima dozvoljeno vjersko odjevanje","og_description":"Austrijski zastupnici su odobrili nacrt zakona koji je predlo\u017eila koalicijska vlada desnice i krajnje desnice kojim se zabranjuje no\u0161enje burke u osnovnoj \u0161koli. Kako bi se za\u0161titili od optu\u017ebi za diskriminaciju muslimana, tekst spominje \u201ebilo kakvu odje\u0107u s ideolo\u0161kim ili s vjerskim oznakama koja pokriva glavu\u201c, prenijela je Hina. Isti\u010du da se zabrana ne odnosi [&hellip;]","og_url":"https:\/\/sandzakpress.net\/arhiva\/na-prijedlog-desnice-austrija-zabranila-nosenje-marama-i-burke-u-osnovnim-skolama-jevrejima-dozvoljeno-vjersko-odjevanje\/","og_site_name":"Sand\u017eak PRESS","article_published_time":"2019-05-17T09:26:46+00:00","og_image":[{"url":"http:\/\/balkans.aljazeera.net\/sites\/default\/files\/styles\/d8\/public\/burka_zabrana_austrija_reuters.jpg?itok=PSqd1fI8","type":"","width":"","height":""}],"author":"bosniak","twitter_card":"summary_large_image","twitter_misc":{"Written by":"bosniak","Est. reading time":"2 minute"},"schema":{"@context":"https:\/\/schema.org","@graph":[{"@type":"Article","@id":"https:\/\/sandzakpress.net\/arhiva\/na-prijedlog-desnice-austrija-zabranila-nosenje-marama-i-burke-u-osnovnim-skolama-jevrejima-dozvoljeno-vjersko-odjevanje\/#article","isPartOf":{"@id":"https:\/\/sandzakpress.net\/arhiva\/na-prijedlog-desnice-austrija-zabranila-nosenje-marama-i-burke-u-osnovnim-skolama-jevrejima-dozvoljeno-vjersko-odjevanje\/"},"author":{"name":"bosniak","@id":"https:\/\/sandzakpress.net\/arhiva\/#\/schema\/person\/c8baee722073534b583ea7bdb2e36c02"},"headline":"Na prijedlog desnice, Austrija zabranila no\u0161enje marama i burke u osnovnim \u0161kolama \u2013 Jevrejima dozvoljeno vjersko odjevanje","datePublished":"2019-05-17T09:26:46+00:00","mainEntityOfPage":{"@id":"https:\/\/sandzakpress.net\/arhiva\/na-prijedlog-desnice-austrija-zabranila-nosenje-marama-i-burke-u-osnovnim-skolama-jevrejima-dozvoljeno-vjersko-odjevanje\/"},"wordCount":324,"commentCount":0,"publisher":{"@id":"https:\/\/sandzakpress.net\/arhiva\/#\/schema\/person\/6e72b67d6e51910a1117b3b483ba20bd"},"image":{"@id":"https:\/\/sandzakpress.net\/arhiva\/na-prijedlog-desnice-austrija-zabranila-nosenje-marama-i-burke-u-osnovnim-skolama-jevrejima-dozvoljeno-vjersko-odjevanje\/#primaryimage"},"thumbnailUrl":"http:\/\/balkans.aljazeera.net\/sites\/default\/files\/styles\/d8\/public\/burka_zabrana_austrija_reuters.jpg?itok=PSqd1fI8","keywords":["A"],"articleSection":["Svijet"],"inLanguage":"bs-BA","potentialAction":[{"@type":"CommentAction","name":"Comment","target":["https:\/\/sandzakpress.net\/arhiva\/na-prijedlog-desnice-austrija-zabranila-nosenje-marama-i-burke-u-osnovnim-skolama-jevrejima-dozvoljeno-vjersko-odjevanje\/#respond"]}]},{"@type":"WebPage","@id":"https:\/\/sandzakpress.net\/arhiva\/na-prijedlog-desnice-austrija-zabranila-nosenje-marama-i-burke-u-osnovnim-skolama-jevrejima-dozvoljeno-vjersko-odjevanje\/","url":"https:\/\/sandzakpress.net\/arhiva\/na-prijedlog-desnice-austrija-zabranila-nosenje-marama-i-burke-u-osnovnim-skolama-jevrejima-dozvoljeno-vjersko-odjevanje\/","name":"Na prijedlog desnice, Austrija zabranila no\u0161enje marama i burke u osnovnim \u0161kolama \u2013 Jevrejima dozvoljeno vjersko odjevanje","isPartOf":{"@id":"https:\/\/sandzakpress.net\/arhiva\/#website"},"primaryImageOfPage":{"@id":"https:\/\/sandzakpress.net\/arhiva\/na-prijedlog-desnice-austrija-zabranila-nosenje-marama-i-burke-u-osnovnim-skolama-jevrejima-dozvoljeno-vjersko-odjevanje\/#primaryimage"},"image":{"@id":"https:\/\/sandzakpress.net\/arhiva\/na-prijedlog-desnice-austrija-zabranila-nosenje-marama-i-burke-u-osnovnim-skolama-jevrejima-dozvoljeno-vjersko-odjevanje\/#primaryimage"},"thumbnailUrl":"http:\/\/balkans.aljazeera.net\/sites\/default\/files\/styles\/d8\/public\/burka_zabrana_austrija_reuters.jpg?itok=PSqd1fI8","datePublished":"2019-05-17T09:26:46+00:00","breadcrumb":{"@id":"https:\/\/sandzakpress.net\/arhiva\/na-prijedlog-desnice-austrija-zabranila-nosenje-marama-i-burke-u-osnovnim-skolama-jevrejima-dozvoljeno-vjersko-odjevanje\/#breadcrumb"},"inLanguage":"bs-BA","potentialAction":[{"@type":"ReadAction","target":["https:\/\/sandzakpress.net\/arhiva\/na-prijedlog-desnice-austrija-zabranila-nosenje-marama-i-burke-u-osnovnim-skolama-jevrejima-dozvoljeno-vjersko-odjevanje\/"]}]},{"@type":"ImageObject","inLanguage":"bs-BA","@id":"https:\/\/sandzakpress.net\/arhiva\/na-prijedlog-desnice-austrija-zabranila-nosenje-marama-i-burke-u-osnovnim-skolama-jevrejima-dozvoljeno-vjersko-odjevanje\/#primaryimage","url":"http:\/\/balkans.aljazeera.net\/sites\/default\/files\/styles\/d8\/public\/burka_zabrana_austrija_reuters.jpg?itok=PSqd1fI8","contentUrl":"http:\/\/balkans.aljazeera.net\/sites\/default\/files\/styles\/d8\/public\/burka_zabrana_austrija_reuters.jpg?itok=PSqd1fI8"},{"@type":"BreadcrumbList","@id":"https:\/\/sandzakpress.net\/arhiva\/na-prijedlog-desnice-austrija-zabranila-nosenje-marama-i-burke-u-osnovnim-skolama-jevrejima-dozvoljeno-vjersko-odjevanje\/#breadcrumb","itemListElement":[{"@type":"ListItem","position":1,"name":"Home","item":"https:\/\/sandzakpress.net\/arhiva\/"},{"@type":"ListItem","position":2,"name":"Na prijedlog desnice, Austrija zabranila no\u0161enje marama i burke u osnovnim \u0161kolama \u2013 Jevrejima dozvoljeno vjersko odjevanje"}]},{"@type":"WebSite","@id":"https:\/\/sandzakpress.net\/arhiva\/#website","url":"https:\/\/sandzakpress.net\/arhiva\/","name":"Sand\u017eak PRESS","description":"Prve elektronske novine u Sand\u017eaku","publisher":{"@id":"https:\/\/sandzakpress.net\/arhiva\/#\/schema\/person\/6e72b67d6e51910a1117b3b483ba20bd"},"potentialAction":[{"@type":"SearchAction","target":{"@type":"EntryPoint","urlTemplate":"https:\/\/sandzakpress.net\/arhiva\/?s={search_term_string}"},"query-input":{"@type":"PropertyValueSpecification","valueRequired":true,"valueName":"search_term_string"}}],"inLanguage":"bs-BA"},{"@type":["Person","Organization"],"@id":"https:\/\/sandzakpress.net\/arhiva\/#\/schema\/person\/6e72b67d6e51910a1117b3b483ba20bd","name":"Kul","image":{"@type":"ImageObject","inLanguage":"bs-BA","@id":"https:\/\/sandzakpress.net\/arhiva\/#\/schema\/person\/image\/","url":"https:\/\/secure.gravatar.com\/avatar\/42263f39aa27ac04c43cab85c280eb2e?s=96&d=mm&r=pg","contentUrl":"https:\/\/secure.gravatar.com\/avatar\/42263f39aa27ac04c43cab85c280eb2e?s=96&d=mm&r=pg","caption":"Kul"},"logo":{"@id":"https:\/\/sandzakpress.net\/arhiva\/#\/schema\/person\/image\/"}},{"@type":"Person","@id":"https:\/\/sandzakpress.net\/arhiva\/#\/schema\/person\/c8baee722073534b583ea7bdb2e36c02","name":"bosniak","image":{"@type":"ImageObject","inLanguage":"bs-BA","@id":"https:\/\/sandzakpress.net\/arhiva\/#\/schema\/person\/image\/","url":"https:\/\/secure.gravatar.com\/avatar\/a04fd330bfe3a36a72a0ad4a6d89fca7?s=96&d=mm&r=pg","contentUrl":"https:\/\/secure.gravatar.com\/avatar\/a04fd330bfe3a36a72a0ad4a6d89fca7?s=96&d=mm&r=pg","caption":"bosniak"},"url":"https:\/\/sandzakpress.net\/arhiva\/author\/bosniak\/"}]}},"_links":{"self":[{"href":"https:\/\/sandzakpress.net\/arhiva\/wp-json\/wp\/v2\/posts\/223416"}],"collection":[{"href":"https:\/\/sandzakpress.net\/arhiva\/wp-json\/wp\/v2\/posts"}],"about":[{"href":"https:\/\/sandzakpress.net\/arhiva\/wp-json\/wp\/v2\/types\/post"}],"author":[{"embeddable":true,"href":"https:\/\/sandzakpress.net\/arhiva\/wp-json\/wp\/v2\/users\/83"}],"replies":[{"embeddable":true,"href":"https:\/\/sandzakpress.net\/arhiva\/wp-json\/wp\/v2\/comments?post=223416"}],"version-history":[{"count":0,"href":"https:\/\/sandzakpress.net\/arhiva\/wp-json\/wp\/v2\/posts\/223416\/revisions"}],"wp:attachment":[{"href":"https:\/\/sandzakpress.net\/arhiva\/wp-json\/wp\/v2\/media?parent=223416"}],"wp:term":[{"taxonomy":"category","embeddable":true,"href":"https:\/\/sandzakpress.net\/arhiva\/wp-json\/wp\/v2\/categories?post=223416"},{"taxonomy":"post_tag","embeddable":true,"href":"https:\/\/sandzakpress.net\/arhiva\/wp-json\/wp\/v2\/tags?post=223416"}],"curies":[{"name":"wp","href":"https:\/\/api.w.org\/{rel}","templated":true}]}}