{"id":223408,"date":"2019-05-17T11:43:37","date_gmt":"2019-05-17T09:43:37","guid":{"rendered":"https:\/\/sandzakpress.net\/arhiva\/sirija-zbog-rezimskih-napada-iz-zone-idlib-raseljeno-vise-od-550-000-ljudi"},"modified":"2019-05-17T11:43:37","modified_gmt":"2019-05-17T09:43:37","slug":"sirija-zbog-rezimskih-napada-iz-zone-idlib-raseljeno-vise-od-550-000-ljudi","status":"publish","type":"post","link":"https:\/\/sandzakpress.net\/arhiva\/sirija-zbog-rezimskih-napada-iz-zone-idlib-raseljeno-vise-od-550-000-ljudi\/","title":{"rendered":"Sirija: Zbog re\u017eimskih napada iz zone Idlib raseljeno vi\u0161e od 550.000 ljudi"},"content":{"rendered":"<p><span class=\"cb-itemprop\"><\/p>\n<p><a href=\"https:\/\/islampress.net\/wp-content\/uploads\/2019\/05\/Unbenannt-4.png\"><img loading=\"lazy\" decoding=\"async\" class=\"alignnone wp-image-45257 size-full\" src=\"https:\/\/islampress.net\/wp-content\/uploads\/2019\/05\/Unbenannt-4.png\" alt=\"\" width=\"976\" height=\"563\" \/><\/a><\/p>\n<p><strong>Od 17. septembra 2018. vi\u0161e od 550.000 ljudi migriralo je iz zone deeskalacije sukoba Idlib, u Siriji, na koju uprkos Sporazumu iz So\u010dija, re\u017eimske snage nastavljaju izvoditi napade.<\/strong><\/p>\n<p>Raseljeni civili \u010dekaju na prestanak bombardovanja i povratak ku\u0107ama.<\/p>\n<p>Mnogi civili koji su migrirali od 25. aprila, kada su intenziviriani napadi, uto\u010di\u0161te su potra\u017eili ve\u0107inom u kampovima na podru\u010djima Atme, Kah, Deir Hassan i Kafr Lusin.<\/p>\n<p>Dio njih uto\u010di\u0161te je potra\u017eio u blizini posmatra\u010dkih ta\u010daka koje su Oru\u017eane snage Republike Turske (TSK) u okviru procesa iz Astane, formirale u zoni deeskalacije sukoba Idlib. Tako\u0111er, mnogi su migirali na podru\u010dja na zapadnoj periferiji Halepa te teritorije koje su u operaciji \u201dMaslinova grana\u201c i ofanzivi \u201d\u0160tit Eufrata\u201d oslobo\u0111ene od terorista.<\/p>\n<p>\u010celnik lokalne nevladine organizacije Koordinatori intervencija u Siriji Mohamed Hallaj kazao je kako je zbog napada koje su pripadnici re\u017eima sirijskog predsjednika Bashara Al-Assada i njegovih saveznika izveli od 17. septembra 2018., iz zone deeskalacije sukoba Idlib, migriralo 553.444 ljudi.<\/p>\n<p>Hallaj je kazao kako su pomenute snage izvele napade na najmanje 97 naselja u Idlibu i periferijama Hame i Halepa, \u0161to je natjeralo brojne civile na migracije.<\/p>\n<p>Ahmed Kaddur, koji je pobjegao iz sela Hasene, na jugu Idliba, potra\u017eio je uto\u010di\u0161te u kampovima nedaleko od granice s Turskom.<\/p>\n<p>\u201dDjeca i stari su gladni. Gdje su humanitarne organizacije? Nek nam zemlje garanteri pomognu da se vratimo ku\u0107ama. Odmah \u0107emo se vratiti\u201c, rekao je on.<\/p>\n<p>Dom je morao napustiti i Ebu Abdo \u010dija je ku\u0107a sru\u0161ena u napadima.<\/p>\n<p>\u201cAssad nas \u017eeli vratiti pod svoje. To nije mogu\u0107e. Ne mo\u017eemo se vratiti. Nismo teroristi. Bombarduje nas govore\u0107i da smo teroristi. Onome ko do\u0111e i napada moju ku\u0107u ne mogu izraziti dobrodo\u0161licu. Zasigurno da \u0107emo se braniti. Na\u0161e ku\u0107e su sru\u0161ene i oplja\u010dkane. Ljudi \u017eive pod kro\u0161njama drve\u0107a. Nema ni vode za pi\u0107e, a kad bi i bilo, ne bismo imali u \u0161ta nasuti\u201c, rekao je Abdo.<\/p>\n<p><\/span><br \/>\nPogledajte vijest na izvornom sajtu:<\/p>\n<p><a href=\"https:\/\/islampress.net\/45256\/sirija-zbog-rezimskih-napada-iz-zone-idlib-raseljeno-vise-od-550-000-ljudi\/\" target=\"_blank\">Sirija: Zbog re\u017eimskih napada iz zone Idlib raseljeno vi\u0161e od 550.000 ljudi<\/a><\/p>\n","protected":false},"excerpt":{"rendered":"<p>Od 17. septembra 2018. vi\u0161e od 550.000 ljudi migriralo je iz zone deeskalacije sukoba Idlib, u Siriji, na koju uprkos Sporazumu iz So\u010dija, re\u017eimske snage nastavljaju izvoditi napade. Raseljeni civili \u010dekaju na prestanak bombardovanja i povratak ku\u0107ama. Mnogi civili koji su migrirali od 25. aprila, kada su intenziviriani napadi, uto\u010di\u0161te su potra\u017eili ve\u0107inom u kampovima [&hellip;]<\/p>\n","protected":false},"author":83,"featured_media":223409,"comment_status":"open","ping_status":"open","sticky":false,"template":"","format":"standard","meta":{"footnotes":""},"categories":[9],"tags":[10499],"class_list":{"0":"post-223408","1":"post","2":"type-post","3":"status-publish","4":"format-standard","5":"has-post-thumbnail","7":"category-svijet","8":"tag-a"},"yoast_head":"<!-- This site is optimized with the Yoast SEO Premium plugin v23.1 (Yoast SEO v24.9) - https:\/\/yoast.com\/wordpress\/plugins\/seo\/ -->\n<title>Sirija: Zbog re\u017eimskih napada iz zone Idlib raseljeno vi\u0161e od 550.000 ljudi<\/title>\n<meta name=\"robots\" content=\"index, follow, max-snippet:-1, max-image-preview:large, max-video-preview:-1\" \/>\n<link rel=\"canonical\" href=\"https:\/\/sandzakpress.net\/arhiva\/sirija-zbog-rezimskih-napada-iz-zone-idlib-raseljeno-vise-od-550-000-ljudi\/\" \/>\n<meta property=\"og:locale\" content=\"bs_BA\" \/>\n<meta property=\"og:type\" content=\"article\" \/>\n<meta property=\"og:title\" content=\"Sirija: Zbog re\u017eimskih napada iz zone Idlib raseljeno vi\u0161e od 550.000 ljudi\" \/>\n<meta property=\"og:description\" content=\"Od 17. septembra 2018. vi\u0161e od 550.000 ljudi migriralo je iz zone deeskalacije sukoba Idlib, u Siriji, na koju uprkos Sporazumu iz So\u010dija, re\u017eimske snage nastavljaju izvoditi napade. Raseljeni civili \u010dekaju na prestanak bombardovanja i povratak ku\u0107ama. Mnogi civili koji su migrirali od 25. aprila, kada su intenziviriani napadi, uto\u010di\u0161te su potra\u017eili ve\u0107inom u kampovima [&hellip;]\" \/>\n<meta property=\"og:url\" content=\"https:\/\/sandzakpress.net\/arhiva\/sirija-zbog-rezimskih-napada-iz-zone-idlib-raseljeno-vise-od-550-000-ljudi\/\" \/>\n<meta property=\"og:site_name\" content=\"Sand\u017eak PRESS\" \/>\n<meta property=\"article:published_time\" content=\"2019-05-17T09:43:37+00:00\" \/>\n<meta property=\"og:image\" content=\"https:\/\/sandzakpress.net\/arhiva\/wp-content\/uploads\/2019\/05\/Unbenannt-4.png\" \/>\n\t<meta property=\"og:image:width\" content=\"976\" \/>\n\t<meta property=\"og:image:height\" content=\"563\" \/>\n\t<meta property=\"og:image:type\" content=\"image\/png\" \/>\n<meta name=\"author\" content=\"bosniak\" \/>\n<meta name=\"twitter:card\" content=\"summary_large_image\" \/>\n<meta name=\"twitter:label1\" content=\"Written by\" \/>\n\t<meta name=\"twitter:data1\" content=\"bosniak\" \/>\n\t<meta name=\"twitter:label2\" content=\"Est. reading time\" \/>\n\t<meta name=\"twitter:data2\" content=\"2 minute\" \/>\n<script type=\"application\/ld+json\" class=\"yoast-schema-graph\">{\"@context\":\"https:\/\/schema.org\",\"@graph\":[{\"@type\":\"Article\",\"@id\":\"https:\/\/sandzakpress.net\/arhiva\/sirija-zbog-rezimskih-napada-iz-zone-idlib-raseljeno-vise-od-550-000-ljudi\/#article\",\"isPartOf\":{\"@id\":\"https:\/\/sandzakpress.net\/arhiva\/sirija-zbog-rezimskih-napada-iz-zone-idlib-raseljeno-vise-od-550-000-ljudi\/\"},\"author\":{\"name\":\"bosniak\",\"@id\":\"https:\/\/sandzakpress.net\/arhiva\/#\/schema\/person\/c8baee722073534b583ea7bdb2e36c02\"},\"headline\":\"Sirija: Zbog re\u017eimskih napada iz zone Idlib raseljeno vi\u0161e od 550.000 ljudi\",\"datePublished\":\"2019-05-17T09:43:37+00:00\",\"mainEntityOfPage\":{\"@id\":\"https:\/\/sandzakpress.net\/arhiva\/sirija-zbog-rezimskih-napada-iz-zone-idlib-raseljeno-vise-od-550-000-ljudi\/\"},\"wordCount\":370,\"commentCount\":0,\"publisher\":{\"@id\":\"https:\/\/sandzakpress.net\/arhiva\/#\/schema\/person\/6e72b67d6e51910a1117b3b483ba20bd\"},\"image\":{\"@id\":\"https:\/\/sandzakpress.net\/arhiva\/sirija-zbog-rezimskih-napada-iz-zone-idlib-raseljeno-vise-od-550-000-ljudi\/#primaryimage\"},\"thumbnailUrl\":\"https:\/\/sandzakpress.net\/arhiva\/wp-content\/uploads\/2019\/05\/Unbenannt-4.png\",\"keywords\":[\"A\"],\"articleSection\":[\"Svijet\"],\"inLanguage\":\"bs-BA\",\"potentialAction\":[{\"@type\":\"CommentAction\",\"name\":\"Comment\",\"target\":[\"https:\/\/sandzakpress.net\/arhiva\/sirija-zbog-rezimskih-napada-iz-zone-idlib-raseljeno-vise-od-550-000-ljudi\/#respond\"]}]},{\"@type\":\"WebPage\",\"@id\":\"https:\/\/sandzakpress.net\/arhiva\/sirija-zbog-rezimskih-napada-iz-zone-idlib-raseljeno-vise-od-550-000-ljudi\/\",\"url\":\"https:\/\/sandzakpress.net\/arhiva\/sirija-zbog-rezimskih-napada-iz-zone-idlib-raseljeno-vise-od-550-000-ljudi\/\",\"name\":\"Sirija: Zbog re\u017eimskih napada iz zone Idlib raseljeno vi\u0161e od 550.000 ljudi\",\"isPartOf\":{\"@id\":\"https:\/\/sandzakpress.net\/arhiva\/#website\"},\"primaryImageOfPage\":{\"@id\":\"https:\/\/sandzakpress.net\/arhiva\/sirija-zbog-rezimskih-napada-iz-zone-idlib-raseljeno-vise-od-550-000-ljudi\/#primaryimage\"},\"image\":{\"@id\":\"https:\/\/sandzakpress.net\/arhiva\/sirija-zbog-rezimskih-napada-iz-zone-idlib-raseljeno-vise-od-550-000-ljudi\/#primaryimage\"},\"thumbnailUrl\":\"https:\/\/sandzakpress.net\/arhiva\/wp-content\/uploads\/2019\/05\/Unbenannt-4.png\",\"datePublished\":\"2019-05-17T09:43:37+00:00\",\"breadcrumb\":{\"@id\":\"https:\/\/sandzakpress.net\/arhiva\/sirija-zbog-rezimskih-napada-iz-zone-idlib-raseljeno-vise-od-550-000-ljudi\/#breadcrumb\"},\"inLanguage\":\"bs-BA\",\"potentialAction\":[{\"@type\":\"ReadAction\",\"target\":[\"https:\/\/sandzakpress.net\/arhiva\/sirija-zbog-rezimskih-napada-iz-zone-idlib-raseljeno-vise-od-550-000-ljudi\/\"]}]},{\"@type\":\"ImageObject\",\"inLanguage\":\"bs-BA\",\"@id\":\"https:\/\/sandzakpress.net\/arhiva\/sirija-zbog-rezimskih-napada-iz-zone-idlib-raseljeno-vise-od-550-000-ljudi\/#primaryimage\",\"url\":\"https:\/\/sandzakpress.net\/arhiva\/wp-content\/uploads\/2019\/05\/Unbenannt-4.png\",\"contentUrl\":\"https:\/\/sandzakpress.net\/arhiva\/wp-content\/uploads\/2019\/05\/Unbenannt-4.png\",\"width\":976,\"height\":563},{\"@type\":\"BreadcrumbList\",\"@id\":\"https:\/\/sandzakpress.net\/arhiva\/sirija-zbog-rezimskih-napada-iz-zone-idlib-raseljeno-vise-od-550-000-ljudi\/#breadcrumb\",\"itemListElement\":[{\"@type\":\"ListItem\",\"position\":1,\"name\":\"Home\",\"item\":\"https:\/\/sandzakpress.net\/arhiva\/\"},{\"@type\":\"ListItem\",\"position\":2,\"name\":\"Sirija: Zbog re\u017eimskih napada iz zone Idlib raseljeno vi\u0161e od 550.000 ljudi\"}]},{\"@type\":\"WebSite\",\"@id\":\"https:\/\/sandzakpress.net\/arhiva\/#website\",\"url\":\"https:\/\/sandzakpress.net\/arhiva\/\",\"name\":\"Sand\u017eak PRESS\",\"description\":\"Prve elektronske novine u Sand\u017eaku\",\"publisher\":{\"@id\":\"https:\/\/sandzakpress.net\/arhiva\/#\/schema\/person\/6e72b67d6e51910a1117b3b483ba20bd\"},\"potentialAction\":[{\"@type\":\"SearchAction\",\"target\":{\"@type\":\"EntryPoint\",\"urlTemplate\":\"https:\/\/sandzakpress.net\/arhiva\/?s={search_term_string}\"},\"query-input\":{\"@type\":\"PropertyValueSpecification\",\"valueRequired\":true,\"valueName\":\"search_term_string\"}}],\"inLanguage\":\"bs-BA\"},{\"@type\":[\"Person\",\"Organization\"],\"@id\":\"https:\/\/sandzakpress.net\/arhiva\/#\/schema\/person\/6e72b67d6e51910a1117b3b483ba20bd\",\"name\":\"Kul\",\"image\":{\"@type\":\"ImageObject\",\"inLanguage\":\"bs-BA\",\"@id\":\"https:\/\/sandzakpress.net\/arhiva\/#\/schema\/person\/image\/\",\"url\":\"https:\/\/secure.gravatar.com\/avatar\/42263f39aa27ac04c43cab85c280eb2e?s=96&d=mm&r=pg\",\"contentUrl\":\"https:\/\/secure.gravatar.com\/avatar\/42263f39aa27ac04c43cab85c280eb2e?s=96&d=mm&r=pg\",\"caption\":\"Kul\"},\"logo\":{\"@id\":\"https:\/\/sandzakpress.net\/arhiva\/#\/schema\/person\/image\/\"}},{\"@type\":\"Person\",\"@id\":\"https:\/\/sandzakpress.net\/arhiva\/#\/schema\/person\/c8baee722073534b583ea7bdb2e36c02\",\"name\":\"bosniak\",\"image\":{\"@type\":\"ImageObject\",\"inLanguage\":\"bs-BA\",\"@id\":\"https:\/\/sandzakpress.net\/arhiva\/#\/schema\/person\/image\/\",\"url\":\"https:\/\/secure.gravatar.com\/avatar\/a04fd330bfe3a36a72a0ad4a6d89fca7?s=96&d=mm&r=pg\",\"contentUrl\":\"https:\/\/secure.gravatar.com\/avatar\/a04fd330bfe3a36a72a0ad4a6d89fca7?s=96&d=mm&r=pg\",\"caption\":\"bosniak\"},\"url\":\"https:\/\/sandzakpress.net\/arhiva\/author\/bosniak\/\"}]}<\/script>\n<!-- \/ Yoast SEO Premium plugin. -->","yoast_head_json":{"title":"Sirija: Zbog re\u017eimskih napada iz zone Idlib raseljeno vi\u0161e od 550.000 ljudi","robots":{"index":"index","follow":"follow","max-snippet":"max-snippet:-1","max-image-preview":"max-image-preview:large","max-video-preview":"max-video-preview:-1"},"canonical":"https:\/\/sandzakpress.net\/arhiva\/sirija-zbog-rezimskih-napada-iz-zone-idlib-raseljeno-vise-od-550-000-ljudi\/","og_locale":"bs_BA","og_type":"article","og_title":"Sirija: Zbog re\u017eimskih napada iz zone Idlib raseljeno vi\u0161e od 550.000 ljudi","og_description":"Od 17. septembra 2018. vi\u0161e od 550.000 ljudi migriralo je iz zone deeskalacije sukoba Idlib, u Siriji, na koju uprkos Sporazumu iz So\u010dija, re\u017eimske snage nastavljaju izvoditi napade. Raseljeni civili \u010dekaju na prestanak bombardovanja i povratak ku\u0107ama. Mnogi civili koji su migrirali od 25. aprila, kada su intenziviriani napadi, uto\u010di\u0161te su potra\u017eili ve\u0107inom u kampovima [&hellip;]","og_url":"https:\/\/sandzakpress.net\/arhiva\/sirija-zbog-rezimskih-napada-iz-zone-idlib-raseljeno-vise-od-550-000-ljudi\/","og_site_name":"Sand\u017eak PRESS","article_published_time":"2019-05-17T09:43:37+00:00","og_image":[{"width":976,"height":563,"url":"https:\/\/sandzakpress.net\/arhiva\/wp-content\/uploads\/2019\/05\/Unbenannt-4.png","type":"image\/png"}],"author":"bosniak","twitter_card":"summary_large_image","twitter_misc":{"Written by":"bosniak","Est. reading time":"2 minute"},"schema":{"@context":"https:\/\/schema.org","@graph":[{"@type":"Article","@id":"https:\/\/sandzakpress.net\/arhiva\/sirija-zbog-rezimskih-napada-iz-zone-idlib-raseljeno-vise-od-550-000-ljudi\/#article","isPartOf":{"@id":"https:\/\/sandzakpress.net\/arhiva\/sirija-zbog-rezimskih-napada-iz-zone-idlib-raseljeno-vise-od-550-000-ljudi\/"},"author":{"name":"bosniak","@id":"https:\/\/sandzakpress.net\/arhiva\/#\/schema\/person\/c8baee722073534b583ea7bdb2e36c02"},"headline":"Sirija: Zbog re\u017eimskih napada iz zone Idlib raseljeno vi\u0161e od 550.000 ljudi","datePublished":"2019-05-17T09:43:37+00:00","mainEntityOfPage":{"@id":"https:\/\/sandzakpress.net\/arhiva\/sirija-zbog-rezimskih-napada-iz-zone-idlib-raseljeno-vise-od-550-000-ljudi\/"},"wordCount":370,"commentCount":0,"publisher":{"@id":"https:\/\/sandzakpress.net\/arhiva\/#\/schema\/person\/6e72b67d6e51910a1117b3b483ba20bd"},"image":{"@id":"https:\/\/sandzakpress.net\/arhiva\/sirija-zbog-rezimskih-napada-iz-zone-idlib-raseljeno-vise-od-550-000-ljudi\/#primaryimage"},"thumbnailUrl":"https:\/\/sandzakpress.net\/arhiva\/wp-content\/uploads\/2019\/05\/Unbenannt-4.png","keywords":["A"],"articleSection":["Svijet"],"inLanguage":"bs-BA","potentialAction":[{"@type":"CommentAction","name":"Comment","target":["https:\/\/sandzakpress.net\/arhiva\/sirija-zbog-rezimskih-napada-iz-zone-idlib-raseljeno-vise-od-550-000-ljudi\/#respond"]}]},{"@type":"WebPage","@id":"https:\/\/sandzakpress.net\/arhiva\/sirija-zbog-rezimskih-napada-iz-zone-idlib-raseljeno-vise-od-550-000-ljudi\/","url":"https:\/\/sandzakpress.net\/arhiva\/sirija-zbog-rezimskih-napada-iz-zone-idlib-raseljeno-vise-od-550-000-ljudi\/","name":"Sirija: Zbog re\u017eimskih napada iz zone Idlib raseljeno vi\u0161e od 550.000 ljudi","isPartOf":{"@id":"https:\/\/sandzakpress.net\/arhiva\/#website"},"primaryImageOfPage":{"@id":"https:\/\/sandzakpress.net\/arhiva\/sirija-zbog-rezimskih-napada-iz-zone-idlib-raseljeno-vise-od-550-000-ljudi\/#primaryimage"},"image":{"@id":"https:\/\/sandzakpress.net\/arhiva\/sirija-zbog-rezimskih-napada-iz-zone-idlib-raseljeno-vise-od-550-000-ljudi\/#primaryimage"},"thumbnailUrl":"https:\/\/sandzakpress.net\/arhiva\/wp-content\/uploads\/2019\/05\/Unbenannt-4.png","datePublished":"2019-05-17T09:43:37+00:00","breadcrumb":{"@id":"https:\/\/sandzakpress.net\/arhiva\/sirija-zbog-rezimskih-napada-iz-zone-idlib-raseljeno-vise-od-550-000-ljudi\/#breadcrumb"},"inLanguage":"bs-BA","potentialAction":[{"@type":"ReadAction","target":["https:\/\/sandzakpress.net\/arhiva\/sirija-zbog-rezimskih-napada-iz-zone-idlib-raseljeno-vise-od-550-000-ljudi\/"]}]},{"@type":"ImageObject","inLanguage":"bs-BA","@id":"https:\/\/sandzakpress.net\/arhiva\/sirija-zbog-rezimskih-napada-iz-zone-idlib-raseljeno-vise-od-550-000-ljudi\/#primaryimage","url":"https:\/\/sandzakpress.net\/arhiva\/wp-content\/uploads\/2019\/05\/Unbenannt-4.png","contentUrl":"https:\/\/sandzakpress.net\/arhiva\/wp-content\/uploads\/2019\/05\/Unbenannt-4.png","width":976,"height":563},{"@type":"BreadcrumbList","@id":"https:\/\/sandzakpress.net\/arhiva\/sirija-zbog-rezimskih-napada-iz-zone-idlib-raseljeno-vise-od-550-000-ljudi\/#breadcrumb","itemListElement":[{"@type":"ListItem","position":1,"name":"Home","item":"https:\/\/sandzakpress.net\/arhiva\/"},{"@type":"ListItem","position":2,"name":"Sirija: Zbog re\u017eimskih napada iz zone Idlib raseljeno vi\u0161e od 550.000 ljudi"}]},{"@type":"WebSite","@id":"https:\/\/sandzakpress.net\/arhiva\/#website","url":"https:\/\/sandzakpress.net\/arhiva\/","name":"Sand\u017eak PRESS","description":"Prve elektronske novine u Sand\u017eaku","publisher":{"@id":"https:\/\/sandzakpress.net\/arhiva\/#\/schema\/person\/6e72b67d6e51910a1117b3b483ba20bd"},"potentialAction":[{"@type":"SearchAction","target":{"@type":"EntryPoint","urlTemplate":"https:\/\/sandzakpress.net\/arhiva\/?s={search_term_string}"},"query-input":{"@type":"PropertyValueSpecification","valueRequired":true,"valueName":"search_term_string"}}],"inLanguage":"bs-BA"},{"@type":["Person","Organization"],"@id":"https:\/\/sandzakpress.net\/arhiva\/#\/schema\/person\/6e72b67d6e51910a1117b3b483ba20bd","name":"Kul","image":{"@type":"ImageObject","inLanguage":"bs-BA","@id":"https:\/\/sandzakpress.net\/arhiva\/#\/schema\/person\/image\/","url":"https:\/\/secure.gravatar.com\/avatar\/42263f39aa27ac04c43cab85c280eb2e?s=96&d=mm&r=pg","contentUrl":"https:\/\/secure.gravatar.com\/avatar\/42263f39aa27ac04c43cab85c280eb2e?s=96&d=mm&r=pg","caption":"Kul"},"logo":{"@id":"https:\/\/sandzakpress.net\/arhiva\/#\/schema\/person\/image\/"}},{"@type":"Person","@id":"https:\/\/sandzakpress.net\/arhiva\/#\/schema\/person\/c8baee722073534b583ea7bdb2e36c02","name":"bosniak","image":{"@type":"ImageObject","inLanguage":"bs-BA","@id":"https:\/\/sandzakpress.net\/arhiva\/#\/schema\/person\/image\/","url":"https:\/\/secure.gravatar.com\/avatar\/a04fd330bfe3a36a72a0ad4a6d89fca7?s=96&d=mm&r=pg","contentUrl":"https:\/\/secure.gravatar.com\/avatar\/a04fd330bfe3a36a72a0ad4a6d89fca7?s=96&d=mm&r=pg","caption":"bosniak"},"url":"https:\/\/sandzakpress.net\/arhiva\/author\/bosniak\/"}]}},"_links":{"self":[{"href":"https:\/\/sandzakpress.net\/arhiva\/wp-json\/wp\/v2\/posts\/223408"}],"collection":[{"href":"https:\/\/sandzakpress.net\/arhiva\/wp-json\/wp\/v2\/posts"}],"about":[{"href":"https:\/\/sandzakpress.net\/arhiva\/wp-json\/wp\/v2\/types\/post"}],"author":[{"embeddable":true,"href":"https:\/\/sandzakpress.net\/arhiva\/wp-json\/wp\/v2\/users\/83"}],"replies":[{"embeddable":true,"href":"https:\/\/sandzakpress.net\/arhiva\/wp-json\/wp\/v2\/comments?post=223408"}],"version-history":[{"count":0,"href":"https:\/\/sandzakpress.net\/arhiva\/wp-json\/wp\/v2\/posts\/223408\/revisions"}],"wp:featuredmedia":[{"embeddable":true,"href":"https:\/\/sandzakpress.net\/arhiva\/wp-json\/wp\/v2\/media\/223409"}],"wp:attachment":[{"href":"https:\/\/sandzakpress.net\/arhiva\/wp-json\/wp\/v2\/media?parent=223408"}],"wp:term":[{"taxonomy":"category","embeddable":true,"href":"https:\/\/sandzakpress.net\/arhiva\/wp-json\/wp\/v2\/categories?post=223408"},{"taxonomy":"post_tag","embeddable":true,"href":"https:\/\/sandzakpress.net\/arhiva\/wp-json\/wp\/v2\/tags?post=223408"}],"curies":[{"name":"wp","href":"https:\/\/api.w.org\/{rel}","templated":true}]}}