{"id":223397,"date":"2019-05-16T12:48:34","date_gmt":"2019-05-16T10:48:34","guid":{"rendered":"https:\/\/sandzakpress.net\/arhiva\/merkel-pozdravila-evropsko-jedinstvo-u-vezi-s-iranom"},"modified":"2019-05-16T12:48:34","modified_gmt":"2019-05-16T10:48:34","slug":"merkel-pozdravila-evropsko-jedinstvo-u-vezi-s-iranom","status":"publish","type":"post","link":"https:\/\/sandzakpress.net\/arhiva\/merkel-pozdravila-evropsko-jedinstvo-u-vezi-s-iranom\/","title":{"rendered":"Merkel pozdravila evropsko jedinstvo u vezi s Iranom"},"content":{"rendered":"<p><span class=\"cb-itemprop\"><\/p>\n<p><img decoding=\"async\" src=\"http:\/\/balkans.aljazeera.net\/sites\/default\/files\/styles\/d8\/public\/merkel_macron_epa.jpg?itok=5M4vYNae\" alt=\"Emmanuel Macron, Angela Merkel\" \/><\/p>\n<p><strong>Europa se treba &#8220;repozicionirati&#8221; u svijetu koji se mijenja, poru\u010dila je njema\u010dka kancelarka Angela Merkel, pozdraviv\u0161i jedinstvo europskih sila u vezi\u00a0situacije s\u00a0Iranom,\u00a0\u0161to je, kako prenosi AP, u suprotnosti s\u00a0dubokim podjelama u vezi\u00a0rata u Iraku prije 16 godina.<\/strong><\/p>\n<p>Merkel je\u00a0intervjuu objavljenom u srijedu za njema\u010dki list\u00a0<em>Sueddeutsche Zeitung<\/em>\u00a0rekla kako\u00a0ujedinjena Europa treba nove argumente i da &#8220;samo ukazivanje na sedam desetlje\u0107a mira vi\u0161e nije dovoljno da se opravda Europa&#8221;, prenosi Tanjug.<\/p>\n<p>Uo\u010di izbora za\u00a0Europski parlament, koji se odr\u017eavaju od 23. do 26. svibnja, ona je naglasila kako\u00a0&#8220;nema sumnje da Europa mora mijenjati\u00a0svoje pozicije u izmijenjenom svijetu&#8221;.<\/p>\n<h4>Intenzivne rasprave\u00a0s Macronom<\/h4>\n<p>Merkel je ukazala da su, po pitanju iranskog sporazuma, Njema\u010dka, Francuska i Velika Britanija izabrale druga\u010diji pristup od SAD-a.<\/p>\n<p>&#8220;To \u0161to Europa nije vi\u0161e podijeljena po tom va\u017enom pitanju, kao \u0161to je bio slu\u010daj s\u00a0ratom u Iraku, samo po sebi je vrijednost&#8221;, navela je Merkel.<\/p>\n<p>Nema\u010dka kancelarka se u razgovoru za\u00a0S<em>ueddeutsche Zeitung<\/em>\u00a0osvrnula i na svoj odnos s\u00a0Emmanuelom Macronom, rekav\u0161i da ona i francuski predsjednik imaju &#8220;intenzivne rasprave&#8221; i misle druga\u010dije, ali da jo\u0161 uvijek mogu prona\u0107i\u00a0kompromise te\u00a0da su u stanju &#8220;povesti\u00a0naprijed Europsku uniju&#8221;, prenosi Reuters.<\/p>\n<p>&#8220;Naravno da imamo rasprave&#8221;, rekla je kancelarka njema\u010dkom listu, navode\u0107i da &#8220;postoje razlike u mentalitetu u odre\u0111enim aspektima&#8221; izme\u0111u nje i francuskog predsjednika i &#8220;razlike u shva\u0107anju uloga&#8221; koje imaju.<\/p>\n<h4>&#8216;Mnogi su zabrinuti za Evropu&#8217;<\/h4>\n<p>&#8220;Me\u0111utim, unato\u010d\u00a0na\u0161im razli\u010ditim situacijama i perspektivama, mi uvijek iznova posti\u017eemo kompromise. Na taj na\u010din smo postigli i nastavljamo ostvarivati\u00a0puno za europski projekt&#8221;, dodala je ona i naglasila da s\u00a0Macronom dijeli &#8220;iste osnovne ideje&#8221;.<\/p>\n<p>Merkel je rekla da su izbori za EP od velike va\u017enosti, dodaju\u0107i da \u0107e to biti posebni izbori.<\/p>\n<p>&#8220;Mnogo ljudi je zabrinuto za Europu, a tu ubrajam i sebe. To zna\u010di da se osje\u0107am jo\u0161 odgovornijom da zajedno s\u00a0drugima osiguram da Europa ima budu\u0107nost&#8221; zaklju\u010dila je njema\u010dka kancelarka.<\/p>\n<p><em>Izvor: Agencije, Al jazeeera<\/em><\/p>\n<p><\/span><br \/>\nPogledajte vijest na izvornom sajtu:<\/p>\n<p><a href=\"https:\/\/islampress.net\/45222\/merkel-pozdravila-evropsko-jedinstvo-u-vezi-s-iranom\/\" target=\"_blank\">Merkel pozdravila evropsko jedinstvo u vezi s Iranom<\/a><\/p>\n","protected":false},"excerpt":{"rendered":"<p>Europa se treba &#8220;repozicionirati&#8221; u svijetu koji se mijenja, poru\u010dila je njema\u010dka kancelarka Angela Merkel, pozdraviv\u0161i jedinstvo europskih sila u vezi\u00a0situacije s\u00a0Iranom,\u00a0\u0161to je, kako prenosi AP, u suprotnosti s\u00a0dubokim podjelama u vezi\u00a0rata u Iraku prije 16 godina. Merkel je\u00a0intervjuu objavljenom u srijedu za njema\u010dki list\u00a0Sueddeutsche Zeitung\u00a0rekla kako\u00a0ujedinjena Europa treba nove argumente i da &#8220;samo ukazivanje [&hellip;]<\/p>\n","protected":false},"author":83,"featured_media":0,"comment_status":"open","ping_status":"open","sticky":false,"template":"","format":"standard","meta":{"footnotes":""},"categories":[9],"tags":[10499],"class_list":{"0":"post-223397","1":"post","2":"type-post","3":"status-publish","4":"format-standard","6":"category-svijet","7":"tag-a"},"yoast_head":"<!-- This site is optimized with the Yoast SEO Premium plugin v23.1 (Yoast SEO v24.9) - https:\/\/yoast.com\/wordpress\/plugins\/seo\/ -->\n<title>Merkel pozdravila evropsko jedinstvo u vezi s Iranom<\/title>\n<meta name=\"robots\" content=\"index, follow, max-snippet:-1, max-image-preview:large, max-video-preview:-1\" \/>\n<link rel=\"canonical\" href=\"https:\/\/sandzakpress.net\/arhiva\/merkel-pozdravila-evropsko-jedinstvo-u-vezi-s-iranom\/\" \/>\n<meta property=\"og:locale\" content=\"bs_BA\" \/>\n<meta property=\"og:type\" content=\"article\" \/>\n<meta property=\"og:title\" content=\"Merkel pozdravila evropsko jedinstvo u vezi s Iranom\" \/>\n<meta property=\"og:description\" content=\"Europa se treba &#8220;repozicionirati&#8221; u svijetu koji se mijenja, poru\u010dila je njema\u010dka kancelarka Angela Merkel, pozdraviv\u0161i jedinstvo europskih sila u vezi\u00a0situacije s\u00a0Iranom,\u00a0\u0161to je, kako prenosi AP, u suprotnosti s\u00a0dubokim podjelama u vezi\u00a0rata u Iraku prije 16 godina. Merkel je\u00a0intervjuu objavljenom u srijedu za njema\u010dki list\u00a0Sueddeutsche Zeitung\u00a0rekla kako\u00a0ujedinjena Europa treba nove argumente i da &#8220;samo ukazivanje [&hellip;]\" \/>\n<meta property=\"og:url\" content=\"https:\/\/sandzakpress.net\/arhiva\/merkel-pozdravila-evropsko-jedinstvo-u-vezi-s-iranom\/\" \/>\n<meta property=\"og:site_name\" content=\"Sand\u017eak PRESS\" \/>\n<meta property=\"article:published_time\" content=\"2019-05-16T10:48:34+00:00\" \/>\n<meta property=\"og:image\" content=\"http:\/\/balkans.aljazeera.net\/sites\/default\/files\/styles\/d8\/public\/merkel_macron_epa.jpg?itok=5M4vYNae\" \/>\n<meta name=\"author\" content=\"bosniak\" \/>\n<meta name=\"twitter:card\" content=\"summary_large_image\" \/>\n<meta name=\"twitter:label1\" content=\"Written by\" \/>\n\t<meta name=\"twitter:data1\" content=\"bosniak\" \/>\n\t<meta name=\"twitter:label2\" content=\"Est. reading time\" \/>\n\t<meta name=\"twitter:data2\" content=\"2 minute\" \/>\n<script type=\"application\/ld+json\" class=\"yoast-schema-graph\">{\"@context\":\"https:\/\/schema.org\",\"@graph\":[{\"@type\":\"Article\",\"@id\":\"https:\/\/sandzakpress.net\/arhiva\/merkel-pozdravila-evropsko-jedinstvo-u-vezi-s-iranom\/#article\",\"isPartOf\":{\"@id\":\"https:\/\/sandzakpress.net\/arhiva\/merkel-pozdravila-evropsko-jedinstvo-u-vezi-s-iranom\/\"},\"author\":{\"name\":\"bosniak\",\"@id\":\"https:\/\/sandzakpress.net\/arhiva\/#\/schema\/person\/c8baee722073534b583ea7bdb2e36c02\"},\"headline\":\"Merkel pozdravila evropsko jedinstvo u vezi s Iranom\",\"datePublished\":\"2019-05-16T10:48:34+00:00\",\"mainEntityOfPage\":{\"@id\":\"https:\/\/sandzakpress.net\/arhiva\/merkel-pozdravila-evropsko-jedinstvo-u-vezi-s-iranom\/\"},\"wordCount\":377,\"commentCount\":0,\"publisher\":{\"@id\":\"https:\/\/sandzakpress.net\/arhiva\/#\/schema\/person\/6e72b67d6e51910a1117b3b483ba20bd\"},\"image\":{\"@id\":\"https:\/\/sandzakpress.net\/arhiva\/merkel-pozdravila-evropsko-jedinstvo-u-vezi-s-iranom\/#primaryimage\"},\"thumbnailUrl\":\"http:\/\/balkans.aljazeera.net\/sites\/default\/files\/styles\/d8\/public\/merkel_macron_epa.jpg?itok=5M4vYNae\",\"keywords\":[\"A\"],\"articleSection\":[\"Svijet\"],\"inLanguage\":\"bs-BA\",\"potentialAction\":[{\"@type\":\"CommentAction\",\"name\":\"Comment\",\"target\":[\"https:\/\/sandzakpress.net\/arhiva\/merkel-pozdravila-evropsko-jedinstvo-u-vezi-s-iranom\/#respond\"]}]},{\"@type\":\"WebPage\",\"@id\":\"https:\/\/sandzakpress.net\/arhiva\/merkel-pozdravila-evropsko-jedinstvo-u-vezi-s-iranom\/\",\"url\":\"https:\/\/sandzakpress.net\/arhiva\/merkel-pozdravila-evropsko-jedinstvo-u-vezi-s-iranom\/\",\"name\":\"Merkel pozdravila evropsko jedinstvo u vezi s Iranom\",\"isPartOf\":{\"@id\":\"https:\/\/sandzakpress.net\/arhiva\/#website\"},\"primaryImageOfPage\":{\"@id\":\"https:\/\/sandzakpress.net\/arhiva\/merkel-pozdravila-evropsko-jedinstvo-u-vezi-s-iranom\/#primaryimage\"},\"image\":{\"@id\":\"https:\/\/sandzakpress.net\/arhiva\/merkel-pozdravila-evropsko-jedinstvo-u-vezi-s-iranom\/#primaryimage\"},\"thumbnailUrl\":\"http:\/\/balkans.aljazeera.net\/sites\/default\/files\/styles\/d8\/public\/merkel_macron_epa.jpg?itok=5M4vYNae\",\"datePublished\":\"2019-05-16T10:48:34+00:00\",\"breadcrumb\":{\"@id\":\"https:\/\/sandzakpress.net\/arhiva\/merkel-pozdravila-evropsko-jedinstvo-u-vezi-s-iranom\/#breadcrumb\"},\"inLanguage\":\"bs-BA\",\"potentialAction\":[{\"@type\":\"ReadAction\",\"target\":[\"https:\/\/sandzakpress.net\/arhiva\/merkel-pozdravila-evropsko-jedinstvo-u-vezi-s-iranom\/\"]}]},{\"@type\":\"ImageObject\",\"inLanguage\":\"bs-BA\",\"@id\":\"https:\/\/sandzakpress.net\/arhiva\/merkel-pozdravila-evropsko-jedinstvo-u-vezi-s-iranom\/#primaryimage\",\"url\":\"http:\/\/balkans.aljazeera.net\/sites\/default\/files\/styles\/d8\/public\/merkel_macron_epa.jpg?itok=5M4vYNae\",\"contentUrl\":\"http:\/\/balkans.aljazeera.net\/sites\/default\/files\/styles\/d8\/public\/merkel_macron_epa.jpg?itok=5M4vYNae\"},{\"@type\":\"BreadcrumbList\",\"@id\":\"https:\/\/sandzakpress.net\/arhiva\/merkel-pozdravila-evropsko-jedinstvo-u-vezi-s-iranom\/#breadcrumb\",\"itemListElement\":[{\"@type\":\"ListItem\",\"position\":1,\"name\":\"Home\",\"item\":\"https:\/\/sandzakpress.net\/arhiva\/\"},{\"@type\":\"ListItem\",\"position\":2,\"name\":\"Merkel pozdravila evropsko jedinstvo u vezi s Iranom\"}]},{\"@type\":\"WebSite\",\"@id\":\"https:\/\/sandzakpress.net\/arhiva\/#website\",\"url\":\"https:\/\/sandzakpress.net\/arhiva\/\",\"name\":\"Sand\u017eak PRESS\",\"description\":\"Prve elektronske novine u Sand\u017eaku\",\"publisher\":{\"@id\":\"https:\/\/sandzakpress.net\/arhiva\/#\/schema\/person\/6e72b67d6e51910a1117b3b483ba20bd\"},\"potentialAction\":[{\"@type\":\"SearchAction\",\"target\":{\"@type\":\"EntryPoint\",\"urlTemplate\":\"https:\/\/sandzakpress.net\/arhiva\/?s={search_term_string}\"},\"query-input\":{\"@type\":\"PropertyValueSpecification\",\"valueRequired\":true,\"valueName\":\"search_term_string\"}}],\"inLanguage\":\"bs-BA\"},{\"@type\":[\"Person\",\"Organization\"],\"@id\":\"https:\/\/sandzakpress.net\/arhiva\/#\/schema\/person\/6e72b67d6e51910a1117b3b483ba20bd\",\"name\":\"Kul\",\"image\":{\"@type\":\"ImageObject\",\"inLanguage\":\"bs-BA\",\"@id\":\"https:\/\/sandzakpress.net\/arhiva\/#\/schema\/person\/image\/\",\"url\":\"https:\/\/secure.gravatar.com\/avatar\/42263f39aa27ac04c43cab85c280eb2e?s=96&d=mm&r=pg\",\"contentUrl\":\"https:\/\/secure.gravatar.com\/avatar\/42263f39aa27ac04c43cab85c280eb2e?s=96&d=mm&r=pg\",\"caption\":\"Kul\"},\"logo\":{\"@id\":\"https:\/\/sandzakpress.net\/arhiva\/#\/schema\/person\/image\/\"}},{\"@type\":\"Person\",\"@id\":\"https:\/\/sandzakpress.net\/arhiva\/#\/schema\/person\/c8baee722073534b583ea7bdb2e36c02\",\"name\":\"bosniak\",\"image\":{\"@type\":\"ImageObject\",\"inLanguage\":\"bs-BA\",\"@id\":\"https:\/\/sandzakpress.net\/arhiva\/#\/schema\/person\/image\/\",\"url\":\"https:\/\/secure.gravatar.com\/avatar\/a04fd330bfe3a36a72a0ad4a6d89fca7?s=96&d=mm&r=pg\",\"contentUrl\":\"https:\/\/secure.gravatar.com\/avatar\/a04fd330bfe3a36a72a0ad4a6d89fca7?s=96&d=mm&r=pg\",\"caption\":\"bosniak\"},\"url\":\"https:\/\/sandzakpress.net\/arhiva\/author\/bosniak\/\"}]}<\/script>\n<!-- \/ Yoast SEO Premium plugin. -->","yoast_head_json":{"title":"Merkel pozdravila evropsko jedinstvo u vezi s Iranom","robots":{"index":"index","follow":"follow","max-snippet":"max-snippet:-1","max-image-preview":"max-image-preview:large","max-video-preview":"max-video-preview:-1"},"canonical":"https:\/\/sandzakpress.net\/arhiva\/merkel-pozdravila-evropsko-jedinstvo-u-vezi-s-iranom\/","og_locale":"bs_BA","og_type":"article","og_title":"Merkel pozdravila evropsko jedinstvo u vezi s Iranom","og_description":"Europa se treba &#8220;repozicionirati&#8221; u svijetu koji se mijenja, poru\u010dila je njema\u010dka kancelarka Angela Merkel, pozdraviv\u0161i jedinstvo europskih sila u vezi\u00a0situacije s\u00a0Iranom,\u00a0\u0161to je, kako prenosi AP, u suprotnosti s\u00a0dubokim podjelama u vezi\u00a0rata u Iraku prije 16 godina. Merkel je\u00a0intervjuu objavljenom u srijedu za njema\u010dki list\u00a0Sueddeutsche Zeitung\u00a0rekla kako\u00a0ujedinjena Europa treba nove argumente i da &#8220;samo ukazivanje [&hellip;]","og_url":"https:\/\/sandzakpress.net\/arhiva\/merkel-pozdravila-evropsko-jedinstvo-u-vezi-s-iranom\/","og_site_name":"Sand\u017eak PRESS","article_published_time":"2019-05-16T10:48:34+00:00","og_image":[{"url":"http:\/\/balkans.aljazeera.net\/sites\/default\/files\/styles\/d8\/public\/merkel_macron_epa.jpg?itok=5M4vYNae","type":"","width":"","height":""}],"author":"bosniak","twitter_card":"summary_large_image","twitter_misc":{"Written by":"bosniak","Est. reading time":"2 minute"},"schema":{"@context":"https:\/\/schema.org","@graph":[{"@type":"Article","@id":"https:\/\/sandzakpress.net\/arhiva\/merkel-pozdravila-evropsko-jedinstvo-u-vezi-s-iranom\/#article","isPartOf":{"@id":"https:\/\/sandzakpress.net\/arhiva\/merkel-pozdravila-evropsko-jedinstvo-u-vezi-s-iranom\/"},"author":{"name":"bosniak","@id":"https:\/\/sandzakpress.net\/arhiva\/#\/schema\/person\/c8baee722073534b583ea7bdb2e36c02"},"headline":"Merkel pozdravila evropsko jedinstvo u vezi s Iranom","datePublished":"2019-05-16T10:48:34+00:00","mainEntityOfPage":{"@id":"https:\/\/sandzakpress.net\/arhiva\/merkel-pozdravila-evropsko-jedinstvo-u-vezi-s-iranom\/"},"wordCount":377,"commentCount":0,"publisher":{"@id":"https:\/\/sandzakpress.net\/arhiva\/#\/schema\/person\/6e72b67d6e51910a1117b3b483ba20bd"},"image":{"@id":"https:\/\/sandzakpress.net\/arhiva\/merkel-pozdravila-evropsko-jedinstvo-u-vezi-s-iranom\/#primaryimage"},"thumbnailUrl":"http:\/\/balkans.aljazeera.net\/sites\/default\/files\/styles\/d8\/public\/merkel_macron_epa.jpg?itok=5M4vYNae","keywords":["A"],"articleSection":["Svijet"],"inLanguage":"bs-BA","potentialAction":[{"@type":"CommentAction","name":"Comment","target":["https:\/\/sandzakpress.net\/arhiva\/merkel-pozdravila-evropsko-jedinstvo-u-vezi-s-iranom\/#respond"]}]},{"@type":"WebPage","@id":"https:\/\/sandzakpress.net\/arhiva\/merkel-pozdravila-evropsko-jedinstvo-u-vezi-s-iranom\/","url":"https:\/\/sandzakpress.net\/arhiva\/merkel-pozdravila-evropsko-jedinstvo-u-vezi-s-iranom\/","name":"Merkel pozdravila evropsko jedinstvo u vezi s Iranom","isPartOf":{"@id":"https:\/\/sandzakpress.net\/arhiva\/#website"},"primaryImageOfPage":{"@id":"https:\/\/sandzakpress.net\/arhiva\/merkel-pozdravila-evropsko-jedinstvo-u-vezi-s-iranom\/#primaryimage"},"image":{"@id":"https:\/\/sandzakpress.net\/arhiva\/merkel-pozdravila-evropsko-jedinstvo-u-vezi-s-iranom\/#primaryimage"},"thumbnailUrl":"http:\/\/balkans.aljazeera.net\/sites\/default\/files\/styles\/d8\/public\/merkel_macron_epa.jpg?itok=5M4vYNae","datePublished":"2019-05-16T10:48:34+00:00","breadcrumb":{"@id":"https:\/\/sandzakpress.net\/arhiva\/merkel-pozdravila-evropsko-jedinstvo-u-vezi-s-iranom\/#breadcrumb"},"inLanguage":"bs-BA","potentialAction":[{"@type":"ReadAction","target":["https:\/\/sandzakpress.net\/arhiva\/merkel-pozdravila-evropsko-jedinstvo-u-vezi-s-iranom\/"]}]},{"@type":"ImageObject","inLanguage":"bs-BA","@id":"https:\/\/sandzakpress.net\/arhiva\/merkel-pozdravila-evropsko-jedinstvo-u-vezi-s-iranom\/#primaryimage","url":"http:\/\/balkans.aljazeera.net\/sites\/default\/files\/styles\/d8\/public\/merkel_macron_epa.jpg?itok=5M4vYNae","contentUrl":"http:\/\/balkans.aljazeera.net\/sites\/default\/files\/styles\/d8\/public\/merkel_macron_epa.jpg?itok=5M4vYNae"},{"@type":"BreadcrumbList","@id":"https:\/\/sandzakpress.net\/arhiva\/merkel-pozdravila-evropsko-jedinstvo-u-vezi-s-iranom\/#breadcrumb","itemListElement":[{"@type":"ListItem","position":1,"name":"Home","item":"https:\/\/sandzakpress.net\/arhiva\/"},{"@type":"ListItem","position":2,"name":"Merkel pozdravila evropsko jedinstvo u vezi s Iranom"}]},{"@type":"WebSite","@id":"https:\/\/sandzakpress.net\/arhiva\/#website","url":"https:\/\/sandzakpress.net\/arhiva\/","name":"Sand\u017eak PRESS","description":"Prve elektronske novine u Sand\u017eaku","publisher":{"@id":"https:\/\/sandzakpress.net\/arhiva\/#\/schema\/person\/6e72b67d6e51910a1117b3b483ba20bd"},"potentialAction":[{"@type":"SearchAction","target":{"@type":"EntryPoint","urlTemplate":"https:\/\/sandzakpress.net\/arhiva\/?s={search_term_string}"},"query-input":{"@type":"PropertyValueSpecification","valueRequired":true,"valueName":"search_term_string"}}],"inLanguage":"bs-BA"},{"@type":["Person","Organization"],"@id":"https:\/\/sandzakpress.net\/arhiva\/#\/schema\/person\/6e72b67d6e51910a1117b3b483ba20bd","name":"Kul","image":{"@type":"ImageObject","inLanguage":"bs-BA","@id":"https:\/\/sandzakpress.net\/arhiva\/#\/schema\/person\/image\/","url":"https:\/\/secure.gravatar.com\/avatar\/42263f39aa27ac04c43cab85c280eb2e?s=96&d=mm&r=pg","contentUrl":"https:\/\/secure.gravatar.com\/avatar\/42263f39aa27ac04c43cab85c280eb2e?s=96&d=mm&r=pg","caption":"Kul"},"logo":{"@id":"https:\/\/sandzakpress.net\/arhiva\/#\/schema\/person\/image\/"}},{"@type":"Person","@id":"https:\/\/sandzakpress.net\/arhiva\/#\/schema\/person\/c8baee722073534b583ea7bdb2e36c02","name":"bosniak","image":{"@type":"ImageObject","inLanguage":"bs-BA","@id":"https:\/\/sandzakpress.net\/arhiva\/#\/schema\/person\/image\/","url":"https:\/\/secure.gravatar.com\/avatar\/a04fd330bfe3a36a72a0ad4a6d89fca7?s=96&d=mm&r=pg","contentUrl":"https:\/\/secure.gravatar.com\/avatar\/a04fd330bfe3a36a72a0ad4a6d89fca7?s=96&d=mm&r=pg","caption":"bosniak"},"url":"https:\/\/sandzakpress.net\/arhiva\/author\/bosniak\/"}]}},"_links":{"self":[{"href":"https:\/\/sandzakpress.net\/arhiva\/wp-json\/wp\/v2\/posts\/223397"}],"collection":[{"href":"https:\/\/sandzakpress.net\/arhiva\/wp-json\/wp\/v2\/posts"}],"about":[{"href":"https:\/\/sandzakpress.net\/arhiva\/wp-json\/wp\/v2\/types\/post"}],"author":[{"embeddable":true,"href":"https:\/\/sandzakpress.net\/arhiva\/wp-json\/wp\/v2\/users\/83"}],"replies":[{"embeddable":true,"href":"https:\/\/sandzakpress.net\/arhiva\/wp-json\/wp\/v2\/comments?post=223397"}],"version-history":[{"count":0,"href":"https:\/\/sandzakpress.net\/arhiva\/wp-json\/wp\/v2\/posts\/223397\/revisions"}],"wp:attachment":[{"href":"https:\/\/sandzakpress.net\/arhiva\/wp-json\/wp\/v2\/media?parent=223397"}],"wp:term":[{"taxonomy":"category","embeddable":true,"href":"https:\/\/sandzakpress.net\/arhiva\/wp-json\/wp\/v2\/categories?post=223397"},{"taxonomy":"post_tag","embeddable":true,"href":"https:\/\/sandzakpress.net\/arhiva\/wp-json\/wp\/v2\/tags?post=223397"}],"curies":[{"name":"wp","href":"https:\/\/api.w.org\/{rel}","templated":true}]}}