{"id":223389,"date":"2019-05-16T12:18:30","date_gmt":"2019-05-16T10:18:30","guid":{"rendered":"https:\/\/sandzakpress.net\/arhiva\/kuvajtski-emir-pozvao-vojsku-da-bude-spremna-zbog-konflikta-na-bliskom-istoku"},"modified":"2019-05-16T12:18:30","modified_gmt":"2019-05-16T10:18:30","slug":"kuvajtski-emir-pozvao-vojsku-da-bude-spremna-zbog-konflikta-na-bliskom-istoku","status":"publish","type":"post","link":"https:\/\/sandzakpress.net\/arhiva\/kuvajtski-emir-pozvao-vojsku-da-bude-spremna-zbog-konflikta-na-bliskom-istoku\/","title":{"rendered":"Kuvajtski emir pozvao vojsku da bude spremna zbog konflikta na Bliskom istoku"},"content":{"rendered":"<p><span class=\"cb-itemprop\"><\/p>\n<p><img decoding=\"async\" src=\"https:\/\/vijesti.ba\/fajlovi\/news\/kuvajtski-emir-pozvao-vojsku-da-bude-spremna-zbog-konflikta-na-bliskom-istoku-181210094438voyv_5cdc4fc1ce59c.jpg?size=lg\" alt=\"Rezultat slika za Kuvajtski emir pozvao vojsku da bude spremna zbog konflikta na Bliskom istoku\" \/><\/p>\n<div class=\"post__content post__content--holder\">\n<p><strong>Kuvajtski emir Sabah Al-Ahmad Al-Jaber Al-Sabah\u00a0poru\u010dio je da kuvajtska vojska mora biti spremna zbog konflikata na Bliskom istoku, koji su &#8220;doveli do stanja nesigurnosti&#8221;.<\/strong><\/p>\n<p>Zbog toga je pozvao oru\u017eane snage\u00a0da poduzmu najvi\u0161i stepen opreza zbog &#8220;opasnog razvoja situacije&#8221; u regiji.<\/p>\n<p>&#8211; Dobro ste svjesni ozbiljnih zbivanja oko nas koja zahtijevaju da budete na najvi\u0161em\u00a0stepenu opreza pri obavljanju svojih du\u017enosti &#8211; rekao je tokom posjeta zapovjedni\u0161tvu kuvajtskih oru\u017eanih snaga.<\/p>\n<p>Kuwait Times prenosi i da emir\u00a0ima potpuno povjerenje da \u0107e &#8220;vojska biti spremna obraniti naciju od svih opasnosti&#8221;.<\/p>\n<p>Obra\u0107aju\u0107i se \u010dasnicima, poru\u010dio je da kuvajtske vlasti &#8220;ne\u0107e \u0161tedjeti na razvoju oru\u017eja i obuci\u00a0oru\u017eanih snaga&#8221;, prenosi Al Jazeera Balkans.<\/p>\n<p>&#8211; Uvijek smo spremni odgovoriti na sve prijetnje i opasnosti koje utje\u010du na sigurnost i teritorijalni integritet Kuvajta &#8211; odgovorio je\u00a0na\u010delnik Glavnog sto\u017eera, Mohammad Al-Khader.<\/p>\n<p>Tokom sastanka je potvr\u0111eno da su snage Nacionalne garde slu\u017ebeno preuzele zada\u0107e osiguranja i za\u0161tite naftnih postrojenja.<\/p>\n<p>Ameri\u010dka vojska je prije nekoliko dana u Zaljev poslala nosa\u010d aviona, te poslala bombardere B-52 u tu regiju koje bi, kako je navedeno, odvratile Iran od eventualnog napada.<\/p>\n<p>Pro\u0161le se godine Donald Trump jednostrano povukao iz nuklearnog sporazuma potpisanog s Teheranom i uvele Iranu &#8220;sankcije bez presedana&#8221; koje ugro\u017eavaju izvoz nafte i tamo\u0161nje gospodarstvo.<\/p>\n<\/div>\n<p><span class=\"font-size-16 bold post__izvor margin--top-20 margin--right-10 flex--row vertical--center mobile--row\">Izvor:\u00a0 Fena<\/span><\/p>\n<p><\/span><br \/>\nPogledajte vijest na izvornom sajtu:<\/p>\n<p><a href=\"https:\/\/islampress.net\/45195\/kuvajtski-emir-pozvao-vojsku-da-bude-spremna-zbog-konflikta-na-bliskom-istoku\/\" target=\"_blank\">Kuvajtski emir pozvao vojsku da bude spremna zbog konflikta na Bliskom istoku<\/a><\/p>\n","protected":false},"excerpt":{"rendered":"<p>Kuvajtski emir Sabah Al-Ahmad Al-Jaber Al-Sabah\u00a0poru\u010dio je da kuvajtska vojska mora biti spremna zbog konflikata na Bliskom istoku, koji su &#8220;doveli do stanja nesigurnosti&#8221;. Zbog toga je pozvao oru\u017eane snage\u00a0da poduzmu najvi\u0161i stepen opreza zbog &#8220;opasnog razvoja situacije&#8221; u regiji. &#8211; Dobro ste svjesni ozbiljnih zbivanja oko nas koja zahtijevaju da budete na najvi\u0161em\u00a0stepenu opreza [&hellip;]<\/p>\n","protected":false},"author":83,"featured_media":0,"comment_status":"open","ping_status":"open","sticky":false,"template":"","format":"standard","meta":{"footnotes":""},"categories":[9],"tags":[10499],"class_list":{"0":"post-223389","1":"post","2":"type-post","3":"status-publish","4":"format-standard","6":"category-svijet","7":"tag-a"},"yoast_head":"<!-- This site is optimized with the Yoast SEO Premium plugin v23.1 (Yoast SEO v24.9) - https:\/\/yoast.com\/wordpress\/plugins\/seo\/ -->\n<title>Kuvajtski emir pozvao vojsku da bude spremna zbog konflikta na Bliskom istoku<\/title>\n<meta name=\"robots\" content=\"index, follow, max-snippet:-1, max-image-preview:large, max-video-preview:-1\" \/>\n<link rel=\"canonical\" href=\"https:\/\/sandzakpress.net\/arhiva\/kuvajtski-emir-pozvao-vojsku-da-bude-spremna-zbog-konflikta-na-bliskom-istoku\/\" \/>\n<meta property=\"og:locale\" content=\"bs_BA\" \/>\n<meta property=\"og:type\" content=\"article\" \/>\n<meta property=\"og:title\" content=\"Kuvajtski emir pozvao vojsku da bude spremna zbog konflikta na Bliskom istoku\" \/>\n<meta property=\"og:description\" content=\"Kuvajtski emir Sabah Al-Ahmad Al-Jaber Al-Sabah\u00a0poru\u010dio je da kuvajtska vojska mora biti spremna zbog konflikata na Bliskom istoku, koji su &#8220;doveli do stanja nesigurnosti&#8221;. Zbog toga je pozvao oru\u017eane snage\u00a0da poduzmu najvi\u0161i stepen opreza zbog &#8220;opasnog razvoja situacije&#8221; u regiji. &#8211; Dobro ste svjesni ozbiljnih zbivanja oko nas koja zahtijevaju da budete na najvi\u0161em\u00a0stepenu opreza [&hellip;]\" \/>\n<meta property=\"og:url\" content=\"https:\/\/sandzakpress.net\/arhiva\/kuvajtski-emir-pozvao-vojsku-da-bude-spremna-zbog-konflikta-na-bliskom-istoku\/\" \/>\n<meta property=\"og:site_name\" content=\"Sand\u017eak PRESS\" \/>\n<meta property=\"article:published_time\" content=\"2019-05-16T10:18:30+00:00\" \/>\n<meta property=\"og:image\" content=\"https:\/\/vijesti.ba\/fajlovi\/news\/kuvajtski-emir-pozvao-vojsku-da-bude-spremna-zbog-konflikta-na-bliskom-istoku-181210094438voyv_5cdc4fc1ce59c.jpg?size=lg\" \/>\n<meta name=\"author\" content=\"bosniak\" \/>\n<meta name=\"twitter:card\" content=\"summary_large_image\" \/>\n<meta name=\"twitter:label1\" content=\"Written by\" \/>\n\t<meta name=\"twitter:data1\" content=\"bosniak\" \/>\n\t<meta name=\"twitter:label2\" content=\"Est. reading time\" \/>\n\t<meta name=\"twitter:data2\" content=\"1 minuta\" \/>\n<script type=\"application\/ld+json\" class=\"yoast-schema-graph\">{\"@context\":\"https:\/\/schema.org\",\"@graph\":[{\"@type\":\"Article\",\"@id\":\"https:\/\/sandzakpress.net\/arhiva\/kuvajtski-emir-pozvao-vojsku-da-bude-spremna-zbog-konflikta-na-bliskom-istoku\/#article\",\"isPartOf\":{\"@id\":\"https:\/\/sandzakpress.net\/arhiva\/kuvajtski-emir-pozvao-vojsku-da-bude-spremna-zbog-konflikta-na-bliskom-istoku\/\"},\"author\":{\"name\":\"bosniak\",\"@id\":\"https:\/\/sandzakpress.net\/arhiva\/#\/schema\/person\/c8baee722073534b583ea7bdb2e36c02\"},\"headline\":\"Kuvajtski emir pozvao vojsku da bude spremna zbog konflikta na Bliskom istoku\",\"datePublished\":\"2019-05-16T10:18:30+00:00\",\"mainEntityOfPage\":{\"@id\":\"https:\/\/sandzakpress.net\/arhiva\/kuvajtski-emir-pozvao-vojsku-da-bude-spremna-zbog-konflikta-na-bliskom-istoku\/\"},\"wordCount\":259,\"commentCount\":0,\"publisher\":{\"@id\":\"https:\/\/sandzakpress.net\/arhiva\/#\/schema\/person\/6e72b67d6e51910a1117b3b483ba20bd\"},\"image\":{\"@id\":\"https:\/\/sandzakpress.net\/arhiva\/kuvajtski-emir-pozvao-vojsku-da-bude-spremna-zbog-konflikta-na-bliskom-istoku\/#primaryimage\"},\"thumbnailUrl\":\"https:\/\/vijesti.ba\/fajlovi\/news\/kuvajtski-emir-pozvao-vojsku-da-bude-spremna-zbog-konflikta-na-bliskom-istoku-181210094438voyv_5cdc4fc1ce59c.jpg?size=lg\",\"keywords\":[\"A\"],\"articleSection\":[\"Svijet\"],\"inLanguage\":\"bs-BA\",\"potentialAction\":[{\"@type\":\"CommentAction\",\"name\":\"Comment\",\"target\":[\"https:\/\/sandzakpress.net\/arhiva\/kuvajtski-emir-pozvao-vojsku-da-bude-spremna-zbog-konflikta-na-bliskom-istoku\/#respond\"]}]},{\"@type\":\"WebPage\",\"@id\":\"https:\/\/sandzakpress.net\/arhiva\/kuvajtski-emir-pozvao-vojsku-da-bude-spremna-zbog-konflikta-na-bliskom-istoku\/\",\"url\":\"https:\/\/sandzakpress.net\/arhiva\/kuvajtski-emir-pozvao-vojsku-da-bude-spremna-zbog-konflikta-na-bliskom-istoku\/\",\"name\":\"Kuvajtski emir pozvao vojsku da bude spremna zbog konflikta na Bliskom istoku\",\"isPartOf\":{\"@id\":\"https:\/\/sandzakpress.net\/arhiva\/#website\"},\"primaryImageOfPage\":{\"@id\":\"https:\/\/sandzakpress.net\/arhiva\/kuvajtski-emir-pozvao-vojsku-da-bude-spremna-zbog-konflikta-na-bliskom-istoku\/#primaryimage\"},\"image\":{\"@id\":\"https:\/\/sandzakpress.net\/arhiva\/kuvajtski-emir-pozvao-vojsku-da-bude-spremna-zbog-konflikta-na-bliskom-istoku\/#primaryimage\"},\"thumbnailUrl\":\"https:\/\/vijesti.ba\/fajlovi\/news\/kuvajtski-emir-pozvao-vojsku-da-bude-spremna-zbog-konflikta-na-bliskom-istoku-181210094438voyv_5cdc4fc1ce59c.jpg?size=lg\",\"datePublished\":\"2019-05-16T10:18:30+00:00\",\"breadcrumb\":{\"@id\":\"https:\/\/sandzakpress.net\/arhiva\/kuvajtski-emir-pozvao-vojsku-da-bude-spremna-zbog-konflikta-na-bliskom-istoku\/#breadcrumb\"},\"inLanguage\":\"bs-BA\",\"potentialAction\":[{\"@type\":\"ReadAction\",\"target\":[\"https:\/\/sandzakpress.net\/arhiva\/kuvajtski-emir-pozvao-vojsku-da-bude-spremna-zbog-konflikta-na-bliskom-istoku\/\"]}]},{\"@type\":\"ImageObject\",\"inLanguage\":\"bs-BA\",\"@id\":\"https:\/\/sandzakpress.net\/arhiva\/kuvajtski-emir-pozvao-vojsku-da-bude-spremna-zbog-konflikta-na-bliskom-istoku\/#primaryimage\",\"url\":\"https:\/\/vijesti.ba\/fajlovi\/news\/kuvajtski-emir-pozvao-vojsku-da-bude-spremna-zbog-konflikta-na-bliskom-istoku-181210094438voyv_5cdc4fc1ce59c.jpg?size=lg\",\"contentUrl\":\"https:\/\/vijesti.ba\/fajlovi\/news\/kuvajtski-emir-pozvao-vojsku-da-bude-spremna-zbog-konflikta-na-bliskom-istoku-181210094438voyv_5cdc4fc1ce59c.jpg?size=lg\"},{\"@type\":\"BreadcrumbList\",\"@id\":\"https:\/\/sandzakpress.net\/arhiva\/kuvajtski-emir-pozvao-vojsku-da-bude-spremna-zbog-konflikta-na-bliskom-istoku\/#breadcrumb\",\"itemListElement\":[{\"@type\":\"ListItem\",\"position\":1,\"name\":\"Home\",\"item\":\"https:\/\/sandzakpress.net\/arhiva\/\"},{\"@type\":\"ListItem\",\"position\":2,\"name\":\"Kuvajtski emir pozvao vojsku da bude spremna zbog konflikta na Bliskom istoku\"}]},{\"@type\":\"WebSite\",\"@id\":\"https:\/\/sandzakpress.net\/arhiva\/#website\",\"url\":\"https:\/\/sandzakpress.net\/arhiva\/\",\"name\":\"Sand\u017eak PRESS\",\"description\":\"Prve elektronske novine u Sand\u017eaku\",\"publisher\":{\"@id\":\"https:\/\/sandzakpress.net\/arhiva\/#\/schema\/person\/6e72b67d6e51910a1117b3b483ba20bd\"},\"potentialAction\":[{\"@type\":\"SearchAction\",\"target\":{\"@type\":\"EntryPoint\",\"urlTemplate\":\"https:\/\/sandzakpress.net\/arhiva\/?s={search_term_string}\"},\"query-input\":{\"@type\":\"PropertyValueSpecification\",\"valueRequired\":true,\"valueName\":\"search_term_string\"}}],\"inLanguage\":\"bs-BA\"},{\"@type\":[\"Person\",\"Organization\"],\"@id\":\"https:\/\/sandzakpress.net\/arhiva\/#\/schema\/person\/6e72b67d6e51910a1117b3b483ba20bd\",\"name\":\"Kul\",\"image\":{\"@type\":\"ImageObject\",\"inLanguage\":\"bs-BA\",\"@id\":\"https:\/\/sandzakpress.net\/arhiva\/#\/schema\/person\/image\/\",\"url\":\"https:\/\/secure.gravatar.com\/avatar\/42263f39aa27ac04c43cab85c280eb2e?s=96&d=mm&r=pg\",\"contentUrl\":\"https:\/\/secure.gravatar.com\/avatar\/42263f39aa27ac04c43cab85c280eb2e?s=96&d=mm&r=pg\",\"caption\":\"Kul\"},\"logo\":{\"@id\":\"https:\/\/sandzakpress.net\/arhiva\/#\/schema\/person\/image\/\"}},{\"@type\":\"Person\",\"@id\":\"https:\/\/sandzakpress.net\/arhiva\/#\/schema\/person\/c8baee722073534b583ea7bdb2e36c02\",\"name\":\"bosniak\",\"image\":{\"@type\":\"ImageObject\",\"inLanguage\":\"bs-BA\",\"@id\":\"https:\/\/sandzakpress.net\/arhiva\/#\/schema\/person\/image\/\",\"url\":\"https:\/\/secure.gravatar.com\/avatar\/a04fd330bfe3a36a72a0ad4a6d89fca7?s=96&d=mm&r=pg\",\"contentUrl\":\"https:\/\/secure.gravatar.com\/avatar\/a04fd330bfe3a36a72a0ad4a6d89fca7?s=96&d=mm&r=pg\",\"caption\":\"bosniak\"},\"url\":\"https:\/\/sandzakpress.net\/arhiva\/author\/bosniak\/\"}]}<\/script>\n<!-- \/ Yoast SEO Premium plugin. -->","yoast_head_json":{"title":"Kuvajtski emir pozvao vojsku da bude spremna zbog konflikta na Bliskom istoku","robots":{"index":"index","follow":"follow","max-snippet":"max-snippet:-1","max-image-preview":"max-image-preview:large","max-video-preview":"max-video-preview:-1"},"canonical":"https:\/\/sandzakpress.net\/arhiva\/kuvajtski-emir-pozvao-vojsku-da-bude-spremna-zbog-konflikta-na-bliskom-istoku\/","og_locale":"bs_BA","og_type":"article","og_title":"Kuvajtski emir pozvao vojsku da bude spremna zbog konflikta na Bliskom istoku","og_description":"Kuvajtski emir Sabah Al-Ahmad Al-Jaber Al-Sabah\u00a0poru\u010dio je da kuvajtska vojska mora biti spremna zbog konflikata na Bliskom istoku, koji su &#8220;doveli do stanja nesigurnosti&#8221;. Zbog toga je pozvao oru\u017eane snage\u00a0da poduzmu najvi\u0161i stepen opreza zbog &#8220;opasnog razvoja situacije&#8221; u regiji. &#8211; Dobro ste svjesni ozbiljnih zbivanja oko nas koja zahtijevaju da budete na najvi\u0161em\u00a0stepenu opreza [&hellip;]","og_url":"https:\/\/sandzakpress.net\/arhiva\/kuvajtski-emir-pozvao-vojsku-da-bude-spremna-zbog-konflikta-na-bliskom-istoku\/","og_site_name":"Sand\u017eak PRESS","article_published_time":"2019-05-16T10:18:30+00:00","og_image":[{"url":"https:\/\/vijesti.ba\/fajlovi\/news\/kuvajtski-emir-pozvao-vojsku-da-bude-spremna-zbog-konflikta-na-bliskom-istoku-181210094438voyv_5cdc4fc1ce59c.jpg?size=lg","type":"","width":"","height":""}],"author":"bosniak","twitter_card":"summary_large_image","twitter_misc":{"Written by":"bosniak","Est. reading time":"1 minuta"},"schema":{"@context":"https:\/\/schema.org","@graph":[{"@type":"Article","@id":"https:\/\/sandzakpress.net\/arhiva\/kuvajtski-emir-pozvao-vojsku-da-bude-spremna-zbog-konflikta-na-bliskom-istoku\/#article","isPartOf":{"@id":"https:\/\/sandzakpress.net\/arhiva\/kuvajtski-emir-pozvao-vojsku-da-bude-spremna-zbog-konflikta-na-bliskom-istoku\/"},"author":{"name":"bosniak","@id":"https:\/\/sandzakpress.net\/arhiva\/#\/schema\/person\/c8baee722073534b583ea7bdb2e36c02"},"headline":"Kuvajtski emir pozvao vojsku da bude spremna zbog konflikta na Bliskom istoku","datePublished":"2019-05-16T10:18:30+00:00","mainEntityOfPage":{"@id":"https:\/\/sandzakpress.net\/arhiva\/kuvajtski-emir-pozvao-vojsku-da-bude-spremna-zbog-konflikta-na-bliskom-istoku\/"},"wordCount":259,"commentCount":0,"publisher":{"@id":"https:\/\/sandzakpress.net\/arhiva\/#\/schema\/person\/6e72b67d6e51910a1117b3b483ba20bd"},"image":{"@id":"https:\/\/sandzakpress.net\/arhiva\/kuvajtski-emir-pozvao-vojsku-da-bude-spremna-zbog-konflikta-na-bliskom-istoku\/#primaryimage"},"thumbnailUrl":"https:\/\/vijesti.ba\/fajlovi\/news\/kuvajtski-emir-pozvao-vojsku-da-bude-spremna-zbog-konflikta-na-bliskom-istoku-181210094438voyv_5cdc4fc1ce59c.jpg?size=lg","keywords":["A"],"articleSection":["Svijet"],"inLanguage":"bs-BA","potentialAction":[{"@type":"CommentAction","name":"Comment","target":["https:\/\/sandzakpress.net\/arhiva\/kuvajtski-emir-pozvao-vojsku-da-bude-spremna-zbog-konflikta-na-bliskom-istoku\/#respond"]}]},{"@type":"WebPage","@id":"https:\/\/sandzakpress.net\/arhiva\/kuvajtski-emir-pozvao-vojsku-da-bude-spremna-zbog-konflikta-na-bliskom-istoku\/","url":"https:\/\/sandzakpress.net\/arhiva\/kuvajtski-emir-pozvao-vojsku-da-bude-spremna-zbog-konflikta-na-bliskom-istoku\/","name":"Kuvajtski emir pozvao vojsku da bude spremna zbog konflikta na Bliskom istoku","isPartOf":{"@id":"https:\/\/sandzakpress.net\/arhiva\/#website"},"primaryImageOfPage":{"@id":"https:\/\/sandzakpress.net\/arhiva\/kuvajtski-emir-pozvao-vojsku-da-bude-spremna-zbog-konflikta-na-bliskom-istoku\/#primaryimage"},"image":{"@id":"https:\/\/sandzakpress.net\/arhiva\/kuvajtski-emir-pozvao-vojsku-da-bude-spremna-zbog-konflikta-na-bliskom-istoku\/#primaryimage"},"thumbnailUrl":"https:\/\/vijesti.ba\/fajlovi\/news\/kuvajtski-emir-pozvao-vojsku-da-bude-spremna-zbog-konflikta-na-bliskom-istoku-181210094438voyv_5cdc4fc1ce59c.jpg?size=lg","datePublished":"2019-05-16T10:18:30+00:00","breadcrumb":{"@id":"https:\/\/sandzakpress.net\/arhiva\/kuvajtski-emir-pozvao-vojsku-da-bude-spremna-zbog-konflikta-na-bliskom-istoku\/#breadcrumb"},"inLanguage":"bs-BA","potentialAction":[{"@type":"ReadAction","target":["https:\/\/sandzakpress.net\/arhiva\/kuvajtski-emir-pozvao-vojsku-da-bude-spremna-zbog-konflikta-na-bliskom-istoku\/"]}]},{"@type":"ImageObject","inLanguage":"bs-BA","@id":"https:\/\/sandzakpress.net\/arhiva\/kuvajtski-emir-pozvao-vojsku-da-bude-spremna-zbog-konflikta-na-bliskom-istoku\/#primaryimage","url":"https:\/\/vijesti.ba\/fajlovi\/news\/kuvajtski-emir-pozvao-vojsku-da-bude-spremna-zbog-konflikta-na-bliskom-istoku-181210094438voyv_5cdc4fc1ce59c.jpg?size=lg","contentUrl":"https:\/\/vijesti.ba\/fajlovi\/news\/kuvajtski-emir-pozvao-vojsku-da-bude-spremna-zbog-konflikta-na-bliskom-istoku-181210094438voyv_5cdc4fc1ce59c.jpg?size=lg"},{"@type":"BreadcrumbList","@id":"https:\/\/sandzakpress.net\/arhiva\/kuvajtski-emir-pozvao-vojsku-da-bude-spremna-zbog-konflikta-na-bliskom-istoku\/#breadcrumb","itemListElement":[{"@type":"ListItem","position":1,"name":"Home","item":"https:\/\/sandzakpress.net\/arhiva\/"},{"@type":"ListItem","position":2,"name":"Kuvajtski emir pozvao vojsku da bude spremna zbog konflikta na Bliskom istoku"}]},{"@type":"WebSite","@id":"https:\/\/sandzakpress.net\/arhiva\/#website","url":"https:\/\/sandzakpress.net\/arhiva\/","name":"Sand\u017eak PRESS","description":"Prve elektronske novine u Sand\u017eaku","publisher":{"@id":"https:\/\/sandzakpress.net\/arhiva\/#\/schema\/person\/6e72b67d6e51910a1117b3b483ba20bd"},"potentialAction":[{"@type":"SearchAction","target":{"@type":"EntryPoint","urlTemplate":"https:\/\/sandzakpress.net\/arhiva\/?s={search_term_string}"},"query-input":{"@type":"PropertyValueSpecification","valueRequired":true,"valueName":"search_term_string"}}],"inLanguage":"bs-BA"},{"@type":["Person","Organization"],"@id":"https:\/\/sandzakpress.net\/arhiva\/#\/schema\/person\/6e72b67d6e51910a1117b3b483ba20bd","name":"Kul","image":{"@type":"ImageObject","inLanguage":"bs-BA","@id":"https:\/\/sandzakpress.net\/arhiva\/#\/schema\/person\/image\/","url":"https:\/\/secure.gravatar.com\/avatar\/42263f39aa27ac04c43cab85c280eb2e?s=96&d=mm&r=pg","contentUrl":"https:\/\/secure.gravatar.com\/avatar\/42263f39aa27ac04c43cab85c280eb2e?s=96&d=mm&r=pg","caption":"Kul"},"logo":{"@id":"https:\/\/sandzakpress.net\/arhiva\/#\/schema\/person\/image\/"}},{"@type":"Person","@id":"https:\/\/sandzakpress.net\/arhiva\/#\/schema\/person\/c8baee722073534b583ea7bdb2e36c02","name":"bosniak","image":{"@type":"ImageObject","inLanguage":"bs-BA","@id":"https:\/\/sandzakpress.net\/arhiva\/#\/schema\/person\/image\/","url":"https:\/\/secure.gravatar.com\/avatar\/a04fd330bfe3a36a72a0ad4a6d89fca7?s=96&d=mm&r=pg","contentUrl":"https:\/\/secure.gravatar.com\/avatar\/a04fd330bfe3a36a72a0ad4a6d89fca7?s=96&d=mm&r=pg","caption":"bosniak"},"url":"https:\/\/sandzakpress.net\/arhiva\/author\/bosniak\/"}]}},"_links":{"self":[{"href":"https:\/\/sandzakpress.net\/arhiva\/wp-json\/wp\/v2\/posts\/223389"}],"collection":[{"href":"https:\/\/sandzakpress.net\/arhiva\/wp-json\/wp\/v2\/posts"}],"about":[{"href":"https:\/\/sandzakpress.net\/arhiva\/wp-json\/wp\/v2\/types\/post"}],"author":[{"embeddable":true,"href":"https:\/\/sandzakpress.net\/arhiva\/wp-json\/wp\/v2\/users\/83"}],"replies":[{"embeddable":true,"href":"https:\/\/sandzakpress.net\/arhiva\/wp-json\/wp\/v2\/comments?post=223389"}],"version-history":[{"count":0,"href":"https:\/\/sandzakpress.net\/arhiva\/wp-json\/wp\/v2\/posts\/223389\/revisions"}],"wp:attachment":[{"href":"https:\/\/sandzakpress.net\/arhiva\/wp-json\/wp\/v2\/media?parent=223389"}],"wp:term":[{"taxonomy":"category","embeddable":true,"href":"https:\/\/sandzakpress.net\/arhiva\/wp-json\/wp\/v2\/categories?post=223389"},{"taxonomy":"post_tag","embeddable":true,"href":"https:\/\/sandzakpress.net\/arhiva\/wp-json\/wp\/v2\/tags?post=223389"}],"curies":[{"name":"wp","href":"https:\/\/api.w.org\/{rel}","templated":true}]}}