{"id":223381,"date":"2019-05-16T12:27:10","date_gmt":"2019-05-16T10:27:10","guid":{"rendered":"https:\/\/sandzakpress.net\/arhiva\/turska-u-manisi-donesene-presude-za-puciste-feto-a"},"modified":"2019-05-16T12:27:10","modified_gmt":"2019-05-16T10:27:10","slug":"turska-u-manisi-donesene-presude-za-puciste-feto-a","status":"publish","type":"post","link":"https:\/\/sandzakpress.net\/arhiva\/turska-u-manisi-donesene-presude-za-puciste-feto-a\/","title":{"rendered":"Turska: U Manisi donesene presude za pu\u010diste FETO-a"},"content":{"rendered":"<p><span class=\"cb-itemprop\"><\/p>\n<p><a href=\"https:\/\/islampress.net\/wp-content\/uploads\/2019\/05\/Unbenannt-2.png\"><img loading=\"lazy\" decoding=\"async\" class=\"alignnone wp-image-45211 size-full\" src=\"https:\/\/islampress.net\/wp-content\/uploads\/2019\/05\/Unbenannt-2.png\" alt=\"\" width=\"1011\" height=\"577\" \/><\/a><\/p>\n<p><strong>Biv\u0161i komandant brigade Turskih oru\u017eanih snaga (TSK) stacionirane u Manisi, na zapadu Turske, pukovnik Murat Yilmaz, osu\u0111en je na do\u017eivotnu zatvorsku kaznu po uslovima stro\u017eijim od uobi\u010dajenih, zbog u\u010de\u0161\u0107a u poku\u0161aju dr\u017eavnog udara u Turskoj iza kojeg stoji teroristi\u010dka organizacija FETO, javlja Anadolu Agency (AA).<\/strong><\/p>\n<p>Sud u Manisi donio je odluke u predmetu tokom kojeg se sudilo devetorici ljudi, od kojih je \u0161est bilo u pritvoru.<\/p>\n<p>Uhap\u0161eni biv\u0161i pukovnik Nihat Eryilmaz, biv\u0161i potpukovnici Engin Yucel i Sukru Ozermis osu\u0111eni su na do\u017eivotnu zatvorsku kaznu.<\/p>\n<p>Sud je biv\u0161em kapetanu Mustafi Tacibozuku odredio kaznu od sedam godina i \u0161est mjeseci, a biv\u0161em poru\u010dniku Ilhanu Gozuyukariju od \u0161est godina, deset mjeseci i 15 dana.<\/p>\n<p>Oslobo\u0111eni su biv\u0161i podoficiri Tarik Demirtas i Ferdi Yoruyen te biv\u0161i poru\u010dnik Yunus Bayat.<\/p>\n<p>Teroristi\u010dka organizacija Fetulahci (FETO) odgovorna je za krvavi poku\u0161aj pu\u010da u Turskoj u no\u0107i 15. jula 2016. godine.<\/p>\n<p>Rije\u010d je o teroristi\u010dkoj organizaciji koju predvodi Fetulah Gulen, nastanjen u Sjedinjenim Ameri\u010dkim Dr\u017eavama, a \u010dije izru\u010denje je Turska formalno tra\u017eila od SAD-a.<\/p>\n<p>\u010clanovi te teroristi\u010dke organizacije godinama su namje\u0161tanjem ispita napredovali u slu\u017ebi infiltriraju\u0107i se tako u institucije dr\u017eave. Potom su, najprije u decembru 2013. godine, \u010dlanovi FETO-a u pravosu\u0111u Turske kroz namje\u0161teni proces zbog navodne korupcije poku\u0161ali procesuiranje brojnih visokih du\u017enosnika.<\/p>\n<p>Nekoliko godina kasnije uslijedio je i krvavi poku\u0161aj terorista FETO-a kada su 15. jula oficiri u turskoj vojsci odani toj teroristi\u010dkoj organizaciji pokrenuli pu\u010d.<\/p>\n<p>Istraga u vezi s teroristi\u010dkom organizacijom FETO pokazala je da se radi o globalnoj mre\u017ei koja ne predstavlja opasnost samo Turskoj, nego i svakoj drugoj zemlji u kojoj je aktivna, a na to su u vi\u0161e navrata i ukazali turski zvani\u010dnici. Tokom poku\u0161aja pu\u010da u Turskoj je poginula 251, a ranjeno oko 2.200 osoba.<\/p>\n<p><\/span><br \/>\nPogledajte vijest na izvornom sajtu:<\/p>\n<p><a href=\"https:\/\/islampress.net\/45210\/turska-u-manisi-donesene-presude-za-puciste-feto-a\/\" target=\"_blank\">Turska: U Manisi donesene presude za pu\u010diste FETO-a<\/a><\/p>\n","protected":false},"excerpt":{"rendered":"<p>Biv\u0161i komandant brigade Turskih oru\u017eanih snaga (TSK) stacionirane u Manisi, na zapadu Turske, pukovnik Murat Yilmaz, osu\u0111en je na do\u017eivotnu zatvorsku kaznu po uslovima stro\u017eijim od uobi\u010dajenih, zbog u\u010de\u0161\u0107a u poku\u0161aju dr\u017eavnog udara u Turskoj iza kojeg stoji teroristi\u010dka organizacija FETO, javlja Anadolu Agency (AA). Sud u Manisi donio je odluke u predmetu tokom kojeg [&hellip;]<\/p>\n","protected":false},"author":83,"featured_media":223382,"comment_status":"open","ping_status":"open","sticky":false,"template":"","format":"standard","meta":{"footnotes":""},"categories":[9],"tags":[10499],"class_list":{"0":"post-223381","1":"post","2":"type-post","3":"status-publish","4":"format-standard","5":"has-post-thumbnail","7":"category-svijet","8":"tag-a"},"yoast_head":"<!-- This site is optimized with the Yoast SEO Premium plugin v23.1 (Yoast SEO v24.9) - https:\/\/yoast.com\/wordpress\/plugins\/seo\/ -->\n<title>Turska: U Manisi donesene presude za pu\u010diste FETO-a<\/title>\n<meta name=\"robots\" content=\"index, follow, max-snippet:-1, max-image-preview:large, max-video-preview:-1\" \/>\n<link rel=\"canonical\" href=\"https:\/\/sandzakpress.net\/arhiva\/turska-u-manisi-donesene-presude-za-puciste-feto-a\/\" \/>\n<meta property=\"og:locale\" content=\"bs_BA\" \/>\n<meta property=\"og:type\" content=\"article\" \/>\n<meta property=\"og:title\" content=\"Turska: U Manisi donesene presude za pu\u010diste FETO-a\" \/>\n<meta property=\"og:description\" content=\"Biv\u0161i komandant brigade Turskih oru\u017eanih snaga (TSK) stacionirane u Manisi, na zapadu Turske, pukovnik Murat Yilmaz, osu\u0111en je na do\u017eivotnu zatvorsku kaznu po uslovima stro\u017eijim od uobi\u010dajenih, zbog u\u010de\u0161\u0107a u poku\u0161aju dr\u017eavnog udara u Turskoj iza kojeg stoji teroristi\u010dka organizacija FETO, javlja Anadolu Agency (AA). Sud u Manisi donio je odluke u predmetu tokom kojeg [&hellip;]\" \/>\n<meta property=\"og:url\" content=\"https:\/\/sandzakpress.net\/arhiva\/turska-u-manisi-donesene-presude-za-puciste-feto-a\/\" \/>\n<meta property=\"og:site_name\" content=\"Sand\u017eak PRESS\" \/>\n<meta property=\"article:published_time\" content=\"2019-05-16T10:27:10+00:00\" \/>\n<meta property=\"og:image\" content=\"https:\/\/sandzakpress.net\/arhiva\/wp-content\/uploads\/2019\/05\/Unbenannt-2.png\" \/>\n\t<meta property=\"og:image:width\" content=\"1011\" \/>\n\t<meta property=\"og:image:height\" content=\"577\" \/>\n\t<meta property=\"og:image:type\" content=\"image\/png\" \/>\n<meta name=\"author\" content=\"bosniak\" \/>\n<meta name=\"twitter:card\" content=\"summary_large_image\" \/>\n<meta name=\"twitter:label1\" content=\"Written by\" \/>\n\t<meta name=\"twitter:data1\" content=\"bosniak\" \/>\n\t<meta name=\"twitter:label2\" content=\"Est. reading time\" \/>\n\t<meta name=\"twitter:data2\" content=\"2 minute\" \/>\n<script type=\"application\/ld+json\" class=\"yoast-schema-graph\">{\"@context\":\"https:\/\/schema.org\",\"@graph\":[{\"@type\":\"Article\",\"@id\":\"https:\/\/sandzakpress.net\/arhiva\/turska-u-manisi-donesene-presude-za-puciste-feto-a\/#article\",\"isPartOf\":{\"@id\":\"https:\/\/sandzakpress.net\/arhiva\/turska-u-manisi-donesene-presude-za-puciste-feto-a\/\"},\"author\":{\"name\":\"bosniak\",\"@id\":\"https:\/\/sandzakpress.net\/arhiva\/#\/schema\/person\/c8baee722073534b583ea7bdb2e36c02\"},\"headline\":\"Turska: U Manisi donesene presude za pu\u010diste FETO-a\",\"datePublished\":\"2019-05-16T10:27:10+00:00\",\"mainEntityOfPage\":{\"@id\":\"https:\/\/sandzakpress.net\/arhiva\/turska-u-manisi-donesene-presude-za-puciste-feto-a\/\"},\"wordCount\":349,\"commentCount\":0,\"publisher\":{\"@id\":\"https:\/\/sandzakpress.net\/arhiva\/#\/schema\/person\/6e72b67d6e51910a1117b3b483ba20bd\"},\"image\":{\"@id\":\"https:\/\/sandzakpress.net\/arhiva\/turska-u-manisi-donesene-presude-za-puciste-feto-a\/#primaryimage\"},\"thumbnailUrl\":\"https:\/\/sandzakpress.net\/arhiva\/wp-content\/uploads\/2019\/05\/Unbenannt-2.png\",\"keywords\":[\"A\"],\"articleSection\":[\"Svijet\"],\"inLanguage\":\"bs-BA\",\"potentialAction\":[{\"@type\":\"CommentAction\",\"name\":\"Comment\",\"target\":[\"https:\/\/sandzakpress.net\/arhiva\/turska-u-manisi-donesene-presude-za-puciste-feto-a\/#respond\"]}]},{\"@type\":\"WebPage\",\"@id\":\"https:\/\/sandzakpress.net\/arhiva\/turska-u-manisi-donesene-presude-za-puciste-feto-a\/\",\"url\":\"https:\/\/sandzakpress.net\/arhiva\/turska-u-manisi-donesene-presude-za-puciste-feto-a\/\",\"name\":\"Turska: U Manisi donesene presude za pu\u010diste FETO-a\",\"isPartOf\":{\"@id\":\"https:\/\/sandzakpress.net\/arhiva\/#website\"},\"primaryImageOfPage\":{\"@id\":\"https:\/\/sandzakpress.net\/arhiva\/turska-u-manisi-donesene-presude-za-puciste-feto-a\/#primaryimage\"},\"image\":{\"@id\":\"https:\/\/sandzakpress.net\/arhiva\/turska-u-manisi-donesene-presude-za-puciste-feto-a\/#primaryimage\"},\"thumbnailUrl\":\"https:\/\/sandzakpress.net\/arhiva\/wp-content\/uploads\/2019\/05\/Unbenannt-2.png\",\"datePublished\":\"2019-05-16T10:27:10+00:00\",\"breadcrumb\":{\"@id\":\"https:\/\/sandzakpress.net\/arhiva\/turska-u-manisi-donesene-presude-za-puciste-feto-a\/#breadcrumb\"},\"inLanguage\":\"bs-BA\",\"potentialAction\":[{\"@type\":\"ReadAction\",\"target\":[\"https:\/\/sandzakpress.net\/arhiva\/turska-u-manisi-donesene-presude-za-puciste-feto-a\/\"]}]},{\"@type\":\"ImageObject\",\"inLanguage\":\"bs-BA\",\"@id\":\"https:\/\/sandzakpress.net\/arhiva\/turska-u-manisi-donesene-presude-za-puciste-feto-a\/#primaryimage\",\"url\":\"https:\/\/sandzakpress.net\/arhiva\/wp-content\/uploads\/2019\/05\/Unbenannt-2.png\",\"contentUrl\":\"https:\/\/sandzakpress.net\/arhiva\/wp-content\/uploads\/2019\/05\/Unbenannt-2.png\",\"width\":1011,\"height\":577},{\"@type\":\"BreadcrumbList\",\"@id\":\"https:\/\/sandzakpress.net\/arhiva\/turska-u-manisi-donesene-presude-za-puciste-feto-a\/#breadcrumb\",\"itemListElement\":[{\"@type\":\"ListItem\",\"position\":1,\"name\":\"Home\",\"item\":\"https:\/\/sandzakpress.net\/arhiva\/\"},{\"@type\":\"ListItem\",\"position\":2,\"name\":\"Turska: U Manisi donesene presude za pu\u010diste FETO-a\"}]},{\"@type\":\"WebSite\",\"@id\":\"https:\/\/sandzakpress.net\/arhiva\/#website\",\"url\":\"https:\/\/sandzakpress.net\/arhiva\/\",\"name\":\"Sand\u017eak PRESS\",\"description\":\"Prve elektronske novine u Sand\u017eaku\",\"publisher\":{\"@id\":\"https:\/\/sandzakpress.net\/arhiva\/#\/schema\/person\/6e72b67d6e51910a1117b3b483ba20bd\"},\"potentialAction\":[{\"@type\":\"SearchAction\",\"target\":{\"@type\":\"EntryPoint\",\"urlTemplate\":\"https:\/\/sandzakpress.net\/arhiva\/?s={search_term_string}\"},\"query-input\":{\"@type\":\"PropertyValueSpecification\",\"valueRequired\":true,\"valueName\":\"search_term_string\"}}],\"inLanguage\":\"bs-BA\"},{\"@type\":[\"Person\",\"Organization\"],\"@id\":\"https:\/\/sandzakpress.net\/arhiva\/#\/schema\/person\/6e72b67d6e51910a1117b3b483ba20bd\",\"name\":\"Kul\",\"image\":{\"@type\":\"ImageObject\",\"inLanguage\":\"bs-BA\",\"@id\":\"https:\/\/sandzakpress.net\/arhiva\/#\/schema\/person\/image\/\",\"url\":\"https:\/\/secure.gravatar.com\/avatar\/42263f39aa27ac04c43cab85c280eb2e?s=96&d=mm&r=pg\",\"contentUrl\":\"https:\/\/secure.gravatar.com\/avatar\/42263f39aa27ac04c43cab85c280eb2e?s=96&d=mm&r=pg\",\"caption\":\"Kul\"},\"logo\":{\"@id\":\"https:\/\/sandzakpress.net\/arhiva\/#\/schema\/person\/image\/\"}},{\"@type\":\"Person\",\"@id\":\"https:\/\/sandzakpress.net\/arhiva\/#\/schema\/person\/c8baee722073534b583ea7bdb2e36c02\",\"name\":\"bosniak\",\"image\":{\"@type\":\"ImageObject\",\"inLanguage\":\"bs-BA\",\"@id\":\"https:\/\/sandzakpress.net\/arhiva\/#\/schema\/person\/image\/\",\"url\":\"https:\/\/secure.gravatar.com\/avatar\/a04fd330bfe3a36a72a0ad4a6d89fca7?s=96&d=mm&r=pg\",\"contentUrl\":\"https:\/\/secure.gravatar.com\/avatar\/a04fd330bfe3a36a72a0ad4a6d89fca7?s=96&d=mm&r=pg\",\"caption\":\"bosniak\"},\"url\":\"https:\/\/sandzakpress.net\/arhiva\/author\/bosniak\/\"}]}<\/script>\n<!-- \/ Yoast SEO Premium plugin. -->","yoast_head_json":{"title":"Turska: U Manisi donesene presude za pu\u010diste FETO-a","robots":{"index":"index","follow":"follow","max-snippet":"max-snippet:-1","max-image-preview":"max-image-preview:large","max-video-preview":"max-video-preview:-1"},"canonical":"https:\/\/sandzakpress.net\/arhiva\/turska-u-manisi-donesene-presude-za-puciste-feto-a\/","og_locale":"bs_BA","og_type":"article","og_title":"Turska: U Manisi donesene presude za pu\u010diste FETO-a","og_description":"Biv\u0161i komandant brigade Turskih oru\u017eanih snaga (TSK) stacionirane u Manisi, na zapadu Turske, pukovnik Murat Yilmaz, osu\u0111en je na do\u017eivotnu zatvorsku kaznu po uslovima stro\u017eijim od uobi\u010dajenih, zbog u\u010de\u0161\u0107a u poku\u0161aju dr\u017eavnog udara u Turskoj iza kojeg stoji teroristi\u010dka organizacija FETO, javlja Anadolu Agency (AA). Sud u Manisi donio je odluke u predmetu tokom kojeg [&hellip;]","og_url":"https:\/\/sandzakpress.net\/arhiva\/turska-u-manisi-donesene-presude-za-puciste-feto-a\/","og_site_name":"Sand\u017eak PRESS","article_published_time":"2019-05-16T10:27:10+00:00","og_image":[{"width":1011,"height":577,"url":"https:\/\/sandzakpress.net\/arhiva\/wp-content\/uploads\/2019\/05\/Unbenannt-2.png","type":"image\/png"}],"author":"bosniak","twitter_card":"summary_large_image","twitter_misc":{"Written by":"bosniak","Est. reading time":"2 minute"},"schema":{"@context":"https:\/\/schema.org","@graph":[{"@type":"Article","@id":"https:\/\/sandzakpress.net\/arhiva\/turska-u-manisi-donesene-presude-za-puciste-feto-a\/#article","isPartOf":{"@id":"https:\/\/sandzakpress.net\/arhiva\/turska-u-manisi-donesene-presude-za-puciste-feto-a\/"},"author":{"name":"bosniak","@id":"https:\/\/sandzakpress.net\/arhiva\/#\/schema\/person\/c8baee722073534b583ea7bdb2e36c02"},"headline":"Turska: U Manisi donesene presude za pu\u010diste FETO-a","datePublished":"2019-05-16T10:27:10+00:00","mainEntityOfPage":{"@id":"https:\/\/sandzakpress.net\/arhiva\/turska-u-manisi-donesene-presude-za-puciste-feto-a\/"},"wordCount":349,"commentCount":0,"publisher":{"@id":"https:\/\/sandzakpress.net\/arhiva\/#\/schema\/person\/6e72b67d6e51910a1117b3b483ba20bd"},"image":{"@id":"https:\/\/sandzakpress.net\/arhiva\/turska-u-manisi-donesene-presude-za-puciste-feto-a\/#primaryimage"},"thumbnailUrl":"https:\/\/sandzakpress.net\/arhiva\/wp-content\/uploads\/2019\/05\/Unbenannt-2.png","keywords":["A"],"articleSection":["Svijet"],"inLanguage":"bs-BA","potentialAction":[{"@type":"CommentAction","name":"Comment","target":["https:\/\/sandzakpress.net\/arhiva\/turska-u-manisi-donesene-presude-za-puciste-feto-a\/#respond"]}]},{"@type":"WebPage","@id":"https:\/\/sandzakpress.net\/arhiva\/turska-u-manisi-donesene-presude-za-puciste-feto-a\/","url":"https:\/\/sandzakpress.net\/arhiva\/turska-u-manisi-donesene-presude-za-puciste-feto-a\/","name":"Turska: U Manisi donesene presude za pu\u010diste FETO-a","isPartOf":{"@id":"https:\/\/sandzakpress.net\/arhiva\/#website"},"primaryImageOfPage":{"@id":"https:\/\/sandzakpress.net\/arhiva\/turska-u-manisi-donesene-presude-za-puciste-feto-a\/#primaryimage"},"image":{"@id":"https:\/\/sandzakpress.net\/arhiva\/turska-u-manisi-donesene-presude-za-puciste-feto-a\/#primaryimage"},"thumbnailUrl":"https:\/\/sandzakpress.net\/arhiva\/wp-content\/uploads\/2019\/05\/Unbenannt-2.png","datePublished":"2019-05-16T10:27:10+00:00","breadcrumb":{"@id":"https:\/\/sandzakpress.net\/arhiva\/turska-u-manisi-donesene-presude-za-puciste-feto-a\/#breadcrumb"},"inLanguage":"bs-BA","potentialAction":[{"@type":"ReadAction","target":["https:\/\/sandzakpress.net\/arhiva\/turska-u-manisi-donesene-presude-za-puciste-feto-a\/"]}]},{"@type":"ImageObject","inLanguage":"bs-BA","@id":"https:\/\/sandzakpress.net\/arhiva\/turska-u-manisi-donesene-presude-za-puciste-feto-a\/#primaryimage","url":"https:\/\/sandzakpress.net\/arhiva\/wp-content\/uploads\/2019\/05\/Unbenannt-2.png","contentUrl":"https:\/\/sandzakpress.net\/arhiva\/wp-content\/uploads\/2019\/05\/Unbenannt-2.png","width":1011,"height":577},{"@type":"BreadcrumbList","@id":"https:\/\/sandzakpress.net\/arhiva\/turska-u-manisi-donesene-presude-za-puciste-feto-a\/#breadcrumb","itemListElement":[{"@type":"ListItem","position":1,"name":"Home","item":"https:\/\/sandzakpress.net\/arhiva\/"},{"@type":"ListItem","position":2,"name":"Turska: U Manisi donesene presude za pu\u010diste FETO-a"}]},{"@type":"WebSite","@id":"https:\/\/sandzakpress.net\/arhiva\/#website","url":"https:\/\/sandzakpress.net\/arhiva\/","name":"Sand\u017eak PRESS","description":"Prve elektronske novine u Sand\u017eaku","publisher":{"@id":"https:\/\/sandzakpress.net\/arhiva\/#\/schema\/person\/6e72b67d6e51910a1117b3b483ba20bd"},"potentialAction":[{"@type":"SearchAction","target":{"@type":"EntryPoint","urlTemplate":"https:\/\/sandzakpress.net\/arhiva\/?s={search_term_string}"},"query-input":{"@type":"PropertyValueSpecification","valueRequired":true,"valueName":"search_term_string"}}],"inLanguage":"bs-BA"},{"@type":["Person","Organization"],"@id":"https:\/\/sandzakpress.net\/arhiva\/#\/schema\/person\/6e72b67d6e51910a1117b3b483ba20bd","name":"Kul","image":{"@type":"ImageObject","inLanguage":"bs-BA","@id":"https:\/\/sandzakpress.net\/arhiva\/#\/schema\/person\/image\/","url":"https:\/\/secure.gravatar.com\/avatar\/42263f39aa27ac04c43cab85c280eb2e?s=96&d=mm&r=pg","contentUrl":"https:\/\/secure.gravatar.com\/avatar\/42263f39aa27ac04c43cab85c280eb2e?s=96&d=mm&r=pg","caption":"Kul"},"logo":{"@id":"https:\/\/sandzakpress.net\/arhiva\/#\/schema\/person\/image\/"}},{"@type":"Person","@id":"https:\/\/sandzakpress.net\/arhiva\/#\/schema\/person\/c8baee722073534b583ea7bdb2e36c02","name":"bosniak","image":{"@type":"ImageObject","inLanguage":"bs-BA","@id":"https:\/\/sandzakpress.net\/arhiva\/#\/schema\/person\/image\/","url":"https:\/\/secure.gravatar.com\/avatar\/a04fd330bfe3a36a72a0ad4a6d89fca7?s=96&d=mm&r=pg","contentUrl":"https:\/\/secure.gravatar.com\/avatar\/a04fd330bfe3a36a72a0ad4a6d89fca7?s=96&d=mm&r=pg","caption":"bosniak"},"url":"https:\/\/sandzakpress.net\/arhiva\/author\/bosniak\/"}]}},"_links":{"self":[{"href":"https:\/\/sandzakpress.net\/arhiva\/wp-json\/wp\/v2\/posts\/223381"}],"collection":[{"href":"https:\/\/sandzakpress.net\/arhiva\/wp-json\/wp\/v2\/posts"}],"about":[{"href":"https:\/\/sandzakpress.net\/arhiva\/wp-json\/wp\/v2\/types\/post"}],"author":[{"embeddable":true,"href":"https:\/\/sandzakpress.net\/arhiva\/wp-json\/wp\/v2\/users\/83"}],"replies":[{"embeddable":true,"href":"https:\/\/sandzakpress.net\/arhiva\/wp-json\/wp\/v2\/comments?post=223381"}],"version-history":[{"count":0,"href":"https:\/\/sandzakpress.net\/arhiva\/wp-json\/wp\/v2\/posts\/223381\/revisions"}],"wp:featuredmedia":[{"embeddable":true,"href":"https:\/\/sandzakpress.net\/arhiva\/wp-json\/wp\/v2\/media\/223382"}],"wp:attachment":[{"href":"https:\/\/sandzakpress.net\/arhiva\/wp-json\/wp\/v2\/media?parent=223381"}],"wp:term":[{"taxonomy":"category","embeddable":true,"href":"https:\/\/sandzakpress.net\/arhiva\/wp-json\/wp\/v2\/categories?post=223381"},{"taxonomy":"post_tag","embeddable":true,"href":"https:\/\/sandzakpress.net\/arhiva\/wp-json\/wp\/v2\/tags?post=223381"}],"curies":[{"name":"wp","href":"https:\/\/api.w.org\/{rel}","templated":true}]}}