{"id":223379,"date":"2019-05-16T12:38:09","date_gmt":"2019-05-16T10:38:09","guid":{"rendered":"https:\/\/sandzakpress.net\/arhiva\/protesti-u-new-yorku-zaustaviti-izraelsku-okupaciju"},"modified":"2019-05-16T12:38:09","modified_gmt":"2019-05-16T10:38:09","slug":"protesti-u-new-yorku-zaustaviti-izraelsku-okupaciju","status":"publish","type":"post","link":"https:\/\/sandzakpress.net\/arhiva\/protesti-u-new-yorku-zaustaviti-izraelsku-okupaciju\/","title":{"rendered":"Protesti u New Yorku: Zaustaviti izraelsku okupaciju"},"content":{"rendered":"<p><span class=\"cb-itemprop\"><\/p>\n<p><img decoding=\"async\" src=\"http:\/\/balkans.aljazeera.net\/sites\/default\/files\/styles\/d8\/public\/nakba_new_york_anadolija.jpg?itok=WtwC89HZ\" \/><\/p>\n<p>U\u00a0New Yorku su odr\u017eani protesti\u00a0povodom\u00a071. godi\u0161njice od Nakbe (Velike katastrofe) na kojima se okupio veliki broj ljudi razli\u010ditih vjerskih uvjerenja, javlja Anadolija.<\/p>\n<p>Okupljeni gra\u0111ani, me\u0111u kojima je bilo i pripadnika kr\u0161\u0107anske i\u00a0jevrejske zajednice, tra\u017eili su hitno okon\u010danje izraelske okupacije nad palestinskim teritorijem.<\/p>\n<p>Protesti, koje su organizovale palestinske nevladine organizacije, odr\u017eani su ispred zgrade\u00a0Stalne misije\u00a0Izraela pri\u00a0UN-u\u00a0i izraelskog generalnog konzulata.<\/p>\n<p>Demonstranti su nosili transparente na kojima je pisalo\u00a0\u201e\u017delimo kraj izraelske okupacije i nasilja\u201c,\u00a0\u201eProtest povodom Nakbe\u201c i\u00a0\u201eNikada nas ne\u0107e u\u0161utkati\u201c.<\/p>\n<p>Rabin Yisroel Dovid Weiss iz\u00a0Neturei Karta Internationala kazao je da je\u00a0Nakba bila velika tragedija za Palestince.<\/p>\n<p>\u201eNakba je nevjerovatan zlo\u010din i tragedija koju su u ime na\u0161e\u00a0religije po\u010dinili\u00a0cionisti. Ovdje smo se okupili kako bi podijelili bol i patnje s Palestincima koji su prisiljeni na migracije, a, osim toga, nalaze se i pod okupacijom. Ovdje smo da\u00a0branimo njihovo pravo na povratak\u201c, rekao je ovaj rabin.<\/p>\n<p>Pastor\u00a0Jeffrey Geary je izjavio da je odlu\u010dio u\u010destvovati na protestima nakon \u0161to je pro\u0161le godine posjetio Palestinu i sam se uvjerio u vrlo te\u0161ke uslove u kojima \u017eive ljudi na tom podru\u010dju.<\/p>\n<h4>Nezavisnost Izraela na okupiranoj teritoriji<\/h4>\n<p>\u201eDo\u0161ao sam da prisustvujem apelima za kraj okupacije\u201c, rekao je\u00a0Geary.<\/p>\n<p>Na kraju protesta\u00a0upu\u0107ene su i molitve za Palestinu kao i apel me\u0111unarodnoj zajednici na solidarnost s Palestincima.<\/p>\n<p>Na dana\u0161nji dan 1948. godine progla\u0161ena je nezavisnost Izraela na okupiranoj teritoriji Palestine, a Palestinci ovaj dan obilje\u017eavaju kao Nakbu, po\u010detak katastrofe koju taj narod i dalje pro\u017eivljava pred agresivnom i okupatorskom politikom Izraela.<\/p>\n<p>U proteklih sedam decenija Izrael je okupirao vi\u0161e od 85 posto od ukupno 27.000 kilometara kvadratnih palestinske teritorije, a izraelske vlasti nastavljaju sa izgradnjom ilegalnih jevrejskih naselja na podru\u010dju Isto\u010dnog Jerusalema i Zapadne obale koji su okupirani 1967. godine.<\/p>\n<p>U proteklih 71 godinu izraelske vlasti su u potpunosti uni\u0161tile ukupno 675 palestinskih naselja, a ubijene su hiljade Palestinaca.<\/p>\n<p>Izrael je kao \u010dlanica UN-a priznat 3. marta 1949. godine, od kada su nezavisnost Izraela priznale Sjedinjene Ameri\u010dke Dr\u017eave i mnoge druge zemlje svijeta.<\/p>\n<p><em>Izvor: Agencije, Al jazeera<\/em><\/p>\n<p><\/span><br \/>\nPogledajte vijest na izvornom sajtu:<\/p>\n<p><a href=\"https:\/\/islampress.net\/45215\/protesti-u-new-yorku-zaustaviti-izraelsku-okupaciju\/\" target=\"_blank\">Protesti u New Yorku: Zaustaviti izraelsku okupaciju<\/a><\/p>\n","protected":false},"excerpt":{"rendered":"<p>U\u00a0New Yorku su odr\u017eani protesti\u00a0povodom\u00a071. godi\u0161njice od Nakbe (Velike katastrofe) na kojima se okupio veliki broj ljudi razli\u010ditih vjerskih uvjerenja, javlja Anadolija. Okupljeni gra\u0111ani, me\u0111u kojima je bilo i pripadnika kr\u0161\u0107anske i\u00a0jevrejske zajednice, tra\u017eili su hitno okon\u010danje izraelske okupacije nad palestinskim teritorijem. Protesti, koje su organizovale palestinske nevladine organizacije, odr\u017eani su ispred zgrade\u00a0Stalne misije\u00a0Izraela pri\u00a0UN-u\u00a0i [&hellip;]<\/p>\n","protected":false},"author":83,"featured_media":0,"comment_status":"open","ping_status":"open","sticky":false,"template":"","format":"standard","meta":{"footnotes":""},"categories":[9],"tags":[10499],"class_list":{"0":"post-223379","1":"post","2":"type-post","3":"status-publish","4":"format-standard","6":"category-svijet","7":"tag-a"},"yoast_head":"<!-- This site is optimized with the Yoast SEO Premium plugin v23.1 (Yoast SEO v24.9) - https:\/\/yoast.com\/wordpress\/plugins\/seo\/ -->\n<title>Protesti u New Yorku: Zaustaviti izraelsku okupaciju<\/title>\n<meta name=\"robots\" content=\"index, follow, max-snippet:-1, max-image-preview:large, max-video-preview:-1\" \/>\n<link rel=\"canonical\" href=\"https:\/\/sandzakpress.net\/arhiva\/protesti-u-new-yorku-zaustaviti-izraelsku-okupaciju\/\" \/>\n<meta property=\"og:locale\" content=\"bs_BA\" \/>\n<meta property=\"og:type\" content=\"article\" \/>\n<meta property=\"og:title\" content=\"Protesti u New Yorku: Zaustaviti izraelsku okupaciju\" \/>\n<meta property=\"og:description\" content=\"U\u00a0New Yorku su odr\u017eani protesti\u00a0povodom\u00a071. godi\u0161njice od Nakbe (Velike katastrofe) na kojima se okupio veliki broj ljudi razli\u010ditih vjerskih uvjerenja, javlja Anadolija. Okupljeni gra\u0111ani, me\u0111u kojima je bilo i pripadnika kr\u0161\u0107anske i\u00a0jevrejske zajednice, tra\u017eili su hitno okon\u010danje izraelske okupacije nad palestinskim teritorijem. Protesti, koje su organizovale palestinske nevladine organizacije, odr\u017eani su ispred zgrade\u00a0Stalne misije\u00a0Izraela pri\u00a0UN-u\u00a0i [&hellip;]\" \/>\n<meta property=\"og:url\" content=\"https:\/\/sandzakpress.net\/arhiva\/protesti-u-new-yorku-zaustaviti-izraelsku-okupaciju\/\" \/>\n<meta property=\"og:site_name\" content=\"Sand\u017eak PRESS\" \/>\n<meta property=\"article:published_time\" content=\"2019-05-16T10:38:09+00:00\" \/>\n<meta property=\"og:image\" content=\"http:\/\/balkans.aljazeera.net\/sites\/default\/files\/styles\/d8\/public\/nakba_new_york_anadolija.jpg?itok=WtwC89HZ\" \/>\n<meta name=\"author\" content=\"bosniak\" \/>\n<meta name=\"twitter:card\" content=\"summary_large_image\" \/>\n<meta name=\"twitter:label1\" content=\"Written by\" \/>\n\t<meta name=\"twitter:data1\" content=\"bosniak\" \/>\n\t<meta name=\"twitter:label2\" content=\"Est. reading time\" \/>\n\t<meta name=\"twitter:data2\" content=\"2 minute\" \/>\n<script type=\"application\/ld+json\" class=\"yoast-schema-graph\">{\"@context\":\"https:\/\/schema.org\",\"@graph\":[{\"@type\":\"Article\",\"@id\":\"https:\/\/sandzakpress.net\/arhiva\/protesti-u-new-yorku-zaustaviti-izraelsku-okupaciju\/#article\",\"isPartOf\":{\"@id\":\"https:\/\/sandzakpress.net\/arhiva\/protesti-u-new-yorku-zaustaviti-izraelsku-okupaciju\/\"},\"author\":{\"name\":\"bosniak\",\"@id\":\"https:\/\/sandzakpress.net\/arhiva\/#\/schema\/person\/c8baee722073534b583ea7bdb2e36c02\"},\"headline\":\"Protesti u New Yorku: Zaustaviti izraelsku okupaciju\",\"datePublished\":\"2019-05-16T10:38:09+00:00\",\"mainEntityOfPage\":{\"@id\":\"https:\/\/sandzakpress.net\/arhiva\/protesti-u-new-yorku-zaustaviti-izraelsku-okupaciju\/\"},\"wordCount\":387,\"commentCount\":0,\"publisher\":{\"@id\":\"https:\/\/sandzakpress.net\/arhiva\/#\/schema\/person\/6e72b67d6e51910a1117b3b483ba20bd\"},\"image\":{\"@id\":\"https:\/\/sandzakpress.net\/arhiva\/protesti-u-new-yorku-zaustaviti-izraelsku-okupaciju\/#primaryimage\"},\"thumbnailUrl\":\"http:\/\/balkans.aljazeera.net\/sites\/default\/files\/styles\/d8\/public\/nakba_new_york_anadolija.jpg?itok=WtwC89HZ\",\"keywords\":[\"A\"],\"articleSection\":[\"Svijet\"],\"inLanguage\":\"bs-BA\",\"potentialAction\":[{\"@type\":\"CommentAction\",\"name\":\"Comment\",\"target\":[\"https:\/\/sandzakpress.net\/arhiva\/protesti-u-new-yorku-zaustaviti-izraelsku-okupaciju\/#respond\"]}]},{\"@type\":\"WebPage\",\"@id\":\"https:\/\/sandzakpress.net\/arhiva\/protesti-u-new-yorku-zaustaviti-izraelsku-okupaciju\/\",\"url\":\"https:\/\/sandzakpress.net\/arhiva\/protesti-u-new-yorku-zaustaviti-izraelsku-okupaciju\/\",\"name\":\"Protesti u New Yorku: Zaustaviti izraelsku okupaciju\",\"isPartOf\":{\"@id\":\"https:\/\/sandzakpress.net\/arhiva\/#website\"},\"primaryImageOfPage\":{\"@id\":\"https:\/\/sandzakpress.net\/arhiva\/protesti-u-new-yorku-zaustaviti-izraelsku-okupaciju\/#primaryimage\"},\"image\":{\"@id\":\"https:\/\/sandzakpress.net\/arhiva\/protesti-u-new-yorku-zaustaviti-izraelsku-okupaciju\/#primaryimage\"},\"thumbnailUrl\":\"http:\/\/balkans.aljazeera.net\/sites\/default\/files\/styles\/d8\/public\/nakba_new_york_anadolija.jpg?itok=WtwC89HZ\",\"datePublished\":\"2019-05-16T10:38:09+00:00\",\"breadcrumb\":{\"@id\":\"https:\/\/sandzakpress.net\/arhiva\/protesti-u-new-yorku-zaustaviti-izraelsku-okupaciju\/#breadcrumb\"},\"inLanguage\":\"bs-BA\",\"potentialAction\":[{\"@type\":\"ReadAction\",\"target\":[\"https:\/\/sandzakpress.net\/arhiva\/protesti-u-new-yorku-zaustaviti-izraelsku-okupaciju\/\"]}]},{\"@type\":\"ImageObject\",\"inLanguage\":\"bs-BA\",\"@id\":\"https:\/\/sandzakpress.net\/arhiva\/protesti-u-new-yorku-zaustaviti-izraelsku-okupaciju\/#primaryimage\",\"url\":\"http:\/\/balkans.aljazeera.net\/sites\/default\/files\/styles\/d8\/public\/nakba_new_york_anadolija.jpg?itok=WtwC89HZ\",\"contentUrl\":\"http:\/\/balkans.aljazeera.net\/sites\/default\/files\/styles\/d8\/public\/nakba_new_york_anadolija.jpg?itok=WtwC89HZ\"},{\"@type\":\"BreadcrumbList\",\"@id\":\"https:\/\/sandzakpress.net\/arhiva\/protesti-u-new-yorku-zaustaviti-izraelsku-okupaciju\/#breadcrumb\",\"itemListElement\":[{\"@type\":\"ListItem\",\"position\":1,\"name\":\"Home\",\"item\":\"https:\/\/sandzakpress.net\/arhiva\/\"},{\"@type\":\"ListItem\",\"position\":2,\"name\":\"Protesti u New Yorku: Zaustaviti izraelsku okupaciju\"}]},{\"@type\":\"WebSite\",\"@id\":\"https:\/\/sandzakpress.net\/arhiva\/#website\",\"url\":\"https:\/\/sandzakpress.net\/arhiva\/\",\"name\":\"Sand\u017eak PRESS\",\"description\":\"Prve elektronske novine u Sand\u017eaku\",\"publisher\":{\"@id\":\"https:\/\/sandzakpress.net\/arhiva\/#\/schema\/person\/6e72b67d6e51910a1117b3b483ba20bd\"},\"potentialAction\":[{\"@type\":\"SearchAction\",\"target\":{\"@type\":\"EntryPoint\",\"urlTemplate\":\"https:\/\/sandzakpress.net\/arhiva\/?s={search_term_string}\"},\"query-input\":{\"@type\":\"PropertyValueSpecification\",\"valueRequired\":true,\"valueName\":\"search_term_string\"}}],\"inLanguage\":\"bs-BA\"},{\"@type\":[\"Person\",\"Organization\"],\"@id\":\"https:\/\/sandzakpress.net\/arhiva\/#\/schema\/person\/6e72b67d6e51910a1117b3b483ba20bd\",\"name\":\"Kul\",\"image\":{\"@type\":\"ImageObject\",\"inLanguage\":\"bs-BA\",\"@id\":\"https:\/\/sandzakpress.net\/arhiva\/#\/schema\/person\/image\/\",\"url\":\"https:\/\/secure.gravatar.com\/avatar\/42263f39aa27ac04c43cab85c280eb2e?s=96&d=mm&r=pg\",\"contentUrl\":\"https:\/\/secure.gravatar.com\/avatar\/42263f39aa27ac04c43cab85c280eb2e?s=96&d=mm&r=pg\",\"caption\":\"Kul\"},\"logo\":{\"@id\":\"https:\/\/sandzakpress.net\/arhiva\/#\/schema\/person\/image\/\"}},{\"@type\":\"Person\",\"@id\":\"https:\/\/sandzakpress.net\/arhiva\/#\/schema\/person\/c8baee722073534b583ea7bdb2e36c02\",\"name\":\"bosniak\",\"image\":{\"@type\":\"ImageObject\",\"inLanguage\":\"bs-BA\",\"@id\":\"https:\/\/sandzakpress.net\/arhiva\/#\/schema\/person\/image\/\",\"url\":\"https:\/\/secure.gravatar.com\/avatar\/a04fd330bfe3a36a72a0ad4a6d89fca7?s=96&d=mm&r=pg\",\"contentUrl\":\"https:\/\/secure.gravatar.com\/avatar\/a04fd330bfe3a36a72a0ad4a6d89fca7?s=96&d=mm&r=pg\",\"caption\":\"bosniak\"},\"url\":\"https:\/\/sandzakpress.net\/arhiva\/author\/bosniak\/\"}]}<\/script>\n<!-- \/ Yoast SEO Premium plugin. -->","yoast_head_json":{"title":"Protesti u New Yorku: Zaustaviti izraelsku okupaciju","robots":{"index":"index","follow":"follow","max-snippet":"max-snippet:-1","max-image-preview":"max-image-preview:large","max-video-preview":"max-video-preview:-1"},"canonical":"https:\/\/sandzakpress.net\/arhiva\/protesti-u-new-yorku-zaustaviti-izraelsku-okupaciju\/","og_locale":"bs_BA","og_type":"article","og_title":"Protesti u New Yorku: Zaustaviti izraelsku okupaciju","og_description":"U\u00a0New Yorku su odr\u017eani protesti\u00a0povodom\u00a071. godi\u0161njice od Nakbe (Velike katastrofe) na kojima se okupio veliki broj ljudi razli\u010ditih vjerskih uvjerenja, javlja Anadolija. Okupljeni gra\u0111ani, me\u0111u kojima je bilo i pripadnika kr\u0161\u0107anske i\u00a0jevrejske zajednice, tra\u017eili su hitno okon\u010danje izraelske okupacije nad palestinskim teritorijem. Protesti, koje su organizovale palestinske nevladine organizacije, odr\u017eani su ispred zgrade\u00a0Stalne misije\u00a0Izraela pri\u00a0UN-u\u00a0i [&hellip;]","og_url":"https:\/\/sandzakpress.net\/arhiva\/protesti-u-new-yorku-zaustaviti-izraelsku-okupaciju\/","og_site_name":"Sand\u017eak PRESS","article_published_time":"2019-05-16T10:38:09+00:00","og_image":[{"url":"http:\/\/balkans.aljazeera.net\/sites\/default\/files\/styles\/d8\/public\/nakba_new_york_anadolija.jpg?itok=WtwC89HZ","type":"","width":"","height":""}],"author":"bosniak","twitter_card":"summary_large_image","twitter_misc":{"Written by":"bosniak","Est. reading time":"2 minute"},"schema":{"@context":"https:\/\/schema.org","@graph":[{"@type":"Article","@id":"https:\/\/sandzakpress.net\/arhiva\/protesti-u-new-yorku-zaustaviti-izraelsku-okupaciju\/#article","isPartOf":{"@id":"https:\/\/sandzakpress.net\/arhiva\/protesti-u-new-yorku-zaustaviti-izraelsku-okupaciju\/"},"author":{"name":"bosniak","@id":"https:\/\/sandzakpress.net\/arhiva\/#\/schema\/person\/c8baee722073534b583ea7bdb2e36c02"},"headline":"Protesti u New Yorku: Zaustaviti izraelsku okupaciju","datePublished":"2019-05-16T10:38:09+00:00","mainEntityOfPage":{"@id":"https:\/\/sandzakpress.net\/arhiva\/protesti-u-new-yorku-zaustaviti-izraelsku-okupaciju\/"},"wordCount":387,"commentCount":0,"publisher":{"@id":"https:\/\/sandzakpress.net\/arhiva\/#\/schema\/person\/6e72b67d6e51910a1117b3b483ba20bd"},"image":{"@id":"https:\/\/sandzakpress.net\/arhiva\/protesti-u-new-yorku-zaustaviti-izraelsku-okupaciju\/#primaryimage"},"thumbnailUrl":"http:\/\/balkans.aljazeera.net\/sites\/default\/files\/styles\/d8\/public\/nakba_new_york_anadolija.jpg?itok=WtwC89HZ","keywords":["A"],"articleSection":["Svijet"],"inLanguage":"bs-BA","potentialAction":[{"@type":"CommentAction","name":"Comment","target":["https:\/\/sandzakpress.net\/arhiva\/protesti-u-new-yorku-zaustaviti-izraelsku-okupaciju\/#respond"]}]},{"@type":"WebPage","@id":"https:\/\/sandzakpress.net\/arhiva\/protesti-u-new-yorku-zaustaviti-izraelsku-okupaciju\/","url":"https:\/\/sandzakpress.net\/arhiva\/protesti-u-new-yorku-zaustaviti-izraelsku-okupaciju\/","name":"Protesti u New Yorku: Zaustaviti izraelsku okupaciju","isPartOf":{"@id":"https:\/\/sandzakpress.net\/arhiva\/#website"},"primaryImageOfPage":{"@id":"https:\/\/sandzakpress.net\/arhiva\/protesti-u-new-yorku-zaustaviti-izraelsku-okupaciju\/#primaryimage"},"image":{"@id":"https:\/\/sandzakpress.net\/arhiva\/protesti-u-new-yorku-zaustaviti-izraelsku-okupaciju\/#primaryimage"},"thumbnailUrl":"http:\/\/balkans.aljazeera.net\/sites\/default\/files\/styles\/d8\/public\/nakba_new_york_anadolija.jpg?itok=WtwC89HZ","datePublished":"2019-05-16T10:38:09+00:00","breadcrumb":{"@id":"https:\/\/sandzakpress.net\/arhiva\/protesti-u-new-yorku-zaustaviti-izraelsku-okupaciju\/#breadcrumb"},"inLanguage":"bs-BA","potentialAction":[{"@type":"ReadAction","target":["https:\/\/sandzakpress.net\/arhiva\/protesti-u-new-yorku-zaustaviti-izraelsku-okupaciju\/"]}]},{"@type":"ImageObject","inLanguage":"bs-BA","@id":"https:\/\/sandzakpress.net\/arhiva\/protesti-u-new-yorku-zaustaviti-izraelsku-okupaciju\/#primaryimage","url":"http:\/\/balkans.aljazeera.net\/sites\/default\/files\/styles\/d8\/public\/nakba_new_york_anadolija.jpg?itok=WtwC89HZ","contentUrl":"http:\/\/balkans.aljazeera.net\/sites\/default\/files\/styles\/d8\/public\/nakba_new_york_anadolija.jpg?itok=WtwC89HZ"},{"@type":"BreadcrumbList","@id":"https:\/\/sandzakpress.net\/arhiva\/protesti-u-new-yorku-zaustaviti-izraelsku-okupaciju\/#breadcrumb","itemListElement":[{"@type":"ListItem","position":1,"name":"Home","item":"https:\/\/sandzakpress.net\/arhiva\/"},{"@type":"ListItem","position":2,"name":"Protesti u New Yorku: Zaustaviti izraelsku okupaciju"}]},{"@type":"WebSite","@id":"https:\/\/sandzakpress.net\/arhiva\/#website","url":"https:\/\/sandzakpress.net\/arhiva\/","name":"Sand\u017eak PRESS","description":"Prve elektronske novine u Sand\u017eaku","publisher":{"@id":"https:\/\/sandzakpress.net\/arhiva\/#\/schema\/person\/6e72b67d6e51910a1117b3b483ba20bd"},"potentialAction":[{"@type":"SearchAction","target":{"@type":"EntryPoint","urlTemplate":"https:\/\/sandzakpress.net\/arhiva\/?s={search_term_string}"},"query-input":{"@type":"PropertyValueSpecification","valueRequired":true,"valueName":"search_term_string"}}],"inLanguage":"bs-BA"},{"@type":["Person","Organization"],"@id":"https:\/\/sandzakpress.net\/arhiva\/#\/schema\/person\/6e72b67d6e51910a1117b3b483ba20bd","name":"Kul","image":{"@type":"ImageObject","inLanguage":"bs-BA","@id":"https:\/\/sandzakpress.net\/arhiva\/#\/schema\/person\/image\/","url":"https:\/\/secure.gravatar.com\/avatar\/42263f39aa27ac04c43cab85c280eb2e?s=96&d=mm&r=pg","contentUrl":"https:\/\/secure.gravatar.com\/avatar\/42263f39aa27ac04c43cab85c280eb2e?s=96&d=mm&r=pg","caption":"Kul"},"logo":{"@id":"https:\/\/sandzakpress.net\/arhiva\/#\/schema\/person\/image\/"}},{"@type":"Person","@id":"https:\/\/sandzakpress.net\/arhiva\/#\/schema\/person\/c8baee722073534b583ea7bdb2e36c02","name":"bosniak","image":{"@type":"ImageObject","inLanguage":"bs-BA","@id":"https:\/\/sandzakpress.net\/arhiva\/#\/schema\/person\/image\/","url":"https:\/\/secure.gravatar.com\/avatar\/a04fd330bfe3a36a72a0ad4a6d89fca7?s=96&d=mm&r=pg","contentUrl":"https:\/\/secure.gravatar.com\/avatar\/a04fd330bfe3a36a72a0ad4a6d89fca7?s=96&d=mm&r=pg","caption":"bosniak"},"url":"https:\/\/sandzakpress.net\/arhiva\/author\/bosniak\/"}]}},"_links":{"self":[{"href":"https:\/\/sandzakpress.net\/arhiva\/wp-json\/wp\/v2\/posts\/223379"}],"collection":[{"href":"https:\/\/sandzakpress.net\/arhiva\/wp-json\/wp\/v2\/posts"}],"about":[{"href":"https:\/\/sandzakpress.net\/arhiva\/wp-json\/wp\/v2\/types\/post"}],"author":[{"embeddable":true,"href":"https:\/\/sandzakpress.net\/arhiva\/wp-json\/wp\/v2\/users\/83"}],"replies":[{"embeddable":true,"href":"https:\/\/sandzakpress.net\/arhiva\/wp-json\/wp\/v2\/comments?post=223379"}],"version-history":[{"count":0,"href":"https:\/\/sandzakpress.net\/arhiva\/wp-json\/wp\/v2\/posts\/223379\/revisions"}],"wp:attachment":[{"href":"https:\/\/sandzakpress.net\/arhiva\/wp-json\/wp\/v2\/media?parent=223379"}],"wp:term":[{"taxonomy":"category","embeddable":true,"href":"https:\/\/sandzakpress.net\/arhiva\/wp-json\/wp\/v2\/categories?post=223379"},{"taxonomy":"post_tag","embeddable":true,"href":"https:\/\/sandzakpress.net\/arhiva\/wp-json\/wp\/v2\/tags?post=223379"}],"curies":[{"name":"wp","href":"https:\/\/api.w.org\/{rel}","templated":true}]}}