{"id":223377,"date":"2019-05-16T10:33:33","date_gmt":"2019-05-16T08:33:33","guid":{"rendered":"https:\/\/sandzakpress.net\/arhiva\/?p=223377"},"modified":"2019-05-16T23:16:31","modified_gmt":"2019-05-16T21:16:31","slug":"sdp-ugljaninov-brutalni-napad-zeli-da-izadje-iz-koalicije","status":"publish","type":"post","link":"https:\/\/sandzakpress.net\/arhiva\/sdp-ugljaninov-brutalni-napad-zeli-da-izadje-iz-koalicije\/","title":{"rendered":"SDP: Ugljaninov brutalni napad, \u017eeli da iza\u0111e iz koalicije"},"content":{"rendered":"<p><img loading=\"lazy\" decoding=\"async\" class=\"size-full wp-image-223378 aligncenter\" src=\"https:\/\/sandzakpress.net\/arhiva\/wp-content\/uploads\/2019\/05\/ugljanin-ljajic-4-696x469.jpg\" alt=\"\" width=\"696\" height=\"469\" srcset=\"https:\/\/sandzakpress.net\/arhiva\/wp-content\/uploads\/2019\/05\/ugljanin-ljajic-4-696x469.jpg 696w, https:\/\/sandzakpress.net\/arhiva\/wp-content\/uploads\/2019\/05\/ugljanin-ljajic-4-696x469-616x415.jpg 616w\" sizes=\"(max-width: 696px) 100vw, 696px\" \/><\/p>\n<p><strong>Nakon \u0161to je na konferenciji za novinare predsjednik SDA Sand\u017eaka Sulejman Ugljanin iznio niz optu\u017ebi na ra\u010dun potpredsjednika Vlade i ministra Rasima Ljaji\u0107a koji je ujedno i osniva\u010d SDP-a, iz te stranke stigla je reakcija. SDP poru\u010duje da Ugljanin neargumentovano i brutalno napada, te da \u017eeli da iza\u0111e iz koalicije a zato okrivi SDP. Saop\u0161tenje prenosimo u cijelosti:<\/strong><\/p>\n<p>Ovoliku koli\u010dinu nepromi\u0161ljenih, neta\u010dnih i zlonamjernih konstatacija i uvreda koje su izre\u010dene na konferenciji SDA vrlo je te\u0161ko komentarisati nekom zdravom logikom \u2013 a da se pri tome ne upadne u zamku odgovaranja istom mjerom.<\/p>\n<p>Koliko je apsurdno sve \u0161to je izre\u010deno govori i \u010dinjenica da Ugljanin otpu\u017euje Ljaji\u0107a da je htio da sprije\u010di posetu \u010dlana predsjedni\u0161tva BiH \u0160efika D\u017eaferovi\u0107a Novom Pazaru pri tome potpuno zanemaruju\u0107i \u010dinjenicu da su se upravo Rasim Ljaji\u0107 i D\u017eaferovi\u0107 susreli u nedjelju i imali jedan vi\u0161e nego korektan razgovor, o \u010demu je na kraju krajeva posvjedo\u010dio i sam D\u017eaferovi\u0107 u svom saop\u0161tenju.<\/p>\n<p>Su\u0161tina ovako brutalnog napada, koji je do\u0161ao u sred mjeseca Ramazana je jasna \u2013 Ugljanin \u017eeli da iza\u0111e iz koalicije a da za to okrivi SDP. To je razlog njegovih napada na Rasima Ljaji\u0107a bez ikakvih argumenata i isklju\u010divo na li\u010dnoj osnovi. Smatramo da je va\u017eno da ljudi znaju o \u010demu se ovde radi i zato se obra\u0107amo gra\u0111anima Sand\u017eaka a ne Sulejmanu Ugljninu koji je izgleda ve\u0107 donio odluku.<\/p>\n<p>Ako je naumio da raskine ovu koaliciju Ugljanin to treba da uradi sam a ne da za to optu\u017euje nas. Mi smo do sada bili i vi\u0161e nego korektni partneri. Zbog koalicije smo trpjeli ogromnu negativnu kampanju u medijima i \u0160e\u0161eljeve napade u Skup\u0161tini ali sve smo to izdr\u017eali zarad politi\u010dke stabilnosti u Sand\u017eaku i i ozdravljenja odnosa me\u0111u Bo\u0161njacima kojima i dalje ostajemo privr\u017eeni.<\/p>\n<p>Sand\u017ea\u010dka demokratska partija \u0107e o svojim daljim koracima donijeti odluku na sjednici Predsjedni\u0161tva stranke koja \u0107e biti odr\u017eana do kraja nedelje\u201d<\/p>\n<p>Izvor: Rtvnp.rs<\/p>\n","protected":false},"excerpt":{"rendered":"<p>Nakon \u0161to je na konferenciji za novinare predsjednik SDA Sand\u017eaka Sulejman Ugljanin iznio niz optu\u017ebi na ra\u010dun potpredsjednika Vlade i ministra Rasima Ljaji\u0107a koji je ujedno i osniva\u010d SDP-a, iz te stranke stigla je reakcija. SDP poru\u010duje da Ugljanin neargumentovano i brutalno napada, te da \u017eeli da iza\u0111e iz koalicije a zato okrivi SDP. Saop\u0161tenje [&hellip;]<\/p>\n","protected":false},"author":509,"featured_media":223378,"comment_status":"open","ping_status":"open","sticky":false,"template":"","format":"standard","meta":{"footnotes":""},"categories":[72,1,52,327,392,393,394,8957],"tags":[],"class_list":{"0":"post-223377","1":"post","2":"type-post","3":"status-publish","4":"format-standard","5":"has-post-thumbnail","7":"category-novi-pazar","8":"category-politika","9":"category-sjenica","10":"category-tutin","11":"category-prijepolje_","12":"category-priboj","13":"category-nova-varos","14":"category-vijesti-dana"},"yoast_head":"<!-- This site is optimized with the Yoast SEO Premium plugin v23.1 (Yoast SEO v24.9) - https:\/\/yoast.com\/wordpress\/plugins\/seo\/ -->\n<title>SDP: Ugljaninov brutalni napad, \u017eeli da iza\u0111e iz koalicije<\/title>\n<meta name=\"robots\" content=\"index, follow, max-snippet:-1, max-image-preview:large, max-video-preview:-1\" \/>\n<link rel=\"canonical\" href=\"https:\/\/sandzakpress.net\/arhiva\/sdp-ugljaninov-brutalni-napad-zeli-da-izadje-iz-koalicije\/\" \/>\n<meta property=\"og:locale\" content=\"bs_BA\" \/>\n<meta property=\"og:type\" content=\"article\" \/>\n<meta property=\"og:title\" content=\"SDP: Ugljaninov brutalni napad, \u017eeli da iza\u0111e iz koalicije\" \/>\n<meta property=\"og:description\" content=\"Nakon \u0161to je na konferenciji za novinare predsjednik SDA Sand\u017eaka Sulejman Ugljanin iznio niz optu\u017ebi na ra\u010dun potpredsjednika Vlade i ministra Rasima Ljaji\u0107a koji je ujedno i osniva\u010d SDP-a, iz te stranke stigla je reakcija. SDP poru\u010duje da Ugljanin neargumentovano i brutalno napada, te da \u017eeli da iza\u0111e iz koalicije a zato okrivi SDP. Saop\u0161tenje [&hellip;]\" \/>\n<meta property=\"og:url\" content=\"https:\/\/sandzakpress.net\/arhiva\/sdp-ugljaninov-brutalni-napad-zeli-da-izadje-iz-koalicije\/\" \/>\n<meta property=\"og:site_name\" content=\"Sand\u017eak PRESS\" \/>\n<meta property=\"article:published_time\" content=\"2019-05-16T08:33:33+00:00\" \/>\n<meta property=\"article:modified_time\" content=\"2019-05-16T21:16:31+00:00\" \/>\n<meta property=\"og:image\" content=\"https:\/\/sandzakpress.net\/arhiva\/wp-content\/uploads\/2019\/05\/ugljanin-ljajic-4-696x469.jpg\" \/>\n\t<meta property=\"og:image:width\" content=\"696\" \/>\n\t<meta property=\"og:image:height\" content=\"469\" \/>\n\t<meta property=\"og:image:type\" content=\"image\/jpeg\" \/>\n<meta name=\"author\" content=\"Agencija\" \/>\n<meta name=\"twitter:card\" content=\"summary_large_image\" \/>\n<meta name=\"twitter:label1\" content=\"Written by\" \/>\n\t<meta name=\"twitter:data1\" content=\"Agencija\" \/>\n\t<meta name=\"twitter:label2\" content=\"Est. reading time\" \/>\n\t<meta name=\"twitter:data2\" content=\"2 minute\" \/>\n<script type=\"application\/ld+json\" class=\"yoast-schema-graph\">{\"@context\":\"https:\/\/schema.org\",\"@graph\":[{\"@type\":\"Article\",\"@id\":\"https:\/\/sandzakpress.net\/arhiva\/sdp-ugljaninov-brutalni-napad-zeli-da-izadje-iz-koalicije\/#article\",\"isPartOf\":{\"@id\":\"https:\/\/sandzakpress.net\/arhiva\/sdp-ugljaninov-brutalni-napad-zeli-da-izadje-iz-koalicije\/\"},\"author\":{\"name\":\"Agencija\",\"@id\":\"https:\/\/sandzakpress.net\/arhiva\/#\/schema\/person\/cb59d7e3ab91ab90dd680ad0305a6185\"},\"headline\":\"SDP: Ugljaninov brutalni napad, \u017eeli da iza\u0111e iz koalicije\",\"datePublished\":\"2019-05-16T08:33:33+00:00\",\"dateModified\":\"2019-05-16T21:16:31+00:00\",\"mainEntityOfPage\":{\"@id\":\"https:\/\/sandzakpress.net\/arhiva\/sdp-ugljaninov-brutalni-napad-zeli-da-izadje-iz-koalicije\/\"},\"wordCount\":372,\"commentCount\":2,\"publisher\":{\"@id\":\"https:\/\/sandzakpress.net\/arhiva\/#\/schema\/person\/6e72b67d6e51910a1117b3b483ba20bd\"},\"image\":{\"@id\":\"https:\/\/sandzakpress.net\/arhiva\/sdp-ugljaninov-brutalni-napad-zeli-da-izadje-iz-koalicije\/#primaryimage\"},\"thumbnailUrl\":\"https:\/\/sandzakpress.net\/arhiva\/wp-content\/uploads\/2019\/05\/ugljanin-ljajic-4-696x469.jpg\",\"articleSection\":[\"Novi Pazar\",\"Politika\",\"Sjenica\",\"Tutin\",\"Prijepolje\",\"Priboj\",\"Nova Varo\u0161\",\"VIJESTI DANA\"],\"inLanguage\":\"bs-BA\",\"potentialAction\":[{\"@type\":\"CommentAction\",\"name\":\"Comment\",\"target\":[\"https:\/\/sandzakpress.net\/arhiva\/sdp-ugljaninov-brutalni-napad-zeli-da-izadje-iz-koalicije\/#respond\"]}]},{\"@type\":\"WebPage\",\"@id\":\"https:\/\/sandzakpress.net\/arhiva\/sdp-ugljaninov-brutalni-napad-zeli-da-izadje-iz-koalicije\/\",\"url\":\"https:\/\/sandzakpress.net\/arhiva\/sdp-ugljaninov-brutalni-napad-zeli-da-izadje-iz-koalicije\/\",\"name\":\"SDP: Ugljaninov brutalni napad, \u017eeli da iza\u0111e iz koalicije\",\"isPartOf\":{\"@id\":\"https:\/\/sandzakpress.net\/arhiva\/#website\"},\"primaryImageOfPage\":{\"@id\":\"https:\/\/sandzakpress.net\/arhiva\/sdp-ugljaninov-brutalni-napad-zeli-da-izadje-iz-koalicije\/#primaryimage\"},\"image\":{\"@id\":\"https:\/\/sandzakpress.net\/arhiva\/sdp-ugljaninov-brutalni-napad-zeli-da-izadje-iz-koalicije\/#primaryimage\"},\"thumbnailUrl\":\"https:\/\/sandzakpress.net\/arhiva\/wp-content\/uploads\/2019\/05\/ugljanin-ljajic-4-696x469.jpg\",\"datePublished\":\"2019-05-16T08:33:33+00:00\",\"dateModified\":\"2019-05-16T21:16:31+00:00\",\"breadcrumb\":{\"@id\":\"https:\/\/sandzakpress.net\/arhiva\/sdp-ugljaninov-brutalni-napad-zeli-da-izadje-iz-koalicije\/#breadcrumb\"},\"inLanguage\":\"bs-BA\",\"potentialAction\":[{\"@type\":\"ReadAction\",\"target\":[\"https:\/\/sandzakpress.net\/arhiva\/sdp-ugljaninov-brutalni-napad-zeli-da-izadje-iz-koalicije\/\"]}]},{\"@type\":\"ImageObject\",\"inLanguage\":\"bs-BA\",\"@id\":\"https:\/\/sandzakpress.net\/arhiva\/sdp-ugljaninov-brutalni-napad-zeli-da-izadje-iz-koalicije\/#primaryimage\",\"url\":\"https:\/\/sandzakpress.net\/arhiva\/wp-content\/uploads\/2019\/05\/ugljanin-ljajic-4-696x469.jpg\",\"contentUrl\":\"https:\/\/sandzakpress.net\/arhiva\/wp-content\/uploads\/2019\/05\/ugljanin-ljajic-4-696x469.jpg\",\"width\":696,\"height\":469},{\"@type\":\"BreadcrumbList\",\"@id\":\"https:\/\/sandzakpress.net\/arhiva\/sdp-ugljaninov-brutalni-napad-zeli-da-izadje-iz-koalicije\/#breadcrumb\",\"itemListElement\":[{\"@type\":\"ListItem\",\"position\":1,\"name\":\"Home\",\"item\":\"https:\/\/sandzakpress.net\/arhiva\/\"},{\"@type\":\"ListItem\",\"position\":2,\"name\":\"SDP: Ugljaninov brutalni napad, \u017eeli da iza\u0111e iz koalicije\"}]},{\"@type\":\"WebSite\",\"@id\":\"https:\/\/sandzakpress.net\/arhiva\/#website\",\"url\":\"https:\/\/sandzakpress.net\/arhiva\/\",\"name\":\"Sand\u017eak PRESS\",\"description\":\"Prve elektronske novine u Sand\u017eaku\",\"publisher\":{\"@id\":\"https:\/\/sandzakpress.net\/arhiva\/#\/schema\/person\/6e72b67d6e51910a1117b3b483ba20bd\"},\"potentialAction\":[{\"@type\":\"SearchAction\",\"target\":{\"@type\":\"EntryPoint\",\"urlTemplate\":\"https:\/\/sandzakpress.net\/arhiva\/?s={search_term_string}\"},\"query-input\":{\"@type\":\"PropertyValueSpecification\",\"valueRequired\":true,\"valueName\":\"search_term_string\"}}],\"inLanguage\":\"bs-BA\"},{\"@type\":[\"Person\",\"Organization\"],\"@id\":\"https:\/\/sandzakpress.net\/arhiva\/#\/schema\/person\/6e72b67d6e51910a1117b3b483ba20bd\",\"name\":\"Kul\",\"image\":{\"@type\":\"ImageObject\",\"inLanguage\":\"bs-BA\",\"@id\":\"https:\/\/sandzakpress.net\/arhiva\/#\/schema\/person\/image\/\",\"url\":\"https:\/\/secure.gravatar.com\/avatar\/42263f39aa27ac04c43cab85c280eb2e?s=96&d=mm&r=pg\",\"contentUrl\":\"https:\/\/secure.gravatar.com\/avatar\/42263f39aa27ac04c43cab85c280eb2e?s=96&d=mm&r=pg\",\"caption\":\"Kul\"},\"logo\":{\"@id\":\"https:\/\/sandzakpress.net\/arhiva\/#\/schema\/person\/image\/\"}},{\"@type\":\"Person\",\"@id\":\"https:\/\/sandzakpress.net\/arhiva\/#\/schema\/person\/cb59d7e3ab91ab90dd680ad0305a6185\",\"name\":\"Agencija\",\"image\":{\"@type\":\"ImageObject\",\"inLanguage\":\"bs-BA\",\"@id\":\"https:\/\/sandzakpress.net\/arhiva\/#\/schema\/person\/image\/\",\"url\":\"https:\/\/secure.gravatar.com\/avatar\/4b7fafa80a22f0c2afe23966b3961fe0?s=96&d=mm&r=pg\",\"contentUrl\":\"https:\/\/secure.gravatar.com\/avatar\/4b7fafa80a22f0c2afe23966b3961fe0?s=96&d=mm&r=pg\",\"caption\":\"Agencija\"},\"url\":\"https:\/\/sandzakpress.net\/arhiva\/author\/agencija\/\"}]}<\/script>\n<!-- \/ Yoast SEO Premium plugin. -->","yoast_head_json":{"title":"SDP: Ugljaninov brutalni napad, \u017eeli da iza\u0111e iz koalicije","robots":{"index":"index","follow":"follow","max-snippet":"max-snippet:-1","max-image-preview":"max-image-preview:large","max-video-preview":"max-video-preview:-1"},"canonical":"https:\/\/sandzakpress.net\/arhiva\/sdp-ugljaninov-brutalni-napad-zeli-da-izadje-iz-koalicije\/","og_locale":"bs_BA","og_type":"article","og_title":"SDP: Ugljaninov brutalni napad, \u017eeli da iza\u0111e iz koalicije","og_description":"Nakon \u0161to je na konferenciji za novinare predsjednik SDA Sand\u017eaka Sulejman Ugljanin iznio niz optu\u017ebi na ra\u010dun potpredsjednika Vlade i ministra Rasima Ljaji\u0107a koji je ujedno i osniva\u010d SDP-a, iz te stranke stigla je reakcija. SDP poru\u010duje da Ugljanin neargumentovano i brutalno napada, te da \u017eeli da iza\u0111e iz koalicije a zato okrivi SDP. Saop\u0161tenje [&hellip;]","og_url":"https:\/\/sandzakpress.net\/arhiva\/sdp-ugljaninov-brutalni-napad-zeli-da-izadje-iz-koalicije\/","og_site_name":"Sand\u017eak PRESS","article_published_time":"2019-05-16T08:33:33+00:00","article_modified_time":"2019-05-16T21:16:31+00:00","og_image":[{"width":696,"height":469,"url":"https:\/\/sandzakpress.net\/arhiva\/wp-content\/uploads\/2019\/05\/ugljanin-ljajic-4-696x469.jpg","type":"image\/jpeg"}],"author":"Agencija","twitter_card":"summary_large_image","twitter_misc":{"Written by":"Agencija","Est. reading time":"2 minute"},"schema":{"@context":"https:\/\/schema.org","@graph":[{"@type":"Article","@id":"https:\/\/sandzakpress.net\/arhiva\/sdp-ugljaninov-brutalni-napad-zeli-da-izadje-iz-koalicije\/#article","isPartOf":{"@id":"https:\/\/sandzakpress.net\/arhiva\/sdp-ugljaninov-brutalni-napad-zeli-da-izadje-iz-koalicije\/"},"author":{"name":"Agencija","@id":"https:\/\/sandzakpress.net\/arhiva\/#\/schema\/person\/cb59d7e3ab91ab90dd680ad0305a6185"},"headline":"SDP: Ugljaninov brutalni napad, \u017eeli da iza\u0111e iz koalicije","datePublished":"2019-05-16T08:33:33+00:00","dateModified":"2019-05-16T21:16:31+00:00","mainEntityOfPage":{"@id":"https:\/\/sandzakpress.net\/arhiva\/sdp-ugljaninov-brutalni-napad-zeli-da-izadje-iz-koalicije\/"},"wordCount":372,"commentCount":2,"publisher":{"@id":"https:\/\/sandzakpress.net\/arhiva\/#\/schema\/person\/6e72b67d6e51910a1117b3b483ba20bd"},"image":{"@id":"https:\/\/sandzakpress.net\/arhiva\/sdp-ugljaninov-brutalni-napad-zeli-da-izadje-iz-koalicije\/#primaryimage"},"thumbnailUrl":"https:\/\/sandzakpress.net\/arhiva\/wp-content\/uploads\/2019\/05\/ugljanin-ljajic-4-696x469.jpg","articleSection":["Novi Pazar","Politika","Sjenica","Tutin","Prijepolje","Priboj","Nova Varo\u0161","VIJESTI DANA"],"inLanguage":"bs-BA","potentialAction":[{"@type":"CommentAction","name":"Comment","target":["https:\/\/sandzakpress.net\/arhiva\/sdp-ugljaninov-brutalni-napad-zeli-da-izadje-iz-koalicije\/#respond"]}]},{"@type":"WebPage","@id":"https:\/\/sandzakpress.net\/arhiva\/sdp-ugljaninov-brutalni-napad-zeli-da-izadje-iz-koalicije\/","url":"https:\/\/sandzakpress.net\/arhiva\/sdp-ugljaninov-brutalni-napad-zeli-da-izadje-iz-koalicije\/","name":"SDP: Ugljaninov brutalni napad, \u017eeli da iza\u0111e iz koalicije","isPartOf":{"@id":"https:\/\/sandzakpress.net\/arhiva\/#website"},"primaryImageOfPage":{"@id":"https:\/\/sandzakpress.net\/arhiva\/sdp-ugljaninov-brutalni-napad-zeli-da-izadje-iz-koalicije\/#primaryimage"},"image":{"@id":"https:\/\/sandzakpress.net\/arhiva\/sdp-ugljaninov-brutalni-napad-zeli-da-izadje-iz-koalicije\/#primaryimage"},"thumbnailUrl":"https:\/\/sandzakpress.net\/arhiva\/wp-content\/uploads\/2019\/05\/ugljanin-ljajic-4-696x469.jpg","datePublished":"2019-05-16T08:33:33+00:00","dateModified":"2019-05-16T21:16:31+00:00","breadcrumb":{"@id":"https:\/\/sandzakpress.net\/arhiva\/sdp-ugljaninov-brutalni-napad-zeli-da-izadje-iz-koalicije\/#breadcrumb"},"inLanguage":"bs-BA","potentialAction":[{"@type":"ReadAction","target":["https:\/\/sandzakpress.net\/arhiva\/sdp-ugljaninov-brutalni-napad-zeli-da-izadje-iz-koalicije\/"]}]},{"@type":"ImageObject","inLanguage":"bs-BA","@id":"https:\/\/sandzakpress.net\/arhiva\/sdp-ugljaninov-brutalni-napad-zeli-da-izadje-iz-koalicije\/#primaryimage","url":"https:\/\/sandzakpress.net\/arhiva\/wp-content\/uploads\/2019\/05\/ugljanin-ljajic-4-696x469.jpg","contentUrl":"https:\/\/sandzakpress.net\/arhiva\/wp-content\/uploads\/2019\/05\/ugljanin-ljajic-4-696x469.jpg","width":696,"height":469},{"@type":"BreadcrumbList","@id":"https:\/\/sandzakpress.net\/arhiva\/sdp-ugljaninov-brutalni-napad-zeli-da-izadje-iz-koalicije\/#breadcrumb","itemListElement":[{"@type":"ListItem","position":1,"name":"Home","item":"https:\/\/sandzakpress.net\/arhiva\/"},{"@type":"ListItem","position":2,"name":"SDP: Ugljaninov brutalni napad, \u017eeli da iza\u0111e iz koalicije"}]},{"@type":"WebSite","@id":"https:\/\/sandzakpress.net\/arhiva\/#website","url":"https:\/\/sandzakpress.net\/arhiva\/","name":"Sand\u017eak PRESS","description":"Prve elektronske novine u Sand\u017eaku","publisher":{"@id":"https:\/\/sandzakpress.net\/arhiva\/#\/schema\/person\/6e72b67d6e51910a1117b3b483ba20bd"},"potentialAction":[{"@type":"SearchAction","target":{"@type":"EntryPoint","urlTemplate":"https:\/\/sandzakpress.net\/arhiva\/?s={search_term_string}"},"query-input":{"@type":"PropertyValueSpecification","valueRequired":true,"valueName":"search_term_string"}}],"inLanguage":"bs-BA"},{"@type":["Person","Organization"],"@id":"https:\/\/sandzakpress.net\/arhiva\/#\/schema\/person\/6e72b67d6e51910a1117b3b483ba20bd","name":"Kul","image":{"@type":"ImageObject","inLanguage":"bs-BA","@id":"https:\/\/sandzakpress.net\/arhiva\/#\/schema\/person\/image\/","url":"https:\/\/secure.gravatar.com\/avatar\/42263f39aa27ac04c43cab85c280eb2e?s=96&d=mm&r=pg","contentUrl":"https:\/\/secure.gravatar.com\/avatar\/42263f39aa27ac04c43cab85c280eb2e?s=96&d=mm&r=pg","caption":"Kul"},"logo":{"@id":"https:\/\/sandzakpress.net\/arhiva\/#\/schema\/person\/image\/"}},{"@type":"Person","@id":"https:\/\/sandzakpress.net\/arhiva\/#\/schema\/person\/cb59d7e3ab91ab90dd680ad0305a6185","name":"Agencija","image":{"@type":"ImageObject","inLanguage":"bs-BA","@id":"https:\/\/sandzakpress.net\/arhiva\/#\/schema\/person\/image\/","url":"https:\/\/secure.gravatar.com\/avatar\/4b7fafa80a22f0c2afe23966b3961fe0?s=96&d=mm&r=pg","contentUrl":"https:\/\/secure.gravatar.com\/avatar\/4b7fafa80a22f0c2afe23966b3961fe0?s=96&d=mm&r=pg","caption":"Agencija"},"url":"https:\/\/sandzakpress.net\/arhiva\/author\/agencija\/"}]}},"_links":{"self":[{"href":"https:\/\/sandzakpress.net\/arhiva\/wp-json\/wp\/v2\/posts\/223377"}],"collection":[{"href":"https:\/\/sandzakpress.net\/arhiva\/wp-json\/wp\/v2\/posts"}],"about":[{"href":"https:\/\/sandzakpress.net\/arhiva\/wp-json\/wp\/v2\/types\/post"}],"author":[{"embeddable":true,"href":"https:\/\/sandzakpress.net\/arhiva\/wp-json\/wp\/v2\/users\/509"}],"replies":[{"embeddable":true,"href":"https:\/\/sandzakpress.net\/arhiva\/wp-json\/wp\/v2\/comments?post=223377"}],"version-history":[{"count":0,"href":"https:\/\/sandzakpress.net\/arhiva\/wp-json\/wp\/v2\/posts\/223377\/revisions"}],"wp:featuredmedia":[{"embeddable":true,"href":"https:\/\/sandzakpress.net\/arhiva\/wp-json\/wp\/v2\/media\/223378"}],"wp:attachment":[{"href":"https:\/\/sandzakpress.net\/arhiva\/wp-json\/wp\/v2\/media?parent=223377"}],"wp:term":[{"taxonomy":"category","embeddable":true,"href":"https:\/\/sandzakpress.net\/arhiva\/wp-json\/wp\/v2\/categories?post=223377"},{"taxonomy":"post_tag","embeddable":true,"href":"https:\/\/sandzakpress.net\/arhiva\/wp-json\/wp\/v2\/tags?post=223377"}],"curies":[{"name":"wp","href":"https:\/\/api.w.org\/{rel}","templated":true}]}}