{"id":223363,"date":"2019-05-16T11:29:23","date_gmt":"2019-05-16T09:29:23","guid":{"rendered":"https:\/\/sandzakpress.net\/arhiva\/?p=223363"},"modified":"2019-05-16T11:29:54","modified_gmt":"2019-05-16T09:29:54","slug":"vecnici-usvojili-operativni-plan-odbrane-od-poplava","status":"publish","type":"post","link":"https:\/\/sandzakpress.net\/arhiva\/vecnici-usvojili-operativni-plan-odbrane-od-poplava\/","title":{"rendered":"Vje\u0107nici usvojili Operativni plan odbrane od poplava"},"content":{"rendered":"<p><img decoding=\"async\" src=\"http:\/\/www.radioluna.rs\/wp-content\/uploads\/2019\/05\/49_sednica_opstinskog_veca.jpg\" alt=\"Rezultat slika za Ve\u00c4\u0087nici usvojili Operativni plan odbrane od poplava\" \/><\/p>\n<p><strong>Priboj \u2013 Op\u0161tinsko vije\u0107e op\u0161tine Priboj zasjedalo je u utorak 14. maja po 53. put, a na dnevnom redu razmatrano je 10 ta\u010daka, saop\u0161temo je na zvani\u010dnom sajtu op\u0161tine.<\/strong><\/p>\n<p>Razmatran je i usvojen Godi\u0161nji Program za\u0161tite, ure\u0111enja i kori\u0161\u0107enja poljoprivrednog zemlji\u0161ta op\u0161tine Priboj za 2019. godinu. Radi se o dokumentu koji je lokalna samouprava u obavezi da donese svake godine, i za koji je potrebno da dobije mi\u0161ljenje resornog ministarstva. Po dobijanju saglasnosti, formira\u0107e se Komisija za davanje parcela u zakup, putem Javnog oglasa i licitacije. Cenu zakupa \u0107e formirati resorno ministarstvo. Parcele \u0107e mo\u0107i da se zakupljuju na 10 godina, odnosno na godinu dana, za parcele u restituciji.<\/p>\n<p>Tako\u0111e, razmatran i usvojen Operativni Plan odbrane od poplava za podru\u010dje op\u0161tine Priboj za vode 2. reda, koji je tako\u0111e shodno zakonu bio obaveza lokalne samouprave. Od strane JVP &#8220;Srbijavode&#8221; dobijeno je pozitivno mi\u0161ljenje o ovom aktu.<\/p>\n<p>Op\u0161tinsko ve\u0107e op\u0161tine Priboj odbilo je davanje saglasnosti za izgradnju transfer stanice, zahteva upu\u0107enog od strane Regionalne sanitarne deponije &#8220;Banjica&#8221;. Obzirom na \u010dinjenicu da op\u0161tina Nova Varo\u0161 ne mo\u017ee da obezbedi lokaciju za transfer stanicu sa recikla\u017enim dvori\u0161tem, a u svrhu regulisanja problema upravljanja otpadom, rukovodstvo preduze\u0107a posredstvom nadle\u017ene komisije predlo\u017eilo je da se da saglasnost za pristupanje izgradnji transfer stanice na lokaciji deponije Banjica, kao privremenog monta\u017enog objekta. Imaju\u0107i u vidu \u010dinjenicu da problem otpada iziskuje dugoro\u010dno re\u0161enje i da se op\u0161tina Priboj za takva re\u0161enja i zala\u017ee, Op\u0161tinsko ve\u0107e je odbilo davanje saglasnosti na ovakav predlog.<\/p>\n<p>Izve\u0161taj Saveta za bezbednost saobra\u0107aja op\u0161tine Priboj o realizovanim aktivnostima za 2018.godinu, usvojen je i prosle\u0111en Skup\u0161tini na usvajanje, uz pohvale \u010dlanova Ve\u0107a, jer se radi o Savetu sa dosta skromnim sredstvima ali velikim i vidljivim rezultatima.<\/p>\n<p>Izve\u0161taj o radu Op\u0161tinskog pravobranila\u0161tva za 2018. godinu usvojen je i prosle\u0111en Skup\u0161tini op\u0161tine na usvajanje.<\/p>\n<p>Donet je Zaklju\u010dak o uklanjanju kioska koji nisu u funkciji, a kojim se nala\u017ee gra\u0111evinskom inspektoru Op\u0161tinske uprave Priboj da pokrene postupke uklanjanja ovih privremenih monta\u017enih objekata &#8211; kioska koji nemaju odobrenje za postavljanje ili im je odobrenje isteklo, a koji nisu u funkciji. Ovaj Zaklju\u010dak se ne odnosi na objekte postavljene na Trgu FAP-a, jer \u0107e o istim Ve\u0107e posebno odlu\u010divati.<\/p>\n<p>Donet je Zaklju\u010dak o davanju saglasnosti za odr\u017eavanje Dana sporta 12.06.2019. godine, kojim su \u0161kole du\u017ene da organizuju isti u saradnji sa lokalnom samoupravom, a sve u cilju razvoja i praktikovanja zdravog na\u010dina \u017eivota, razvoja svesti o va\u017enosti sopstvenog zdravlja i bezbednosti, o potrebi negovanja i razvoja fizi\u010dkih sposobnosti, kao i prevencije nasilja, narkomanije i maloletni\u010dke delikvencije.<\/p>\n<p>Doneta je i Odluka o ukidanju svojstva dobra u op\u0161toj upotrebi &#8211; nekategorisanog puta. Radi se o katastarskim parcelama koje su formirane na zemlji\u0161tu koje je nekada predstavljao nekategorisani put, upisan sa tim svojstvom prilikom prvobitnog premera i javnog izlaganja katastra, a iste se vi\u0161e ne koriste kao nekategorisani put i planira se otu\u0111enje iz javne svojine, obzirom da su na istima izgra\u0111ene stambene zgrade za koje su podneti zahtevi za ozakonjenje.<\/p>\n","protected":false},"excerpt":{"rendered":"<p>Priboj \u2013 Op\u0161tinsko vije\u0107e op\u0161tine Priboj zasjedalo je u utorak 14. maja po 53. put, a na dnevnom redu razmatrano je 10 ta\u010daka, saop\u0161temo je na zvani\u010dnom sajtu op\u0161tine. Razmatran je i usvojen Godi\u0161nji Program za\u0161tite, ure\u0111enja i kori\u0161\u0107enja poljoprivrednog zemlji\u0161ta op\u0161tine Priboj za 2019. godinu. Radi se o dokumentu koji je lokalna samouprava u [&hellip;]<\/p>\n","protected":false},"author":509,"featured_media":223365,"comment_status":"open","ping_status":"open","sticky":false,"template":"","format":"standard","meta":{"footnotes":""},"categories":[1,393],"tags":[],"class_list":{"0":"post-223363","1":"post","2":"type-post","3":"status-publish","4":"format-standard","5":"has-post-thumbnail","7":"category-politika","8":"category-priboj"},"yoast_head":"<!-- This site is optimized with the Yoast SEO Premium plugin v23.1 (Yoast SEO v24.9) - https:\/\/yoast.com\/wordpress\/plugins\/seo\/ -->\n<title>Vje\u0107nici usvojili Operativni plan odbrane od poplava<\/title>\n<meta name=\"robots\" content=\"index, follow, max-snippet:-1, max-image-preview:large, max-video-preview:-1\" \/>\n<link rel=\"canonical\" href=\"https:\/\/sandzakpress.net\/arhiva\/vecnici-usvojili-operativni-plan-odbrane-od-poplava\/\" \/>\n<meta property=\"og:locale\" content=\"bs_BA\" \/>\n<meta property=\"og:type\" content=\"article\" \/>\n<meta property=\"og:title\" content=\"Vje\u0107nici usvojili Operativni plan odbrane od poplava\" \/>\n<meta property=\"og:description\" content=\"Priboj \u2013 Op\u0161tinsko vije\u0107e op\u0161tine Priboj zasjedalo je u utorak 14. maja po 53. put, a na dnevnom redu razmatrano je 10 ta\u010daka, saop\u0161temo je na zvani\u010dnom sajtu op\u0161tine. Razmatran je i usvojen Godi\u0161nji Program za\u0161tite, ure\u0111enja i kori\u0161\u0107enja poljoprivrednog zemlji\u0161ta op\u0161tine Priboj za 2019. godinu. Radi se o dokumentu koji je lokalna samouprava u [&hellip;]\" \/>\n<meta property=\"og:url\" content=\"https:\/\/sandzakpress.net\/arhiva\/vecnici-usvojili-operativni-plan-odbrane-od-poplava\/\" \/>\n<meta property=\"og:site_name\" content=\"Sand\u017eak PRESS\" \/>\n<meta property=\"article:published_time\" content=\"2019-05-16T09:29:23+00:00\" \/>\n<meta property=\"article:modified_time\" content=\"2019-05-16T09:29:54+00:00\" \/>\n<meta property=\"og:image\" content=\"https:\/\/sandzakpress.net\/arhiva\/wp-content\/uploads\/2019\/05\/49_sednica_opstinskog_veca.jpg\" \/>\n\t<meta property=\"og:image:width\" content=\"700\" \/>\n\t<meta property=\"og:image:height\" content=\"360\" \/>\n\t<meta property=\"og:image:type\" content=\"image\/jpeg\" \/>\n<meta name=\"author\" content=\"Agencija\" \/>\n<meta name=\"twitter:card\" content=\"summary_large_image\" \/>\n<meta name=\"twitter:label1\" content=\"Written by\" \/>\n\t<meta name=\"twitter:data1\" content=\"Agencija\" \/>\n\t<meta name=\"twitter:label2\" content=\"Est. reading time\" \/>\n\t<meta name=\"twitter:data2\" content=\"3 minute\" \/>\n<script type=\"application\/ld+json\" class=\"yoast-schema-graph\">{\"@context\":\"https:\/\/schema.org\",\"@graph\":[{\"@type\":\"Article\",\"@id\":\"https:\/\/sandzakpress.net\/arhiva\/vecnici-usvojili-operativni-plan-odbrane-od-poplava\/#article\",\"isPartOf\":{\"@id\":\"https:\/\/sandzakpress.net\/arhiva\/vecnici-usvojili-operativni-plan-odbrane-od-poplava\/\"},\"author\":{\"name\":\"Agencija\",\"@id\":\"https:\/\/sandzakpress.net\/arhiva\/#\/schema\/person\/cb59d7e3ab91ab90dd680ad0305a6185\"},\"headline\":\"Vje\u0107nici usvojili Operativni plan odbrane od poplava\",\"datePublished\":\"2019-05-16T09:29:23+00:00\",\"dateModified\":\"2019-05-16T09:29:54+00:00\",\"mainEntityOfPage\":{\"@id\":\"https:\/\/sandzakpress.net\/arhiva\/vecnici-usvojili-operativni-plan-odbrane-od-poplava\/\"},\"wordCount\":560,\"commentCount\":0,\"publisher\":{\"@id\":\"https:\/\/sandzakpress.net\/arhiva\/#\/schema\/person\/6e72b67d6e51910a1117b3b483ba20bd\"},\"image\":{\"@id\":\"https:\/\/sandzakpress.net\/arhiva\/vecnici-usvojili-operativni-plan-odbrane-od-poplava\/#primaryimage\"},\"thumbnailUrl\":\"https:\/\/sandzakpress.net\/arhiva\/wp-content\/uploads\/2019\/05\/49_sednica_opstinskog_veca.jpg\",\"articleSection\":[\"Politika\",\"Priboj\"],\"inLanguage\":\"bs-BA\",\"potentialAction\":[{\"@type\":\"CommentAction\",\"name\":\"Comment\",\"target\":[\"https:\/\/sandzakpress.net\/arhiva\/vecnici-usvojili-operativni-plan-odbrane-od-poplava\/#respond\"]}]},{\"@type\":\"WebPage\",\"@id\":\"https:\/\/sandzakpress.net\/arhiva\/vecnici-usvojili-operativni-plan-odbrane-od-poplava\/\",\"url\":\"https:\/\/sandzakpress.net\/arhiva\/vecnici-usvojili-operativni-plan-odbrane-od-poplava\/\",\"name\":\"Vje\u0107nici usvojili Operativni plan odbrane od poplava\",\"isPartOf\":{\"@id\":\"https:\/\/sandzakpress.net\/arhiva\/#website\"},\"primaryImageOfPage\":{\"@id\":\"https:\/\/sandzakpress.net\/arhiva\/vecnici-usvojili-operativni-plan-odbrane-od-poplava\/#primaryimage\"},\"image\":{\"@id\":\"https:\/\/sandzakpress.net\/arhiva\/vecnici-usvojili-operativni-plan-odbrane-od-poplava\/#primaryimage\"},\"thumbnailUrl\":\"https:\/\/sandzakpress.net\/arhiva\/wp-content\/uploads\/2019\/05\/49_sednica_opstinskog_veca.jpg\",\"datePublished\":\"2019-05-16T09:29:23+00:00\",\"dateModified\":\"2019-05-16T09:29:54+00:00\",\"breadcrumb\":{\"@id\":\"https:\/\/sandzakpress.net\/arhiva\/vecnici-usvojili-operativni-plan-odbrane-od-poplava\/#breadcrumb\"},\"inLanguage\":\"bs-BA\",\"potentialAction\":[{\"@type\":\"ReadAction\",\"target\":[\"https:\/\/sandzakpress.net\/arhiva\/vecnici-usvojili-operativni-plan-odbrane-od-poplava\/\"]}]},{\"@type\":\"ImageObject\",\"inLanguage\":\"bs-BA\",\"@id\":\"https:\/\/sandzakpress.net\/arhiva\/vecnici-usvojili-operativni-plan-odbrane-od-poplava\/#primaryimage\",\"url\":\"https:\/\/sandzakpress.net\/arhiva\/wp-content\/uploads\/2019\/05\/49_sednica_opstinskog_veca.jpg\",\"contentUrl\":\"https:\/\/sandzakpress.net\/arhiva\/wp-content\/uploads\/2019\/05\/49_sednica_opstinskog_veca.jpg\",\"width\":700,\"height\":360},{\"@type\":\"BreadcrumbList\",\"@id\":\"https:\/\/sandzakpress.net\/arhiva\/vecnici-usvojili-operativni-plan-odbrane-od-poplava\/#breadcrumb\",\"itemListElement\":[{\"@type\":\"ListItem\",\"position\":1,\"name\":\"Home\",\"item\":\"https:\/\/sandzakpress.net\/arhiva\/\"},{\"@type\":\"ListItem\",\"position\":2,\"name\":\"Vje\u0107nici usvojili Operativni plan odbrane od poplava\"}]},{\"@type\":\"WebSite\",\"@id\":\"https:\/\/sandzakpress.net\/arhiva\/#website\",\"url\":\"https:\/\/sandzakpress.net\/arhiva\/\",\"name\":\"Sand\u017eak PRESS\",\"description\":\"Prve elektronske novine u Sand\u017eaku\",\"publisher\":{\"@id\":\"https:\/\/sandzakpress.net\/arhiva\/#\/schema\/person\/6e72b67d6e51910a1117b3b483ba20bd\"},\"potentialAction\":[{\"@type\":\"SearchAction\",\"target\":{\"@type\":\"EntryPoint\",\"urlTemplate\":\"https:\/\/sandzakpress.net\/arhiva\/?s={search_term_string}\"},\"query-input\":{\"@type\":\"PropertyValueSpecification\",\"valueRequired\":true,\"valueName\":\"search_term_string\"}}],\"inLanguage\":\"bs-BA\"},{\"@type\":[\"Person\",\"Organization\"],\"@id\":\"https:\/\/sandzakpress.net\/arhiva\/#\/schema\/person\/6e72b67d6e51910a1117b3b483ba20bd\",\"name\":\"Kul\",\"image\":{\"@type\":\"ImageObject\",\"inLanguage\":\"bs-BA\",\"@id\":\"https:\/\/sandzakpress.net\/arhiva\/#\/schema\/person\/image\/\",\"url\":\"https:\/\/secure.gravatar.com\/avatar\/42263f39aa27ac04c43cab85c280eb2e?s=96&d=mm&r=pg\",\"contentUrl\":\"https:\/\/secure.gravatar.com\/avatar\/42263f39aa27ac04c43cab85c280eb2e?s=96&d=mm&r=pg\",\"caption\":\"Kul\"},\"logo\":{\"@id\":\"https:\/\/sandzakpress.net\/arhiva\/#\/schema\/person\/image\/\"}},{\"@type\":\"Person\",\"@id\":\"https:\/\/sandzakpress.net\/arhiva\/#\/schema\/person\/cb59d7e3ab91ab90dd680ad0305a6185\",\"name\":\"Agencija\",\"image\":{\"@type\":\"ImageObject\",\"inLanguage\":\"bs-BA\",\"@id\":\"https:\/\/sandzakpress.net\/arhiva\/#\/schema\/person\/image\/\",\"url\":\"https:\/\/secure.gravatar.com\/avatar\/4b7fafa80a22f0c2afe23966b3961fe0?s=96&d=mm&r=pg\",\"contentUrl\":\"https:\/\/secure.gravatar.com\/avatar\/4b7fafa80a22f0c2afe23966b3961fe0?s=96&d=mm&r=pg\",\"caption\":\"Agencija\"},\"url\":\"https:\/\/sandzakpress.net\/arhiva\/author\/agencija\/\"}]}<\/script>\n<!-- \/ Yoast SEO Premium plugin. -->","yoast_head_json":{"title":"Vje\u0107nici usvojili Operativni plan odbrane od poplava","robots":{"index":"index","follow":"follow","max-snippet":"max-snippet:-1","max-image-preview":"max-image-preview:large","max-video-preview":"max-video-preview:-1"},"canonical":"https:\/\/sandzakpress.net\/arhiva\/vecnici-usvojili-operativni-plan-odbrane-od-poplava\/","og_locale":"bs_BA","og_type":"article","og_title":"Vje\u0107nici usvojili Operativni plan odbrane od poplava","og_description":"Priboj \u2013 Op\u0161tinsko vije\u0107e op\u0161tine Priboj zasjedalo je u utorak 14. maja po 53. put, a na dnevnom redu razmatrano je 10 ta\u010daka, saop\u0161temo je na zvani\u010dnom sajtu op\u0161tine. Razmatran je i usvojen Godi\u0161nji Program za\u0161tite, ure\u0111enja i kori\u0161\u0107enja poljoprivrednog zemlji\u0161ta op\u0161tine Priboj za 2019. godinu. Radi se o dokumentu koji je lokalna samouprava u [&hellip;]","og_url":"https:\/\/sandzakpress.net\/arhiva\/vecnici-usvojili-operativni-plan-odbrane-od-poplava\/","og_site_name":"Sand\u017eak PRESS","article_published_time":"2019-05-16T09:29:23+00:00","article_modified_time":"2019-05-16T09:29:54+00:00","og_image":[{"width":700,"height":360,"url":"https:\/\/sandzakpress.net\/arhiva\/wp-content\/uploads\/2019\/05\/49_sednica_opstinskog_veca.jpg","type":"image\/jpeg"}],"author":"Agencija","twitter_card":"summary_large_image","twitter_misc":{"Written by":"Agencija","Est. reading time":"3 minute"},"schema":{"@context":"https:\/\/schema.org","@graph":[{"@type":"Article","@id":"https:\/\/sandzakpress.net\/arhiva\/vecnici-usvojili-operativni-plan-odbrane-od-poplava\/#article","isPartOf":{"@id":"https:\/\/sandzakpress.net\/arhiva\/vecnici-usvojili-operativni-plan-odbrane-od-poplava\/"},"author":{"name":"Agencija","@id":"https:\/\/sandzakpress.net\/arhiva\/#\/schema\/person\/cb59d7e3ab91ab90dd680ad0305a6185"},"headline":"Vje\u0107nici usvojili Operativni plan odbrane od poplava","datePublished":"2019-05-16T09:29:23+00:00","dateModified":"2019-05-16T09:29:54+00:00","mainEntityOfPage":{"@id":"https:\/\/sandzakpress.net\/arhiva\/vecnici-usvojili-operativni-plan-odbrane-od-poplava\/"},"wordCount":560,"commentCount":0,"publisher":{"@id":"https:\/\/sandzakpress.net\/arhiva\/#\/schema\/person\/6e72b67d6e51910a1117b3b483ba20bd"},"image":{"@id":"https:\/\/sandzakpress.net\/arhiva\/vecnici-usvojili-operativni-plan-odbrane-od-poplava\/#primaryimage"},"thumbnailUrl":"https:\/\/sandzakpress.net\/arhiva\/wp-content\/uploads\/2019\/05\/49_sednica_opstinskog_veca.jpg","articleSection":["Politika","Priboj"],"inLanguage":"bs-BA","potentialAction":[{"@type":"CommentAction","name":"Comment","target":["https:\/\/sandzakpress.net\/arhiva\/vecnici-usvojili-operativni-plan-odbrane-od-poplava\/#respond"]}]},{"@type":"WebPage","@id":"https:\/\/sandzakpress.net\/arhiva\/vecnici-usvojili-operativni-plan-odbrane-od-poplava\/","url":"https:\/\/sandzakpress.net\/arhiva\/vecnici-usvojili-operativni-plan-odbrane-od-poplava\/","name":"Vje\u0107nici usvojili Operativni plan odbrane od poplava","isPartOf":{"@id":"https:\/\/sandzakpress.net\/arhiva\/#website"},"primaryImageOfPage":{"@id":"https:\/\/sandzakpress.net\/arhiva\/vecnici-usvojili-operativni-plan-odbrane-od-poplava\/#primaryimage"},"image":{"@id":"https:\/\/sandzakpress.net\/arhiva\/vecnici-usvojili-operativni-plan-odbrane-od-poplava\/#primaryimage"},"thumbnailUrl":"https:\/\/sandzakpress.net\/arhiva\/wp-content\/uploads\/2019\/05\/49_sednica_opstinskog_veca.jpg","datePublished":"2019-05-16T09:29:23+00:00","dateModified":"2019-05-16T09:29:54+00:00","breadcrumb":{"@id":"https:\/\/sandzakpress.net\/arhiva\/vecnici-usvojili-operativni-plan-odbrane-od-poplava\/#breadcrumb"},"inLanguage":"bs-BA","potentialAction":[{"@type":"ReadAction","target":["https:\/\/sandzakpress.net\/arhiva\/vecnici-usvojili-operativni-plan-odbrane-od-poplava\/"]}]},{"@type":"ImageObject","inLanguage":"bs-BA","@id":"https:\/\/sandzakpress.net\/arhiva\/vecnici-usvojili-operativni-plan-odbrane-od-poplava\/#primaryimage","url":"https:\/\/sandzakpress.net\/arhiva\/wp-content\/uploads\/2019\/05\/49_sednica_opstinskog_veca.jpg","contentUrl":"https:\/\/sandzakpress.net\/arhiva\/wp-content\/uploads\/2019\/05\/49_sednica_opstinskog_veca.jpg","width":700,"height":360},{"@type":"BreadcrumbList","@id":"https:\/\/sandzakpress.net\/arhiva\/vecnici-usvojili-operativni-plan-odbrane-od-poplava\/#breadcrumb","itemListElement":[{"@type":"ListItem","position":1,"name":"Home","item":"https:\/\/sandzakpress.net\/arhiva\/"},{"@type":"ListItem","position":2,"name":"Vje\u0107nici usvojili Operativni plan odbrane od poplava"}]},{"@type":"WebSite","@id":"https:\/\/sandzakpress.net\/arhiva\/#website","url":"https:\/\/sandzakpress.net\/arhiva\/","name":"Sand\u017eak PRESS","description":"Prve elektronske novine u Sand\u017eaku","publisher":{"@id":"https:\/\/sandzakpress.net\/arhiva\/#\/schema\/person\/6e72b67d6e51910a1117b3b483ba20bd"},"potentialAction":[{"@type":"SearchAction","target":{"@type":"EntryPoint","urlTemplate":"https:\/\/sandzakpress.net\/arhiva\/?s={search_term_string}"},"query-input":{"@type":"PropertyValueSpecification","valueRequired":true,"valueName":"search_term_string"}}],"inLanguage":"bs-BA"},{"@type":["Person","Organization"],"@id":"https:\/\/sandzakpress.net\/arhiva\/#\/schema\/person\/6e72b67d6e51910a1117b3b483ba20bd","name":"Kul","image":{"@type":"ImageObject","inLanguage":"bs-BA","@id":"https:\/\/sandzakpress.net\/arhiva\/#\/schema\/person\/image\/","url":"https:\/\/secure.gravatar.com\/avatar\/42263f39aa27ac04c43cab85c280eb2e?s=96&d=mm&r=pg","contentUrl":"https:\/\/secure.gravatar.com\/avatar\/42263f39aa27ac04c43cab85c280eb2e?s=96&d=mm&r=pg","caption":"Kul"},"logo":{"@id":"https:\/\/sandzakpress.net\/arhiva\/#\/schema\/person\/image\/"}},{"@type":"Person","@id":"https:\/\/sandzakpress.net\/arhiva\/#\/schema\/person\/cb59d7e3ab91ab90dd680ad0305a6185","name":"Agencija","image":{"@type":"ImageObject","inLanguage":"bs-BA","@id":"https:\/\/sandzakpress.net\/arhiva\/#\/schema\/person\/image\/","url":"https:\/\/secure.gravatar.com\/avatar\/4b7fafa80a22f0c2afe23966b3961fe0?s=96&d=mm&r=pg","contentUrl":"https:\/\/secure.gravatar.com\/avatar\/4b7fafa80a22f0c2afe23966b3961fe0?s=96&d=mm&r=pg","caption":"Agencija"},"url":"https:\/\/sandzakpress.net\/arhiva\/author\/agencija\/"}]}},"_links":{"self":[{"href":"https:\/\/sandzakpress.net\/arhiva\/wp-json\/wp\/v2\/posts\/223363"}],"collection":[{"href":"https:\/\/sandzakpress.net\/arhiva\/wp-json\/wp\/v2\/posts"}],"about":[{"href":"https:\/\/sandzakpress.net\/arhiva\/wp-json\/wp\/v2\/types\/post"}],"author":[{"embeddable":true,"href":"https:\/\/sandzakpress.net\/arhiva\/wp-json\/wp\/v2\/users\/509"}],"replies":[{"embeddable":true,"href":"https:\/\/sandzakpress.net\/arhiva\/wp-json\/wp\/v2\/comments?post=223363"}],"version-history":[{"count":0,"href":"https:\/\/sandzakpress.net\/arhiva\/wp-json\/wp\/v2\/posts\/223363\/revisions"}],"wp:featuredmedia":[{"embeddable":true,"href":"https:\/\/sandzakpress.net\/arhiva\/wp-json\/wp\/v2\/media\/223365"}],"wp:attachment":[{"href":"https:\/\/sandzakpress.net\/arhiva\/wp-json\/wp\/v2\/media?parent=223363"}],"wp:term":[{"taxonomy":"category","embeddable":true,"href":"https:\/\/sandzakpress.net\/arhiva\/wp-json\/wp\/v2\/categories?post=223363"},{"taxonomy":"post_tag","embeddable":true,"href":"https:\/\/sandzakpress.net\/arhiva\/wp-json\/wp\/v2\/tags?post=223363"}],"curies":[{"name":"wp","href":"https:\/\/api.w.org\/{rel}","templated":true}]}}