{"id":223338,"date":"2019-05-16T11:12:01","date_gmt":"2019-05-16T09:12:01","guid":{"rendered":"https:\/\/sandzakpress.net\/arhiva\/?p=223338"},"modified":"2019-05-16T11:12:01","modified_gmt":"2019-05-16T09:12:01","slug":"ajla-lukac-pred-svetski-kup-u-kik-boksu-ne-razmisljam-o-rivalkama-u-budimpesti","status":"publish","type":"post","link":"https:\/\/sandzakpress.net\/arhiva\/ajla-lukac-pred-svetski-kup-u-kik-boksu-ne-razmisljam-o-rivalkama-u-budimpesti\/","title":{"rendered":"Ajla Luka\u010d pred Svetski kup u kik-boksu: Ne razmi\u0161ljam o rivalkama u Budimpe\u0161ti"},"content":{"rendered":"<p><img decoding=\"async\" src=\"https:\/\/i0.wp.com\/rtvnp.rs\/wp-content\/uploads\/2019\/05\/kbsnpajlahulja.jpg?resize=800%2C445&amp;ssl=1\" \/><\/p>\n<p><strong>\u010clanica Kluba borila\u010dkih sportova Novi Pazar Ajla Luka\u010d rekla je danas da o\u010dekuje jo\u0161 jednu zlatnu medalju na Svetskom kupu u Budimpe\u0161ti, iako \u0107e u lou-kiku do 56 kilograma imati nekoliko opasnih rivalki.<\/strong><\/p>\n<p>\u201cPro\u0161le godine dobila sam tri protivnice na putu do trofeja, a sada nas je ne\u0161to manje u \u017erebu. Posebno je opasna Poljakinja Ivona Njeroda, tu je i Ukrajinka \u017dana Kondratova. S njima sam se ve\u0107 sastajala. Ipak, spremna sam i o\u010dekujem zlato\u201d, rekla je Luka\u010d.<\/p>\n<p>Svetski kup u Ma\u0111arskoj, 25. po redu, na programu je od 16. do 19. maja, a za lou-kik do 56 kilograma prijavljeno je ukupno sedam kik-bokserki.<\/p>\n<p>\u201cTempiram formu za oktobar i Svetsko prvenstvo u Sarajevu, gde \u0107e poku\u0161ati da osvojim jedinu titulu koja mi nedostaje. Budimpe\u0161ta je odli\u010dan test\u201d, ocenila je Luka\u010d, koja je aktuelna prvakinja Evrope.<\/p>\n<p>Trener Husein Dupljak izrazio je \u017ealjenje \u0161to je Luka\u010d do zlatnih odli\u010dja na ovogodi\u0161njim prvenstvima Srbije u lou-kiku i K1 stigla bez ulaska u ring.<\/p>\n<p>\u201cIzuzetno je spremna, mo\u017eda kao nikada ranije. Sa Poljakinjom ima nere\u0161en skor u dva me\u010da, ali ube\u0111en sam da \u0107e osvojiti zlato. Nedostaju joj borbe, ali u dr\u017eavi nema dostojnu protivnicu, pa sparinguje s te\u017eima do sebe\u201d, naveo je Dupljak.<\/p>\n<p><iframe loading=\"lazy\" title=\"Ajla Luka\u010d pred Svetski kup u kik-boksu: Ne razmi\u0161ljam o rivalkama u Budimpe\u0161ti\" width=\"696\" height=\"392\" src=\"https:\/\/www.youtube.com\/embed\/Obk88_NfsI4?feature=oembed\" frameborder=\"0\" allow=\"accelerometer; autoplay; encrypted-media; gyroscope; picture-in-picture\" allowfullscreen><\/iframe><\/p>\n<p>rtvnp<\/p>\n","protected":false},"excerpt":{"rendered":"<p>\u010clanica Kluba borila\u010dkih sportova Novi Pazar Ajla Luka\u010d rekla je danas da o\u010dekuje jo\u0161 jednu zlatnu medalju na Svetskom kupu u Budimpe\u0161ti, iako \u0107e u lou-kiku do 56 kilograma imati nekoliko opasnih rivalki. \u201cPro\u0161le godine dobila sam tri protivnice na putu do trofeja, a sada nas je ne\u0161to manje u \u017erebu. Posebno je opasna Poljakinja [&hellip;]<\/p>\n","protected":false},"author":509,"featured_media":223341,"comment_status":"open","ping_status":"open","sticky":false,"template":"","format":"standard","meta":{"footnotes":""},"categories":[72,13],"tags":[],"class_list":{"0":"post-223338","1":"post","2":"type-post","3":"status-publish","4":"format-standard","5":"has-post-thumbnail","7":"category-novi-pazar","8":"category-sport"},"yoast_head":"<!-- This site is optimized with the Yoast SEO Premium plugin v23.1 (Yoast SEO v24.9) - https:\/\/yoast.com\/wordpress\/plugins\/seo\/ -->\n<title>Ajla Luka\u010d pred Svetski kup u kik-boksu: Ne razmi\u0161ljam o rivalkama u Budimpe\u0161ti<\/title>\n<meta name=\"robots\" content=\"index, follow, max-snippet:-1, max-image-preview:large, max-video-preview:-1\" \/>\n<link rel=\"canonical\" href=\"https:\/\/sandzakpress.net\/arhiva\/ajla-lukac-pred-svetski-kup-u-kik-boksu-ne-razmisljam-o-rivalkama-u-budimpesti\/\" \/>\n<meta property=\"og:locale\" content=\"bs_BA\" \/>\n<meta property=\"og:type\" content=\"article\" \/>\n<meta property=\"og:title\" content=\"Ajla Luka\u010d pred Svetski kup u kik-boksu: Ne razmi\u0161ljam o rivalkama u Budimpe\u0161ti\" \/>\n<meta property=\"og:description\" content=\"\u010clanica Kluba borila\u010dkih sportova Novi Pazar Ajla Luka\u010d rekla je danas da o\u010dekuje jo\u0161 jednu zlatnu medalju na Svetskom kupu u Budimpe\u0161ti, iako \u0107e u lou-kiku do 56 kilograma imati nekoliko opasnih rivalki. \u201cPro\u0161le godine dobila sam tri protivnice na putu do trofeja, a sada nas je ne\u0161to manje u \u017erebu. Posebno je opasna Poljakinja [&hellip;]\" \/>\n<meta property=\"og:url\" content=\"https:\/\/sandzakpress.net\/arhiva\/ajla-lukac-pred-svetski-kup-u-kik-boksu-ne-razmisljam-o-rivalkama-u-budimpesti\/\" \/>\n<meta property=\"og:site_name\" content=\"Sand\u017eak PRESS\" \/>\n<meta property=\"article:published_time\" content=\"2019-05-16T09:12:01+00:00\" \/>\n<meta property=\"og:image\" content=\"https:\/\/sandzakpress.net\/arhiva\/wp-content\/uploads\/2019\/05\/kbsnpajlahulja.jpg\" \/>\n\t<meta property=\"og:image:width\" content=\"800\" \/>\n\t<meta property=\"og:image:height\" content=\"445\" \/>\n\t<meta property=\"og:image:type\" content=\"image\/jpeg\" \/>\n<meta name=\"author\" content=\"Agencija\" \/>\n<meta name=\"twitter:card\" content=\"summary_large_image\" \/>\n<meta name=\"twitter:label1\" content=\"Written by\" \/>\n\t<meta name=\"twitter:data1\" content=\"Agencija\" \/>\n\t<meta name=\"twitter:label2\" content=\"Est. reading time\" \/>\n\t<meta name=\"twitter:data2\" content=\"1 minuta\" \/>\n<script type=\"application\/ld+json\" class=\"yoast-schema-graph\">{\"@context\":\"https:\/\/schema.org\",\"@graph\":[{\"@type\":\"Article\",\"@id\":\"https:\/\/sandzakpress.net\/arhiva\/ajla-lukac-pred-svetski-kup-u-kik-boksu-ne-razmisljam-o-rivalkama-u-budimpesti\/#article\",\"isPartOf\":{\"@id\":\"https:\/\/sandzakpress.net\/arhiva\/ajla-lukac-pred-svetski-kup-u-kik-boksu-ne-razmisljam-o-rivalkama-u-budimpesti\/\"},\"author\":{\"name\":\"Agencija\",\"@id\":\"https:\/\/sandzakpress.net\/arhiva\/#\/schema\/person\/cb59d7e3ab91ab90dd680ad0305a6185\"},\"headline\":\"Ajla Luka\u010d pred Svetski kup u kik-boksu: Ne razmi\u0161ljam o rivalkama u Budimpe\u0161ti\",\"datePublished\":\"2019-05-16T09:12:01+00:00\",\"mainEntityOfPage\":{\"@id\":\"https:\/\/sandzakpress.net\/arhiva\/ajla-lukac-pred-svetski-kup-u-kik-boksu-ne-razmisljam-o-rivalkama-u-budimpesti\/\"},\"wordCount\":234,\"commentCount\":0,\"publisher\":{\"@id\":\"https:\/\/sandzakpress.net\/arhiva\/#\/schema\/person\/6e72b67d6e51910a1117b3b483ba20bd\"},\"image\":{\"@id\":\"https:\/\/sandzakpress.net\/arhiva\/ajla-lukac-pred-svetski-kup-u-kik-boksu-ne-razmisljam-o-rivalkama-u-budimpesti\/#primaryimage\"},\"thumbnailUrl\":\"https:\/\/sandzakpress.net\/arhiva\/wp-content\/uploads\/2019\/05\/kbsnpajlahulja.jpg\",\"articleSection\":[\"Novi Pazar\",\"Sport\"],\"inLanguage\":\"bs-BA\",\"potentialAction\":[{\"@type\":\"CommentAction\",\"name\":\"Comment\",\"target\":[\"https:\/\/sandzakpress.net\/arhiva\/ajla-lukac-pred-svetski-kup-u-kik-boksu-ne-razmisljam-o-rivalkama-u-budimpesti\/#respond\"]}]},{\"@type\":\"WebPage\",\"@id\":\"https:\/\/sandzakpress.net\/arhiva\/ajla-lukac-pred-svetski-kup-u-kik-boksu-ne-razmisljam-o-rivalkama-u-budimpesti\/\",\"url\":\"https:\/\/sandzakpress.net\/arhiva\/ajla-lukac-pred-svetski-kup-u-kik-boksu-ne-razmisljam-o-rivalkama-u-budimpesti\/\",\"name\":\"Ajla Luka\u010d pred Svetski kup u kik-boksu: Ne razmi\u0161ljam o rivalkama u Budimpe\u0161ti\",\"isPartOf\":{\"@id\":\"https:\/\/sandzakpress.net\/arhiva\/#website\"},\"primaryImageOfPage\":{\"@id\":\"https:\/\/sandzakpress.net\/arhiva\/ajla-lukac-pred-svetski-kup-u-kik-boksu-ne-razmisljam-o-rivalkama-u-budimpesti\/#primaryimage\"},\"image\":{\"@id\":\"https:\/\/sandzakpress.net\/arhiva\/ajla-lukac-pred-svetski-kup-u-kik-boksu-ne-razmisljam-o-rivalkama-u-budimpesti\/#primaryimage\"},\"thumbnailUrl\":\"https:\/\/sandzakpress.net\/arhiva\/wp-content\/uploads\/2019\/05\/kbsnpajlahulja.jpg\",\"datePublished\":\"2019-05-16T09:12:01+00:00\",\"breadcrumb\":{\"@id\":\"https:\/\/sandzakpress.net\/arhiva\/ajla-lukac-pred-svetski-kup-u-kik-boksu-ne-razmisljam-o-rivalkama-u-budimpesti\/#breadcrumb\"},\"inLanguage\":\"bs-BA\",\"potentialAction\":[{\"@type\":\"ReadAction\",\"target\":[\"https:\/\/sandzakpress.net\/arhiva\/ajla-lukac-pred-svetski-kup-u-kik-boksu-ne-razmisljam-o-rivalkama-u-budimpesti\/\"]}]},{\"@type\":\"ImageObject\",\"inLanguage\":\"bs-BA\",\"@id\":\"https:\/\/sandzakpress.net\/arhiva\/ajla-lukac-pred-svetski-kup-u-kik-boksu-ne-razmisljam-o-rivalkama-u-budimpesti\/#primaryimage\",\"url\":\"https:\/\/sandzakpress.net\/arhiva\/wp-content\/uploads\/2019\/05\/kbsnpajlahulja.jpg\",\"contentUrl\":\"https:\/\/sandzakpress.net\/arhiva\/wp-content\/uploads\/2019\/05\/kbsnpajlahulja.jpg\",\"width\":800,\"height\":445},{\"@type\":\"BreadcrumbList\",\"@id\":\"https:\/\/sandzakpress.net\/arhiva\/ajla-lukac-pred-svetski-kup-u-kik-boksu-ne-razmisljam-o-rivalkama-u-budimpesti\/#breadcrumb\",\"itemListElement\":[{\"@type\":\"ListItem\",\"position\":1,\"name\":\"Home\",\"item\":\"https:\/\/sandzakpress.net\/arhiva\/\"},{\"@type\":\"ListItem\",\"position\":2,\"name\":\"Ajla Luka\u010d pred Svetski kup u kik-boksu: Ne razmi\u0161ljam o rivalkama u Budimpe\u0161ti\"}]},{\"@type\":\"WebSite\",\"@id\":\"https:\/\/sandzakpress.net\/arhiva\/#website\",\"url\":\"https:\/\/sandzakpress.net\/arhiva\/\",\"name\":\"Sand\u017eak PRESS\",\"description\":\"Prve elektronske novine u Sand\u017eaku\",\"publisher\":{\"@id\":\"https:\/\/sandzakpress.net\/arhiva\/#\/schema\/person\/6e72b67d6e51910a1117b3b483ba20bd\"},\"potentialAction\":[{\"@type\":\"SearchAction\",\"target\":{\"@type\":\"EntryPoint\",\"urlTemplate\":\"https:\/\/sandzakpress.net\/arhiva\/?s={search_term_string}\"},\"query-input\":{\"@type\":\"PropertyValueSpecification\",\"valueRequired\":true,\"valueName\":\"search_term_string\"}}],\"inLanguage\":\"bs-BA\"},{\"@type\":[\"Person\",\"Organization\"],\"@id\":\"https:\/\/sandzakpress.net\/arhiva\/#\/schema\/person\/6e72b67d6e51910a1117b3b483ba20bd\",\"name\":\"Kul\",\"image\":{\"@type\":\"ImageObject\",\"inLanguage\":\"bs-BA\",\"@id\":\"https:\/\/sandzakpress.net\/arhiva\/#\/schema\/person\/image\/\",\"url\":\"https:\/\/secure.gravatar.com\/avatar\/42263f39aa27ac04c43cab85c280eb2e?s=96&d=mm&r=pg\",\"contentUrl\":\"https:\/\/secure.gravatar.com\/avatar\/42263f39aa27ac04c43cab85c280eb2e?s=96&d=mm&r=pg\",\"caption\":\"Kul\"},\"logo\":{\"@id\":\"https:\/\/sandzakpress.net\/arhiva\/#\/schema\/person\/image\/\"}},{\"@type\":\"Person\",\"@id\":\"https:\/\/sandzakpress.net\/arhiva\/#\/schema\/person\/cb59d7e3ab91ab90dd680ad0305a6185\",\"name\":\"Agencija\",\"image\":{\"@type\":\"ImageObject\",\"inLanguage\":\"bs-BA\",\"@id\":\"https:\/\/sandzakpress.net\/arhiva\/#\/schema\/person\/image\/\",\"url\":\"https:\/\/secure.gravatar.com\/avatar\/4b7fafa80a22f0c2afe23966b3961fe0?s=96&d=mm&r=pg\",\"contentUrl\":\"https:\/\/secure.gravatar.com\/avatar\/4b7fafa80a22f0c2afe23966b3961fe0?s=96&d=mm&r=pg\",\"caption\":\"Agencija\"},\"url\":\"https:\/\/sandzakpress.net\/arhiva\/author\/agencija\/\"}]}<\/script>\n<!-- \/ Yoast SEO Premium plugin. -->","yoast_head_json":{"title":"Ajla Luka\u010d pred Svetski kup u kik-boksu: Ne razmi\u0161ljam o rivalkama u Budimpe\u0161ti","robots":{"index":"index","follow":"follow","max-snippet":"max-snippet:-1","max-image-preview":"max-image-preview:large","max-video-preview":"max-video-preview:-1"},"canonical":"https:\/\/sandzakpress.net\/arhiva\/ajla-lukac-pred-svetski-kup-u-kik-boksu-ne-razmisljam-o-rivalkama-u-budimpesti\/","og_locale":"bs_BA","og_type":"article","og_title":"Ajla Luka\u010d pred Svetski kup u kik-boksu: Ne razmi\u0161ljam o rivalkama u Budimpe\u0161ti","og_description":"\u010clanica Kluba borila\u010dkih sportova Novi Pazar Ajla Luka\u010d rekla je danas da o\u010dekuje jo\u0161 jednu zlatnu medalju na Svetskom kupu u Budimpe\u0161ti, iako \u0107e u lou-kiku do 56 kilograma imati nekoliko opasnih rivalki. \u201cPro\u0161le godine dobila sam tri protivnice na putu do trofeja, a sada nas je ne\u0161to manje u \u017erebu. Posebno je opasna Poljakinja [&hellip;]","og_url":"https:\/\/sandzakpress.net\/arhiva\/ajla-lukac-pred-svetski-kup-u-kik-boksu-ne-razmisljam-o-rivalkama-u-budimpesti\/","og_site_name":"Sand\u017eak PRESS","article_published_time":"2019-05-16T09:12:01+00:00","og_image":[{"width":800,"height":445,"url":"https:\/\/sandzakpress.net\/arhiva\/wp-content\/uploads\/2019\/05\/kbsnpajlahulja.jpg","type":"image\/jpeg"}],"author":"Agencija","twitter_card":"summary_large_image","twitter_misc":{"Written by":"Agencija","Est. reading time":"1 minuta"},"schema":{"@context":"https:\/\/schema.org","@graph":[{"@type":"Article","@id":"https:\/\/sandzakpress.net\/arhiva\/ajla-lukac-pred-svetski-kup-u-kik-boksu-ne-razmisljam-o-rivalkama-u-budimpesti\/#article","isPartOf":{"@id":"https:\/\/sandzakpress.net\/arhiva\/ajla-lukac-pred-svetski-kup-u-kik-boksu-ne-razmisljam-o-rivalkama-u-budimpesti\/"},"author":{"name":"Agencija","@id":"https:\/\/sandzakpress.net\/arhiva\/#\/schema\/person\/cb59d7e3ab91ab90dd680ad0305a6185"},"headline":"Ajla Luka\u010d pred Svetski kup u kik-boksu: Ne razmi\u0161ljam o rivalkama u Budimpe\u0161ti","datePublished":"2019-05-16T09:12:01+00:00","mainEntityOfPage":{"@id":"https:\/\/sandzakpress.net\/arhiva\/ajla-lukac-pred-svetski-kup-u-kik-boksu-ne-razmisljam-o-rivalkama-u-budimpesti\/"},"wordCount":234,"commentCount":0,"publisher":{"@id":"https:\/\/sandzakpress.net\/arhiva\/#\/schema\/person\/6e72b67d6e51910a1117b3b483ba20bd"},"image":{"@id":"https:\/\/sandzakpress.net\/arhiva\/ajla-lukac-pred-svetski-kup-u-kik-boksu-ne-razmisljam-o-rivalkama-u-budimpesti\/#primaryimage"},"thumbnailUrl":"https:\/\/sandzakpress.net\/arhiva\/wp-content\/uploads\/2019\/05\/kbsnpajlahulja.jpg","articleSection":["Novi Pazar","Sport"],"inLanguage":"bs-BA","potentialAction":[{"@type":"CommentAction","name":"Comment","target":["https:\/\/sandzakpress.net\/arhiva\/ajla-lukac-pred-svetski-kup-u-kik-boksu-ne-razmisljam-o-rivalkama-u-budimpesti\/#respond"]}]},{"@type":"WebPage","@id":"https:\/\/sandzakpress.net\/arhiva\/ajla-lukac-pred-svetski-kup-u-kik-boksu-ne-razmisljam-o-rivalkama-u-budimpesti\/","url":"https:\/\/sandzakpress.net\/arhiva\/ajla-lukac-pred-svetski-kup-u-kik-boksu-ne-razmisljam-o-rivalkama-u-budimpesti\/","name":"Ajla Luka\u010d pred Svetski kup u kik-boksu: Ne razmi\u0161ljam o rivalkama u Budimpe\u0161ti","isPartOf":{"@id":"https:\/\/sandzakpress.net\/arhiva\/#website"},"primaryImageOfPage":{"@id":"https:\/\/sandzakpress.net\/arhiva\/ajla-lukac-pred-svetski-kup-u-kik-boksu-ne-razmisljam-o-rivalkama-u-budimpesti\/#primaryimage"},"image":{"@id":"https:\/\/sandzakpress.net\/arhiva\/ajla-lukac-pred-svetski-kup-u-kik-boksu-ne-razmisljam-o-rivalkama-u-budimpesti\/#primaryimage"},"thumbnailUrl":"https:\/\/sandzakpress.net\/arhiva\/wp-content\/uploads\/2019\/05\/kbsnpajlahulja.jpg","datePublished":"2019-05-16T09:12:01+00:00","breadcrumb":{"@id":"https:\/\/sandzakpress.net\/arhiva\/ajla-lukac-pred-svetski-kup-u-kik-boksu-ne-razmisljam-o-rivalkama-u-budimpesti\/#breadcrumb"},"inLanguage":"bs-BA","potentialAction":[{"@type":"ReadAction","target":["https:\/\/sandzakpress.net\/arhiva\/ajla-lukac-pred-svetski-kup-u-kik-boksu-ne-razmisljam-o-rivalkama-u-budimpesti\/"]}]},{"@type":"ImageObject","inLanguage":"bs-BA","@id":"https:\/\/sandzakpress.net\/arhiva\/ajla-lukac-pred-svetski-kup-u-kik-boksu-ne-razmisljam-o-rivalkama-u-budimpesti\/#primaryimage","url":"https:\/\/sandzakpress.net\/arhiva\/wp-content\/uploads\/2019\/05\/kbsnpajlahulja.jpg","contentUrl":"https:\/\/sandzakpress.net\/arhiva\/wp-content\/uploads\/2019\/05\/kbsnpajlahulja.jpg","width":800,"height":445},{"@type":"BreadcrumbList","@id":"https:\/\/sandzakpress.net\/arhiva\/ajla-lukac-pred-svetski-kup-u-kik-boksu-ne-razmisljam-o-rivalkama-u-budimpesti\/#breadcrumb","itemListElement":[{"@type":"ListItem","position":1,"name":"Home","item":"https:\/\/sandzakpress.net\/arhiva\/"},{"@type":"ListItem","position":2,"name":"Ajla Luka\u010d pred Svetski kup u kik-boksu: Ne razmi\u0161ljam o rivalkama u Budimpe\u0161ti"}]},{"@type":"WebSite","@id":"https:\/\/sandzakpress.net\/arhiva\/#website","url":"https:\/\/sandzakpress.net\/arhiva\/","name":"Sand\u017eak PRESS","description":"Prve elektronske novine u Sand\u017eaku","publisher":{"@id":"https:\/\/sandzakpress.net\/arhiva\/#\/schema\/person\/6e72b67d6e51910a1117b3b483ba20bd"},"potentialAction":[{"@type":"SearchAction","target":{"@type":"EntryPoint","urlTemplate":"https:\/\/sandzakpress.net\/arhiva\/?s={search_term_string}"},"query-input":{"@type":"PropertyValueSpecification","valueRequired":true,"valueName":"search_term_string"}}],"inLanguage":"bs-BA"},{"@type":["Person","Organization"],"@id":"https:\/\/sandzakpress.net\/arhiva\/#\/schema\/person\/6e72b67d6e51910a1117b3b483ba20bd","name":"Kul","image":{"@type":"ImageObject","inLanguage":"bs-BA","@id":"https:\/\/sandzakpress.net\/arhiva\/#\/schema\/person\/image\/","url":"https:\/\/secure.gravatar.com\/avatar\/42263f39aa27ac04c43cab85c280eb2e?s=96&d=mm&r=pg","contentUrl":"https:\/\/secure.gravatar.com\/avatar\/42263f39aa27ac04c43cab85c280eb2e?s=96&d=mm&r=pg","caption":"Kul"},"logo":{"@id":"https:\/\/sandzakpress.net\/arhiva\/#\/schema\/person\/image\/"}},{"@type":"Person","@id":"https:\/\/sandzakpress.net\/arhiva\/#\/schema\/person\/cb59d7e3ab91ab90dd680ad0305a6185","name":"Agencija","image":{"@type":"ImageObject","inLanguage":"bs-BA","@id":"https:\/\/sandzakpress.net\/arhiva\/#\/schema\/person\/image\/","url":"https:\/\/secure.gravatar.com\/avatar\/4b7fafa80a22f0c2afe23966b3961fe0?s=96&d=mm&r=pg","contentUrl":"https:\/\/secure.gravatar.com\/avatar\/4b7fafa80a22f0c2afe23966b3961fe0?s=96&d=mm&r=pg","caption":"Agencija"},"url":"https:\/\/sandzakpress.net\/arhiva\/author\/agencija\/"}]}},"_links":{"self":[{"href":"https:\/\/sandzakpress.net\/arhiva\/wp-json\/wp\/v2\/posts\/223338"}],"collection":[{"href":"https:\/\/sandzakpress.net\/arhiva\/wp-json\/wp\/v2\/posts"}],"about":[{"href":"https:\/\/sandzakpress.net\/arhiva\/wp-json\/wp\/v2\/types\/post"}],"author":[{"embeddable":true,"href":"https:\/\/sandzakpress.net\/arhiva\/wp-json\/wp\/v2\/users\/509"}],"replies":[{"embeddable":true,"href":"https:\/\/sandzakpress.net\/arhiva\/wp-json\/wp\/v2\/comments?post=223338"}],"version-history":[{"count":0,"href":"https:\/\/sandzakpress.net\/arhiva\/wp-json\/wp\/v2\/posts\/223338\/revisions"}],"wp:featuredmedia":[{"embeddable":true,"href":"https:\/\/sandzakpress.net\/arhiva\/wp-json\/wp\/v2\/media\/223341"}],"wp:attachment":[{"href":"https:\/\/sandzakpress.net\/arhiva\/wp-json\/wp\/v2\/media?parent=223338"}],"wp:term":[{"taxonomy":"category","embeddable":true,"href":"https:\/\/sandzakpress.net\/arhiva\/wp-json\/wp\/v2\/categories?post=223338"},{"taxonomy":"post_tag","embeddable":true,"href":"https:\/\/sandzakpress.net\/arhiva\/wp-json\/wp\/v2\/tags?post=223338"}],"curies":[{"name":"wp","href":"https:\/\/api.w.org\/{rel}","templated":true}]}}