{"id":223308,"date":"2019-05-15T11:53:27","date_gmt":"2019-05-15T09:53:27","guid":{"rendered":"https:\/\/sandzakpress.net\/arhiva\/jirgen-klop-o-muhamedu-salahu-veoma-je-lijepo-sto-ga-imamo-jer-je-musliman-i-sto-zivi-u-skladu-sa-tim-video"},"modified":"2019-05-15T11:53:27","modified_gmt":"2019-05-15T09:53:27","slug":"jirgen-klop-o-muhamedu-salahu-veoma-je-lijepo-sto-ga-imamo-jer-je-musliman-i-sto-zivi-u-skladu-sa-tim-video","status":"publish","type":"post","link":"https:\/\/sandzakpress.net\/arhiva\/jirgen-klop-o-muhamedu-salahu-veoma-je-lijepo-sto-ga-imamo-jer-je-musliman-i-sto-zivi-u-skladu-sa-tim-video\/","title":{"rendered":"Jirgen Klop o Muhamedu Salahu: Veoma je lijepo \u0161to ga imamo, jer je musliman i \u0161to \u017eivi u skladu sa tim \/VIDEO\/"},"content":{"rendered":"<p><span class=\"cb-itemprop\"><\/p>\n<p><img decoding=\"async\" src=\"http:\/\/saff.ba\/wp-content\/uploads\/2019\/05\/Screenshot-2019-05-15-at-02.01.26.jpg\" \/><\/p>\n<p><strong>Ameri\u010dki magazin \u201cTime\u201d objavio je listu najutjecajnijih osoba u 2019. godini. Me\u0111u \u0161estero poznatih i najutjecajnijih ljudi je i Muhamed Salah. Pogledajte kako su reagirali na tu vijest trener Liverpula Jirgen Klop i poznati voditelj John Oliver.<\/strong><\/p>\n<\/p>\n<p>John Oliver, popularni voditelj o Muhamedu Salahu<\/p>\n<p>\u201cMo Salah je bolji \u010dovjek nego nogometa\u0161, a jedan je od najboljih nogometa\u0161a na svijetu.<br \/>\nBilo bi te\u0161ko na\u0107i profesionalnog sporta\u0161a u bilo kojem sportu na kojeg su se uspjeh i status manje odrazili nego na Moa, \u0161to je nevjerojatno, s obzirom na intezitet pohvala koje prima.<\/p>\n<p>Mo je ikona me\u0111u Egip\u0107anima i muslimanima diljem svijeta, ali uvijek ostavlja dojam skromnog, promi\u0161ljenog, duhovitog \u010dovjeka koji ni\u0161ta ne shva\u0107a previ\u0161e li\u010dno.<\/p>\n<p>Kao nogometa\u0161, igra sa zaraznom rado\u0161\u0107u. Uvijek sam se pitao kako bi bilo dobro igrati sa njim, i gledati kako mu se lice svjetli nakon \u0161to napravi ne\u0161to nevjerojatno.<\/p>\n<p>Apsolutno ga volim\u201d.<\/p>\n<p><\/span><br \/>\nPogledajte vijest na izvornom sajtu:<\/p>\n<p><a href=\"https:\/\/islampress.net\/45177\/jirgen-klop-o-muhamedu-salahu-veoma-je-lijepo-sto-ga-imamo-jer-je-musliman-i-sto-zivi-u-skladu-sa-tim-video\/\" target=\"_blank\">Jirgen Klop o Muhamedu Salahu: Veoma je lijepo \u0161to ga imamo, jer je musliman i \u0161to \u017eivi u skladu sa tim \/VIDEO\/<\/a><\/p>\n","protected":false},"excerpt":{"rendered":"<p>Ameri\u010dki magazin \u201cTime\u201d objavio je listu najutjecajnijih osoba u 2019. godini. Me\u0111u \u0161estero poznatih i najutjecajnijih ljudi je i Muhamed Salah. Pogledajte kako su reagirali na tu vijest trener Liverpula Jirgen Klop i poznati voditelj John Oliver. John Oliver, popularni voditelj o Muhamedu Salahu \u201cMo Salah je bolji \u010dovjek nego nogometa\u0161, a jedan je od [&hellip;]<\/p>\n","protected":false},"author":83,"featured_media":223309,"comment_status":"open","ping_status":"open","sticky":false,"template":"","format":"standard","meta":{"footnotes":""},"categories":[9],"tags":[10499],"class_list":{"0":"post-223308","1":"post","2":"type-post","3":"status-publish","4":"format-standard","5":"has-post-thumbnail","7":"category-svijet","8":"tag-a"},"yoast_head":"<!-- This site is optimized with the Yoast SEO Premium plugin v23.1 (Yoast SEO v24.9) - https:\/\/yoast.com\/wordpress\/plugins\/seo\/ -->\n<title>Jirgen Klop o Muhamedu Salahu: Veoma je lijepo \u0161to ga imamo, jer je musliman i \u0161to \u017eivi u skladu sa tim \/VIDEO\/<\/title>\n<meta name=\"robots\" content=\"index, follow, max-snippet:-1, max-image-preview:large, max-video-preview:-1\" \/>\n<link rel=\"canonical\" href=\"https:\/\/sandzakpress.net\/arhiva\/jirgen-klop-o-muhamedu-salahu-veoma-je-lijepo-sto-ga-imamo-jer-je-musliman-i-sto-zivi-u-skladu-sa-tim-video\/\" \/>\n<meta property=\"og:locale\" content=\"bs_BA\" \/>\n<meta property=\"og:type\" content=\"article\" \/>\n<meta property=\"og:title\" content=\"Jirgen Klop o Muhamedu Salahu: Veoma je lijepo \u0161to ga imamo, jer je musliman i \u0161to \u017eivi u skladu sa tim \/VIDEO\/\" \/>\n<meta property=\"og:description\" content=\"Ameri\u010dki magazin \u201cTime\u201d objavio je listu najutjecajnijih osoba u 2019. godini. Me\u0111u \u0161estero poznatih i najutjecajnijih ljudi je i Muhamed Salah. Pogledajte kako su reagirali na tu vijest trener Liverpula Jirgen Klop i poznati voditelj John Oliver. John Oliver, popularni voditelj o Muhamedu Salahu \u201cMo Salah je bolji \u010dovjek nego nogometa\u0161, a jedan je od [&hellip;]\" \/>\n<meta property=\"og:url\" content=\"https:\/\/sandzakpress.net\/arhiva\/jirgen-klop-o-muhamedu-salahu-veoma-je-lijepo-sto-ga-imamo-jer-je-musliman-i-sto-zivi-u-skladu-sa-tim-video\/\" \/>\n<meta property=\"og:site_name\" content=\"Sand\u017eak PRESS\" \/>\n<meta property=\"article:published_time\" content=\"2019-05-15T09:53:27+00:00\" \/>\n<meta property=\"og:image\" content=\"https:\/\/sandzakpress.net\/arhiva\/wp-content\/uploads\/2019\/05\/Screenshot-2019-05-15-at-02.01.26.jpg\" \/>\n\t<meta property=\"og:image:width\" content=\"856\" \/>\n\t<meta property=\"og:image:height\" content=\"596\" \/>\n\t<meta property=\"og:image:type\" content=\"image\/jpeg\" \/>\n<meta name=\"author\" content=\"bosniak\" \/>\n<meta name=\"twitter:card\" content=\"summary_large_image\" \/>\n<meta name=\"twitter:label1\" content=\"Written by\" \/>\n\t<meta name=\"twitter:data1\" content=\"bosniak\" \/>\n\t<meta name=\"twitter:label2\" content=\"Est. reading time\" \/>\n\t<meta name=\"twitter:data2\" content=\"1 minuta\" \/>\n<script type=\"application\/ld+json\" class=\"yoast-schema-graph\">{\"@context\":\"https:\/\/schema.org\",\"@graph\":[{\"@type\":\"Article\",\"@id\":\"https:\/\/sandzakpress.net\/arhiva\/jirgen-klop-o-muhamedu-salahu-veoma-je-lijepo-sto-ga-imamo-jer-je-musliman-i-sto-zivi-u-skladu-sa-tim-video\/#article\",\"isPartOf\":{\"@id\":\"https:\/\/sandzakpress.net\/arhiva\/jirgen-klop-o-muhamedu-salahu-veoma-je-lijepo-sto-ga-imamo-jer-je-musliman-i-sto-zivi-u-skladu-sa-tim-video\/\"},\"author\":{\"name\":\"bosniak\",\"@id\":\"https:\/\/sandzakpress.net\/arhiva\/#\/schema\/person\/c8baee722073534b583ea7bdb2e36c02\"},\"headline\":\"Jirgen Klop o Muhamedu Salahu: Veoma je lijepo \u0161to ga imamo, jer je musliman i \u0161to \u017eivi u skladu sa tim \/VIDEO\/\",\"datePublished\":\"2019-05-15T09:53:27+00:00\",\"mainEntityOfPage\":{\"@id\":\"https:\/\/sandzakpress.net\/arhiva\/jirgen-klop-o-muhamedu-salahu-veoma-je-lijepo-sto-ga-imamo-jer-je-musliman-i-sto-zivi-u-skladu-sa-tim-video\/\"},\"wordCount\":209,\"commentCount\":0,\"publisher\":{\"@id\":\"https:\/\/sandzakpress.net\/arhiva\/#\/schema\/person\/6e72b67d6e51910a1117b3b483ba20bd\"},\"image\":{\"@id\":\"https:\/\/sandzakpress.net\/arhiva\/jirgen-klop-o-muhamedu-salahu-veoma-je-lijepo-sto-ga-imamo-jer-je-musliman-i-sto-zivi-u-skladu-sa-tim-video\/#primaryimage\"},\"thumbnailUrl\":\"https:\/\/sandzakpress.net\/arhiva\/wp-content\/uploads\/2019\/05\/Screenshot-2019-05-15-at-02.01.26.jpg\",\"keywords\":[\"A\"],\"articleSection\":[\"Svijet\"],\"inLanguage\":\"bs-BA\",\"potentialAction\":[{\"@type\":\"CommentAction\",\"name\":\"Comment\",\"target\":[\"https:\/\/sandzakpress.net\/arhiva\/jirgen-klop-o-muhamedu-salahu-veoma-je-lijepo-sto-ga-imamo-jer-je-musliman-i-sto-zivi-u-skladu-sa-tim-video\/#respond\"]}]},{\"@type\":\"WebPage\",\"@id\":\"https:\/\/sandzakpress.net\/arhiva\/jirgen-klop-o-muhamedu-salahu-veoma-je-lijepo-sto-ga-imamo-jer-je-musliman-i-sto-zivi-u-skladu-sa-tim-video\/\",\"url\":\"https:\/\/sandzakpress.net\/arhiva\/jirgen-klop-o-muhamedu-salahu-veoma-je-lijepo-sto-ga-imamo-jer-je-musliman-i-sto-zivi-u-skladu-sa-tim-video\/\",\"name\":\"Jirgen Klop o Muhamedu Salahu: Veoma je lijepo \u0161to ga imamo, jer je musliman i \u0161to \u017eivi u skladu sa tim \/VIDEO\/\",\"isPartOf\":{\"@id\":\"https:\/\/sandzakpress.net\/arhiva\/#website\"},\"primaryImageOfPage\":{\"@id\":\"https:\/\/sandzakpress.net\/arhiva\/jirgen-klop-o-muhamedu-salahu-veoma-je-lijepo-sto-ga-imamo-jer-je-musliman-i-sto-zivi-u-skladu-sa-tim-video\/#primaryimage\"},\"image\":{\"@id\":\"https:\/\/sandzakpress.net\/arhiva\/jirgen-klop-o-muhamedu-salahu-veoma-je-lijepo-sto-ga-imamo-jer-je-musliman-i-sto-zivi-u-skladu-sa-tim-video\/#primaryimage\"},\"thumbnailUrl\":\"https:\/\/sandzakpress.net\/arhiva\/wp-content\/uploads\/2019\/05\/Screenshot-2019-05-15-at-02.01.26.jpg\",\"datePublished\":\"2019-05-15T09:53:27+00:00\",\"breadcrumb\":{\"@id\":\"https:\/\/sandzakpress.net\/arhiva\/jirgen-klop-o-muhamedu-salahu-veoma-je-lijepo-sto-ga-imamo-jer-je-musliman-i-sto-zivi-u-skladu-sa-tim-video\/#breadcrumb\"},\"inLanguage\":\"bs-BA\",\"potentialAction\":[{\"@type\":\"ReadAction\",\"target\":[\"https:\/\/sandzakpress.net\/arhiva\/jirgen-klop-o-muhamedu-salahu-veoma-je-lijepo-sto-ga-imamo-jer-je-musliman-i-sto-zivi-u-skladu-sa-tim-video\/\"]}]},{\"@type\":\"ImageObject\",\"inLanguage\":\"bs-BA\",\"@id\":\"https:\/\/sandzakpress.net\/arhiva\/jirgen-klop-o-muhamedu-salahu-veoma-je-lijepo-sto-ga-imamo-jer-je-musliman-i-sto-zivi-u-skladu-sa-tim-video\/#primaryimage\",\"url\":\"https:\/\/sandzakpress.net\/arhiva\/wp-content\/uploads\/2019\/05\/Screenshot-2019-05-15-at-02.01.26.jpg\",\"contentUrl\":\"https:\/\/sandzakpress.net\/arhiva\/wp-content\/uploads\/2019\/05\/Screenshot-2019-05-15-at-02.01.26.jpg\",\"width\":856,\"height\":596},{\"@type\":\"BreadcrumbList\",\"@id\":\"https:\/\/sandzakpress.net\/arhiva\/jirgen-klop-o-muhamedu-salahu-veoma-je-lijepo-sto-ga-imamo-jer-je-musliman-i-sto-zivi-u-skladu-sa-tim-video\/#breadcrumb\",\"itemListElement\":[{\"@type\":\"ListItem\",\"position\":1,\"name\":\"Home\",\"item\":\"https:\/\/sandzakpress.net\/arhiva\/\"},{\"@type\":\"ListItem\",\"position\":2,\"name\":\"Jirgen Klop o Muhamedu Salahu: Veoma je lijepo \u0161to ga imamo, jer je musliman i \u0161to \u017eivi u skladu sa tim \/VIDEO\/\"}]},{\"@type\":\"WebSite\",\"@id\":\"https:\/\/sandzakpress.net\/arhiva\/#website\",\"url\":\"https:\/\/sandzakpress.net\/arhiva\/\",\"name\":\"Sand\u017eak PRESS\",\"description\":\"Prve elektronske novine u Sand\u017eaku\",\"publisher\":{\"@id\":\"https:\/\/sandzakpress.net\/arhiva\/#\/schema\/person\/6e72b67d6e51910a1117b3b483ba20bd\"},\"potentialAction\":[{\"@type\":\"SearchAction\",\"target\":{\"@type\":\"EntryPoint\",\"urlTemplate\":\"https:\/\/sandzakpress.net\/arhiva\/?s={search_term_string}\"},\"query-input\":{\"@type\":\"PropertyValueSpecification\",\"valueRequired\":true,\"valueName\":\"search_term_string\"}}],\"inLanguage\":\"bs-BA\"},{\"@type\":[\"Person\",\"Organization\"],\"@id\":\"https:\/\/sandzakpress.net\/arhiva\/#\/schema\/person\/6e72b67d6e51910a1117b3b483ba20bd\",\"name\":\"Kul\",\"image\":{\"@type\":\"ImageObject\",\"inLanguage\":\"bs-BA\",\"@id\":\"https:\/\/sandzakpress.net\/arhiva\/#\/schema\/person\/image\/\",\"url\":\"https:\/\/secure.gravatar.com\/avatar\/42263f39aa27ac04c43cab85c280eb2e?s=96&d=mm&r=pg\",\"contentUrl\":\"https:\/\/secure.gravatar.com\/avatar\/42263f39aa27ac04c43cab85c280eb2e?s=96&d=mm&r=pg\",\"caption\":\"Kul\"},\"logo\":{\"@id\":\"https:\/\/sandzakpress.net\/arhiva\/#\/schema\/person\/image\/\"}},{\"@type\":\"Person\",\"@id\":\"https:\/\/sandzakpress.net\/arhiva\/#\/schema\/person\/c8baee722073534b583ea7bdb2e36c02\",\"name\":\"bosniak\",\"image\":{\"@type\":\"ImageObject\",\"inLanguage\":\"bs-BA\",\"@id\":\"https:\/\/sandzakpress.net\/arhiva\/#\/schema\/person\/image\/\",\"url\":\"https:\/\/secure.gravatar.com\/avatar\/a04fd330bfe3a36a72a0ad4a6d89fca7?s=96&d=mm&r=pg\",\"contentUrl\":\"https:\/\/secure.gravatar.com\/avatar\/a04fd330bfe3a36a72a0ad4a6d89fca7?s=96&d=mm&r=pg\",\"caption\":\"bosniak\"},\"url\":\"https:\/\/sandzakpress.net\/arhiva\/author\/bosniak\/\"}]}<\/script>\n<!-- \/ Yoast SEO Premium plugin. -->","yoast_head_json":{"title":"Jirgen Klop o Muhamedu Salahu: Veoma je lijepo \u0161to ga imamo, jer je musliman i \u0161to \u017eivi u skladu sa tim \/VIDEO\/","robots":{"index":"index","follow":"follow","max-snippet":"max-snippet:-1","max-image-preview":"max-image-preview:large","max-video-preview":"max-video-preview:-1"},"canonical":"https:\/\/sandzakpress.net\/arhiva\/jirgen-klop-o-muhamedu-salahu-veoma-je-lijepo-sto-ga-imamo-jer-je-musliman-i-sto-zivi-u-skladu-sa-tim-video\/","og_locale":"bs_BA","og_type":"article","og_title":"Jirgen Klop o Muhamedu Salahu: Veoma je lijepo \u0161to ga imamo, jer je musliman i \u0161to \u017eivi u skladu sa tim \/VIDEO\/","og_description":"Ameri\u010dki magazin \u201cTime\u201d objavio je listu najutjecajnijih osoba u 2019. godini. Me\u0111u \u0161estero poznatih i najutjecajnijih ljudi je i Muhamed Salah. Pogledajte kako su reagirali na tu vijest trener Liverpula Jirgen Klop i poznati voditelj John Oliver. John Oliver, popularni voditelj o Muhamedu Salahu \u201cMo Salah je bolji \u010dovjek nego nogometa\u0161, a jedan je od [&hellip;]","og_url":"https:\/\/sandzakpress.net\/arhiva\/jirgen-klop-o-muhamedu-salahu-veoma-je-lijepo-sto-ga-imamo-jer-je-musliman-i-sto-zivi-u-skladu-sa-tim-video\/","og_site_name":"Sand\u017eak PRESS","article_published_time":"2019-05-15T09:53:27+00:00","og_image":[{"width":856,"height":596,"url":"https:\/\/sandzakpress.net\/arhiva\/wp-content\/uploads\/2019\/05\/Screenshot-2019-05-15-at-02.01.26.jpg","type":"image\/jpeg"}],"author":"bosniak","twitter_card":"summary_large_image","twitter_misc":{"Written by":"bosniak","Est. reading time":"1 minuta"},"schema":{"@context":"https:\/\/schema.org","@graph":[{"@type":"Article","@id":"https:\/\/sandzakpress.net\/arhiva\/jirgen-klop-o-muhamedu-salahu-veoma-je-lijepo-sto-ga-imamo-jer-je-musliman-i-sto-zivi-u-skladu-sa-tim-video\/#article","isPartOf":{"@id":"https:\/\/sandzakpress.net\/arhiva\/jirgen-klop-o-muhamedu-salahu-veoma-je-lijepo-sto-ga-imamo-jer-je-musliman-i-sto-zivi-u-skladu-sa-tim-video\/"},"author":{"name":"bosniak","@id":"https:\/\/sandzakpress.net\/arhiva\/#\/schema\/person\/c8baee722073534b583ea7bdb2e36c02"},"headline":"Jirgen Klop o Muhamedu Salahu: Veoma je lijepo \u0161to ga imamo, jer je musliman i \u0161to \u017eivi u skladu sa tim \/VIDEO\/","datePublished":"2019-05-15T09:53:27+00:00","mainEntityOfPage":{"@id":"https:\/\/sandzakpress.net\/arhiva\/jirgen-klop-o-muhamedu-salahu-veoma-je-lijepo-sto-ga-imamo-jer-je-musliman-i-sto-zivi-u-skladu-sa-tim-video\/"},"wordCount":209,"commentCount":0,"publisher":{"@id":"https:\/\/sandzakpress.net\/arhiva\/#\/schema\/person\/6e72b67d6e51910a1117b3b483ba20bd"},"image":{"@id":"https:\/\/sandzakpress.net\/arhiva\/jirgen-klop-o-muhamedu-salahu-veoma-je-lijepo-sto-ga-imamo-jer-je-musliman-i-sto-zivi-u-skladu-sa-tim-video\/#primaryimage"},"thumbnailUrl":"https:\/\/sandzakpress.net\/arhiva\/wp-content\/uploads\/2019\/05\/Screenshot-2019-05-15-at-02.01.26.jpg","keywords":["A"],"articleSection":["Svijet"],"inLanguage":"bs-BA","potentialAction":[{"@type":"CommentAction","name":"Comment","target":["https:\/\/sandzakpress.net\/arhiva\/jirgen-klop-o-muhamedu-salahu-veoma-je-lijepo-sto-ga-imamo-jer-je-musliman-i-sto-zivi-u-skladu-sa-tim-video\/#respond"]}]},{"@type":"WebPage","@id":"https:\/\/sandzakpress.net\/arhiva\/jirgen-klop-o-muhamedu-salahu-veoma-je-lijepo-sto-ga-imamo-jer-je-musliman-i-sto-zivi-u-skladu-sa-tim-video\/","url":"https:\/\/sandzakpress.net\/arhiva\/jirgen-klop-o-muhamedu-salahu-veoma-je-lijepo-sto-ga-imamo-jer-je-musliman-i-sto-zivi-u-skladu-sa-tim-video\/","name":"Jirgen Klop o Muhamedu Salahu: Veoma je lijepo \u0161to ga imamo, jer je musliman i \u0161to \u017eivi u skladu sa tim \/VIDEO\/","isPartOf":{"@id":"https:\/\/sandzakpress.net\/arhiva\/#website"},"primaryImageOfPage":{"@id":"https:\/\/sandzakpress.net\/arhiva\/jirgen-klop-o-muhamedu-salahu-veoma-je-lijepo-sto-ga-imamo-jer-je-musliman-i-sto-zivi-u-skladu-sa-tim-video\/#primaryimage"},"image":{"@id":"https:\/\/sandzakpress.net\/arhiva\/jirgen-klop-o-muhamedu-salahu-veoma-je-lijepo-sto-ga-imamo-jer-je-musliman-i-sto-zivi-u-skladu-sa-tim-video\/#primaryimage"},"thumbnailUrl":"https:\/\/sandzakpress.net\/arhiva\/wp-content\/uploads\/2019\/05\/Screenshot-2019-05-15-at-02.01.26.jpg","datePublished":"2019-05-15T09:53:27+00:00","breadcrumb":{"@id":"https:\/\/sandzakpress.net\/arhiva\/jirgen-klop-o-muhamedu-salahu-veoma-je-lijepo-sto-ga-imamo-jer-je-musliman-i-sto-zivi-u-skladu-sa-tim-video\/#breadcrumb"},"inLanguage":"bs-BA","potentialAction":[{"@type":"ReadAction","target":["https:\/\/sandzakpress.net\/arhiva\/jirgen-klop-o-muhamedu-salahu-veoma-je-lijepo-sto-ga-imamo-jer-je-musliman-i-sto-zivi-u-skladu-sa-tim-video\/"]}]},{"@type":"ImageObject","inLanguage":"bs-BA","@id":"https:\/\/sandzakpress.net\/arhiva\/jirgen-klop-o-muhamedu-salahu-veoma-je-lijepo-sto-ga-imamo-jer-je-musliman-i-sto-zivi-u-skladu-sa-tim-video\/#primaryimage","url":"https:\/\/sandzakpress.net\/arhiva\/wp-content\/uploads\/2019\/05\/Screenshot-2019-05-15-at-02.01.26.jpg","contentUrl":"https:\/\/sandzakpress.net\/arhiva\/wp-content\/uploads\/2019\/05\/Screenshot-2019-05-15-at-02.01.26.jpg","width":856,"height":596},{"@type":"BreadcrumbList","@id":"https:\/\/sandzakpress.net\/arhiva\/jirgen-klop-o-muhamedu-salahu-veoma-je-lijepo-sto-ga-imamo-jer-je-musliman-i-sto-zivi-u-skladu-sa-tim-video\/#breadcrumb","itemListElement":[{"@type":"ListItem","position":1,"name":"Home","item":"https:\/\/sandzakpress.net\/arhiva\/"},{"@type":"ListItem","position":2,"name":"Jirgen Klop o Muhamedu Salahu: Veoma je lijepo \u0161to ga imamo, jer je musliman i \u0161to \u017eivi u skladu sa tim \/VIDEO\/"}]},{"@type":"WebSite","@id":"https:\/\/sandzakpress.net\/arhiva\/#website","url":"https:\/\/sandzakpress.net\/arhiva\/","name":"Sand\u017eak PRESS","description":"Prve elektronske novine u Sand\u017eaku","publisher":{"@id":"https:\/\/sandzakpress.net\/arhiva\/#\/schema\/person\/6e72b67d6e51910a1117b3b483ba20bd"},"potentialAction":[{"@type":"SearchAction","target":{"@type":"EntryPoint","urlTemplate":"https:\/\/sandzakpress.net\/arhiva\/?s={search_term_string}"},"query-input":{"@type":"PropertyValueSpecification","valueRequired":true,"valueName":"search_term_string"}}],"inLanguage":"bs-BA"},{"@type":["Person","Organization"],"@id":"https:\/\/sandzakpress.net\/arhiva\/#\/schema\/person\/6e72b67d6e51910a1117b3b483ba20bd","name":"Kul","image":{"@type":"ImageObject","inLanguage":"bs-BA","@id":"https:\/\/sandzakpress.net\/arhiva\/#\/schema\/person\/image\/","url":"https:\/\/secure.gravatar.com\/avatar\/42263f39aa27ac04c43cab85c280eb2e?s=96&d=mm&r=pg","contentUrl":"https:\/\/secure.gravatar.com\/avatar\/42263f39aa27ac04c43cab85c280eb2e?s=96&d=mm&r=pg","caption":"Kul"},"logo":{"@id":"https:\/\/sandzakpress.net\/arhiva\/#\/schema\/person\/image\/"}},{"@type":"Person","@id":"https:\/\/sandzakpress.net\/arhiva\/#\/schema\/person\/c8baee722073534b583ea7bdb2e36c02","name":"bosniak","image":{"@type":"ImageObject","inLanguage":"bs-BA","@id":"https:\/\/sandzakpress.net\/arhiva\/#\/schema\/person\/image\/","url":"https:\/\/secure.gravatar.com\/avatar\/a04fd330bfe3a36a72a0ad4a6d89fca7?s=96&d=mm&r=pg","contentUrl":"https:\/\/secure.gravatar.com\/avatar\/a04fd330bfe3a36a72a0ad4a6d89fca7?s=96&d=mm&r=pg","caption":"bosniak"},"url":"https:\/\/sandzakpress.net\/arhiva\/author\/bosniak\/"}]}},"_links":{"self":[{"href":"https:\/\/sandzakpress.net\/arhiva\/wp-json\/wp\/v2\/posts\/223308"}],"collection":[{"href":"https:\/\/sandzakpress.net\/arhiva\/wp-json\/wp\/v2\/posts"}],"about":[{"href":"https:\/\/sandzakpress.net\/arhiva\/wp-json\/wp\/v2\/types\/post"}],"author":[{"embeddable":true,"href":"https:\/\/sandzakpress.net\/arhiva\/wp-json\/wp\/v2\/users\/83"}],"replies":[{"embeddable":true,"href":"https:\/\/sandzakpress.net\/arhiva\/wp-json\/wp\/v2\/comments?post=223308"}],"version-history":[{"count":0,"href":"https:\/\/sandzakpress.net\/arhiva\/wp-json\/wp\/v2\/posts\/223308\/revisions"}],"wp:featuredmedia":[{"embeddable":true,"href":"https:\/\/sandzakpress.net\/arhiva\/wp-json\/wp\/v2\/media\/223309"}],"wp:attachment":[{"href":"https:\/\/sandzakpress.net\/arhiva\/wp-json\/wp\/v2\/media?parent=223308"}],"wp:term":[{"taxonomy":"category","embeddable":true,"href":"https:\/\/sandzakpress.net\/arhiva\/wp-json\/wp\/v2\/categories?post=223308"},{"taxonomy":"post_tag","embeddable":true,"href":"https:\/\/sandzakpress.net\/arhiva\/wp-json\/wp\/v2\/tags?post=223308"}],"curies":[{"name":"wp","href":"https:\/\/api.w.org\/{rel}","templated":true}]}}