{"id":223305,"date":"2019-05-15T11:56:05","date_gmt":"2019-05-15T09:56:05","guid":{"rendered":"https:\/\/sandzakpress.net\/arhiva\/kako-muslimani-na-novom-zelandu-provode-prvi-ramazan-nakon-pokolja-u-dvije-dzamije"},"modified":"2019-05-15T11:56:05","modified_gmt":"2019-05-15T09:56:05","slug":"kako-muslimani-na-novom-zelandu-provode-prvi-ramazan-nakon-pokolja-u-dvije-dzamije","status":"publish","type":"post","link":"https:\/\/sandzakpress.net\/arhiva\/kako-muslimani-na-novom-zelandu-provode-prvi-ramazan-nakon-pokolja-u-dvije-dzamije\/","title":{"rendered":"Kako muslimani na Novom zelandu provode prvi ramazan nakon pokolja u dvije d\u017eamije"},"content":{"rendered":"<p><span class=\"cb-itemprop\"><\/p>\n<p><img decoding=\"async\" src=\"http:\/\/saff.ba\/wp-content\/uploads\/2019\/05\/Screenshot-2019-05-14-at-11.24.30.jpg\" \/><\/p>\n<p class=\"p1\"><strong>Materijalni tragovi zlo\u010dina koji se desio 15. marta u d\u017eamiji Nur, u novozelandskom gradu Christchurch, u kojem je ubijena 51 osoba, uklonjeni su. Zidovi su svje\u017ee prefarbani, postavljene nove sed\u017eade, tragovi krvi i rupa od metaka su uklonjeni. No, ostale su psihi\u010dke rane. \u201eNe mo\u017eemo se pretvarati da \u0107e ramazan ove godine biti kao ranije\u201c, izjavio je glasnogovornik d\u017eamije.<\/strong><\/p>\n<p class=\"p2\"><strong>Namaz pod policijskom za\u0161titom<\/strong><\/p>\n<p class=\"p1\">D\u017eematlije koje su pre\u017eivjele napad vra\u0107aju se u d\u017eamiju Nur. Neki od njih sa \u0161takama, neki sa gipsom na ruci, neki u kolicima.<\/p>\n<p class=\"p1\">Osje\u0107aj gubitka sigurnosti doveo je do toga da Savez islamskih udru\u017eenja Novog Zelanda odustane od organiziranja planiranih javnih aktivnosti i skupova.<\/p>\n<p class=\"p1\">Muslimani u Novom zelandu \u010dine svega 1% od ukupno 4,8 miliona stanovnika i imaju 60 d\u017eamija i islamskih centara, a novozelandska policija je odlu\u010dila da im tokom ramazana pru\u017ei poja\u010danu za\u0161titu.<\/p>\n<p class=\"p2\"><strong>Sigurnosne kamere<\/strong><\/p>\n<p class=\"p1\">Nakon teroristi\u010dkog napada na dvije novozelandske d\u017eamije, muslimanska zajednica planira postavljanje novih sigurnosnih sistema na vjerske objekte. Ovim projektom rukovodi Abdullatif Smith, biv\u0161i major novozelandske vojske. U saradnji sa policijom i grupom dobrovoljaca on je sa\u010dinio sigurnosnu procjenu 40 mjesta. No, ovaj projekat nije nimalo jeftin, a njegovo provo\u0111enje u djelo ote\u017eava \u010dinjenica da se islamski centar finansira isklju\u010divo iz dobrovoljnih priloga.<\/p>\n<p class=\"p1\">Ukoliko sve bude i\u0161lo po planu, novi sigurnosni sistemi bit \u0107e u funkciji krajem ramazana. To ne samo da \u0107e pove\u0107ati sigurnosni nadzor d\u017eamija i islamskih centara, nego \u0107e utjecati na to da se muslimanska zajdnica psiholo\u0161ki pripremi za smanjenje policijskog prisustva u budu\u0107nosti<span class=\"s1\">.<\/span><\/p>\n<p class=\"p3\">Imam d\u017eamije u Christchurchu, D\u017eemal Fuda, rekao je: \u201eZa mnoge ljude je ono \u0161to se desilo, ne\u0161to \u0161to ne\u0107emo nikad zaboraviti. Ali, isto tako, ne\u0107emo promijeniti svoj na\u010din \u017eivota u bilo \u010demu. To nas ne\u0107e odvratiti od toga da u ovom mjesecu izvr\u0161avamo ibadete, kako smo navikli i radili do sada.\u201c<\/p>\n<p class=\"p4\"><strong>Pove\u0107ano interesovanje za islam<\/strong><\/p>\n<p class=\"p3\">Jedna od pozitivnih stvari velike tragedije i zlo\u010dina nad novozelandskim muslimanima je i pove\u0107ano interesovanje Novozelan\u0111ana za islam. Predsjednik Saveza islamskih udru\u017eenja N. Zelanda, dr. Enver Gani, izjavio je da o\u010dekuje kako \u0107e ove godine broj posjetilaca d\u017eamija tokom ramazana biti ve\u0107i nego ranije, jer je primjetno pove\u0107ano interesovanje za islam, kao i posjete novozelandskim d\u017eamijama i islamskim centrima od strane Novozelan\u0107ana, ali i stranca koji dolaze sa svih strana svijeta.<\/p>\n<p class=\"p3\">Izvor: www.sasapost.com<\/p>\n<p><\/span><br \/>\nPogledajte vijest na izvornom sajtu:<\/p>\n<p><a href=\"https:\/\/islampress.net\/45184\/kako-muslimani-na-novom-zelandu-provode-prvi-ramazan-nakon-pokolja-u-dvije-dzamije\/\" target=\"_blank\">Kako muslimani na Novom zelandu provode prvi ramazan nakon pokolja u dvije d\u017eamije<\/a><\/p>\n","protected":false},"excerpt":{"rendered":"<p>Materijalni tragovi zlo\u010dina koji se desio 15. marta u d\u017eamiji Nur, u novozelandskom gradu Christchurch, u kojem je ubijena 51 osoba, uklonjeni su. Zidovi su svje\u017ee prefarbani, postavljene nove sed\u017eade, tragovi krvi i rupa od metaka su uklonjeni. No, ostale su psihi\u010dke rane. \u201eNe mo\u017eemo se pretvarati da \u0107e ramazan ove godine biti kao ranije\u201c, [&hellip;]<\/p>\n","protected":false},"author":83,"featured_media":223306,"comment_status":"open","ping_status":"open","sticky":false,"template":"","format":"standard","meta":{"footnotes":""},"categories":[9],"tags":[10499],"class_list":{"0":"post-223305","1":"post","2":"type-post","3":"status-publish","4":"format-standard","5":"has-post-thumbnail","7":"category-svijet","8":"tag-a"},"yoast_head":"<!-- This site is optimized with the Yoast SEO Premium plugin v23.1 (Yoast SEO v24.9) - https:\/\/yoast.com\/wordpress\/plugins\/seo\/ -->\n<title>Kako muslimani na Novom zelandu provode prvi ramazan nakon pokolja u dvije d\u017eamije<\/title>\n<meta name=\"robots\" content=\"index, follow, max-snippet:-1, max-image-preview:large, max-video-preview:-1\" \/>\n<link rel=\"canonical\" href=\"https:\/\/sandzakpress.net\/arhiva\/kako-muslimani-na-novom-zelandu-provode-prvi-ramazan-nakon-pokolja-u-dvije-dzamije\/\" \/>\n<meta property=\"og:locale\" content=\"bs_BA\" \/>\n<meta property=\"og:type\" content=\"article\" \/>\n<meta property=\"og:title\" content=\"Kako muslimani na Novom zelandu provode prvi ramazan nakon pokolja u dvije d\u017eamije\" \/>\n<meta property=\"og:description\" content=\"Materijalni tragovi zlo\u010dina koji se desio 15. marta u d\u017eamiji Nur, u novozelandskom gradu Christchurch, u kojem je ubijena 51 osoba, uklonjeni su. Zidovi su svje\u017ee prefarbani, postavljene nove sed\u017eade, tragovi krvi i rupa od metaka su uklonjeni. No, ostale su psihi\u010dke rane. \u201eNe mo\u017eemo se pretvarati da \u0107e ramazan ove godine biti kao ranije\u201c, [&hellip;]\" \/>\n<meta property=\"og:url\" content=\"https:\/\/sandzakpress.net\/arhiva\/kako-muslimani-na-novom-zelandu-provode-prvi-ramazan-nakon-pokolja-u-dvije-dzamije\/\" \/>\n<meta property=\"og:site_name\" content=\"Sand\u017eak PRESS\" \/>\n<meta property=\"article:published_time\" content=\"2019-05-15T09:56:05+00:00\" \/>\n<meta property=\"og:image\" content=\"https:\/\/sandzakpress.net\/arhiva\/wp-content\/uploads\/2019\/05\/Screenshot-2019-05-14-at-11.24.30.jpg\" \/>\n\t<meta property=\"og:image:width\" content=\"680\" \/>\n\t<meta property=\"og:image:height\" content=\"422\" \/>\n\t<meta property=\"og:image:type\" content=\"image\/jpeg\" \/>\n<meta name=\"author\" content=\"bosniak\" \/>\n<meta name=\"twitter:card\" content=\"summary_large_image\" \/>\n<meta name=\"twitter:label1\" content=\"Written by\" \/>\n\t<meta name=\"twitter:data1\" content=\"bosniak\" \/>\n\t<meta name=\"twitter:label2\" content=\"Est. reading time\" \/>\n\t<meta name=\"twitter:data2\" content=\"2 minute\" \/>\n<script type=\"application\/ld+json\" class=\"yoast-schema-graph\">{\"@context\":\"https:\/\/schema.org\",\"@graph\":[{\"@type\":\"Article\",\"@id\":\"https:\/\/sandzakpress.net\/arhiva\/kako-muslimani-na-novom-zelandu-provode-prvi-ramazan-nakon-pokolja-u-dvije-dzamije\/#article\",\"isPartOf\":{\"@id\":\"https:\/\/sandzakpress.net\/arhiva\/kako-muslimani-na-novom-zelandu-provode-prvi-ramazan-nakon-pokolja-u-dvije-dzamije\/\"},\"author\":{\"name\":\"bosniak\",\"@id\":\"https:\/\/sandzakpress.net\/arhiva\/#\/schema\/person\/c8baee722073534b583ea7bdb2e36c02\"},\"headline\":\"Kako muslimani na Novom zelandu provode prvi ramazan nakon pokolja u dvije d\u017eamije\",\"datePublished\":\"2019-05-15T09:56:05+00:00\",\"mainEntityOfPage\":{\"@id\":\"https:\/\/sandzakpress.net\/arhiva\/kako-muslimani-na-novom-zelandu-provode-prvi-ramazan-nakon-pokolja-u-dvije-dzamije\/\"},\"wordCount\":453,\"commentCount\":0,\"publisher\":{\"@id\":\"https:\/\/sandzakpress.net\/arhiva\/#\/schema\/person\/6e72b67d6e51910a1117b3b483ba20bd\"},\"image\":{\"@id\":\"https:\/\/sandzakpress.net\/arhiva\/kako-muslimani-na-novom-zelandu-provode-prvi-ramazan-nakon-pokolja-u-dvije-dzamije\/#primaryimage\"},\"thumbnailUrl\":\"https:\/\/sandzakpress.net\/arhiva\/wp-content\/uploads\/2019\/05\/Screenshot-2019-05-14-at-11.24.30.jpg\",\"keywords\":[\"A\"],\"articleSection\":[\"Svijet\"],\"inLanguage\":\"bs-BA\",\"potentialAction\":[{\"@type\":\"CommentAction\",\"name\":\"Comment\",\"target\":[\"https:\/\/sandzakpress.net\/arhiva\/kako-muslimani-na-novom-zelandu-provode-prvi-ramazan-nakon-pokolja-u-dvije-dzamije\/#respond\"]}]},{\"@type\":\"WebPage\",\"@id\":\"https:\/\/sandzakpress.net\/arhiva\/kako-muslimani-na-novom-zelandu-provode-prvi-ramazan-nakon-pokolja-u-dvije-dzamije\/\",\"url\":\"https:\/\/sandzakpress.net\/arhiva\/kako-muslimani-na-novom-zelandu-provode-prvi-ramazan-nakon-pokolja-u-dvije-dzamije\/\",\"name\":\"Kako muslimani na Novom zelandu provode prvi ramazan nakon pokolja u dvije d\u017eamije\",\"isPartOf\":{\"@id\":\"https:\/\/sandzakpress.net\/arhiva\/#website\"},\"primaryImageOfPage\":{\"@id\":\"https:\/\/sandzakpress.net\/arhiva\/kako-muslimani-na-novom-zelandu-provode-prvi-ramazan-nakon-pokolja-u-dvije-dzamije\/#primaryimage\"},\"image\":{\"@id\":\"https:\/\/sandzakpress.net\/arhiva\/kako-muslimani-na-novom-zelandu-provode-prvi-ramazan-nakon-pokolja-u-dvije-dzamije\/#primaryimage\"},\"thumbnailUrl\":\"https:\/\/sandzakpress.net\/arhiva\/wp-content\/uploads\/2019\/05\/Screenshot-2019-05-14-at-11.24.30.jpg\",\"datePublished\":\"2019-05-15T09:56:05+00:00\",\"breadcrumb\":{\"@id\":\"https:\/\/sandzakpress.net\/arhiva\/kako-muslimani-na-novom-zelandu-provode-prvi-ramazan-nakon-pokolja-u-dvije-dzamije\/#breadcrumb\"},\"inLanguage\":\"bs-BA\",\"potentialAction\":[{\"@type\":\"ReadAction\",\"target\":[\"https:\/\/sandzakpress.net\/arhiva\/kako-muslimani-na-novom-zelandu-provode-prvi-ramazan-nakon-pokolja-u-dvije-dzamije\/\"]}]},{\"@type\":\"ImageObject\",\"inLanguage\":\"bs-BA\",\"@id\":\"https:\/\/sandzakpress.net\/arhiva\/kako-muslimani-na-novom-zelandu-provode-prvi-ramazan-nakon-pokolja-u-dvije-dzamije\/#primaryimage\",\"url\":\"https:\/\/sandzakpress.net\/arhiva\/wp-content\/uploads\/2019\/05\/Screenshot-2019-05-14-at-11.24.30.jpg\",\"contentUrl\":\"https:\/\/sandzakpress.net\/arhiva\/wp-content\/uploads\/2019\/05\/Screenshot-2019-05-14-at-11.24.30.jpg\",\"width\":680,\"height\":422},{\"@type\":\"BreadcrumbList\",\"@id\":\"https:\/\/sandzakpress.net\/arhiva\/kako-muslimani-na-novom-zelandu-provode-prvi-ramazan-nakon-pokolja-u-dvije-dzamije\/#breadcrumb\",\"itemListElement\":[{\"@type\":\"ListItem\",\"position\":1,\"name\":\"Home\",\"item\":\"https:\/\/sandzakpress.net\/arhiva\/\"},{\"@type\":\"ListItem\",\"position\":2,\"name\":\"Kako muslimani na Novom zelandu provode prvi ramazan nakon pokolja u dvije d\u017eamije\"}]},{\"@type\":\"WebSite\",\"@id\":\"https:\/\/sandzakpress.net\/arhiva\/#website\",\"url\":\"https:\/\/sandzakpress.net\/arhiva\/\",\"name\":\"Sand\u017eak PRESS\",\"description\":\"Prve elektronske novine u Sand\u017eaku\",\"publisher\":{\"@id\":\"https:\/\/sandzakpress.net\/arhiva\/#\/schema\/person\/6e72b67d6e51910a1117b3b483ba20bd\"},\"potentialAction\":[{\"@type\":\"SearchAction\",\"target\":{\"@type\":\"EntryPoint\",\"urlTemplate\":\"https:\/\/sandzakpress.net\/arhiva\/?s={search_term_string}\"},\"query-input\":{\"@type\":\"PropertyValueSpecification\",\"valueRequired\":true,\"valueName\":\"search_term_string\"}}],\"inLanguage\":\"bs-BA\"},{\"@type\":[\"Person\",\"Organization\"],\"@id\":\"https:\/\/sandzakpress.net\/arhiva\/#\/schema\/person\/6e72b67d6e51910a1117b3b483ba20bd\",\"name\":\"Kul\",\"image\":{\"@type\":\"ImageObject\",\"inLanguage\":\"bs-BA\",\"@id\":\"https:\/\/sandzakpress.net\/arhiva\/#\/schema\/person\/image\/\",\"url\":\"https:\/\/secure.gravatar.com\/avatar\/42263f39aa27ac04c43cab85c280eb2e?s=96&d=mm&r=pg\",\"contentUrl\":\"https:\/\/secure.gravatar.com\/avatar\/42263f39aa27ac04c43cab85c280eb2e?s=96&d=mm&r=pg\",\"caption\":\"Kul\"},\"logo\":{\"@id\":\"https:\/\/sandzakpress.net\/arhiva\/#\/schema\/person\/image\/\"}},{\"@type\":\"Person\",\"@id\":\"https:\/\/sandzakpress.net\/arhiva\/#\/schema\/person\/c8baee722073534b583ea7bdb2e36c02\",\"name\":\"bosniak\",\"image\":{\"@type\":\"ImageObject\",\"inLanguage\":\"bs-BA\",\"@id\":\"https:\/\/sandzakpress.net\/arhiva\/#\/schema\/person\/image\/\",\"url\":\"https:\/\/secure.gravatar.com\/avatar\/a04fd330bfe3a36a72a0ad4a6d89fca7?s=96&d=mm&r=pg\",\"contentUrl\":\"https:\/\/secure.gravatar.com\/avatar\/a04fd330bfe3a36a72a0ad4a6d89fca7?s=96&d=mm&r=pg\",\"caption\":\"bosniak\"},\"url\":\"https:\/\/sandzakpress.net\/arhiva\/author\/bosniak\/\"}]}<\/script>\n<!-- \/ Yoast SEO Premium plugin. -->","yoast_head_json":{"title":"Kako muslimani na Novom zelandu provode prvi ramazan nakon pokolja u dvije d\u017eamije","robots":{"index":"index","follow":"follow","max-snippet":"max-snippet:-1","max-image-preview":"max-image-preview:large","max-video-preview":"max-video-preview:-1"},"canonical":"https:\/\/sandzakpress.net\/arhiva\/kako-muslimani-na-novom-zelandu-provode-prvi-ramazan-nakon-pokolja-u-dvije-dzamije\/","og_locale":"bs_BA","og_type":"article","og_title":"Kako muslimani na Novom zelandu provode prvi ramazan nakon pokolja u dvije d\u017eamije","og_description":"Materijalni tragovi zlo\u010dina koji se desio 15. marta u d\u017eamiji Nur, u novozelandskom gradu Christchurch, u kojem je ubijena 51 osoba, uklonjeni su. Zidovi su svje\u017ee prefarbani, postavljene nove sed\u017eade, tragovi krvi i rupa od metaka su uklonjeni. No, ostale su psihi\u010dke rane. \u201eNe mo\u017eemo se pretvarati da \u0107e ramazan ove godine biti kao ranije\u201c, [&hellip;]","og_url":"https:\/\/sandzakpress.net\/arhiva\/kako-muslimani-na-novom-zelandu-provode-prvi-ramazan-nakon-pokolja-u-dvije-dzamije\/","og_site_name":"Sand\u017eak PRESS","article_published_time":"2019-05-15T09:56:05+00:00","og_image":[{"width":680,"height":422,"url":"https:\/\/sandzakpress.net\/arhiva\/wp-content\/uploads\/2019\/05\/Screenshot-2019-05-14-at-11.24.30.jpg","type":"image\/jpeg"}],"author":"bosniak","twitter_card":"summary_large_image","twitter_misc":{"Written by":"bosniak","Est. reading time":"2 minute"},"schema":{"@context":"https:\/\/schema.org","@graph":[{"@type":"Article","@id":"https:\/\/sandzakpress.net\/arhiva\/kako-muslimani-na-novom-zelandu-provode-prvi-ramazan-nakon-pokolja-u-dvije-dzamije\/#article","isPartOf":{"@id":"https:\/\/sandzakpress.net\/arhiva\/kako-muslimani-na-novom-zelandu-provode-prvi-ramazan-nakon-pokolja-u-dvije-dzamije\/"},"author":{"name":"bosniak","@id":"https:\/\/sandzakpress.net\/arhiva\/#\/schema\/person\/c8baee722073534b583ea7bdb2e36c02"},"headline":"Kako muslimani na Novom zelandu provode prvi ramazan nakon pokolja u dvije d\u017eamije","datePublished":"2019-05-15T09:56:05+00:00","mainEntityOfPage":{"@id":"https:\/\/sandzakpress.net\/arhiva\/kako-muslimani-na-novom-zelandu-provode-prvi-ramazan-nakon-pokolja-u-dvije-dzamije\/"},"wordCount":453,"commentCount":0,"publisher":{"@id":"https:\/\/sandzakpress.net\/arhiva\/#\/schema\/person\/6e72b67d6e51910a1117b3b483ba20bd"},"image":{"@id":"https:\/\/sandzakpress.net\/arhiva\/kako-muslimani-na-novom-zelandu-provode-prvi-ramazan-nakon-pokolja-u-dvije-dzamije\/#primaryimage"},"thumbnailUrl":"https:\/\/sandzakpress.net\/arhiva\/wp-content\/uploads\/2019\/05\/Screenshot-2019-05-14-at-11.24.30.jpg","keywords":["A"],"articleSection":["Svijet"],"inLanguage":"bs-BA","potentialAction":[{"@type":"CommentAction","name":"Comment","target":["https:\/\/sandzakpress.net\/arhiva\/kako-muslimani-na-novom-zelandu-provode-prvi-ramazan-nakon-pokolja-u-dvije-dzamije\/#respond"]}]},{"@type":"WebPage","@id":"https:\/\/sandzakpress.net\/arhiva\/kako-muslimani-na-novom-zelandu-provode-prvi-ramazan-nakon-pokolja-u-dvije-dzamije\/","url":"https:\/\/sandzakpress.net\/arhiva\/kako-muslimani-na-novom-zelandu-provode-prvi-ramazan-nakon-pokolja-u-dvije-dzamije\/","name":"Kako muslimani na Novom zelandu provode prvi ramazan nakon pokolja u dvije d\u017eamije","isPartOf":{"@id":"https:\/\/sandzakpress.net\/arhiva\/#website"},"primaryImageOfPage":{"@id":"https:\/\/sandzakpress.net\/arhiva\/kako-muslimani-na-novom-zelandu-provode-prvi-ramazan-nakon-pokolja-u-dvije-dzamije\/#primaryimage"},"image":{"@id":"https:\/\/sandzakpress.net\/arhiva\/kako-muslimani-na-novom-zelandu-provode-prvi-ramazan-nakon-pokolja-u-dvije-dzamije\/#primaryimage"},"thumbnailUrl":"https:\/\/sandzakpress.net\/arhiva\/wp-content\/uploads\/2019\/05\/Screenshot-2019-05-14-at-11.24.30.jpg","datePublished":"2019-05-15T09:56:05+00:00","breadcrumb":{"@id":"https:\/\/sandzakpress.net\/arhiva\/kako-muslimani-na-novom-zelandu-provode-prvi-ramazan-nakon-pokolja-u-dvije-dzamije\/#breadcrumb"},"inLanguage":"bs-BA","potentialAction":[{"@type":"ReadAction","target":["https:\/\/sandzakpress.net\/arhiva\/kako-muslimani-na-novom-zelandu-provode-prvi-ramazan-nakon-pokolja-u-dvije-dzamije\/"]}]},{"@type":"ImageObject","inLanguage":"bs-BA","@id":"https:\/\/sandzakpress.net\/arhiva\/kako-muslimani-na-novom-zelandu-provode-prvi-ramazan-nakon-pokolja-u-dvije-dzamije\/#primaryimage","url":"https:\/\/sandzakpress.net\/arhiva\/wp-content\/uploads\/2019\/05\/Screenshot-2019-05-14-at-11.24.30.jpg","contentUrl":"https:\/\/sandzakpress.net\/arhiva\/wp-content\/uploads\/2019\/05\/Screenshot-2019-05-14-at-11.24.30.jpg","width":680,"height":422},{"@type":"BreadcrumbList","@id":"https:\/\/sandzakpress.net\/arhiva\/kako-muslimani-na-novom-zelandu-provode-prvi-ramazan-nakon-pokolja-u-dvije-dzamije\/#breadcrumb","itemListElement":[{"@type":"ListItem","position":1,"name":"Home","item":"https:\/\/sandzakpress.net\/arhiva\/"},{"@type":"ListItem","position":2,"name":"Kako muslimani na Novom zelandu provode prvi ramazan nakon pokolja u dvije d\u017eamije"}]},{"@type":"WebSite","@id":"https:\/\/sandzakpress.net\/arhiva\/#website","url":"https:\/\/sandzakpress.net\/arhiva\/","name":"Sand\u017eak PRESS","description":"Prve elektronske novine u Sand\u017eaku","publisher":{"@id":"https:\/\/sandzakpress.net\/arhiva\/#\/schema\/person\/6e72b67d6e51910a1117b3b483ba20bd"},"potentialAction":[{"@type":"SearchAction","target":{"@type":"EntryPoint","urlTemplate":"https:\/\/sandzakpress.net\/arhiva\/?s={search_term_string}"},"query-input":{"@type":"PropertyValueSpecification","valueRequired":true,"valueName":"search_term_string"}}],"inLanguage":"bs-BA"},{"@type":["Person","Organization"],"@id":"https:\/\/sandzakpress.net\/arhiva\/#\/schema\/person\/6e72b67d6e51910a1117b3b483ba20bd","name":"Kul","image":{"@type":"ImageObject","inLanguage":"bs-BA","@id":"https:\/\/sandzakpress.net\/arhiva\/#\/schema\/person\/image\/","url":"https:\/\/secure.gravatar.com\/avatar\/42263f39aa27ac04c43cab85c280eb2e?s=96&d=mm&r=pg","contentUrl":"https:\/\/secure.gravatar.com\/avatar\/42263f39aa27ac04c43cab85c280eb2e?s=96&d=mm&r=pg","caption":"Kul"},"logo":{"@id":"https:\/\/sandzakpress.net\/arhiva\/#\/schema\/person\/image\/"}},{"@type":"Person","@id":"https:\/\/sandzakpress.net\/arhiva\/#\/schema\/person\/c8baee722073534b583ea7bdb2e36c02","name":"bosniak","image":{"@type":"ImageObject","inLanguage":"bs-BA","@id":"https:\/\/sandzakpress.net\/arhiva\/#\/schema\/person\/image\/","url":"https:\/\/secure.gravatar.com\/avatar\/a04fd330bfe3a36a72a0ad4a6d89fca7?s=96&d=mm&r=pg","contentUrl":"https:\/\/secure.gravatar.com\/avatar\/a04fd330bfe3a36a72a0ad4a6d89fca7?s=96&d=mm&r=pg","caption":"bosniak"},"url":"https:\/\/sandzakpress.net\/arhiva\/author\/bosniak\/"}]}},"_links":{"self":[{"href":"https:\/\/sandzakpress.net\/arhiva\/wp-json\/wp\/v2\/posts\/223305"}],"collection":[{"href":"https:\/\/sandzakpress.net\/arhiva\/wp-json\/wp\/v2\/posts"}],"about":[{"href":"https:\/\/sandzakpress.net\/arhiva\/wp-json\/wp\/v2\/types\/post"}],"author":[{"embeddable":true,"href":"https:\/\/sandzakpress.net\/arhiva\/wp-json\/wp\/v2\/users\/83"}],"replies":[{"embeddable":true,"href":"https:\/\/sandzakpress.net\/arhiva\/wp-json\/wp\/v2\/comments?post=223305"}],"version-history":[{"count":0,"href":"https:\/\/sandzakpress.net\/arhiva\/wp-json\/wp\/v2\/posts\/223305\/revisions"}],"wp:featuredmedia":[{"embeddable":true,"href":"https:\/\/sandzakpress.net\/arhiva\/wp-json\/wp\/v2\/media\/223306"}],"wp:attachment":[{"href":"https:\/\/sandzakpress.net\/arhiva\/wp-json\/wp\/v2\/media?parent=223305"}],"wp:term":[{"taxonomy":"category","embeddable":true,"href":"https:\/\/sandzakpress.net\/arhiva\/wp-json\/wp\/v2\/categories?post=223305"},{"taxonomy":"post_tag","embeddable":true,"href":"https:\/\/sandzakpress.net\/arhiva\/wp-json\/wp\/v2\/tags?post=223305"}],"curies":[{"name":"wp","href":"https:\/\/api.w.org\/{rel}","templated":true}]}}