{"id":223224,"date":"2019-05-14T13:05:34","date_gmt":"2019-05-14T11:05:34","guid":{"rendered":"https:\/\/sandzakpress.net\/arhiva\/?p=223224"},"modified":"2019-05-14T13:05:34","modified_gmt":"2019-05-14T11:05:34","slug":"uhapsen-mladic-iz-novog-pazara-zbog-sumnje-da-je-izvrsio-pet-kradja","status":"publish","type":"post","link":"https:\/\/sandzakpress.net\/arhiva\/uhapsen-mladic-iz-novog-pazara-zbog-sumnje-da-je-izvrsio-pet-kradja\/","title":{"rendered":"Uhap\u0161en mladi\u0107 iz Novog Pazara zbog sumnje da je izvr\u0161io pet kra\u0111a"},"content":{"rendered":"<p><img decoding=\"async\" src=\"https:\/\/indeksonline.rs\/wp-content\/uploads\/2019\/05\/20190514114218.jpg\" \/><\/p>\n<p><strong>Pripadnici Ministarstva unutra\u0161njih poslova u Novom Pazaru uhapsili su sugra\u0111anina M. K. (1988), zbog postojanja osnova sumnje da je izvr\u0161io pet kra\u0111a.<\/strong><\/p>\n<p>Sumnja se da je on, 12. maja ove godine, u okolini Novog Pazara, iz nezaklju\u010danog pomo\u0107nog objekta, ukrao tri elektri\u010dne bu\u0161ilice, kosilicu, dve pumpe za vodu i drugi sitni alat.<\/p>\n<p>Tako\u0111e, on se tereti da je, istog dana, iz dvori\u0161ta porodi\u010dne ku\u0107e u Novom Pazaru, ukrao bicikl, koji je policija prona\u0161la i vratila o\u0161te\u0107enom.<\/p>\n<p>On je, kako se sumnja, 11. maja ove godine, iz otklju\u010dane gara\u017ee u sklopu dvori\u0161ta ku\u0107e u okolini Novog Pazara, uzeo dvije motorne testere marke \u201estil\u201c, koje je policija prona\u0161la i vratila vlasniku.<\/p>\n<p>Tako\u0111e, sumnja se da je on, 10. maja ove godine, iz dvori\u0161ta porodi\u010dne ku\u0107e u Novom Pazaru, ukrao bicikl, kao i da je 1. maja, u okolini Novog Pazara, iz vozila marke \u201elan\u010dia\u201c, vlasni\u0161tvo tridesetsedmogodi\u0161njeg mu\u0161karca, ukrao akumulator.<\/p>\n<p>Osumnji\u010denom je, po nalogu Osnovnog javnog tu\u017eila\u0161tva, odre\u0111eno zadr\u017eavanja do 48 \u010dasova i on \u0107e, uz krivi\u010dnu prijavu, biti priveden tu\u017eila\u0161tvu.<\/p>\n","protected":false},"excerpt":{"rendered":"<p>Pripadnici Ministarstva unutra\u0161njih poslova u Novom Pazaru uhapsili su sugra\u0111anina M. K. (1988), zbog postojanja osnova sumnje da je izvr\u0161io pet kra\u0111a. Sumnja se da je on, 12. maja ove godine, u okolini Novog Pazara, iz nezaklju\u010danog pomo\u0107nog objekta, ukrao tri elektri\u010dne bu\u0161ilice, kosilicu, dve pumpe za vodu i drugi sitni alat. Tako\u0111e, on se [&hellip;]<\/p>\n","protected":false},"author":509,"featured_media":223225,"comment_status":"open","ping_status":"open","sticky":false,"template":"","format":"standard","meta":{"footnotes":""},"categories":[72,801,10429],"tags":[],"class_list":{"0":"post-223224","1":"post","2":"type-post","3":"status-publish","4":"format-standard","5":"has-post-thumbnail","7":"category-novi-pazar","8":"category-crna_hronika","9":"category-vazno"},"yoast_head":"<!-- This site is optimized with the Yoast SEO Premium plugin v23.1 (Yoast SEO v24.9) - https:\/\/yoast.com\/wordpress\/plugins\/seo\/ -->\n<title>Uhap\u0161en mladi\u0107 iz Novog Pazara zbog sumnje da je izvr\u0161io pet kra\u0111a<\/title>\n<meta name=\"robots\" content=\"index, follow, max-snippet:-1, max-image-preview:large, max-video-preview:-1\" \/>\n<link rel=\"canonical\" href=\"https:\/\/sandzakpress.net\/arhiva\/uhapsen-mladic-iz-novog-pazara-zbog-sumnje-da-je-izvrsio-pet-kradja\/\" \/>\n<meta property=\"og:locale\" content=\"bs_BA\" \/>\n<meta property=\"og:type\" content=\"article\" \/>\n<meta property=\"og:title\" content=\"Uhap\u0161en mladi\u0107 iz Novog Pazara zbog sumnje da je izvr\u0161io pet kra\u0111a\" \/>\n<meta property=\"og:description\" content=\"Pripadnici Ministarstva unutra\u0161njih poslova u Novom Pazaru uhapsili su sugra\u0111anina M. K. (1988), zbog postojanja osnova sumnje da je izvr\u0161io pet kra\u0111a. Sumnja se da je on, 12. maja ove godine, u okolini Novog Pazara, iz nezaklju\u010danog pomo\u0107nog objekta, ukrao tri elektri\u010dne bu\u0161ilice, kosilicu, dve pumpe za vodu i drugi sitni alat. Tako\u0111e, on se [&hellip;]\" \/>\n<meta property=\"og:url\" content=\"https:\/\/sandzakpress.net\/arhiva\/uhapsen-mladic-iz-novog-pazara-zbog-sumnje-da-je-izvrsio-pet-kradja\/\" \/>\n<meta property=\"og:site_name\" content=\"Sand\u017eak PRESS\" \/>\n<meta property=\"article:published_time\" content=\"2019-05-14T11:05:34+00:00\" \/>\n<meta property=\"og:image\" content=\"https:\/\/sandzakpress.net\/arhiva\/wp-content\/uploads\/2019\/05\/20190514114218.jpg\" \/>\n\t<meta property=\"og:image:width\" content=\"600\" \/>\n\t<meta property=\"og:image:height\" content=\"385\" \/>\n\t<meta property=\"og:image:type\" content=\"image\/jpeg\" \/>\n<meta name=\"author\" content=\"Agencija\" \/>\n<meta name=\"twitter:card\" content=\"summary_large_image\" \/>\n<meta name=\"twitter:label1\" content=\"Written by\" \/>\n\t<meta name=\"twitter:data1\" content=\"Agencija\" \/>\n\t<meta name=\"twitter:label2\" content=\"Est. reading time\" \/>\n\t<meta name=\"twitter:data2\" content=\"1 minuta\" \/>\n<script type=\"application\/ld+json\" class=\"yoast-schema-graph\">{\"@context\":\"https:\/\/schema.org\",\"@graph\":[{\"@type\":\"Article\",\"@id\":\"https:\/\/sandzakpress.net\/arhiva\/uhapsen-mladic-iz-novog-pazara-zbog-sumnje-da-je-izvrsio-pet-kradja\/#article\",\"isPartOf\":{\"@id\":\"https:\/\/sandzakpress.net\/arhiva\/uhapsen-mladic-iz-novog-pazara-zbog-sumnje-da-je-izvrsio-pet-kradja\/\"},\"author\":{\"name\":\"Agencija\",\"@id\":\"https:\/\/sandzakpress.net\/arhiva\/#\/schema\/person\/cb59d7e3ab91ab90dd680ad0305a6185\"},\"headline\":\"Uhap\u0161en mladi\u0107 iz Novog Pazara zbog sumnje da je izvr\u0161io pet kra\u0111a\",\"datePublished\":\"2019-05-14T11:05:34+00:00\",\"mainEntityOfPage\":{\"@id\":\"https:\/\/sandzakpress.net\/arhiva\/uhapsen-mladic-iz-novog-pazara-zbog-sumnje-da-je-izvrsio-pet-kradja\/\"},\"wordCount\":213,\"commentCount\":0,\"publisher\":{\"@id\":\"https:\/\/sandzakpress.net\/arhiva\/#\/schema\/person\/6e72b67d6e51910a1117b3b483ba20bd\"},\"image\":{\"@id\":\"https:\/\/sandzakpress.net\/arhiva\/uhapsen-mladic-iz-novog-pazara-zbog-sumnje-da-je-izvrsio-pet-kradja\/#primaryimage\"},\"thumbnailUrl\":\"https:\/\/sandzakpress.net\/arhiva\/wp-content\/uploads\/2019\/05\/20190514114218.jpg\",\"articleSection\":[\"Novi Pazar\",\"Hronika\",\"VA\u017dNO!\"],\"inLanguage\":\"bs-BA\",\"potentialAction\":[{\"@type\":\"CommentAction\",\"name\":\"Comment\",\"target\":[\"https:\/\/sandzakpress.net\/arhiva\/uhapsen-mladic-iz-novog-pazara-zbog-sumnje-da-je-izvrsio-pet-kradja\/#respond\"]}]},{\"@type\":\"WebPage\",\"@id\":\"https:\/\/sandzakpress.net\/arhiva\/uhapsen-mladic-iz-novog-pazara-zbog-sumnje-da-je-izvrsio-pet-kradja\/\",\"url\":\"https:\/\/sandzakpress.net\/arhiva\/uhapsen-mladic-iz-novog-pazara-zbog-sumnje-da-je-izvrsio-pet-kradja\/\",\"name\":\"Uhap\u0161en mladi\u0107 iz Novog Pazara zbog sumnje da je izvr\u0161io pet kra\u0111a\",\"isPartOf\":{\"@id\":\"https:\/\/sandzakpress.net\/arhiva\/#website\"},\"primaryImageOfPage\":{\"@id\":\"https:\/\/sandzakpress.net\/arhiva\/uhapsen-mladic-iz-novog-pazara-zbog-sumnje-da-je-izvrsio-pet-kradja\/#primaryimage\"},\"image\":{\"@id\":\"https:\/\/sandzakpress.net\/arhiva\/uhapsen-mladic-iz-novog-pazara-zbog-sumnje-da-je-izvrsio-pet-kradja\/#primaryimage\"},\"thumbnailUrl\":\"https:\/\/sandzakpress.net\/arhiva\/wp-content\/uploads\/2019\/05\/20190514114218.jpg\",\"datePublished\":\"2019-05-14T11:05:34+00:00\",\"breadcrumb\":{\"@id\":\"https:\/\/sandzakpress.net\/arhiva\/uhapsen-mladic-iz-novog-pazara-zbog-sumnje-da-je-izvrsio-pet-kradja\/#breadcrumb\"},\"inLanguage\":\"bs-BA\",\"potentialAction\":[{\"@type\":\"ReadAction\",\"target\":[\"https:\/\/sandzakpress.net\/arhiva\/uhapsen-mladic-iz-novog-pazara-zbog-sumnje-da-je-izvrsio-pet-kradja\/\"]}]},{\"@type\":\"ImageObject\",\"inLanguage\":\"bs-BA\",\"@id\":\"https:\/\/sandzakpress.net\/arhiva\/uhapsen-mladic-iz-novog-pazara-zbog-sumnje-da-je-izvrsio-pet-kradja\/#primaryimage\",\"url\":\"https:\/\/sandzakpress.net\/arhiva\/wp-content\/uploads\/2019\/05\/20190514114218.jpg\",\"contentUrl\":\"https:\/\/sandzakpress.net\/arhiva\/wp-content\/uploads\/2019\/05\/20190514114218.jpg\",\"width\":600,\"height\":385},{\"@type\":\"BreadcrumbList\",\"@id\":\"https:\/\/sandzakpress.net\/arhiva\/uhapsen-mladic-iz-novog-pazara-zbog-sumnje-da-je-izvrsio-pet-kradja\/#breadcrumb\",\"itemListElement\":[{\"@type\":\"ListItem\",\"position\":1,\"name\":\"Home\",\"item\":\"https:\/\/sandzakpress.net\/arhiva\/\"},{\"@type\":\"ListItem\",\"position\":2,\"name\":\"Uhap\u0161en mladi\u0107 iz Novog Pazara zbog sumnje da je izvr\u0161io pet kra\u0111a\"}]},{\"@type\":\"WebSite\",\"@id\":\"https:\/\/sandzakpress.net\/arhiva\/#website\",\"url\":\"https:\/\/sandzakpress.net\/arhiva\/\",\"name\":\"Sand\u017eak PRESS\",\"description\":\"Prve elektronske novine u Sand\u017eaku\",\"publisher\":{\"@id\":\"https:\/\/sandzakpress.net\/arhiva\/#\/schema\/person\/6e72b67d6e51910a1117b3b483ba20bd\"},\"potentialAction\":[{\"@type\":\"SearchAction\",\"target\":{\"@type\":\"EntryPoint\",\"urlTemplate\":\"https:\/\/sandzakpress.net\/arhiva\/?s={search_term_string}\"},\"query-input\":{\"@type\":\"PropertyValueSpecification\",\"valueRequired\":true,\"valueName\":\"search_term_string\"}}],\"inLanguage\":\"bs-BA\"},{\"@type\":[\"Person\",\"Organization\"],\"@id\":\"https:\/\/sandzakpress.net\/arhiva\/#\/schema\/person\/6e72b67d6e51910a1117b3b483ba20bd\",\"name\":\"Kul\",\"image\":{\"@type\":\"ImageObject\",\"inLanguage\":\"bs-BA\",\"@id\":\"https:\/\/sandzakpress.net\/arhiva\/#\/schema\/person\/image\/\",\"url\":\"https:\/\/secure.gravatar.com\/avatar\/42263f39aa27ac04c43cab85c280eb2e?s=96&d=mm&r=pg\",\"contentUrl\":\"https:\/\/secure.gravatar.com\/avatar\/42263f39aa27ac04c43cab85c280eb2e?s=96&d=mm&r=pg\",\"caption\":\"Kul\"},\"logo\":{\"@id\":\"https:\/\/sandzakpress.net\/arhiva\/#\/schema\/person\/image\/\"}},{\"@type\":\"Person\",\"@id\":\"https:\/\/sandzakpress.net\/arhiva\/#\/schema\/person\/cb59d7e3ab91ab90dd680ad0305a6185\",\"name\":\"Agencija\",\"image\":{\"@type\":\"ImageObject\",\"inLanguage\":\"bs-BA\",\"@id\":\"https:\/\/sandzakpress.net\/arhiva\/#\/schema\/person\/image\/\",\"url\":\"https:\/\/secure.gravatar.com\/avatar\/4b7fafa80a22f0c2afe23966b3961fe0?s=96&d=mm&r=pg\",\"contentUrl\":\"https:\/\/secure.gravatar.com\/avatar\/4b7fafa80a22f0c2afe23966b3961fe0?s=96&d=mm&r=pg\",\"caption\":\"Agencija\"},\"url\":\"https:\/\/sandzakpress.net\/arhiva\/author\/agencija\/\"}]}<\/script>\n<!-- \/ Yoast SEO Premium plugin. -->","yoast_head_json":{"title":"Uhap\u0161en mladi\u0107 iz Novog Pazara zbog sumnje da je izvr\u0161io pet kra\u0111a","robots":{"index":"index","follow":"follow","max-snippet":"max-snippet:-1","max-image-preview":"max-image-preview:large","max-video-preview":"max-video-preview:-1"},"canonical":"https:\/\/sandzakpress.net\/arhiva\/uhapsen-mladic-iz-novog-pazara-zbog-sumnje-da-je-izvrsio-pet-kradja\/","og_locale":"bs_BA","og_type":"article","og_title":"Uhap\u0161en mladi\u0107 iz Novog Pazara zbog sumnje da je izvr\u0161io pet kra\u0111a","og_description":"Pripadnici Ministarstva unutra\u0161njih poslova u Novom Pazaru uhapsili su sugra\u0111anina M. K. (1988), zbog postojanja osnova sumnje da je izvr\u0161io pet kra\u0111a. Sumnja se da je on, 12. maja ove godine, u okolini Novog Pazara, iz nezaklju\u010danog pomo\u0107nog objekta, ukrao tri elektri\u010dne bu\u0161ilice, kosilicu, dve pumpe za vodu i drugi sitni alat. Tako\u0111e, on se [&hellip;]","og_url":"https:\/\/sandzakpress.net\/arhiva\/uhapsen-mladic-iz-novog-pazara-zbog-sumnje-da-je-izvrsio-pet-kradja\/","og_site_name":"Sand\u017eak PRESS","article_published_time":"2019-05-14T11:05:34+00:00","og_image":[{"width":600,"height":385,"url":"https:\/\/sandzakpress.net\/arhiva\/wp-content\/uploads\/2019\/05\/20190514114218.jpg","type":"image\/jpeg"}],"author":"Agencija","twitter_card":"summary_large_image","twitter_misc":{"Written by":"Agencija","Est. reading time":"1 minuta"},"schema":{"@context":"https:\/\/schema.org","@graph":[{"@type":"Article","@id":"https:\/\/sandzakpress.net\/arhiva\/uhapsen-mladic-iz-novog-pazara-zbog-sumnje-da-je-izvrsio-pet-kradja\/#article","isPartOf":{"@id":"https:\/\/sandzakpress.net\/arhiva\/uhapsen-mladic-iz-novog-pazara-zbog-sumnje-da-je-izvrsio-pet-kradja\/"},"author":{"name":"Agencija","@id":"https:\/\/sandzakpress.net\/arhiva\/#\/schema\/person\/cb59d7e3ab91ab90dd680ad0305a6185"},"headline":"Uhap\u0161en mladi\u0107 iz Novog Pazara zbog sumnje da je izvr\u0161io pet kra\u0111a","datePublished":"2019-05-14T11:05:34+00:00","mainEntityOfPage":{"@id":"https:\/\/sandzakpress.net\/arhiva\/uhapsen-mladic-iz-novog-pazara-zbog-sumnje-da-je-izvrsio-pet-kradja\/"},"wordCount":213,"commentCount":0,"publisher":{"@id":"https:\/\/sandzakpress.net\/arhiva\/#\/schema\/person\/6e72b67d6e51910a1117b3b483ba20bd"},"image":{"@id":"https:\/\/sandzakpress.net\/arhiva\/uhapsen-mladic-iz-novog-pazara-zbog-sumnje-da-je-izvrsio-pet-kradja\/#primaryimage"},"thumbnailUrl":"https:\/\/sandzakpress.net\/arhiva\/wp-content\/uploads\/2019\/05\/20190514114218.jpg","articleSection":["Novi Pazar","Hronika","VA\u017dNO!"],"inLanguage":"bs-BA","potentialAction":[{"@type":"CommentAction","name":"Comment","target":["https:\/\/sandzakpress.net\/arhiva\/uhapsen-mladic-iz-novog-pazara-zbog-sumnje-da-je-izvrsio-pet-kradja\/#respond"]}]},{"@type":"WebPage","@id":"https:\/\/sandzakpress.net\/arhiva\/uhapsen-mladic-iz-novog-pazara-zbog-sumnje-da-je-izvrsio-pet-kradja\/","url":"https:\/\/sandzakpress.net\/arhiva\/uhapsen-mladic-iz-novog-pazara-zbog-sumnje-da-je-izvrsio-pet-kradja\/","name":"Uhap\u0161en mladi\u0107 iz Novog Pazara zbog sumnje da je izvr\u0161io pet kra\u0111a","isPartOf":{"@id":"https:\/\/sandzakpress.net\/arhiva\/#website"},"primaryImageOfPage":{"@id":"https:\/\/sandzakpress.net\/arhiva\/uhapsen-mladic-iz-novog-pazara-zbog-sumnje-da-je-izvrsio-pet-kradja\/#primaryimage"},"image":{"@id":"https:\/\/sandzakpress.net\/arhiva\/uhapsen-mladic-iz-novog-pazara-zbog-sumnje-da-je-izvrsio-pet-kradja\/#primaryimage"},"thumbnailUrl":"https:\/\/sandzakpress.net\/arhiva\/wp-content\/uploads\/2019\/05\/20190514114218.jpg","datePublished":"2019-05-14T11:05:34+00:00","breadcrumb":{"@id":"https:\/\/sandzakpress.net\/arhiva\/uhapsen-mladic-iz-novog-pazara-zbog-sumnje-da-je-izvrsio-pet-kradja\/#breadcrumb"},"inLanguage":"bs-BA","potentialAction":[{"@type":"ReadAction","target":["https:\/\/sandzakpress.net\/arhiva\/uhapsen-mladic-iz-novog-pazara-zbog-sumnje-da-je-izvrsio-pet-kradja\/"]}]},{"@type":"ImageObject","inLanguage":"bs-BA","@id":"https:\/\/sandzakpress.net\/arhiva\/uhapsen-mladic-iz-novog-pazara-zbog-sumnje-da-je-izvrsio-pet-kradja\/#primaryimage","url":"https:\/\/sandzakpress.net\/arhiva\/wp-content\/uploads\/2019\/05\/20190514114218.jpg","contentUrl":"https:\/\/sandzakpress.net\/arhiva\/wp-content\/uploads\/2019\/05\/20190514114218.jpg","width":600,"height":385},{"@type":"BreadcrumbList","@id":"https:\/\/sandzakpress.net\/arhiva\/uhapsen-mladic-iz-novog-pazara-zbog-sumnje-da-je-izvrsio-pet-kradja\/#breadcrumb","itemListElement":[{"@type":"ListItem","position":1,"name":"Home","item":"https:\/\/sandzakpress.net\/arhiva\/"},{"@type":"ListItem","position":2,"name":"Uhap\u0161en mladi\u0107 iz Novog Pazara zbog sumnje da je izvr\u0161io pet kra\u0111a"}]},{"@type":"WebSite","@id":"https:\/\/sandzakpress.net\/arhiva\/#website","url":"https:\/\/sandzakpress.net\/arhiva\/","name":"Sand\u017eak PRESS","description":"Prve elektronske novine u Sand\u017eaku","publisher":{"@id":"https:\/\/sandzakpress.net\/arhiva\/#\/schema\/person\/6e72b67d6e51910a1117b3b483ba20bd"},"potentialAction":[{"@type":"SearchAction","target":{"@type":"EntryPoint","urlTemplate":"https:\/\/sandzakpress.net\/arhiva\/?s={search_term_string}"},"query-input":{"@type":"PropertyValueSpecification","valueRequired":true,"valueName":"search_term_string"}}],"inLanguage":"bs-BA"},{"@type":["Person","Organization"],"@id":"https:\/\/sandzakpress.net\/arhiva\/#\/schema\/person\/6e72b67d6e51910a1117b3b483ba20bd","name":"Kul","image":{"@type":"ImageObject","inLanguage":"bs-BA","@id":"https:\/\/sandzakpress.net\/arhiva\/#\/schema\/person\/image\/","url":"https:\/\/secure.gravatar.com\/avatar\/42263f39aa27ac04c43cab85c280eb2e?s=96&d=mm&r=pg","contentUrl":"https:\/\/secure.gravatar.com\/avatar\/42263f39aa27ac04c43cab85c280eb2e?s=96&d=mm&r=pg","caption":"Kul"},"logo":{"@id":"https:\/\/sandzakpress.net\/arhiva\/#\/schema\/person\/image\/"}},{"@type":"Person","@id":"https:\/\/sandzakpress.net\/arhiva\/#\/schema\/person\/cb59d7e3ab91ab90dd680ad0305a6185","name":"Agencija","image":{"@type":"ImageObject","inLanguage":"bs-BA","@id":"https:\/\/sandzakpress.net\/arhiva\/#\/schema\/person\/image\/","url":"https:\/\/secure.gravatar.com\/avatar\/4b7fafa80a22f0c2afe23966b3961fe0?s=96&d=mm&r=pg","contentUrl":"https:\/\/secure.gravatar.com\/avatar\/4b7fafa80a22f0c2afe23966b3961fe0?s=96&d=mm&r=pg","caption":"Agencija"},"url":"https:\/\/sandzakpress.net\/arhiva\/author\/agencija\/"}]}},"_links":{"self":[{"href":"https:\/\/sandzakpress.net\/arhiva\/wp-json\/wp\/v2\/posts\/223224"}],"collection":[{"href":"https:\/\/sandzakpress.net\/arhiva\/wp-json\/wp\/v2\/posts"}],"about":[{"href":"https:\/\/sandzakpress.net\/arhiva\/wp-json\/wp\/v2\/types\/post"}],"author":[{"embeddable":true,"href":"https:\/\/sandzakpress.net\/arhiva\/wp-json\/wp\/v2\/users\/509"}],"replies":[{"embeddable":true,"href":"https:\/\/sandzakpress.net\/arhiva\/wp-json\/wp\/v2\/comments?post=223224"}],"version-history":[{"count":0,"href":"https:\/\/sandzakpress.net\/arhiva\/wp-json\/wp\/v2\/posts\/223224\/revisions"}],"wp:featuredmedia":[{"embeddable":true,"href":"https:\/\/sandzakpress.net\/arhiva\/wp-json\/wp\/v2\/media\/223225"}],"wp:attachment":[{"href":"https:\/\/sandzakpress.net\/arhiva\/wp-json\/wp\/v2\/media?parent=223224"}],"wp:term":[{"taxonomy":"category","embeddable":true,"href":"https:\/\/sandzakpress.net\/arhiva\/wp-json\/wp\/v2\/categories?post=223224"},{"taxonomy":"post_tag","embeddable":true,"href":"https:\/\/sandzakpress.net\/arhiva\/wp-json\/wp\/v2\/tags?post=223224"}],"curies":[{"name":"wp","href":"https:\/\/api.w.org\/{rel}","templated":true}]}}