{"id":223179,"date":"2019-05-13T13:53:06","date_gmt":"2019-05-13T11:53:06","guid":{"rendered":"https:\/\/sandzakpress.net\/arhiva\/khashoggijev-prijatelj-el-baghdadi-suocen-s-prijetnjama-saudijske-arabije"},"modified":"2019-05-13T13:53:06","modified_gmt":"2019-05-13T11:53:06","slug":"khashoggijev-prijatelj-el-baghdadi-suocen-s-prijetnjama-saudijske-arabije","status":"publish","type":"post","link":"https:\/\/sandzakpress.net\/arhiva\/khashoggijev-prijatelj-el-baghdadi-suocen-s-prijetnjama-saudijske-arabije\/","title":{"rendered":"Khashoggijev prijatelj: El-Baghdadi suo\u010den s prijetnjama Saudijske Arabije"},"content":{"rendered":"<p><span class=\"cb-itemprop\"><\/p>\n<p><img decoding=\"async\" src=\"http:\/\/balkans.aljazeera.net\/sites\/default\/files\/styles\/d8\/public\/baghdadi_twitter.jpg?itok=7839Ktci\" \/><\/p>\n<p><strong>Nekoliko mjeseci nakon ubistva saudijskog novinara Jamala Khashoggi u konzulatu\u00a0Saudijske Arabije u Istanbulu jo\u0161 jedan arapski disident obra\u0111en je od strane vlasti u Rijadu, rekao je aktivist.<\/strong><\/p>\n<p>Iyad el-Baghdadi rekao je da su ga norve\u0161ke vlasti odvele iz njegovog doma u Oslu na sigurnu lokaciju zbog prijetnje.<\/p>\n<p>\u201eKako sam razumio Saudijci su me ozna\u010dili kao metu ali nemam pojma \u0161ta su htjeli u\u010diniti\u201c rekao je el-Baghdadi britanskom <em>Guardianu<\/em>.<\/p>\n<p>List je izvjestio da su norve\u0161ke vlasti informaciju o prijetnji primile od CIA-e.<\/p>\n<p>El-Baghdadi je rekao <em>Al Jazeeri<\/em> da su ga norve\u0161ki zvani\u010dnici zamolili da ne otkriva specifi\u010dne detalje povezane sa opisanim incidentom.<\/p>\n<h4>Glasni kriti\u010dar MBS-a<\/h4>\n<p>\u201eKada su me odveli na sigurnu lokaciju u Oslu karakter prijetnje jo\u0161 uvijek nije bio jasan. Da li je prijetnja poslije do\u0161la u fazu da me ugrozi li\u010dno?\u201c rekao je <em>Al Jazeeri<\/em>.<\/p>\n<p>Glasni prodemokratski aktivis i sna\u017eni kriti\u010dar saudijskog de facto lidera princa prijestolonasljednika Mohammeda bin Salmana, rekao je da se incident desio 25 aprila i da se na sigurnoj lokaciji nalazio 2 ili 3 sata.<\/p>\n<p>\u201eVlasti su mi rekle da dok god se nalazim u Oslu vjerovatno sam siguran\u201c napisao je na Twitteru.<\/p>\n<p>\u201ePlanirao sam obaviti mno\u0161tvo putovanja ali sam zamoljen da otka\u017eem sve rezervacije\u201c, rekoa je za <em>Al Jazeeru.<\/em><\/p>\n<p>\u201eVeliki dio moga rada u proteklih nekoliko godina bio je fokusiran na stanje ljudskih prava u Saudijskoj Arabiji naro\u010dito nakon ubistva mog prijatelja Jamala Khashoggija\u201c, rekao je el-Baghdadi.<\/p>\n<p><em>Izvor: Al Jazeera i agencije<\/em><\/p>\n<p><\/span><br \/>\nPogledajte vijest na izvornom sajtu:<\/p>\n<p><a href=\"https:\/\/islampress.net\/45077\/khashoggijev-prijatelj-el-baghdadi-suocen-s-prijetnjama-saudijske-arabije\/\" target=\"_blank\">Khashoggijev prijatelj: El-Baghdadi suo\u010den s prijetnjama Saudijske Arabije<\/a><\/p>\n","protected":false},"excerpt":{"rendered":"<p>Nekoliko mjeseci nakon ubistva saudijskog novinara Jamala Khashoggi u konzulatu\u00a0Saudijske Arabije u Istanbulu jo\u0161 jedan arapski disident obra\u0111en je od strane vlasti u Rijadu, rekao je aktivist. Iyad el-Baghdadi rekao je da su ga norve\u0161ke vlasti odvele iz njegovog doma u Oslu na sigurnu lokaciju zbog prijetnje. \u201eKako sam razumio Saudijci su me ozna\u010dili kao [&hellip;]<\/p>\n","protected":false},"author":83,"featured_media":0,"comment_status":"open","ping_status":"open","sticky":false,"template":"","format":"standard","meta":{"footnotes":""},"categories":[9],"tags":[10499],"class_list":{"0":"post-223179","1":"post","2":"type-post","3":"status-publish","4":"format-standard","6":"category-svijet","7":"tag-a"},"yoast_head":"<!-- This site is optimized with the Yoast SEO Premium plugin v23.1 (Yoast SEO v24.9) - https:\/\/yoast.com\/wordpress\/plugins\/seo\/ -->\n<title>Khashoggijev prijatelj: El-Baghdadi suo\u010den s prijetnjama Saudijske Arabije<\/title>\n<meta name=\"robots\" content=\"index, follow, max-snippet:-1, max-image-preview:large, max-video-preview:-1\" \/>\n<link rel=\"canonical\" href=\"https:\/\/sandzakpress.net\/arhiva\/khashoggijev-prijatelj-el-baghdadi-suocen-s-prijetnjama-saudijske-arabije\/\" \/>\n<meta property=\"og:locale\" content=\"bs_BA\" \/>\n<meta property=\"og:type\" content=\"article\" \/>\n<meta property=\"og:title\" content=\"Khashoggijev prijatelj: El-Baghdadi suo\u010den s prijetnjama Saudijske Arabije\" \/>\n<meta property=\"og:description\" content=\"Nekoliko mjeseci nakon ubistva saudijskog novinara Jamala Khashoggi u konzulatu\u00a0Saudijske Arabije u Istanbulu jo\u0161 jedan arapski disident obra\u0111en je od strane vlasti u Rijadu, rekao je aktivist. Iyad el-Baghdadi rekao je da su ga norve\u0161ke vlasti odvele iz njegovog doma u Oslu na sigurnu lokaciju zbog prijetnje. \u201eKako sam razumio Saudijci su me ozna\u010dili kao [&hellip;]\" \/>\n<meta property=\"og:url\" content=\"https:\/\/sandzakpress.net\/arhiva\/khashoggijev-prijatelj-el-baghdadi-suocen-s-prijetnjama-saudijske-arabije\/\" \/>\n<meta property=\"og:site_name\" content=\"Sand\u017eak PRESS\" \/>\n<meta property=\"article:published_time\" content=\"2019-05-13T11:53:06+00:00\" \/>\n<meta property=\"og:image\" content=\"http:\/\/balkans.aljazeera.net\/sites\/default\/files\/styles\/d8\/public\/baghdadi_twitter.jpg?itok=7839Ktci\" \/>\n<meta name=\"author\" content=\"bosniak\" \/>\n<meta name=\"twitter:card\" content=\"summary_large_image\" \/>\n<meta name=\"twitter:label1\" content=\"Written by\" \/>\n\t<meta name=\"twitter:data1\" content=\"bosniak\" \/>\n\t<meta name=\"twitter:label2\" content=\"Est. reading time\" \/>\n\t<meta name=\"twitter:data2\" content=\"1 minuta\" \/>\n<script type=\"application\/ld+json\" class=\"yoast-schema-graph\">{\"@context\":\"https:\/\/schema.org\",\"@graph\":[{\"@type\":\"Article\",\"@id\":\"https:\/\/sandzakpress.net\/arhiva\/khashoggijev-prijatelj-el-baghdadi-suocen-s-prijetnjama-saudijske-arabije\/#article\",\"isPartOf\":{\"@id\":\"https:\/\/sandzakpress.net\/arhiva\/khashoggijev-prijatelj-el-baghdadi-suocen-s-prijetnjama-saudijske-arabije\/\"},\"author\":{\"name\":\"bosniak\",\"@id\":\"https:\/\/sandzakpress.net\/arhiva\/#\/schema\/person\/c8baee722073534b583ea7bdb2e36c02\"},\"headline\":\"Khashoggijev prijatelj: El-Baghdadi suo\u010den s prijetnjama Saudijske Arabije\",\"datePublished\":\"2019-05-13T11:53:06+00:00\",\"mainEntityOfPage\":{\"@id\":\"https:\/\/sandzakpress.net\/arhiva\/khashoggijev-prijatelj-el-baghdadi-suocen-s-prijetnjama-saudijske-arabije\/\"},\"wordCount\":275,\"commentCount\":0,\"publisher\":{\"@id\":\"https:\/\/sandzakpress.net\/arhiva\/#\/schema\/person\/6e72b67d6e51910a1117b3b483ba20bd\"},\"image\":{\"@id\":\"https:\/\/sandzakpress.net\/arhiva\/khashoggijev-prijatelj-el-baghdadi-suocen-s-prijetnjama-saudijske-arabije\/#primaryimage\"},\"thumbnailUrl\":\"http:\/\/balkans.aljazeera.net\/sites\/default\/files\/styles\/d8\/public\/baghdadi_twitter.jpg?itok=7839Ktci\",\"keywords\":[\"A\"],\"articleSection\":[\"Svijet\"],\"inLanguage\":\"bs-BA\",\"potentialAction\":[{\"@type\":\"CommentAction\",\"name\":\"Comment\",\"target\":[\"https:\/\/sandzakpress.net\/arhiva\/khashoggijev-prijatelj-el-baghdadi-suocen-s-prijetnjama-saudijske-arabije\/#respond\"]}]},{\"@type\":\"WebPage\",\"@id\":\"https:\/\/sandzakpress.net\/arhiva\/khashoggijev-prijatelj-el-baghdadi-suocen-s-prijetnjama-saudijske-arabije\/\",\"url\":\"https:\/\/sandzakpress.net\/arhiva\/khashoggijev-prijatelj-el-baghdadi-suocen-s-prijetnjama-saudijske-arabije\/\",\"name\":\"Khashoggijev prijatelj: El-Baghdadi suo\u010den s prijetnjama Saudijske Arabije\",\"isPartOf\":{\"@id\":\"https:\/\/sandzakpress.net\/arhiva\/#website\"},\"primaryImageOfPage\":{\"@id\":\"https:\/\/sandzakpress.net\/arhiva\/khashoggijev-prijatelj-el-baghdadi-suocen-s-prijetnjama-saudijske-arabije\/#primaryimage\"},\"image\":{\"@id\":\"https:\/\/sandzakpress.net\/arhiva\/khashoggijev-prijatelj-el-baghdadi-suocen-s-prijetnjama-saudijske-arabije\/#primaryimage\"},\"thumbnailUrl\":\"http:\/\/balkans.aljazeera.net\/sites\/default\/files\/styles\/d8\/public\/baghdadi_twitter.jpg?itok=7839Ktci\",\"datePublished\":\"2019-05-13T11:53:06+00:00\",\"breadcrumb\":{\"@id\":\"https:\/\/sandzakpress.net\/arhiva\/khashoggijev-prijatelj-el-baghdadi-suocen-s-prijetnjama-saudijske-arabije\/#breadcrumb\"},\"inLanguage\":\"bs-BA\",\"potentialAction\":[{\"@type\":\"ReadAction\",\"target\":[\"https:\/\/sandzakpress.net\/arhiva\/khashoggijev-prijatelj-el-baghdadi-suocen-s-prijetnjama-saudijske-arabije\/\"]}]},{\"@type\":\"ImageObject\",\"inLanguage\":\"bs-BA\",\"@id\":\"https:\/\/sandzakpress.net\/arhiva\/khashoggijev-prijatelj-el-baghdadi-suocen-s-prijetnjama-saudijske-arabije\/#primaryimage\",\"url\":\"http:\/\/balkans.aljazeera.net\/sites\/default\/files\/styles\/d8\/public\/baghdadi_twitter.jpg?itok=7839Ktci\",\"contentUrl\":\"http:\/\/balkans.aljazeera.net\/sites\/default\/files\/styles\/d8\/public\/baghdadi_twitter.jpg?itok=7839Ktci\"},{\"@type\":\"BreadcrumbList\",\"@id\":\"https:\/\/sandzakpress.net\/arhiva\/khashoggijev-prijatelj-el-baghdadi-suocen-s-prijetnjama-saudijske-arabije\/#breadcrumb\",\"itemListElement\":[{\"@type\":\"ListItem\",\"position\":1,\"name\":\"Home\",\"item\":\"https:\/\/sandzakpress.net\/arhiva\/\"},{\"@type\":\"ListItem\",\"position\":2,\"name\":\"Khashoggijev prijatelj: El-Baghdadi suo\u010den s prijetnjama Saudijske Arabije\"}]},{\"@type\":\"WebSite\",\"@id\":\"https:\/\/sandzakpress.net\/arhiva\/#website\",\"url\":\"https:\/\/sandzakpress.net\/arhiva\/\",\"name\":\"Sand\u017eak PRESS\",\"description\":\"Prve elektronske novine u Sand\u017eaku\",\"publisher\":{\"@id\":\"https:\/\/sandzakpress.net\/arhiva\/#\/schema\/person\/6e72b67d6e51910a1117b3b483ba20bd\"},\"potentialAction\":[{\"@type\":\"SearchAction\",\"target\":{\"@type\":\"EntryPoint\",\"urlTemplate\":\"https:\/\/sandzakpress.net\/arhiva\/?s={search_term_string}\"},\"query-input\":{\"@type\":\"PropertyValueSpecification\",\"valueRequired\":true,\"valueName\":\"search_term_string\"}}],\"inLanguage\":\"bs-BA\"},{\"@type\":[\"Person\",\"Organization\"],\"@id\":\"https:\/\/sandzakpress.net\/arhiva\/#\/schema\/person\/6e72b67d6e51910a1117b3b483ba20bd\",\"name\":\"Kul\",\"image\":{\"@type\":\"ImageObject\",\"inLanguage\":\"bs-BA\",\"@id\":\"https:\/\/sandzakpress.net\/arhiva\/#\/schema\/person\/image\/\",\"url\":\"https:\/\/secure.gravatar.com\/avatar\/42263f39aa27ac04c43cab85c280eb2e?s=96&d=mm&r=pg\",\"contentUrl\":\"https:\/\/secure.gravatar.com\/avatar\/42263f39aa27ac04c43cab85c280eb2e?s=96&d=mm&r=pg\",\"caption\":\"Kul\"},\"logo\":{\"@id\":\"https:\/\/sandzakpress.net\/arhiva\/#\/schema\/person\/image\/\"}},{\"@type\":\"Person\",\"@id\":\"https:\/\/sandzakpress.net\/arhiva\/#\/schema\/person\/c8baee722073534b583ea7bdb2e36c02\",\"name\":\"bosniak\",\"image\":{\"@type\":\"ImageObject\",\"inLanguage\":\"bs-BA\",\"@id\":\"https:\/\/sandzakpress.net\/arhiva\/#\/schema\/person\/image\/\",\"url\":\"https:\/\/secure.gravatar.com\/avatar\/a04fd330bfe3a36a72a0ad4a6d89fca7?s=96&d=mm&r=pg\",\"contentUrl\":\"https:\/\/secure.gravatar.com\/avatar\/a04fd330bfe3a36a72a0ad4a6d89fca7?s=96&d=mm&r=pg\",\"caption\":\"bosniak\"},\"url\":\"https:\/\/sandzakpress.net\/arhiva\/author\/bosniak\/\"}]}<\/script>\n<!-- \/ Yoast SEO Premium plugin. -->","yoast_head_json":{"title":"Khashoggijev prijatelj: El-Baghdadi suo\u010den s prijetnjama Saudijske Arabije","robots":{"index":"index","follow":"follow","max-snippet":"max-snippet:-1","max-image-preview":"max-image-preview:large","max-video-preview":"max-video-preview:-1"},"canonical":"https:\/\/sandzakpress.net\/arhiva\/khashoggijev-prijatelj-el-baghdadi-suocen-s-prijetnjama-saudijske-arabije\/","og_locale":"bs_BA","og_type":"article","og_title":"Khashoggijev prijatelj: El-Baghdadi suo\u010den s prijetnjama Saudijske Arabije","og_description":"Nekoliko mjeseci nakon ubistva saudijskog novinara Jamala Khashoggi u konzulatu\u00a0Saudijske Arabije u Istanbulu jo\u0161 jedan arapski disident obra\u0111en je od strane vlasti u Rijadu, rekao je aktivist. Iyad el-Baghdadi rekao je da su ga norve\u0161ke vlasti odvele iz njegovog doma u Oslu na sigurnu lokaciju zbog prijetnje. \u201eKako sam razumio Saudijci su me ozna\u010dili kao [&hellip;]","og_url":"https:\/\/sandzakpress.net\/arhiva\/khashoggijev-prijatelj-el-baghdadi-suocen-s-prijetnjama-saudijske-arabije\/","og_site_name":"Sand\u017eak PRESS","article_published_time":"2019-05-13T11:53:06+00:00","og_image":[{"url":"http:\/\/balkans.aljazeera.net\/sites\/default\/files\/styles\/d8\/public\/baghdadi_twitter.jpg?itok=7839Ktci","type":"","width":"","height":""}],"author":"bosniak","twitter_card":"summary_large_image","twitter_misc":{"Written by":"bosniak","Est. reading time":"1 minuta"},"schema":{"@context":"https:\/\/schema.org","@graph":[{"@type":"Article","@id":"https:\/\/sandzakpress.net\/arhiva\/khashoggijev-prijatelj-el-baghdadi-suocen-s-prijetnjama-saudijske-arabije\/#article","isPartOf":{"@id":"https:\/\/sandzakpress.net\/arhiva\/khashoggijev-prijatelj-el-baghdadi-suocen-s-prijetnjama-saudijske-arabije\/"},"author":{"name":"bosniak","@id":"https:\/\/sandzakpress.net\/arhiva\/#\/schema\/person\/c8baee722073534b583ea7bdb2e36c02"},"headline":"Khashoggijev prijatelj: El-Baghdadi suo\u010den s prijetnjama Saudijske Arabije","datePublished":"2019-05-13T11:53:06+00:00","mainEntityOfPage":{"@id":"https:\/\/sandzakpress.net\/arhiva\/khashoggijev-prijatelj-el-baghdadi-suocen-s-prijetnjama-saudijske-arabije\/"},"wordCount":275,"commentCount":0,"publisher":{"@id":"https:\/\/sandzakpress.net\/arhiva\/#\/schema\/person\/6e72b67d6e51910a1117b3b483ba20bd"},"image":{"@id":"https:\/\/sandzakpress.net\/arhiva\/khashoggijev-prijatelj-el-baghdadi-suocen-s-prijetnjama-saudijske-arabije\/#primaryimage"},"thumbnailUrl":"http:\/\/balkans.aljazeera.net\/sites\/default\/files\/styles\/d8\/public\/baghdadi_twitter.jpg?itok=7839Ktci","keywords":["A"],"articleSection":["Svijet"],"inLanguage":"bs-BA","potentialAction":[{"@type":"CommentAction","name":"Comment","target":["https:\/\/sandzakpress.net\/arhiva\/khashoggijev-prijatelj-el-baghdadi-suocen-s-prijetnjama-saudijske-arabije\/#respond"]}]},{"@type":"WebPage","@id":"https:\/\/sandzakpress.net\/arhiva\/khashoggijev-prijatelj-el-baghdadi-suocen-s-prijetnjama-saudijske-arabije\/","url":"https:\/\/sandzakpress.net\/arhiva\/khashoggijev-prijatelj-el-baghdadi-suocen-s-prijetnjama-saudijske-arabije\/","name":"Khashoggijev prijatelj: El-Baghdadi suo\u010den s prijetnjama Saudijske Arabije","isPartOf":{"@id":"https:\/\/sandzakpress.net\/arhiva\/#website"},"primaryImageOfPage":{"@id":"https:\/\/sandzakpress.net\/arhiva\/khashoggijev-prijatelj-el-baghdadi-suocen-s-prijetnjama-saudijske-arabije\/#primaryimage"},"image":{"@id":"https:\/\/sandzakpress.net\/arhiva\/khashoggijev-prijatelj-el-baghdadi-suocen-s-prijetnjama-saudijske-arabije\/#primaryimage"},"thumbnailUrl":"http:\/\/balkans.aljazeera.net\/sites\/default\/files\/styles\/d8\/public\/baghdadi_twitter.jpg?itok=7839Ktci","datePublished":"2019-05-13T11:53:06+00:00","breadcrumb":{"@id":"https:\/\/sandzakpress.net\/arhiva\/khashoggijev-prijatelj-el-baghdadi-suocen-s-prijetnjama-saudijske-arabije\/#breadcrumb"},"inLanguage":"bs-BA","potentialAction":[{"@type":"ReadAction","target":["https:\/\/sandzakpress.net\/arhiva\/khashoggijev-prijatelj-el-baghdadi-suocen-s-prijetnjama-saudijske-arabije\/"]}]},{"@type":"ImageObject","inLanguage":"bs-BA","@id":"https:\/\/sandzakpress.net\/arhiva\/khashoggijev-prijatelj-el-baghdadi-suocen-s-prijetnjama-saudijske-arabije\/#primaryimage","url":"http:\/\/balkans.aljazeera.net\/sites\/default\/files\/styles\/d8\/public\/baghdadi_twitter.jpg?itok=7839Ktci","contentUrl":"http:\/\/balkans.aljazeera.net\/sites\/default\/files\/styles\/d8\/public\/baghdadi_twitter.jpg?itok=7839Ktci"},{"@type":"BreadcrumbList","@id":"https:\/\/sandzakpress.net\/arhiva\/khashoggijev-prijatelj-el-baghdadi-suocen-s-prijetnjama-saudijske-arabije\/#breadcrumb","itemListElement":[{"@type":"ListItem","position":1,"name":"Home","item":"https:\/\/sandzakpress.net\/arhiva\/"},{"@type":"ListItem","position":2,"name":"Khashoggijev prijatelj: El-Baghdadi suo\u010den s prijetnjama Saudijske Arabije"}]},{"@type":"WebSite","@id":"https:\/\/sandzakpress.net\/arhiva\/#website","url":"https:\/\/sandzakpress.net\/arhiva\/","name":"Sand\u017eak PRESS","description":"Prve elektronske novine u Sand\u017eaku","publisher":{"@id":"https:\/\/sandzakpress.net\/arhiva\/#\/schema\/person\/6e72b67d6e51910a1117b3b483ba20bd"},"potentialAction":[{"@type":"SearchAction","target":{"@type":"EntryPoint","urlTemplate":"https:\/\/sandzakpress.net\/arhiva\/?s={search_term_string}"},"query-input":{"@type":"PropertyValueSpecification","valueRequired":true,"valueName":"search_term_string"}}],"inLanguage":"bs-BA"},{"@type":["Person","Organization"],"@id":"https:\/\/sandzakpress.net\/arhiva\/#\/schema\/person\/6e72b67d6e51910a1117b3b483ba20bd","name":"Kul","image":{"@type":"ImageObject","inLanguage":"bs-BA","@id":"https:\/\/sandzakpress.net\/arhiva\/#\/schema\/person\/image\/","url":"https:\/\/secure.gravatar.com\/avatar\/42263f39aa27ac04c43cab85c280eb2e?s=96&d=mm&r=pg","contentUrl":"https:\/\/secure.gravatar.com\/avatar\/42263f39aa27ac04c43cab85c280eb2e?s=96&d=mm&r=pg","caption":"Kul"},"logo":{"@id":"https:\/\/sandzakpress.net\/arhiva\/#\/schema\/person\/image\/"}},{"@type":"Person","@id":"https:\/\/sandzakpress.net\/arhiva\/#\/schema\/person\/c8baee722073534b583ea7bdb2e36c02","name":"bosniak","image":{"@type":"ImageObject","inLanguage":"bs-BA","@id":"https:\/\/sandzakpress.net\/arhiva\/#\/schema\/person\/image\/","url":"https:\/\/secure.gravatar.com\/avatar\/a04fd330bfe3a36a72a0ad4a6d89fca7?s=96&d=mm&r=pg","contentUrl":"https:\/\/secure.gravatar.com\/avatar\/a04fd330bfe3a36a72a0ad4a6d89fca7?s=96&d=mm&r=pg","caption":"bosniak"},"url":"https:\/\/sandzakpress.net\/arhiva\/author\/bosniak\/"}]}},"_links":{"self":[{"href":"https:\/\/sandzakpress.net\/arhiva\/wp-json\/wp\/v2\/posts\/223179"}],"collection":[{"href":"https:\/\/sandzakpress.net\/arhiva\/wp-json\/wp\/v2\/posts"}],"about":[{"href":"https:\/\/sandzakpress.net\/arhiva\/wp-json\/wp\/v2\/types\/post"}],"author":[{"embeddable":true,"href":"https:\/\/sandzakpress.net\/arhiva\/wp-json\/wp\/v2\/users\/83"}],"replies":[{"embeddable":true,"href":"https:\/\/sandzakpress.net\/arhiva\/wp-json\/wp\/v2\/comments?post=223179"}],"version-history":[{"count":0,"href":"https:\/\/sandzakpress.net\/arhiva\/wp-json\/wp\/v2\/posts\/223179\/revisions"}],"wp:attachment":[{"href":"https:\/\/sandzakpress.net\/arhiva\/wp-json\/wp\/v2\/media?parent=223179"}],"wp:term":[{"taxonomy":"category","embeddable":true,"href":"https:\/\/sandzakpress.net\/arhiva\/wp-json\/wp\/v2\/categories?post=223179"},{"taxonomy":"post_tag","embeddable":true,"href":"https:\/\/sandzakpress.net\/arhiva\/wp-json\/wp\/v2\/tags?post=223179"}],"curies":[{"name":"wp","href":"https:\/\/api.w.org\/{rel}","templated":true}]}}