{"id":223153,"date":"2019-05-13T14:28:43","date_gmt":"2019-05-13T12:28:43","guid":{"rendered":"https:\/\/sandzakpress.net\/arhiva\/?p=223153"},"modified":"2019-05-13T14:28:43","modified_gmt":"2019-05-13T12:28:43","slug":"direktor-medrese-u-posjeti-dzematima-u-njemackoj-3","status":"publish","type":"post","link":"https:\/\/sandzakpress.net\/arhiva\/direktor-medrese-u-posjeti-dzematima-u-njemackoj-3\/","title":{"rendered":"Direktor Medrese u posjeti d\u017eematima u Njema\u010dkoj"},"content":{"rendered":"<p><img decoding=\"async\" src=\"http:\/\/sanapress.info\/wp-content\/uploads\/2019\/05\/img-20190513-wa00115771806461914292696-1024x554.jpg\" \/><\/p>\n<p><strong>Potpredsjednik Me\u0161ihata i direktor Medrese Gazi Isa-beg, dr. Re\u0161ad ef. Plojovi\u0107, boravio je u trodnevnoj ramazanskoj posjeti, od petka 10. do nedjelje 12. maja 2019. godine, bo\u0161nja\u010dkim d\u017eematima Baden-Virtemberg regije u Njema\u010dkoj.<\/strong><\/p>\n<p>Posjeta dr. Plojovi\u0107a je realizirana u okviru ramazanskih aktivnosti i poziva od strane rukovodstva d\u017eemata Sindelfingen, jednog od najstarijih u ovoj regiji, gdje je obavljena d\u017euma namaz, kao i zajedni\u010dki iftar, teravija i dru\u017eenje sa d\u017eematlijama u subotu.<\/p>\n<p>Pored pomenutog d\u017eemata, doma\u0107ina posjete, potpredsjednika Me\u0161ihata su u petak ugostili na zajedni\u010dkom iftaru i teraviji \u010delnici i aktivisti d\u017eemata u Falcgrafenvajleru, na \u010delu sa predsjednikom i imamom d\u017eemata, dok je u nedjelju dr. Re\u0161ad-efendija prisustvovao iftaru i teraviji namazu u d\u017eematu Kirhajmtek, u kojem imamsku du\u017enost obavlja dugogodi\u0161nji muftija Islamske zajednice Bo\u0161njaka u Njema\u010dkoj Pa\u0161o ef. Feti\u0107.<\/p>\n<p>Tokom posjete dr. Plojovi\u0107 je govorio o va\u017enosti i fadiletima mjeseca Ramazana, potrebi ja\u010danja i uvezivanja na\u0161ih d\u017eemata, te obavezi da se podr\u017ee i u\u010destvuje u akcijama Islamske zajednice, kao \u0161to su organizirano ubiranje zekata i sadekatu-l-fitra, \u010diji institucionalni na\u010din organiziranja predstavlja op\u0107u korist za islam i muslimane na na\u0161em prostoru.<\/p>\n<p>Za uspje\u0161nost ove posjete najzaslu\u017enije je vrijedno rukovodstvo d\u017eemata Sindelfingen predvo\u0111eno imamom mr. Amir ef. Mehelji\u0107em, koji su htjeli da \u010dlanovima pomenutih d\u017eemata omogu\u0107e da u mubarek danima mjeseca posta imaju me\u0111u sobom musafire-vaize koji \u0107e im biti na raspolaganju i svojim nasihatima uljep\u0161ati i obogatiti mubarek ramazanske no\u0107i, ali isto tako nastojali i da musafiru omogu\u0107e ugodan boravak na ovom prostoru.<\/p>\n<figure class=\"wp-block-image\"><img decoding=\"async\" class=\"wp-image-48083\" src=\"https:\/\/mesihat.org\/wp-content\/uploads\/2019\/05\/img-20190513-wa0010221398583900443841.jpg\" alt=\"\" \/><\/figure>\n<figure class=\"wp-block-image\"><img decoding=\"async\" class=\"wp-image-48084\" src=\"https:\/\/mesihat.org\/wp-content\/uploads\/2019\/05\/img-20190513-wa00093294829636378643640.jpg\" alt=\"\" \/><\/figure>\n<figure class=\"wp-block-image\"><img decoding=\"async\" class=\"wp-image-48085\" src=\"https:\/\/mesihat.org\/wp-content\/uploads\/2019\/05\/img-20190513-wa00082667347818979703343.jpg\" alt=\"\" \/><\/figure>\n<figure class=\"wp-block-image\"><img decoding=\"async\" class=\"wp-image-48086\" src=\"https:\/\/mesihat.org\/wp-content\/uploads\/2019\/05\/img-20190513-wa00065415534900764474190.jpg\" alt=\"\" \/><\/figure>\n<figure class=\"wp-block-image\"><img decoding=\"async\" class=\"wp-image-48087\" src=\"https:\/\/mesihat.org\/wp-content\/uploads\/2019\/05\/img-20190513-wa00053216636555886930364.jpg\" alt=\"\" \/><\/figure>\n","protected":false},"excerpt":{"rendered":"<p>Potpredsjednik Me\u0161ihata i direktor Medrese Gazi Isa-beg, dr. Re\u0161ad ef. Plojovi\u0107, boravio je u trodnevnoj ramazanskoj posjeti, od petka 10. do nedjelje 12. maja 2019. godine, bo\u0161nja\u010dkim d\u017eematima Baden-Virtemberg regije u Njema\u010dkoj. Posjeta dr. Plojovi\u0107a je realizirana u okviru ramazanskih aktivnosti i poziva od strane rukovodstva d\u017eemata Sindelfingen, jednog od najstarijih u ovoj regiji, gdje [&hellip;]<\/p>\n","protected":false},"author":509,"featured_media":223164,"comment_status":"open","ping_status":"open","sticky":false,"template":"","format":"standard","meta":{"footnotes":""},"categories":[72,9538,802,10429],"tags":[],"class_list":{"0":"post-223153","1":"post","2":"type-post","3":"status-publish","4":"format-standard","5":"has-post-thumbnail","7":"category-novi-pazar","8":"category-njemacka-dijaspora-gradovi-vase-vijesti","9":"category-islamska_zajednica","10":"category-vazno"},"yoast_head":"<!-- This site is optimized with the Yoast SEO Premium plugin v23.1 (Yoast SEO v24.9) - https:\/\/yoast.com\/wordpress\/plugins\/seo\/ -->\n<title>Direktor Medrese u posjeti d\u017eematima u Njema\u010dkoj<\/title>\n<meta name=\"robots\" content=\"index, follow, max-snippet:-1, max-image-preview:large, max-video-preview:-1\" \/>\n<link rel=\"canonical\" href=\"https:\/\/sandzakpress.net\/arhiva\/direktor-medrese-u-posjeti-dzematima-u-njemackoj-3\/\" \/>\n<meta property=\"og:locale\" content=\"bs_BA\" \/>\n<meta property=\"og:type\" content=\"article\" \/>\n<meta property=\"og:title\" content=\"Direktor Medrese u posjeti d\u017eematima u Njema\u010dkoj\" \/>\n<meta property=\"og:description\" content=\"Potpredsjednik Me\u0161ihata i direktor Medrese Gazi Isa-beg, dr. Re\u0161ad ef. Plojovi\u0107, boravio je u trodnevnoj ramazanskoj posjeti, od petka 10. do nedjelje 12. maja 2019. godine, bo\u0161nja\u010dkim d\u017eematima Baden-Virtemberg regije u Njema\u010dkoj. Posjeta dr. Plojovi\u0107a je realizirana u okviru ramazanskih aktivnosti i poziva od strane rukovodstva d\u017eemata Sindelfingen, jednog od najstarijih u ovoj regiji, gdje [&hellip;]\" \/>\n<meta property=\"og:url\" content=\"https:\/\/sandzakpress.net\/arhiva\/direktor-medrese-u-posjeti-dzematima-u-njemackoj-3\/\" \/>\n<meta property=\"og:site_name\" content=\"Sand\u017eak PRESS\" \/>\n<meta property=\"article:published_time\" content=\"2019-05-13T12:28:43+00:00\" \/>\n<meta property=\"og:image\" content=\"https:\/\/sandzakpress.net\/arhiva\/wp-content\/uploads\/2019\/05\/img-20190513-wa00115771806461914292696-1024x554.jpg\" \/>\n\t<meta property=\"og:image:width\" content=\"1024\" \/>\n\t<meta property=\"og:image:height\" content=\"554\" \/>\n\t<meta property=\"og:image:type\" content=\"image\/jpeg\" \/>\n<meta name=\"author\" content=\"Agencija\" \/>\n<meta name=\"twitter:card\" content=\"summary_large_image\" \/>\n<meta name=\"twitter:label1\" content=\"Written by\" \/>\n\t<meta name=\"twitter:data1\" content=\"Agencija\" \/>\n\t<meta name=\"twitter:label2\" content=\"Est. reading time\" \/>\n\t<meta name=\"twitter:data2\" content=\"1 minuta\" \/>\n<script type=\"application\/ld+json\" class=\"yoast-schema-graph\">{\"@context\":\"https:\/\/schema.org\",\"@graph\":[{\"@type\":\"Article\",\"@id\":\"https:\/\/sandzakpress.net\/arhiva\/direktor-medrese-u-posjeti-dzematima-u-njemackoj-3\/#article\",\"isPartOf\":{\"@id\":\"https:\/\/sandzakpress.net\/arhiva\/direktor-medrese-u-posjeti-dzematima-u-njemackoj-3\/\"},\"author\":{\"name\":\"Agencija\",\"@id\":\"https:\/\/sandzakpress.net\/arhiva\/#\/schema\/person\/cb59d7e3ab91ab90dd680ad0305a6185\"},\"headline\":\"Direktor Medrese u posjeti d\u017eematima u Njema\u010dkoj\",\"datePublished\":\"2019-05-13T12:28:43+00:00\",\"mainEntityOfPage\":{\"@id\":\"https:\/\/sandzakpress.net\/arhiva\/direktor-medrese-u-posjeti-dzematima-u-njemackoj-3\/\"},\"wordCount\":292,\"commentCount\":2,\"publisher\":{\"@id\":\"https:\/\/sandzakpress.net\/arhiva\/#\/schema\/person\/6e72b67d6e51910a1117b3b483ba20bd\"},\"image\":{\"@id\":\"https:\/\/sandzakpress.net\/arhiva\/direktor-medrese-u-posjeti-dzematima-u-njemackoj-3\/#primaryimage\"},\"thumbnailUrl\":\"https:\/\/sandzakpress.net\/arhiva\/wp-content\/uploads\/2019\/05\/img-20190513-wa00115771806461914292696-1024x554.jpg\",\"articleSection\":[\"Novi Pazar\",\"Njema\u010dka\",\"Islamska zajednica\",\"VA\u017dNO!\"],\"inLanguage\":\"bs-BA\",\"potentialAction\":[{\"@type\":\"CommentAction\",\"name\":\"Comment\",\"target\":[\"https:\/\/sandzakpress.net\/arhiva\/direktor-medrese-u-posjeti-dzematima-u-njemackoj-3\/#respond\"]}]},{\"@type\":\"WebPage\",\"@id\":\"https:\/\/sandzakpress.net\/arhiva\/direktor-medrese-u-posjeti-dzematima-u-njemackoj-3\/\",\"url\":\"https:\/\/sandzakpress.net\/arhiva\/direktor-medrese-u-posjeti-dzematima-u-njemackoj-3\/\",\"name\":\"Direktor Medrese u posjeti d\u017eematima u Njema\u010dkoj\",\"isPartOf\":{\"@id\":\"https:\/\/sandzakpress.net\/arhiva\/#website\"},\"primaryImageOfPage\":{\"@id\":\"https:\/\/sandzakpress.net\/arhiva\/direktor-medrese-u-posjeti-dzematima-u-njemackoj-3\/#primaryimage\"},\"image\":{\"@id\":\"https:\/\/sandzakpress.net\/arhiva\/direktor-medrese-u-posjeti-dzematima-u-njemackoj-3\/#primaryimage\"},\"thumbnailUrl\":\"https:\/\/sandzakpress.net\/arhiva\/wp-content\/uploads\/2019\/05\/img-20190513-wa00115771806461914292696-1024x554.jpg\",\"datePublished\":\"2019-05-13T12:28:43+00:00\",\"breadcrumb\":{\"@id\":\"https:\/\/sandzakpress.net\/arhiva\/direktor-medrese-u-posjeti-dzematima-u-njemackoj-3\/#breadcrumb\"},\"inLanguage\":\"bs-BA\",\"potentialAction\":[{\"@type\":\"ReadAction\",\"target\":[\"https:\/\/sandzakpress.net\/arhiva\/direktor-medrese-u-posjeti-dzematima-u-njemackoj-3\/\"]}]},{\"@type\":\"ImageObject\",\"inLanguage\":\"bs-BA\",\"@id\":\"https:\/\/sandzakpress.net\/arhiva\/direktor-medrese-u-posjeti-dzematima-u-njemackoj-3\/#primaryimage\",\"url\":\"https:\/\/sandzakpress.net\/arhiva\/wp-content\/uploads\/2019\/05\/img-20190513-wa00115771806461914292696-1024x554.jpg\",\"contentUrl\":\"https:\/\/sandzakpress.net\/arhiva\/wp-content\/uploads\/2019\/05\/img-20190513-wa00115771806461914292696-1024x554.jpg\",\"width\":1024,\"height\":554},{\"@type\":\"BreadcrumbList\",\"@id\":\"https:\/\/sandzakpress.net\/arhiva\/direktor-medrese-u-posjeti-dzematima-u-njemackoj-3\/#breadcrumb\",\"itemListElement\":[{\"@type\":\"ListItem\",\"position\":1,\"name\":\"Home\",\"item\":\"https:\/\/sandzakpress.net\/arhiva\/\"},{\"@type\":\"ListItem\",\"position\":2,\"name\":\"Direktor Medrese u posjeti d\u017eematima u Njema\u010dkoj\"}]},{\"@type\":\"WebSite\",\"@id\":\"https:\/\/sandzakpress.net\/arhiva\/#website\",\"url\":\"https:\/\/sandzakpress.net\/arhiva\/\",\"name\":\"Sand\u017eak PRESS\",\"description\":\"Prve elektronske novine u Sand\u017eaku\",\"publisher\":{\"@id\":\"https:\/\/sandzakpress.net\/arhiva\/#\/schema\/person\/6e72b67d6e51910a1117b3b483ba20bd\"},\"potentialAction\":[{\"@type\":\"SearchAction\",\"target\":{\"@type\":\"EntryPoint\",\"urlTemplate\":\"https:\/\/sandzakpress.net\/arhiva\/?s={search_term_string}\"},\"query-input\":{\"@type\":\"PropertyValueSpecification\",\"valueRequired\":true,\"valueName\":\"search_term_string\"}}],\"inLanguage\":\"bs-BA\"},{\"@type\":[\"Person\",\"Organization\"],\"@id\":\"https:\/\/sandzakpress.net\/arhiva\/#\/schema\/person\/6e72b67d6e51910a1117b3b483ba20bd\",\"name\":\"Kul\",\"image\":{\"@type\":\"ImageObject\",\"inLanguage\":\"bs-BA\",\"@id\":\"https:\/\/sandzakpress.net\/arhiva\/#\/schema\/person\/image\/\",\"url\":\"https:\/\/secure.gravatar.com\/avatar\/42263f39aa27ac04c43cab85c280eb2e?s=96&d=mm&r=pg\",\"contentUrl\":\"https:\/\/secure.gravatar.com\/avatar\/42263f39aa27ac04c43cab85c280eb2e?s=96&d=mm&r=pg\",\"caption\":\"Kul\"},\"logo\":{\"@id\":\"https:\/\/sandzakpress.net\/arhiva\/#\/schema\/person\/image\/\"}},{\"@type\":\"Person\",\"@id\":\"https:\/\/sandzakpress.net\/arhiva\/#\/schema\/person\/cb59d7e3ab91ab90dd680ad0305a6185\",\"name\":\"Agencija\",\"image\":{\"@type\":\"ImageObject\",\"inLanguage\":\"bs-BA\",\"@id\":\"https:\/\/sandzakpress.net\/arhiva\/#\/schema\/person\/image\/\",\"url\":\"https:\/\/secure.gravatar.com\/avatar\/4b7fafa80a22f0c2afe23966b3961fe0?s=96&d=mm&r=pg\",\"contentUrl\":\"https:\/\/secure.gravatar.com\/avatar\/4b7fafa80a22f0c2afe23966b3961fe0?s=96&d=mm&r=pg\",\"caption\":\"Agencija\"},\"url\":\"https:\/\/sandzakpress.net\/arhiva\/author\/agencija\/\"}]}<\/script>\n<!-- \/ Yoast SEO Premium plugin. -->","yoast_head_json":{"title":"Direktor Medrese u posjeti d\u017eematima u Njema\u010dkoj","robots":{"index":"index","follow":"follow","max-snippet":"max-snippet:-1","max-image-preview":"max-image-preview:large","max-video-preview":"max-video-preview:-1"},"canonical":"https:\/\/sandzakpress.net\/arhiva\/direktor-medrese-u-posjeti-dzematima-u-njemackoj-3\/","og_locale":"bs_BA","og_type":"article","og_title":"Direktor Medrese u posjeti d\u017eematima u Njema\u010dkoj","og_description":"Potpredsjednik Me\u0161ihata i direktor Medrese Gazi Isa-beg, dr. Re\u0161ad ef. Plojovi\u0107, boravio je u trodnevnoj ramazanskoj posjeti, od petka 10. do nedjelje 12. maja 2019. godine, bo\u0161nja\u010dkim d\u017eematima Baden-Virtemberg regije u Njema\u010dkoj. Posjeta dr. Plojovi\u0107a je realizirana u okviru ramazanskih aktivnosti i poziva od strane rukovodstva d\u017eemata Sindelfingen, jednog od najstarijih u ovoj regiji, gdje [&hellip;]","og_url":"https:\/\/sandzakpress.net\/arhiva\/direktor-medrese-u-posjeti-dzematima-u-njemackoj-3\/","og_site_name":"Sand\u017eak PRESS","article_published_time":"2019-05-13T12:28:43+00:00","og_image":[{"width":1024,"height":554,"url":"https:\/\/sandzakpress.net\/arhiva\/wp-content\/uploads\/2019\/05\/img-20190513-wa00115771806461914292696-1024x554.jpg","type":"image\/jpeg"}],"author":"Agencija","twitter_card":"summary_large_image","twitter_misc":{"Written by":"Agencija","Est. reading time":"1 minuta"},"schema":{"@context":"https:\/\/schema.org","@graph":[{"@type":"Article","@id":"https:\/\/sandzakpress.net\/arhiva\/direktor-medrese-u-posjeti-dzematima-u-njemackoj-3\/#article","isPartOf":{"@id":"https:\/\/sandzakpress.net\/arhiva\/direktor-medrese-u-posjeti-dzematima-u-njemackoj-3\/"},"author":{"name":"Agencija","@id":"https:\/\/sandzakpress.net\/arhiva\/#\/schema\/person\/cb59d7e3ab91ab90dd680ad0305a6185"},"headline":"Direktor Medrese u posjeti d\u017eematima u Njema\u010dkoj","datePublished":"2019-05-13T12:28:43+00:00","mainEntityOfPage":{"@id":"https:\/\/sandzakpress.net\/arhiva\/direktor-medrese-u-posjeti-dzematima-u-njemackoj-3\/"},"wordCount":292,"commentCount":2,"publisher":{"@id":"https:\/\/sandzakpress.net\/arhiva\/#\/schema\/person\/6e72b67d6e51910a1117b3b483ba20bd"},"image":{"@id":"https:\/\/sandzakpress.net\/arhiva\/direktor-medrese-u-posjeti-dzematima-u-njemackoj-3\/#primaryimage"},"thumbnailUrl":"https:\/\/sandzakpress.net\/arhiva\/wp-content\/uploads\/2019\/05\/img-20190513-wa00115771806461914292696-1024x554.jpg","articleSection":["Novi Pazar","Njema\u010dka","Islamska zajednica","VA\u017dNO!"],"inLanguage":"bs-BA","potentialAction":[{"@type":"CommentAction","name":"Comment","target":["https:\/\/sandzakpress.net\/arhiva\/direktor-medrese-u-posjeti-dzematima-u-njemackoj-3\/#respond"]}]},{"@type":"WebPage","@id":"https:\/\/sandzakpress.net\/arhiva\/direktor-medrese-u-posjeti-dzematima-u-njemackoj-3\/","url":"https:\/\/sandzakpress.net\/arhiva\/direktor-medrese-u-posjeti-dzematima-u-njemackoj-3\/","name":"Direktor Medrese u posjeti d\u017eematima u Njema\u010dkoj","isPartOf":{"@id":"https:\/\/sandzakpress.net\/arhiva\/#website"},"primaryImageOfPage":{"@id":"https:\/\/sandzakpress.net\/arhiva\/direktor-medrese-u-posjeti-dzematima-u-njemackoj-3\/#primaryimage"},"image":{"@id":"https:\/\/sandzakpress.net\/arhiva\/direktor-medrese-u-posjeti-dzematima-u-njemackoj-3\/#primaryimage"},"thumbnailUrl":"https:\/\/sandzakpress.net\/arhiva\/wp-content\/uploads\/2019\/05\/img-20190513-wa00115771806461914292696-1024x554.jpg","datePublished":"2019-05-13T12:28:43+00:00","breadcrumb":{"@id":"https:\/\/sandzakpress.net\/arhiva\/direktor-medrese-u-posjeti-dzematima-u-njemackoj-3\/#breadcrumb"},"inLanguage":"bs-BA","potentialAction":[{"@type":"ReadAction","target":["https:\/\/sandzakpress.net\/arhiva\/direktor-medrese-u-posjeti-dzematima-u-njemackoj-3\/"]}]},{"@type":"ImageObject","inLanguage":"bs-BA","@id":"https:\/\/sandzakpress.net\/arhiva\/direktor-medrese-u-posjeti-dzematima-u-njemackoj-3\/#primaryimage","url":"https:\/\/sandzakpress.net\/arhiva\/wp-content\/uploads\/2019\/05\/img-20190513-wa00115771806461914292696-1024x554.jpg","contentUrl":"https:\/\/sandzakpress.net\/arhiva\/wp-content\/uploads\/2019\/05\/img-20190513-wa00115771806461914292696-1024x554.jpg","width":1024,"height":554},{"@type":"BreadcrumbList","@id":"https:\/\/sandzakpress.net\/arhiva\/direktor-medrese-u-posjeti-dzematima-u-njemackoj-3\/#breadcrumb","itemListElement":[{"@type":"ListItem","position":1,"name":"Home","item":"https:\/\/sandzakpress.net\/arhiva\/"},{"@type":"ListItem","position":2,"name":"Direktor Medrese u posjeti d\u017eematima u Njema\u010dkoj"}]},{"@type":"WebSite","@id":"https:\/\/sandzakpress.net\/arhiva\/#website","url":"https:\/\/sandzakpress.net\/arhiva\/","name":"Sand\u017eak PRESS","description":"Prve elektronske novine u Sand\u017eaku","publisher":{"@id":"https:\/\/sandzakpress.net\/arhiva\/#\/schema\/person\/6e72b67d6e51910a1117b3b483ba20bd"},"potentialAction":[{"@type":"SearchAction","target":{"@type":"EntryPoint","urlTemplate":"https:\/\/sandzakpress.net\/arhiva\/?s={search_term_string}"},"query-input":{"@type":"PropertyValueSpecification","valueRequired":true,"valueName":"search_term_string"}}],"inLanguage":"bs-BA"},{"@type":["Person","Organization"],"@id":"https:\/\/sandzakpress.net\/arhiva\/#\/schema\/person\/6e72b67d6e51910a1117b3b483ba20bd","name":"Kul","image":{"@type":"ImageObject","inLanguage":"bs-BA","@id":"https:\/\/sandzakpress.net\/arhiva\/#\/schema\/person\/image\/","url":"https:\/\/secure.gravatar.com\/avatar\/42263f39aa27ac04c43cab85c280eb2e?s=96&d=mm&r=pg","contentUrl":"https:\/\/secure.gravatar.com\/avatar\/42263f39aa27ac04c43cab85c280eb2e?s=96&d=mm&r=pg","caption":"Kul"},"logo":{"@id":"https:\/\/sandzakpress.net\/arhiva\/#\/schema\/person\/image\/"}},{"@type":"Person","@id":"https:\/\/sandzakpress.net\/arhiva\/#\/schema\/person\/cb59d7e3ab91ab90dd680ad0305a6185","name":"Agencija","image":{"@type":"ImageObject","inLanguage":"bs-BA","@id":"https:\/\/sandzakpress.net\/arhiva\/#\/schema\/person\/image\/","url":"https:\/\/secure.gravatar.com\/avatar\/4b7fafa80a22f0c2afe23966b3961fe0?s=96&d=mm&r=pg","contentUrl":"https:\/\/secure.gravatar.com\/avatar\/4b7fafa80a22f0c2afe23966b3961fe0?s=96&d=mm&r=pg","caption":"Agencija"},"url":"https:\/\/sandzakpress.net\/arhiva\/author\/agencija\/"}]}},"_links":{"self":[{"href":"https:\/\/sandzakpress.net\/arhiva\/wp-json\/wp\/v2\/posts\/223153"}],"collection":[{"href":"https:\/\/sandzakpress.net\/arhiva\/wp-json\/wp\/v2\/posts"}],"about":[{"href":"https:\/\/sandzakpress.net\/arhiva\/wp-json\/wp\/v2\/types\/post"}],"author":[{"embeddable":true,"href":"https:\/\/sandzakpress.net\/arhiva\/wp-json\/wp\/v2\/users\/509"}],"replies":[{"embeddable":true,"href":"https:\/\/sandzakpress.net\/arhiva\/wp-json\/wp\/v2\/comments?post=223153"}],"version-history":[{"count":0,"href":"https:\/\/sandzakpress.net\/arhiva\/wp-json\/wp\/v2\/posts\/223153\/revisions"}],"wp:featuredmedia":[{"embeddable":true,"href":"https:\/\/sandzakpress.net\/arhiva\/wp-json\/wp\/v2\/media\/223164"}],"wp:attachment":[{"href":"https:\/\/sandzakpress.net\/arhiva\/wp-json\/wp\/v2\/media?parent=223153"}],"wp:term":[{"taxonomy":"category","embeddable":true,"href":"https:\/\/sandzakpress.net\/arhiva\/wp-json\/wp\/v2\/categories?post=223153"},{"taxonomy":"post_tag","embeddable":true,"href":"https:\/\/sandzakpress.net\/arhiva\/wp-json\/wp\/v2\/tags?post=223153"}],"curies":[{"name":"wp","href":"https:\/\/api.w.org\/{rel}","templated":true}]}}