{"id":223118,"date":"2019-05-12T01:58:31","date_gmt":"2019-05-11T23:58:31","guid":{"rendered":"https:\/\/sandzakpress.net\/arhiva\/najmladji-hafiz-u-hercegovini-abdullah-zeli-postati-kura-hafiz-i-poducavati-druge-ucenju-kurana"},"modified":"2019-05-12T01:58:31","modified_gmt":"2019-05-11T23:58:31","slug":"najmladji-hafiz-u-hercegovini-abdullah-zeli-postati-kura-hafiz-i-poducavati-druge-ucenju-kurana","status":"publish","type":"post","link":"https:\/\/sandzakpress.net\/arhiva\/najmladji-hafiz-u-hercegovini-abdullah-zeli-postati-kura-hafiz-i-poducavati-druge-ucenju-kurana\/","title":{"rendered":"Najmla\u0111i hafiz u Hercegovini: Abdullah \u017eeli postati kura hafiz i podu\u010davati druge u\u010denju Kur\u2019ana"},"content":{"rendered":"<p><span class=\"cb-itemprop\"><\/p>\n<p><img decoding=\"async\" src=\"http:\/\/saff.ba\/wp-content\/uploads\/2019\/05\/Screenshot-2019-05-11-at-11.08.30.jpg\" \/><\/p>\n<p><strong>Autor: Faktor.ba<\/strong><\/p>\n<div class=\"td-a-rec td-a-rec-id-content_inlineright  td-rec-hide-on-p td_uid_2_5cd74f963febe_rand td_block_template_1\">\n<div id=\"gpt_unit_\/6485410\/adxp_Saff_300x250_3\" data-google-query-id=\"CMbA9InXlOICFY2sdwod-L8HHA\">\n<div id=\"google_ads_iframe_\/6485410\/adxp_Saff_300x250_3__container__\"><strong>Abdullah Tabakovi\u0107 iz Mostara dokaz je da je mogu\u0107e, ako ima volje, vjere, ako ima ustrajnosti, podr\u0161ke i odlu\u010dnosti i u trinaestoj godini \u017eivota, posti\u0107i velike rezultate.<\/strong><\/div>\n<\/div>\n<\/div>\n<p>Naime, u d\u017eamiji \u201cBosanski mud\u017eahidi\u201d u Sjevernom logoru prou\u010dio je zavr\u0161ne ajete iz Kur&#8217;ana te na taj na\u010din napamet prou\u010dio cijeli Kur&#8217;an pred Komisijom za hifz Rijaseta Islamske zajednice u BiH.<\/p>\n<p>Abdullah je time slu\u017ebeno u trinaestoj godini postao najmla\u0111i hafiz u Hercegovini. Bile su mu potrebne tri godine.<\/p>\n<p>Ustvari, kako pri\u010da Abdullah za Faktor.ba, te\u0161ko je odrediti kada je ta\u010dno po\u010deo proces u\u010denja hifza. Sve je krenulo spontano. Dok je promatrao oca i majku kako u\u010de Kur&#8217;an, u njemu se probudila \u017eelja.<\/p>\n<p>U svojoj desetoj godini, pred kura hafizom Arminom Abazom po\u010deo je u\u010diti 30-ti d\u017euz , suru En-Nebe. Prou\u010div\u0161i je te\u010dno pred hafizom, dobio je zeleno svjetlo da mo\u017ee nastaviti u\u010diti. Na \u010dasove je i\u0161ao dva puta sedmi\u010dno.<\/p>\n<p>\u2013 Prvo sam po\u010deo s ajetom, pa pet reda, pa pola stranice a potom sam pre\u0161ao na stranicu. Tri godine mi je trebalo da nau\u010dim \u2013 pri\u010da hafiz Abdullah.<\/p>\n<p>Ka\u017ee da je u procesu u\u010denja bilo pote\u0161ko\u0107a, da se pojedini dijelovi te\u017ee u\u010de, i tra\u017ee vi\u0161e vremena.<\/p>\n<p>\u2013 Kada mi je bilo te\u0161ko roditelji su mi pomagali-dodaje. Neke stranice je ponavljao i vi\u0161e puta.<\/p>\n<p>Put je bio prepun isku\u0161enja, odricanja ali i slasti koju donosi krajnji ishod.<\/p>\n<p>\u2013 Osje\u0107am se lijepo i ponosno. Velika je to odgovornost, jer treba ponavljati Kur&#8217;an svaki dan- nastavlja hafiz Abdullah, koji Kur&#8217;an u\u010di s lako\u0107om i bez gre\u0161aka. Isti\u010de kako bi svakom djetetu preporu\u010dio.<\/p>\n<p>Uspijevao je u\u010diti hifz i u \u0161koli pri tom biti vrlo dobar u\u010denik. Imao je vremena i za turski jezik, a uz sve to ni sportske aktivnosti nije zapostavljao. Omiljeni sport mu je karate koji trenira ve\u0107 du\u017ee vrijeme.<\/p>\n<p>U\u010destvovao je na brojnim takmi\u010denjima u\u010denja Kur\u2019ana organiziranim za njegovu starosnu dob. Zapa\u017eene rezultate ostvario je i na mektepskim takmi\u010denjima. Osvojio je prvo mjesto na takmi\u010denju Med\u017elisa IZ-e Mostar u kategoriji kiraeta stariji uzrast, a na nivou Muftijstva osvojio je drugo mjesto. Klju\u010d je ka\u017ee, dobro rasporediti vrijeme.<\/p>\n<p>\u2013 Kada ne\u0161to \u017eeli\u0161 i trudi\u0161 se da to uspije, uz Allahovu pomo\u0107, tako i bude \u2013 isti\u010de.<\/p>\n<p>Iako je sve obaveze prilago\u0111avao svetoj knjizi, pa i \u0161kolske raspuste posve\u0107ivao ponavljanju Kur&#8217;ana i za igru s prijateljima uvijek je nalazio vremena. Od Osnovne \u0161kole Zalik, i svojih vr\u0161njak \u0107e se brzo oprostiti, te putanju nastaviti u redovima Kara\u0111oz-begove medrese u Mostaru.<\/p>\n<p>Ka\u017ee da bi volio postati kura hafiz i podu\u010davati druge \u010ditanju i u\u010denju Kur&#8217;ana. S obzirom na to da hafiz zna\u010di \u010duvar Kur&#8217;ana, nastojat \u0107e, redovnim ponavljanjem ovu Knjigu \u010duvati od zaborava.<\/p>\n<p>Otkriva nam i da je sa velikim nestrpljenjem i\u0161\u010dekivao mjesec ramazan. Kada se upale kandilji na d\u017eamijama, te za\u010duje zvuk topa, znak da su muslimani tog dana zavr\u0161ili s postom te da po\u010dinje iftar, u njemu tvrdi budi posebnu radost.<\/p>\n<p>S devet godina je prvi put zapostio, a pro\u0161le godine je prvi put ispostio cijeli ramazan.<\/p>\n<p>\u2013 Radujem se kada znam da sam prepostio jo\u0161 jedan dan. Radujem se zajedni\u010dkim iftarima s porodicom, odlasku na teraviju te u\u010denju mukabele. Posebno se lijepo osje\u0107am u ramazanu \u2013 govori hafiz Abdullah.<\/p>\n<p>Uz pritajeni smije\u0161ak nam otkriva da bude dana kada o\u017eedni, rijetko kada ogladni, no nekako izdr\u017ei do omiljenog zvuka topa. Tvrdi i kako nije izbirljiv za iftarskom i sehurskom trpezom, voli sve \u0161to majko kuha, a posebno to \u0161to porodica jede zajedno.<\/p>\n<p>U u\u017eoj porodici Abdullah ima jo\u0161 dvije mla\u0111e sestre Rejhanu i Zejneb i mla\u0111eg brata Ahmeda.<\/p>\n<p>(faktor.ba)<\/p>\n<p><\/span><br \/>\nPogledajte vijest na izvornom sajtu:<\/p>\n<p><a href=\"https:\/\/islampress.net\/45065\/najmladji-hafiz-u-hercegovini-abdullah-zeli-postati-kura-hafiz-i-poducavati-druge-ucenju-kurana\/\" target=\"_blank\">Najmla\u0111i hafiz u Hercegovini: Abdullah \u017eeli postati kura hafiz i podu\u010davati druge u\u010denju Kur\u2019ana<\/a><\/p>\n","protected":false},"excerpt":{"rendered":"<p>Autor: Faktor.ba Abdullah Tabakovi\u0107 iz Mostara dokaz je da je mogu\u0107e, ako ima volje, vjere, ako ima ustrajnosti, podr\u0161ke i odlu\u010dnosti i u trinaestoj godini \u017eivota, posti\u0107i velike rezultate. Naime, u d\u017eamiji \u201cBosanski mud\u017eahidi\u201d u Sjevernom logoru prou\u010dio je zavr\u0161ne ajete iz Kur&#8217;ana te na taj na\u010din napamet prou\u010dio cijeli Kur&#8217;an pred Komisijom za hifz [&hellip;]<\/p>\n","protected":false},"author":83,"featured_media":223119,"comment_status":"open","ping_status":"open","sticky":false,"template":"","format":"standard","meta":{"footnotes":""},"categories":[10514],"tags":[10516],"class_list":{"0":"post-223118","1":"post","2":"type-post","3":"status-publish","4":"format-standard","5":"has-post-thumbnail","7":"category-islam-press","8":"tag-islam"},"yoast_head":"<!-- This site is optimized with the Yoast SEO Premium plugin v23.1 (Yoast SEO v24.9) - https:\/\/yoast.com\/wordpress\/plugins\/seo\/ -->\n<title>Najmla\u0111i hafiz u Hercegovini: Abdullah \u017eeli postati kura hafiz i podu\u010davati druge u\u010denju Kur\u2019ana<\/title>\n<meta name=\"robots\" content=\"index, follow, max-snippet:-1, max-image-preview:large, max-video-preview:-1\" \/>\n<link rel=\"canonical\" href=\"https:\/\/sandzakpress.net\/arhiva\/najmladji-hafiz-u-hercegovini-abdullah-zeli-postati-kura-hafiz-i-poducavati-druge-ucenju-kurana\/\" \/>\n<meta property=\"og:locale\" content=\"bs_BA\" \/>\n<meta property=\"og:type\" content=\"article\" \/>\n<meta property=\"og:title\" content=\"Najmla\u0111i hafiz u Hercegovini: Abdullah \u017eeli postati kura hafiz i podu\u010davati druge u\u010denju Kur\u2019ana\" \/>\n<meta property=\"og:description\" content=\"Autor: Faktor.ba Abdullah Tabakovi\u0107 iz Mostara dokaz je da je mogu\u0107e, ako ima volje, vjere, ako ima ustrajnosti, podr\u0161ke i odlu\u010dnosti i u trinaestoj godini \u017eivota, posti\u0107i velike rezultate. Naime, u d\u017eamiji \u201cBosanski mud\u017eahidi\u201d u Sjevernom logoru prou\u010dio je zavr\u0161ne ajete iz Kur&#8217;ana te na taj na\u010din napamet prou\u010dio cijeli Kur&#8217;an pred Komisijom za hifz [&hellip;]\" \/>\n<meta property=\"og:url\" content=\"https:\/\/sandzakpress.net\/arhiva\/najmladji-hafiz-u-hercegovini-abdullah-zeli-postati-kura-hafiz-i-poducavati-druge-ucenju-kurana\/\" \/>\n<meta property=\"og:site_name\" content=\"Sand\u017eak PRESS\" \/>\n<meta property=\"article:published_time\" content=\"2019-05-11T23:58:31+00:00\" \/>\n<meta property=\"og:image\" content=\"https:\/\/sandzakpress.net\/arhiva\/wp-content\/uploads\/2019\/05\/Screenshot-2019-05-11-at-11.08.30.jpg\" \/>\n\t<meta property=\"og:image:width\" content=\"600\" \/>\n\t<meta property=\"og:image:height\" content=\"370\" \/>\n\t<meta property=\"og:image:type\" content=\"image\/jpeg\" \/>\n<meta name=\"author\" content=\"bosniak\" \/>\n<meta name=\"twitter:card\" content=\"summary_large_image\" \/>\n<meta name=\"twitter:label1\" content=\"Written by\" \/>\n\t<meta name=\"twitter:data1\" content=\"bosniak\" \/>\n\t<meta name=\"twitter:label2\" content=\"Est. reading time\" \/>\n\t<meta name=\"twitter:data2\" content=\"3 minute\" \/>\n<script type=\"application\/ld+json\" class=\"yoast-schema-graph\">{\"@context\":\"https:\/\/schema.org\",\"@graph\":[{\"@type\":\"Article\",\"@id\":\"https:\/\/sandzakpress.net\/arhiva\/najmladji-hafiz-u-hercegovini-abdullah-zeli-postati-kura-hafiz-i-poducavati-druge-ucenju-kurana\/#article\",\"isPartOf\":{\"@id\":\"https:\/\/sandzakpress.net\/arhiva\/najmladji-hafiz-u-hercegovini-abdullah-zeli-postati-kura-hafiz-i-poducavati-druge-ucenju-kurana\/\"},\"author\":{\"name\":\"bosniak\",\"@id\":\"https:\/\/sandzakpress.net\/arhiva\/#\/schema\/person\/c8baee722073534b583ea7bdb2e36c02\"},\"headline\":\"Najmla\u0111i hafiz u Hercegovini: Abdullah \u017eeli postati kura hafiz i podu\u010davati druge u\u010denju Kur\u2019ana\",\"datePublished\":\"2019-05-11T23:58:31+00:00\",\"mainEntityOfPage\":{\"@id\":\"https:\/\/sandzakpress.net\/arhiva\/najmladji-hafiz-u-hercegovini-abdullah-zeli-postati-kura-hafiz-i-poducavati-druge-ucenju-kurana\/\"},\"wordCount\":716,\"commentCount\":0,\"publisher\":{\"@id\":\"https:\/\/sandzakpress.net\/arhiva\/#\/schema\/person\/6e72b67d6e51910a1117b3b483ba20bd\"},\"image\":{\"@id\":\"https:\/\/sandzakpress.net\/arhiva\/najmladji-hafiz-u-hercegovini-abdullah-zeli-postati-kura-hafiz-i-poducavati-druge-ucenju-kurana\/#primaryimage\"},\"thumbnailUrl\":\"https:\/\/sandzakpress.net\/arhiva\/wp-content\/uploads\/2019\/05\/Screenshot-2019-05-11-at-11.08.30.jpg\",\"keywords\":[\"Islam\"],\"articleSection\":[\"Islam PRESS\"],\"inLanguage\":\"bs-BA\",\"potentialAction\":[{\"@type\":\"CommentAction\",\"name\":\"Comment\",\"target\":[\"https:\/\/sandzakpress.net\/arhiva\/najmladji-hafiz-u-hercegovini-abdullah-zeli-postati-kura-hafiz-i-poducavati-druge-ucenju-kurana\/#respond\"]}]},{\"@type\":\"WebPage\",\"@id\":\"https:\/\/sandzakpress.net\/arhiva\/najmladji-hafiz-u-hercegovini-abdullah-zeli-postati-kura-hafiz-i-poducavati-druge-ucenju-kurana\/\",\"url\":\"https:\/\/sandzakpress.net\/arhiva\/najmladji-hafiz-u-hercegovini-abdullah-zeli-postati-kura-hafiz-i-poducavati-druge-ucenju-kurana\/\",\"name\":\"Najmla\u0111i hafiz u Hercegovini: Abdullah \u017eeli postati kura hafiz i podu\u010davati druge u\u010denju Kur\u2019ana\",\"isPartOf\":{\"@id\":\"https:\/\/sandzakpress.net\/arhiva\/#website\"},\"primaryImageOfPage\":{\"@id\":\"https:\/\/sandzakpress.net\/arhiva\/najmladji-hafiz-u-hercegovini-abdullah-zeli-postati-kura-hafiz-i-poducavati-druge-ucenju-kurana\/#primaryimage\"},\"image\":{\"@id\":\"https:\/\/sandzakpress.net\/arhiva\/najmladji-hafiz-u-hercegovini-abdullah-zeli-postati-kura-hafiz-i-poducavati-druge-ucenju-kurana\/#primaryimage\"},\"thumbnailUrl\":\"https:\/\/sandzakpress.net\/arhiva\/wp-content\/uploads\/2019\/05\/Screenshot-2019-05-11-at-11.08.30.jpg\",\"datePublished\":\"2019-05-11T23:58:31+00:00\",\"breadcrumb\":{\"@id\":\"https:\/\/sandzakpress.net\/arhiva\/najmladji-hafiz-u-hercegovini-abdullah-zeli-postati-kura-hafiz-i-poducavati-druge-ucenju-kurana\/#breadcrumb\"},\"inLanguage\":\"bs-BA\",\"potentialAction\":[{\"@type\":\"ReadAction\",\"target\":[\"https:\/\/sandzakpress.net\/arhiva\/najmladji-hafiz-u-hercegovini-abdullah-zeli-postati-kura-hafiz-i-poducavati-druge-ucenju-kurana\/\"]}]},{\"@type\":\"ImageObject\",\"inLanguage\":\"bs-BA\",\"@id\":\"https:\/\/sandzakpress.net\/arhiva\/najmladji-hafiz-u-hercegovini-abdullah-zeli-postati-kura-hafiz-i-poducavati-druge-ucenju-kurana\/#primaryimage\",\"url\":\"https:\/\/sandzakpress.net\/arhiva\/wp-content\/uploads\/2019\/05\/Screenshot-2019-05-11-at-11.08.30.jpg\",\"contentUrl\":\"https:\/\/sandzakpress.net\/arhiva\/wp-content\/uploads\/2019\/05\/Screenshot-2019-05-11-at-11.08.30.jpg\",\"width\":600,\"height\":370},{\"@type\":\"BreadcrumbList\",\"@id\":\"https:\/\/sandzakpress.net\/arhiva\/najmladji-hafiz-u-hercegovini-abdullah-zeli-postati-kura-hafiz-i-poducavati-druge-ucenju-kurana\/#breadcrumb\",\"itemListElement\":[{\"@type\":\"ListItem\",\"position\":1,\"name\":\"Home\",\"item\":\"https:\/\/sandzakpress.net\/arhiva\/\"},{\"@type\":\"ListItem\",\"position\":2,\"name\":\"Najmla\u0111i hafiz u Hercegovini: Abdullah \u017eeli postati kura hafiz i podu\u010davati druge u\u010denju Kur\u2019ana\"}]},{\"@type\":\"WebSite\",\"@id\":\"https:\/\/sandzakpress.net\/arhiva\/#website\",\"url\":\"https:\/\/sandzakpress.net\/arhiva\/\",\"name\":\"Sand\u017eak PRESS\",\"description\":\"Prve elektronske novine u Sand\u017eaku\",\"publisher\":{\"@id\":\"https:\/\/sandzakpress.net\/arhiva\/#\/schema\/person\/6e72b67d6e51910a1117b3b483ba20bd\"},\"potentialAction\":[{\"@type\":\"SearchAction\",\"target\":{\"@type\":\"EntryPoint\",\"urlTemplate\":\"https:\/\/sandzakpress.net\/arhiva\/?s={search_term_string}\"},\"query-input\":{\"@type\":\"PropertyValueSpecification\",\"valueRequired\":true,\"valueName\":\"search_term_string\"}}],\"inLanguage\":\"bs-BA\"},{\"@type\":[\"Person\",\"Organization\"],\"@id\":\"https:\/\/sandzakpress.net\/arhiva\/#\/schema\/person\/6e72b67d6e51910a1117b3b483ba20bd\",\"name\":\"Kul\",\"image\":{\"@type\":\"ImageObject\",\"inLanguage\":\"bs-BA\",\"@id\":\"https:\/\/sandzakpress.net\/arhiva\/#\/schema\/person\/image\/\",\"url\":\"https:\/\/secure.gravatar.com\/avatar\/42263f39aa27ac04c43cab85c280eb2e?s=96&d=mm&r=pg\",\"contentUrl\":\"https:\/\/secure.gravatar.com\/avatar\/42263f39aa27ac04c43cab85c280eb2e?s=96&d=mm&r=pg\",\"caption\":\"Kul\"},\"logo\":{\"@id\":\"https:\/\/sandzakpress.net\/arhiva\/#\/schema\/person\/image\/\"}},{\"@type\":\"Person\",\"@id\":\"https:\/\/sandzakpress.net\/arhiva\/#\/schema\/person\/c8baee722073534b583ea7bdb2e36c02\",\"name\":\"bosniak\",\"image\":{\"@type\":\"ImageObject\",\"inLanguage\":\"bs-BA\",\"@id\":\"https:\/\/sandzakpress.net\/arhiva\/#\/schema\/person\/image\/\",\"url\":\"https:\/\/secure.gravatar.com\/avatar\/a04fd330bfe3a36a72a0ad4a6d89fca7?s=96&d=mm&r=pg\",\"contentUrl\":\"https:\/\/secure.gravatar.com\/avatar\/a04fd330bfe3a36a72a0ad4a6d89fca7?s=96&d=mm&r=pg\",\"caption\":\"bosniak\"},\"url\":\"https:\/\/sandzakpress.net\/arhiva\/author\/bosniak\/\"}]}<\/script>\n<!-- \/ Yoast SEO Premium plugin. -->","yoast_head_json":{"title":"Najmla\u0111i hafiz u Hercegovini: Abdullah \u017eeli postati kura hafiz i podu\u010davati druge u\u010denju Kur\u2019ana","robots":{"index":"index","follow":"follow","max-snippet":"max-snippet:-1","max-image-preview":"max-image-preview:large","max-video-preview":"max-video-preview:-1"},"canonical":"https:\/\/sandzakpress.net\/arhiva\/najmladji-hafiz-u-hercegovini-abdullah-zeli-postati-kura-hafiz-i-poducavati-druge-ucenju-kurana\/","og_locale":"bs_BA","og_type":"article","og_title":"Najmla\u0111i hafiz u Hercegovini: Abdullah \u017eeli postati kura hafiz i podu\u010davati druge u\u010denju Kur\u2019ana","og_description":"Autor: Faktor.ba Abdullah Tabakovi\u0107 iz Mostara dokaz je da je mogu\u0107e, ako ima volje, vjere, ako ima ustrajnosti, podr\u0161ke i odlu\u010dnosti i u trinaestoj godini \u017eivota, posti\u0107i velike rezultate. Naime, u d\u017eamiji \u201cBosanski mud\u017eahidi\u201d u Sjevernom logoru prou\u010dio je zavr\u0161ne ajete iz Kur&#8217;ana te na taj na\u010din napamet prou\u010dio cijeli Kur&#8217;an pred Komisijom za hifz [&hellip;]","og_url":"https:\/\/sandzakpress.net\/arhiva\/najmladji-hafiz-u-hercegovini-abdullah-zeli-postati-kura-hafiz-i-poducavati-druge-ucenju-kurana\/","og_site_name":"Sand\u017eak PRESS","article_published_time":"2019-05-11T23:58:31+00:00","og_image":[{"width":600,"height":370,"url":"https:\/\/sandzakpress.net\/arhiva\/wp-content\/uploads\/2019\/05\/Screenshot-2019-05-11-at-11.08.30.jpg","type":"image\/jpeg"}],"author":"bosniak","twitter_card":"summary_large_image","twitter_misc":{"Written by":"bosniak","Est. reading time":"3 minute"},"schema":{"@context":"https:\/\/schema.org","@graph":[{"@type":"Article","@id":"https:\/\/sandzakpress.net\/arhiva\/najmladji-hafiz-u-hercegovini-abdullah-zeli-postati-kura-hafiz-i-poducavati-druge-ucenju-kurana\/#article","isPartOf":{"@id":"https:\/\/sandzakpress.net\/arhiva\/najmladji-hafiz-u-hercegovini-abdullah-zeli-postati-kura-hafiz-i-poducavati-druge-ucenju-kurana\/"},"author":{"name":"bosniak","@id":"https:\/\/sandzakpress.net\/arhiva\/#\/schema\/person\/c8baee722073534b583ea7bdb2e36c02"},"headline":"Najmla\u0111i hafiz u Hercegovini: Abdullah \u017eeli postati kura hafiz i podu\u010davati druge u\u010denju Kur\u2019ana","datePublished":"2019-05-11T23:58:31+00:00","mainEntityOfPage":{"@id":"https:\/\/sandzakpress.net\/arhiva\/najmladji-hafiz-u-hercegovini-abdullah-zeli-postati-kura-hafiz-i-poducavati-druge-ucenju-kurana\/"},"wordCount":716,"commentCount":0,"publisher":{"@id":"https:\/\/sandzakpress.net\/arhiva\/#\/schema\/person\/6e72b67d6e51910a1117b3b483ba20bd"},"image":{"@id":"https:\/\/sandzakpress.net\/arhiva\/najmladji-hafiz-u-hercegovini-abdullah-zeli-postati-kura-hafiz-i-poducavati-druge-ucenju-kurana\/#primaryimage"},"thumbnailUrl":"https:\/\/sandzakpress.net\/arhiva\/wp-content\/uploads\/2019\/05\/Screenshot-2019-05-11-at-11.08.30.jpg","keywords":["Islam"],"articleSection":["Islam PRESS"],"inLanguage":"bs-BA","potentialAction":[{"@type":"CommentAction","name":"Comment","target":["https:\/\/sandzakpress.net\/arhiva\/najmladji-hafiz-u-hercegovini-abdullah-zeli-postati-kura-hafiz-i-poducavati-druge-ucenju-kurana\/#respond"]}]},{"@type":"WebPage","@id":"https:\/\/sandzakpress.net\/arhiva\/najmladji-hafiz-u-hercegovini-abdullah-zeli-postati-kura-hafiz-i-poducavati-druge-ucenju-kurana\/","url":"https:\/\/sandzakpress.net\/arhiva\/najmladji-hafiz-u-hercegovini-abdullah-zeli-postati-kura-hafiz-i-poducavati-druge-ucenju-kurana\/","name":"Najmla\u0111i hafiz u Hercegovini: Abdullah \u017eeli postati kura hafiz i podu\u010davati druge u\u010denju Kur\u2019ana","isPartOf":{"@id":"https:\/\/sandzakpress.net\/arhiva\/#website"},"primaryImageOfPage":{"@id":"https:\/\/sandzakpress.net\/arhiva\/najmladji-hafiz-u-hercegovini-abdullah-zeli-postati-kura-hafiz-i-poducavati-druge-ucenju-kurana\/#primaryimage"},"image":{"@id":"https:\/\/sandzakpress.net\/arhiva\/najmladji-hafiz-u-hercegovini-abdullah-zeli-postati-kura-hafiz-i-poducavati-druge-ucenju-kurana\/#primaryimage"},"thumbnailUrl":"https:\/\/sandzakpress.net\/arhiva\/wp-content\/uploads\/2019\/05\/Screenshot-2019-05-11-at-11.08.30.jpg","datePublished":"2019-05-11T23:58:31+00:00","breadcrumb":{"@id":"https:\/\/sandzakpress.net\/arhiva\/najmladji-hafiz-u-hercegovini-abdullah-zeli-postati-kura-hafiz-i-poducavati-druge-ucenju-kurana\/#breadcrumb"},"inLanguage":"bs-BA","potentialAction":[{"@type":"ReadAction","target":["https:\/\/sandzakpress.net\/arhiva\/najmladji-hafiz-u-hercegovini-abdullah-zeli-postati-kura-hafiz-i-poducavati-druge-ucenju-kurana\/"]}]},{"@type":"ImageObject","inLanguage":"bs-BA","@id":"https:\/\/sandzakpress.net\/arhiva\/najmladji-hafiz-u-hercegovini-abdullah-zeli-postati-kura-hafiz-i-poducavati-druge-ucenju-kurana\/#primaryimage","url":"https:\/\/sandzakpress.net\/arhiva\/wp-content\/uploads\/2019\/05\/Screenshot-2019-05-11-at-11.08.30.jpg","contentUrl":"https:\/\/sandzakpress.net\/arhiva\/wp-content\/uploads\/2019\/05\/Screenshot-2019-05-11-at-11.08.30.jpg","width":600,"height":370},{"@type":"BreadcrumbList","@id":"https:\/\/sandzakpress.net\/arhiva\/najmladji-hafiz-u-hercegovini-abdullah-zeli-postati-kura-hafiz-i-poducavati-druge-ucenju-kurana\/#breadcrumb","itemListElement":[{"@type":"ListItem","position":1,"name":"Home","item":"https:\/\/sandzakpress.net\/arhiva\/"},{"@type":"ListItem","position":2,"name":"Najmla\u0111i hafiz u Hercegovini: Abdullah \u017eeli postati kura hafiz i podu\u010davati druge u\u010denju Kur\u2019ana"}]},{"@type":"WebSite","@id":"https:\/\/sandzakpress.net\/arhiva\/#website","url":"https:\/\/sandzakpress.net\/arhiva\/","name":"Sand\u017eak PRESS","description":"Prve elektronske novine u Sand\u017eaku","publisher":{"@id":"https:\/\/sandzakpress.net\/arhiva\/#\/schema\/person\/6e72b67d6e51910a1117b3b483ba20bd"},"potentialAction":[{"@type":"SearchAction","target":{"@type":"EntryPoint","urlTemplate":"https:\/\/sandzakpress.net\/arhiva\/?s={search_term_string}"},"query-input":{"@type":"PropertyValueSpecification","valueRequired":true,"valueName":"search_term_string"}}],"inLanguage":"bs-BA"},{"@type":["Person","Organization"],"@id":"https:\/\/sandzakpress.net\/arhiva\/#\/schema\/person\/6e72b67d6e51910a1117b3b483ba20bd","name":"Kul","image":{"@type":"ImageObject","inLanguage":"bs-BA","@id":"https:\/\/sandzakpress.net\/arhiva\/#\/schema\/person\/image\/","url":"https:\/\/secure.gravatar.com\/avatar\/42263f39aa27ac04c43cab85c280eb2e?s=96&d=mm&r=pg","contentUrl":"https:\/\/secure.gravatar.com\/avatar\/42263f39aa27ac04c43cab85c280eb2e?s=96&d=mm&r=pg","caption":"Kul"},"logo":{"@id":"https:\/\/sandzakpress.net\/arhiva\/#\/schema\/person\/image\/"}},{"@type":"Person","@id":"https:\/\/sandzakpress.net\/arhiva\/#\/schema\/person\/c8baee722073534b583ea7bdb2e36c02","name":"bosniak","image":{"@type":"ImageObject","inLanguage":"bs-BA","@id":"https:\/\/sandzakpress.net\/arhiva\/#\/schema\/person\/image\/","url":"https:\/\/secure.gravatar.com\/avatar\/a04fd330bfe3a36a72a0ad4a6d89fca7?s=96&d=mm&r=pg","contentUrl":"https:\/\/secure.gravatar.com\/avatar\/a04fd330bfe3a36a72a0ad4a6d89fca7?s=96&d=mm&r=pg","caption":"bosniak"},"url":"https:\/\/sandzakpress.net\/arhiva\/author\/bosniak\/"}]}},"_links":{"self":[{"href":"https:\/\/sandzakpress.net\/arhiva\/wp-json\/wp\/v2\/posts\/223118"}],"collection":[{"href":"https:\/\/sandzakpress.net\/arhiva\/wp-json\/wp\/v2\/posts"}],"about":[{"href":"https:\/\/sandzakpress.net\/arhiva\/wp-json\/wp\/v2\/types\/post"}],"author":[{"embeddable":true,"href":"https:\/\/sandzakpress.net\/arhiva\/wp-json\/wp\/v2\/users\/83"}],"replies":[{"embeddable":true,"href":"https:\/\/sandzakpress.net\/arhiva\/wp-json\/wp\/v2\/comments?post=223118"}],"version-history":[{"count":0,"href":"https:\/\/sandzakpress.net\/arhiva\/wp-json\/wp\/v2\/posts\/223118\/revisions"}],"wp:featuredmedia":[{"embeddable":true,"href":"https:\/\/sandzakpress.net\/arhiva\/wp-json\/wp\/v2\/media\/223119"}],"wp:attachment":[{"href":"https:\/\/sandzakpress.net\/arhiva\/wp-json\/wp\/v2\/media?parent=223118"}],"wp:term":[{"taxonomy":"category","embeddable":true,"href":"https:\/\/sandzakpress.net\/arhiva\/wp-json\/wp\/v2\/categories?post=223118"},{"taxonomy":"post_tag","embeddable":true,"href":"https:\/\/sandzakpress.net\/arhiva\/wp-json\/wp\/v2\/tags?post=223118"}],"curies":[{"name":"wp","href":"https:\/\/api.w.org\/{rel}","templated":true}]}}