{"id":223087,"date":"2019-05-11T14:49:34","date_gmt":"2019-05-11T12:49:34","guid":{"rendered":"https:\/\/sandzakpress.net\/arhiva\/vijece-sigurnosti-un-a-pozvalo-na-prekid-vatre-u-libiji"},"modified":"2019-05-11T14:49:34","modified_gmt":"2019-05-11T12:49:34","slug":"vijece-sigurnosti-un-a-pozvalo-na-prekid-vatre-u-libiji","status":"publish","type":"post","link":"https:\/\/sandzakpress.net\/arhiva\/vijece-sigurnosti-un-a-pozvalo-na-prekid-vatre-u-libiji\/","title":{"rendered":"Vije\u0107e sigurnosti UN-a pozvalo na prekid vatre u Libiji"},"content":{"rendered":"<p><span class=\"cb-itemprop\"><\/p>\n<p><img decoding=\"async\" src=\"https:\/\/cdnuploads.aa.com.tr\/uploads\/Contents\/2019\/05\/10\/thumbs_b_c_168538d06d673d72f437c444bde4dc41.jpg?v=223739\" alt=\"Vije\u00c4\u0087e sigurnosti UN-a pozvalo na prekid vatre u Libiji \" \/><\/p>\n<p><strong>Vije\u0107e sigurnosti Ujedinjenih nacija (VSUN) pozvalo je danas sve strane u libijskom Tripoliju na okon\u010danje sukoba navode\u0107i da se humanitarna situacija pogora\u0161ava u tom gradu, javlja Anadolu Agency (AA).<\/strong><\/p>\n<p>Specijalni predstavnik Indonezije u UN-u Dian Triansyah Djani izrazio je zabrinutost zbog nestabilnosti koja dovodi u pitanje politi\u010dko rje\u0161enje.<\/p>\n<p>Sukobi izme\u0111u snaga Vlade nacionalnog jedinstva i snaga lidera oru\u017eanih snaga na istoku zemlje Khalife Haftara traju skoro mjesec.<\/p>\n<p>Podaci Svjetske zdravstvene organizacije (WHO) pokazuju kako je u sukobima u Tripoliju i okolini poginulo vi\u0161e od 440 ljudi.<\/p>\n<p><\/span><br \/>\nPogledajte vijest na izvornom sajtu:<\/p>\n<p><a href=\"https:\/\/islampress.net\/45061\/vijece-sigurnosti-un-a-pozvalo-na-prekid-vatre-u-libiji\/\" target=\"_blank\">Vije\u0107e sigurnosti UN-a pozvalo na prekid vatre u Libiji<\/a><\/p>\n","protected":false},"excerpt":{"rendered":"<p>Vije\u0107e sigurnosti Ujedinjenih nacija (VSUN) pozvalo je danas sve strane u libijskom Tripoliju na okon\u010danje sukoba navode\u0107i da se humanitarna situacija pogora\u0161ava u tom gradu, javlja Anadolu Agency (AA). Specijalni predstavnik Indonezije u UN-u Dian Triansyah Djani izrazio je zabrinutost zbog nestabilnosti koja dovodi u pitanje politi\u010dko rje\u0161enje. Sukobi izme\u0111u snaga Vlade nacionalnog jedinstva i [&hellip;]<\/p>\n","protected":false},"author":83,"featured_media":0,"comment_status":"open","ping_status":"open","sticky":false,"template":"","format":"standard","meta":{"footnotes":""},"categories":[9],"tags":[10499],"class_list":{"0":"post-223087","1":"post","2":"type-post","3":"status-publish","4":"format-standard","6":"category-svijet","7":"tag-a"},"yoast_head":"<!-- This site is optimized with the Yoast SEO Premium plugin v23.1 (Yoast SEO v24.9) - https:\/\/yoast.com\/wordpress\/plugins\/seo\/ -->\n<title>Vije\u0107e sigurnosti UN-a pozvalo na prekid vatre u Libiji<\/title>\n<meta name=\"robots\" content=\"index, follow, max-snippet:-1, max-image-preview:large, max-video-preview:-1\" \/>\n<link rel=\"canonical\" href=\"https:\/\/sandzakpress.net\/arhiva\/vijece-sigurnosti-un-a-pozvalo-na-prekid-vatre-u-libiji\/\" \/>\n<meta property=\"og:locale\" content=\"bs_BA\" \/>\n<meta property=\"og:type\" content=\"article\" \/>\n<meta property=\"og:title\" content=\"Vije\u0107e sigurnosti UN-a pozvalo na prekid vatre u Libiji\" \/>\n<meta property=\"og:description\" content=\"Vije\u0107e sigurnosti Ujedinjenih nacija (VSUN) pozvalo je danas sve strane u libijskom Tripoliju na okon\u010danje sukoba navode\u0107i da se humanitarna situacija pogora\u0161ava u tom gradu, javlja Anadolu Agency (AA). Specijalni predstavnik Indonezije u UN-u Dian Triansyah Djani izrazio je zabrinutost zbog nestabilnosti koja dovodi u pitanje politi\u010dko rje\u0161enje. Sukobi izme\u0111u snaga Vlade nacionalnog jedinstva i [&hellip;]\" \/>\n<meta property=\"og:url\" content=\"https:\/\/sandzakpress.net\/arhiva\/vijece-sigurnosti-un-a-pozvalo-na-prekid-vatre-u-libiji\/\" \/>\n<meta property=\"og:site_name\" content=\"Sand\u017eak PRESS\" \/>\n<meta property=\"article:published_time\" content=\"2019-05-11T12:49:34+00:00\" \/>\n<meta property=\"og:image\" content=\"https:\/\/cdnuploads.aa.com.tr\/uploads\/Contents\/2019\/05\/10\/thumbs_b_c_168538d06d673d72f437c444bde4dc41.jpg?v=223739\" \/>\n<meta name=\"author\" content=\"bosniak\" \/>\n<meta name=\"twitter:card\" content=\"summary_large_image\" \/>\n<meta name=\"twitter:label1\" content=\"Written by\" \/>\n\t<meta name=\"twitter:data1\" content=\"bosniak\" \/>\n\t<meta name=\"twitter:label2\" content=\"Est. reading time\" \/>\n\t<meta name=\"twitter:data2\" content=\"1 minuta\" \/>\n<script type=\"application\/ld+json\" class=\"yoast-schema-graph\">{\"@context\":\"https:\/\/schema.org\",\"@graph\":[{\"@type\":\"Article\",\"@id\":\"https:\/\/sandzakpress.net\/arhiva\/vijece-sigurnosti-un-a-pozvalo-na-prekid-vatre-u-libiji\/#article\",\"isPartOf\":{\"@id\":\"https:\/\/sandzakpress.net\/arhiva\/vijece-sigurnosti-un-a-pozvalo-na-prekid-vatre-u-libiji\/\"},\"author\":{\"name\":\"bosniak\",\"@id\":\"https:\/\/sandzakpress.net\/arhiva\/#\/schema\/person\/c8baee722073534b583ea7bdb2e36c02\"},\"headline\":\"Vije\u0107e sigurnosti UN-a pozvalo na prekid vatre u Libiji\",\"datePublished\":\"2019-05-11T12:49:34+00:00\",\"mainEntityOfPage\":{\"@id\":\"https:\/\/sandzakpress.net\/arhiva\/vijece-sigurnosti-un-a-pozvalo-na-prekid-vatre-u-libiji\/\"},\"wordCount\":119,\"commentCount\":0,\"publisher\":{\"@id\":\"https:\/\/sandzakpress.net\/arhiva\/#\/schema\/person\/6e72b67d6e51910a1117b3b483ba20bd\"},\"image\":{\"@id\":\"https:\/\/sandzakpress.net\/arhiva\/vijece-sigurnosti-un-a-pozvalo-na-prekid-vatre-u-libiji\/#primaryimage\"},\"thumbnailUrl\":\"https:\/\/cdnuploads.aa.com.tr\/uploads\/Contents\/2019\/05\/10\/thumbs_b_c_168538d06d673d72f437c444bde4dc41.jpg?v=223739\",\"keywords\":[\"A\"],\"articleSection\":[\"Svijet\"],\"inLanguage\":\"bs-BA\",\"potentialAction\":[{\"@type\":\"CommentAction\",\"name\":\"Comment\",\"target\":[\"https:\/\/sandzakpress.net\/arhiva\/vijece-sigurnosti-un-a-pozvalo-na-prekid-vatre-u-libiji\/#respond\"]}]},{\"@type\":\"WebPage\",\"@id\":\"https:\/\/sandzakpress.net\/arhiva\/vijece-sigurnosti-un-a-pozvalo-na-prekid-vatre-u-libiji\/\",\"url\":\"https:\/\/sandzakpress.net\/arhiva\/vijece-sigurnosti-un-a-pozvalo-na-prekid-vatre-u-libiji\/\",\"name\":\"Vije\u0107e sigurnosti UN-a pozvalo na prekid vatre u Libiji\",\"isPartOf\":{\"@id\":\"https:\/\/sandzakpress.net\/arhiva\/#website\"},\"primaryImageOfPage\":{\"@id\":\"https:\/\/sandzakpress.net\/arhiva\/vijece-sigurnosti-un-a-pozvalo-na-prekid-vatre-u-libiji\/#primaryimage\"},\"image\":{\"@id\":\"https:\/\/sandzakpress.net\/arhiva\/vijece-sigurnosti-un-a-pozvalo-na-prekid-vatre-u-libiji\/#primaryimage\"},\"thumbnailUrl\":\"https:\/\/cdnuploads.aa.com.tr\/uploads\/Contents\/2019\/05\/10\/thumbs_b_c_168538d06d673d72f437c444bde4dc41.jpg?v=223739\",\"datePublished\":\"2019-05-11T12:49:34+00:00\",\"breadcrumb\":{\"@id\":\"https:\/\/sandzakpress.net\/arhiva\/vijece-sigurnosti-un-a-pozvalo-na-prekid-vatre-u-libiji\/#breadcrumb\"},\"inLanguage\":\"bs-BA\",\"potentialAction\":[{\"@type\":\"ReadAction\",\"target\":[\"https:\/\/sandzakpress.net\/arhiva\/vijece-sigurnosti-un-a-pozvalo-na-prekid-vatre-u-libiji\/\"]}]},{\"@type\":\"ImageObject\",\"inLanguage\":\"bs-BA\",\"@id\":\"https:\/\/sandzakpress.net\/arhiva\/vijece-sigurnosti-un-a-pozvalo-na-prekid-vatre-u-libiji\/#primaryimage\",\"url\":\"https:\/\/cdnuploads.aa.com.tr\/uploads\/Contents\/2019\/05\/10\/thumbs_b_c_168538d06d673d72f437c444bde4dc41.jpg?v=223739\",\"contentUrl\":\"https:\/\/cdnuploads.aa.com.tr\/uploads\/Contents\/2019\/05\/10\/thumbs_b_c_168538d06d673d72f437c444bde4dc41.jpg?v=223739\"},{\"@type\":\"BreadcrumbList\",\"@id\":\"https:\/\/sandzakpress.net\/arhiva\/vijece-sigurnosti-un-a-pozvalo-na-prekid-vatre-u-libiji\/#breadcrumb\",\"itemListElement\":[{\"@type\":\"ListItem\",\"position\":1,\"name\":\"Home\",\"item\":\"https:\/\/sandzakpress.net\/arhiva\/\"},{\"@type\":\"ListItem\",\"position\":2,\"name\":\"Vije\u0107e sigurnosti UN-a pozvalo na prekid vatre u Libiji\"}]},{\"@type\":\"WebSite\",\"@id\":\"https:\/\/sandzakpress.net\/arhiva\/#website\",\"url\":\"https:\/\/sandzakpress.net\/arhiva\/\",\"name\":\"Sand\u017eak PRESS\",\"description\":\"Prve elektronske novine u Sand\u017eaku\",\"publisher\":{\"@id\":\"https:\/\/sandzakpress.net\/arhiva\/#\/schema\/person\/6e72b67d6e51910a1117b3b483ba20bd\"},\"potentialAction\":[{\"@type\":\"SearchAction\",\"target\":{\"@type\":\"EntryPoint\",\"urlTemplate\":\"https:\/\/sandzakpress.net\/arhiva\/?s={search_term_string}\"},\"query-input\":{\"@type\":\"PropertyValueSpecification\",\"valueRequired\":true,\"valueName\":\"search_term_string\"}}],\"inLanguage\":\"bs-BA\"},{\"@type\":[\"Person\",\"Organization\"],\"@id\":\"https:\/\/sandzakpress.net\/arhiva\/#\/schema\/person\/6e72b67d6e51910a1117b3b483ba20bd\",\"name\":\"Kul\",\"image\":{\"@type\":\"ImageObject\",\"inLanguage\":\"bs-BA\",\"@id\":\"https:\/\/sandzakpress.net\/arhiva\/#\/schema\/person\/image\/\",\"url\":\"https:\/\/secure.gravatar.com\/avatar\/42263f39aa27ac04c43cab85c280eb2e?s=96&d=mm&r=pg\",\"contentUrl\":\"https:\/\/secure.gravatar.com\/avatar\/42263f39aa27ac04c43cab85c280eb2e?s=96&d=mm&r=pg\",\"caption\":\"Kul\"},\"logo\":{\"@id\":\"https:\/\/sandzakpress.net\/arhiva\/#\/schema\/person\/image\/\"}},{\"@type\":\"Person\",\"@id\":\"https:\/\/sandzakpress.net\/arhiva\/#\/schema\/person\/c8baee722073534b583ea7bdb2e36c02\",\"name\":\"bosniak\",\"image\":{\"@type\":\"ImageObject\",\"inLanguage\":\"bs-BA\",\"@id\":\"https:\/\/sandzakpress.net\/arhiva\/#\/schema\/person\/image\/\",\"url\":\"https:\/\/secure.gravatar.com\/avatar\/a04fd330bfe3a36a72a0ad4a6d89fca7?s=96&d=mm&r=pg\",\"contentUrl\":\"https:\/\/secure.gravatar.com\/avatar\/a04fd330bfe3a36a72a0ad4a6d89fca7?s=96&d=mm&r=pg\",\"caption\":\"bosniak\"},\"url\":\"https:\/\/sandzakpress.net\/arhiva\/author\/bosniak\/\"}]}<\/script>\n<!-- \/ Yoast SEO Premium plugin. -->","yoast_head_json":{"title":"Vije\u0107e sigurnosti UN-a pozvalo na prekid vatre u Libiji","robots":{"index":"index","follow":"follow","max-snippet":"max-snippet:-1","max-image-preview":"max-image-preview:large","max-video-preview":"max-video-preview:-1"},"canonical":"https:\/\/sandzakpress.net\/arhiva\/vijece-sigurnosti-un-a-pozvalo-na-prekid-vatre-u-libiji\/","og_locale":"bs_BA","og_type":"article","og_title":"Vije\u0107e sigurnosti UN-a pozvalo na prekid vatre u Libiji","og_description":"Vije\u0107e sigurnosti Ujedinjenih nacija (VSUN) pozvalo je danas sve strane u libijskom Tripoliju na okon\u010danje sukoba navode\u0107i da se humanitarna situacija pogora\u0161ava u tom gradu, javlja Anadolu Agency (AA). Specijalni predstavnik Indonezije u UN-u Dian Triansyah Djani izrazio je zabrinutost zbog nestabilnosti koja dovodi u pitanje politi\u010dko rje\u0161enje. Sukobi izme\u0111u snaga Vlade nacionalnog jedinstva i [&hellip;]","og_url":"https:\/\/sandzakpress.net\/arhiva\/vijece-sigurnosti-un-a-pozvalo-na-prekid-vatre-u-libiji\/","og_site_name":"Sand\u017eak PRESS","article_published_time":"2019-05-11T12:49:34+00:00","og_image":[{"url":"https:\/\/cdnuploads.aa.com.tr\/uploads\/Contents\/2019\/05\/10\/thumbs_b_c_168538d06d673d72f437c444bde4dc41.jpg?v=223739","type":"","width":"","height":""}],"author":"bosniak","twitter_card":"summary_large_image","twitter_misc":{"Written by":"bosniak","Est. reading time":"1 minuta"},"schema":{"@context":"https:\/\/schema.org","@graph":[{"@type":"Article","@id":"https:\/\/sandzakpress.net\/arhiva\/vijece-sigurnosti-un-a-pozvalo-na-prekid-vatre-u-libiji\/#article","isPartOf":{"@id":"https:\/\/sandzakpress.net\/arhiva\/vijece-sigurnosti-un-a-pozvalo-na-prekid-vatre-u-libiji\/"},"author":{"name":"bosniak","@id":"https:\/\/sandzakpress.net\/arhiva\/#\/schema\/person\/c8baee722073534b583ea7bdb2e36c02"},"headline":"Vije\u0107e sigurnosti UN-a pozvalo na prekid vatre u Libiji","datePublished":"2019-05-11T12:49:34+00:00","mainEntityOfPage":{"@id":"https:\/\/sandzakpress.net\/arhiva\/vijece-sigurnosti-un-a-pozvalo-na-prekid-vatre-u-libiji\/"},"wordCount":119,"commentCount":0,"publisher":{"@id":"https:\/\/sandzakpress.net\/arhiva\/#\/schema\/person\/6e72b67d6e51910a1117b3b483ba20bd"},"image":{"@id":"https:\/\/sandzakpress.net\/arhiva\/vijece-sigurnosti-un-a-pozvalo-na-prekid-vatre-u-libiji\/#primaryimage"},"thumbnailUrl":"https:\/\/cdnuploads.aa.com.tr\/uploads\/Contents\/2019\/05\/10\/thumbs_b_c_168538d06d673d72f437c444bde4dc41.jpg?v=223739","keywords":["A"],"articleSection":["Svijet"],"inLanguage":"bs-BA","potentialAction":[{"@type":"CommentAction","name":"Comment","target":["https:\/\/sandzakpress.net\/arhiva\/vijece-sigurnosti-un-a-pozvalo-na-prekid-vatre-u-libiji\/#respond"]}]},{"@type":"WebPage","@id":"https:\/\/sandzakpress.net\/arhiva\/vijece-sigurnosti-un-a-pozvalo-na-prekid-vatre-u-libiji\/","url":"https:\/\/sandzakpress.net\/arhiva\/vijece-sigurnosti-un-a-pozvalo-na-prekid-vatre-u-libiji\/","name":"Vije\u0107e sigurnosti UN-a pozvalo na prekid vatre u Libiji","isPartOf":{"@id":"https:\/\/sandzakpress.net\/arhiva\/#website"},"primaryImageOfPage":{"@id":"https:\/\/sandzakpress.net\/arhiva\/vijece-sigurnosti-un-a-pozvalo-na-prekid-vatre-u-libiji\/#primaryimage"},"image":{"@id":"https:\/\/sandzakpress.net\/arhiva\/vijece-sigurnosti-un-a-pozvalo-na-prekid-vatre-u-libiji\/#primaryimage"},"thumbnailUrl":"https:\/\/cdnuploads.aa.com.tr\/uploads\/Contents\/2019\/05\/10\/thumbs_b_c_168538d06d673d72f437c444bde4dc41.jpg?v=223739","datePublished":"2019-05-11T12:49:34+00:00","breadcrumb":{"@id":"https:\/\/sandzakpress.net\/arhiva\/vijece-sigurnosti-un-a-pozvalo-na-prekid-vatre-u-libiji\/#breadcrumb"},"inLanguage":"bs-BA","potentialAction":[{"@type":"ReadAction","target":["https:\/\/sandzakpress.net\/arhiva\/vijece-sigurnosti-un-a-pozvalo-na-prekid-vatre-u-libiji\/"]}]},{"@type":"ImageObject","inLanguage":"bs-BA","@id":"https:\/\/sandzakpress.net\/arhiva\/vijece-sigurnosti-un-a-pozvalo-na-prekid-vatre-u-libiji\/#primaryimage","url":"https:\/\/cdnuploads.aa.com.tr\/uploads\/Contents\/2019\/05\/10\/thumbs_b_c_168538d06d673d72f437c444bde4dc41.jpg?v=223739","contentUrl":"https:\/\/cdnuploads.aa.com.tr\/uploads\/Contents\/2019\/05\/10\/thumbs_b_c_168538d06d673d72f437c444bde4dc41.jpg?v=223739"},{"@type":"BreadcrumbList","@id":"https:\/\/sandzakpress.net\/arhiva\/vijece-sigurnosti-un-a-pozvalo-na-prekid-vatre-u-libiji\/#breadcrumb","itemListElement":[{"@type":"ListItem","position":1,"name":"Home","item":"https:\/\/sandzakpress.net\/arhiva\/"},{"@type":"ListItem","position":2,"name":"Vije\u0107e sigurnosti UN-a pozvalo na prekid vatre u Libiji"}]},{"@type":"WebSite","@id":"https:\/\/sandzakpress.net\/arhiva\/#website","url":"https:\/\/sandzakpress.net\/arhiva\/","name":"Sand\u017eak PRESS","description":"Prve elektronske novine u Sand\u017eaku","publisher":{"@id":"https:\/\/sandzakpress.net\/arhiva\/#\/schema\/person\/6e72b67d6e51910a1117b3b483ba20bd"},"potentialAction":[{"@type":"SearchAction","target":{"@type":"EntryPoint","urlTemplate":"https:\/\/sandzakpress.net\/arhiva\/?s={search_term_string}"},"query-input":{"@type":"PropertyValueSpecification","valueRequired":true,"valueName":"search_term_string"}}],"inLanguage":"bs-BA"},{"@type":["Person","Organization"],"@id":"https:\/\/sandzakpress.net\/arhiva\/#\/schema\/person\/6e72b67d6e51910a1117b3b483ba20bd","name":"Kul","image":{"@type":"ImageObject","inLanguage":"bs-BA","@id":"https:\/\/sandzakpress.net\/arhiva\/#\/schema\/person\/image\/","url":"https:\/\/secure.gravatar.com\/avatar\/42263f39aa27ac04c43cab85c280eb2e?s=96&d=mm&r=pg","contentUrl":"https:\/\/secure.gravatar.com\/avatar\/42263f39aa27ac04c43cab85c280eb2e?s=96&d=mm&r=pg","caption":"Kul"},"logo":{"@id":"https:\/\/sandzakpress.net\/arhiva\/#\/schema\/person\/image\/"}},{"@type":"Person","@id":"https:\/\/sandzakpress.net\/arhiva\/#\/schema\/person\/c8baee722073534b583ea7bdb2e36c02","name":"bosniak","image":{"@type":"ImageObject","inLanguage":"bs-BA","@id":"https:\/\/sandzakpress.net\/arhiva\/#\/schema\/person\/image\/","url":"https:\/\/secure.gravatar.com\/avatar\/a04fd330bfe3a36a72a0ad4a6d89fca7?s=96&d=mm&r=pg","contentUrl":"https:\/\/secure.gravatar.com\/avatar\/a04fd330bfe3a36a72a0ad4a6d89fca7?s=96&d=mm&r=pg","caption":"bosniak"},"url":"https:\/\/sandzakpress.net\/arhiva\/author\/bosniak\/"}]}},"_links":{"self":[{"href":"https:\/\/sandzakpress.net\/arhiva\/wp-json\/wp\/v2\/posts\/223087"}],"collection":[{"href":"https:\/\/sandzakpress.net\/arhiva\/wp-json\/wp\/v2\/posts"}],"about":[{"href":"https:\/\/sandzakpress.net\/arhiva\/wp-json\/wp\/v2\/types\/post"}],"author":[{"embeddable":true,"href":"https:\/\/sandzakpress.net\/arhiva\/wp-json\/wp\/v2\/users\/83"}],"replies":[{"embeddable":true,"href":"https:\/\/sandzakpress.net\/arhiva\/wp-json\/wp\/v2\/comments?post=223087"}],"version-history":[{"count":0,"href":"https:\/\/sandzakpress.net\/arhiva\/wp-json\/wp\/v2\/posts\/223087\/revisions"}],"wp:attachment":[{"href":"https:\/\/sandzakpress.net\/arhiva\/wp-json\/wp\/v2\/media?parent=223087"}],"wp:term":[{"taxonomy":"category","embeddable":true,"href":"https:\/\/sandzakpress.net\/arhiva\/wp-json\/wp\/v2\/categories?post=223087"},{"taxonomy":"post_tag","embeddable":true,"href":"https:\/\/sandzakpress.net\/arhiva\/wp-json\/wp\/v2\/tags?post=223087"}],"curies":[{"name":"wp","href":"https:\/\/api.w.org\/{rel}","templated":true}]}}