{"id":223052,"date":"2019-05-11T13:50:12","date_gmt":"2019-05-11T11:50:12","guid":{"rendered":"https:\/\/sandzakpress.net\/arhiva\/interpol-raspisao-potjernicu-za-visnjom-acimovic-koja-je-s-20-godina-u-vlasenici-strijeljala-37-bosnjaka"},"modified":"2019-05-11T13:50:12","modified_gmt":"2019-05-11T11:50:12","slug":"interpol-raspisao-potjernicu-za-visnjom-acimovic-koja-je-s-20-godina-u-vlasenici-strijeljala-37-bosnjaka","status":"publish","type":"post","link":"https:\/\/sandzakpress.net\/arhiva\/interpol-raspisao-potjernicu-za-visnjom-acimovic-koja-je-s-20-godina-u-vlasenici-strijeljala-37-bosnjaka\/","title":{"rendered":"Interpol raspisao potjernicu za Vi\u0161njom A\u0107imovi\u0107, koja je s 20 godina u Vlasenici strijeljala 37 Bo\u0161njaka"},"content":{"rendered":"<p><span class=\"cb-itemprop\"><\/p>\n<p><img decoding=\"async\" src=\"https:\/\/avaz.ba\/media\/2019\/05\/10\/939500\/thumbs\/873x400.jpg\" \/><\/p>\n<div class=\"col-sm-12 artikal-text\">\n<p><strong>Interpol je raspisao potjernicu za Vi\u0161njom A\u0107imovi\u0107, optu\u017eenom za zlo\u010din protiv civilnog stanovni\u0161tva po\u010dinjen u Vlasenici.<\/strong><\/p>\n<p>Sud BiH je u februaru 2017. godine potvrdio optu\u017enicu protiv Vi\u0161nje A\u0107imovi\u0107 zbog optu\u017ebe da je zajedno s vi\u0161e naoru\u017eanih pripadnika Vojske Republike Srpske (VRS) u\u010destvovala u ubistvima 37 mu\u0161karaca bo\u0161nja\u010dke nacionalnosti po\u010dinjenim po\u010detkom juna 1992. na lokalitetu Mra\u010dni dol, u neposrednoj blizini logora Su\u0161ica.<\/p>\n<p>Kako stoji u optu\u017enici, mu\u0161karci su na to mjesto dovezeni autobusom iz zatvora koji se nalazio iza zgrade Suda u Vlasenici.<\/p>\n<p>Prema Tu\u017eila\u0161tvu BiH, A\u0107imovi\u0107 je iz vatrenog oru\u017eja strijeljala mu\u0161karce koji su bili svega nekoliko metara udaljeni od autobusa.<\/p>\n<p>Tijela su prona\u0111ena i ekshumirana 2000. na istom mjestu gdje su \u017ertve strijeljane.<\/p>\n<p>A\u0107imovi\u0107 je dr\u017eavljanka Bosne i Hercegovine i Srbije, gdje je i nastanjena, a sestra je aktuelnog na\u010delnika Op\u0107ine Vlasenica i biv\u0161eg zastupnika Saveza nezavisnih socijaldemokrata u Narodnoj skup\u0161tini bh. entiteta Republike Srpske Miroslava Mi\u0107e Kraljevi\u0107a.<\/p>\n<p>Kraljevi\u0107 bio komandant tzv. Specijalne policijske jedinice, \u010diji su pripadnici silovali, plja\u010dkali, ubijali i zatvarali vlaseni\u010dke Bo\u0161njake.<\/p>\n<p>Iako je pro\u0161lo \u010detvrt stolje\u0107a i iako je njegovo ime \u010desto spominjano na ha\u0161kim i su\u0111enjima pred Sudom Bosne i Hercegovine, Kraljevi\u0107 nije odgovarao za ono \u0161to je \u010dinio u ljeto 1992. godine.<\/p>\n<p>Istovremeno, Interpol je raspisao potjernicu i za Ned\u017eadom Kahrimanovi\u0107em zbog zlo\u010dina protiv civilnog stanovni\u0161tva po\u010dinjenog na podru\u010dju \u010celi\u0107a.<\/p>\n<p>avaz.ba<\/p>\n<\/div>\n<p><\/span><br \/>\nPogledajte vijest na izvornom sajtu:<\/p>\n<p><a href=\"https:\/\/bosnapress.net\/interpol-raspisao-potjernicu-za-visnjom-acimovic-koja-je-s-20-godina-u-vlasenici-strijeljala-37-bosnjaka\/\" target=\"_blank\">Interpol raspisao potjernicu za Vi\u0161njom A\u0107imovi\u0107, koja je s 20 godina u Vlasenici strijeljala 37 Bo\u0161njaka<\/a><\/p>\n","protected":false},"excerpt":{"rendered":"<p>Interpol je raspisao potjernicu za Vi\u0161njom A\u0107imovi\u0107, optu\u017eenom za zlo\u010din protiv civilnog stanovni\u0161tva po\u010dinjen u Vlasenici. Sud BiH je u februaru 2017. godine potvrdio optu\u017enicu protiv Vi\u0161nje A\u0107imovi\u0107 zbog optu\u017ebe da je zajedno s vi\u0161e naoru\u017eanih pripadnika Vojske Republike Srpske (VRS) u\u010destvovala u ubistvima 37 mu\u0161karaca bo\u0161nja\u010dke nacionalnosti po\u010dinjenim po\u010detkom juna 1992. na lokalitetu Mra\u010dni [&hellip;]<\/p>\n","protected":false},"author":83,"featured_media":223053,"comment_status":"open","ping_status":"open","sticky":false,"template":"","format":"standard","meta":{"footnotes":""},"categories":[10513],"tags":[10466],"class_list":{"0":"post-223052","1":"post","2":"type-post","3":"status-publish","4":"format-standard","5":"has-post-thumbnail","7":"category-bosna-press","8":"tag-bosna-i-hercegovina"},"yoast_head":"<!-- This site is optimized with the Yoast SEO Premium plugin v23.1 (Yoast SEO v24.9) - https:\/\/yoast.com\/wordpress\/plugins\/seo\/ -->\n<title>Interpol raspisao potjernicu za Vi\u0161njom A\u0107imovi\u0107, koja je s 20 godina u Vlasenici strijeljala 37 Bo\u0161njaka<\/title>\n<meta name=\"robots\" content=\"index, follow, max-snippet:-1, max-image-preview:large, max-video-preview:-1\" \/>\n<link rel=\"canonical\" href=\"https:\/\/sandzakpress.net\/arhiva\/interpol-raspisao-potjernicu-za-visnjom-acimovic-koja-je-s-20-godina-u-vlasenici-strijeljala-37-bosnjaka\/\" \/>\n<meta property=\"og:locale\" content=\"bs_BA\" \/>\n<meta property=\"og:type\" content=\"article\" \/>\n<meta property=\"og:title\" content=\"Interpol raspisao potjernicu za Vi\u0161njom A\u0107imovi\u0107, koja je s 20 godina u Vlasenici strijeljala 37 Bo\u0161njaka\" \/>\n<meta property=\"og:description\" content=\"Interpol je raspisao potjernicu za Vi\u0161njom A\u0107imovi\u0107, optu\u017eenom za zlo\u010din protiv civilnog stanovni\u0161tva po\u010dinjen u Vlasenici. Sud BiH je u februaru 2017. godine potvrdio optu\u017enicu protiv Vi\u0161nje A\u0107imovi\u0107 zbog optu\u017ebe da je zajedno s vi\u0161e naoru\u017eanih pripadnika Vojske Republike Srpske (VRS) u\u010destvovala u ubistvima 37 mu\u0161karaca bo\u0161nja\u010dke nacionalnosti po\u010dinjenim po\u010detkom juna 1992. na lokalitetu Mra\u010dni [&hellip;]\" \/>\n<meta property=\"og:url\" content=\"https:\/\/sandzakpress.net\/arhiva\/interpol-raspisao-potjernicu-za-visnjom-acimovic-koja-je-s-20-godina-u-vlasenici-strijeljala-37-bosnjaka\/\" \/>\n<meta property=\"og:site_name\" content=\"Sand\u017eak PRESS\" \/>\n<meta property=\"article:published_time\" content=\"2019-05-11T11:50:12+00:00\" \/>\n<meta property=\"og:image\" content=\"https:\/\/sandzakpress.net\/arhiva\/wp-content\/uploads\/2019\/05\/873x400-10.jpg\" \/>\n\t<meta property=\"og:image:width\" content=\"753\" \/>\n\t<meta property=\"og:image:height\" content=\"424\" \/>\n\t<meta property=\"og:image:type\" content=\"image\/jpeg\" \/>\n<meta name=\"author\" content=\"bosniak\" \/>\n<meta name=\"twitter:card\" content=\"summary_large_image\" \/>\n<meta name=\"twitter:label1\" content=\"Written by\" \/>\n\t<meta name=\"twitter:data1\" content=\"bosniak\" \/>\n\t<meta name=\"twitter:label2\" content=\"Est. reading time\" \/>\n\t<meta name=\"twitter:data2\" content=\"1 minuta\" \/>\n<script type=\"application\/ld+json\" class=\"yoast-schema-graph\">{\"@context\":\"https:\/\/schema.org\",\"@graph\":[{\"@type\":\"Article\",\"@id\":\"https:\/\/sandzakpress.net\/arhiva\/interpol-raspisao-potjernicu-za-visnjom-acimovic-koja-je-s-20-godina-u-vlasenici-strijeljala-37-bosnjaka\/#article\",\"isPartOf\":{\"@id\":\"https:\/\/sandzakpress.net\/arhiva\/interpol-raspisao-potjernicu-za-visnjom-acimovic-koja-je-s-20-godina-u-vlasenici-strijeljala-37-bosnjaka\/\"},\"author\":{\"name\":\"bosniak\",\"@id\":\"https:\/\/sandzakpress.net\/arhiva\/#\/schema\/person\/c8baee722073534b583ea7bdb2e36c02\"},\"headline\":\"Interpol raspisao potjernicu za Vi\u0161njom A\u0107imovi\u0107, koja je s 20 godina u Vlasenici strijeljala 37 Bo\u0161njaka\",\"datePublished\":\"2019-05-11T11:50:12+00:00\",\"mainEntityOfPage\":{\"@id\":\"https:\/\/sandzakpress.net\/arhiva\/interpol-raspisao-potjernicu-za-visnjom-acimovic-koja-je-s-20-godina-u-vlasenici-strijeljala-37-bosnjaka\/\"},\"wordCount\":303,\"commentCount\":0,\"publisher\":{\"@id\":\"https:\/\/sandzakpress.net\/arhiva\/#\/schema\/person\/6e72b67d6e51910a1117b3b483ba20bd\"},\"image\":{\"@id\":\"https:\/\/sandzakpress.net\/arhiva\/interpol-raspisao-potjernicu-za-visnjom-acimovic-koja-je-s-20-godina-u-vlasenici-strijeljala-37-bosnjaka\/#primaryimage\"},\"thumbnailUrl\":\"https:\/\/sandzakpress.net\/arhiva\/wp-content\/uploads\/2019\/05\/873x400-10.jpg\",\"keywords\":[\"Bosna i Hercegovina\"],\"articleSection\":[\"Bosna PRESS\"],\"inLanguage\":\"bs-BA\",\"potentialAction\":[{\"@type\":\"CommentAction\",\"name\":\"Comment\",\"target\":[\"https:\/\/sandzakpress.net\/arhiva\/interpol-raspisao-potjernicu-za-visnjom-acimovic-koja-je-s-20-godina-u-vlasenici-strijeljala-37-bosnjaka\/#respond\"]}]},{\"@type\":\"WebPage\",\"@id\":\"https:\/\/sandzakpress.net\/arhiva\/interpol-raspisao-potjernicu-za-visnjom-acimovic-koja-je-s-20-godina-u-vlasenici-strijeljala-37-bosnjaka\/\",\"url\":\"https:\/\/sandzakpress.net\/arhiva\/interpol-raspisao-potjernicu-za-visnjom-acimovic-koja-je-s-20-godina-u-vlasenici-strijeljala-37-bosnjaka\/\",\"name\":\"Interpol raspisao potjernicu za Vi\u0161njom A\u0107imovi\u0107, koja je s 20 godina u Vlasenici strijeljala 37 Bo\u0161njaka\",\"isPartOf\":{\"@id\":\"https:\/\/sandzakpress.net\/arhiva\/#website\"},\"primaryImageOfPage\":{\"@id\":\"https:\/\/sandzakpress.net\/arhiva\/interpol-raspisao-potjernicu-za-visnjom-acimovic-koja-je-s-20-godina-u-vlasenici-strijeljala-37-bosnjaka\/#primaryimage\"},\"image\":{\"@id\":\"https:\/\/sandzakpress.net\/arhiva\/interpol-raspisao-potjernicu-za-visnjom-acimovic-koja-je-s-20-godina-u-vlasenici-strijeljala-37-bosnjaka\/#primaryimage\"},\"thumbnailUrl\":\"https:\/\/sandzakpress.net\/arhiva\/wp-content\/uploads\/2019\/05\/873x400-10.jpg\",\"datePublished\":\"2019-05-11T11:50:12+00:00\",\"breadcrumb\":{\"@id\":\"https:\/\/sandzakpress.net\/arhiva\/interpol-raspisao-potjernicu-za-visnjom-acimovic-koja-je-s-20-godina-u-vlasenici-strijeljala-37-bosnjaka\/#breadcrumb\"},\"inLanguage\":\"bs-BA\",\"potentialAction\":[{\"@type\":\"ReadAction\",\"target\":[\"https:\/\/sandzakpress.net\/arhiva\/interpol-raspisao-potjernicu-za-visnjom-acimovic-koja-je-s-20-godina-u-vlasenici-strijeljala-37-bosnjaka\/\"]}]},{\"@type\":\"ImageObject\",\"inLanguage\":\"bs-BA\",\"@id\":\"https:\/\/sandzakpress.net\/arhiva\/interpol-raspisao-potjernicu-za-visnjom-acimovic-koja-je-s-20-godina-u-vlasenici-strijeljala-37-bosnjaka\/#primaryimage\",\"url\":\"https:\/\/sandzakpress.net\/arhiva\/wp-content\/uploads\/2019\/05\/873x400-10.jpg\",\"contentUrl\":\"https:\/\/sandzakpress.net\/arhiva\/wp-content\/uploads\/2019\/05\/873x400-10.jpg\",\"width\":753,\"height\":424},{\"@type\":\"BreadcrumbList\",\"@id\":\"https:\/\/sandzakpress.net\/arhiva\/interpol-raspisao-potjernicu-za-visnjom-acimovic-koja-je-s-20-godina-u-vlasenici-strijeljala-37-bosnjaka\/#breadcrumb\",\"itemListElement\":[{\"@type\":\"ListItem\",\"position\":1,\"name\":\"Home\",\"item\":\"https:\/\/sandzakpress.net\/arhiva\/\"},{\"@type\":\"ListItem\",\"position\":2,\"name\":\"Interpol raspisao potjernicu za Vi\u0161njom A\u0107imovi\u0107, koja je s 20 godina u Vlasenici strijeljala 37 Bo\u0161njaka\"}]},{\"@type\":\"WebSite\",\"@id\":\"https:\/\/sandzakpress.net\/arhiva\/#website\",\"url\":\"https:\/\/sandzakpress.net\/arhiva\/\",\"name\":\"Sand\u017eak PRESS\",\"description\":\"Prve elektronske novine u Sand\u017eaku\",\"publisher\":{\"@id\":\"https:\/\/sandzakpress.net\/arhiva\/#\/schema\/person\/6e72b67d6e51910a1117b3b483ba20bd\"},\"potentialAction\":[{\"@type\":\"SearchAction\",\"target\":{\"@type\":\"EntryPoint\",\"urlTemplate\":\"https:\/\/sandzakpress.net\/arhiva\/?s={search_term_string}\"},\"query-input\":{\"@type\":\"PropertyValueSpecification\",\"valueRequired\":true,\"valueName\":\"search_term_string\"}}],\"inLanguage\":\"bs-BA\"},{\"@type\":[\"Person\",\"Organization\"],\"@id\":\"https:\/\/sandzakpress.net\/arhiva\/#\/schema\/person\/6e72b67d6e51910a1117b3b483ba20bd\",\"name\":\"Kul\",\"image\":{\"@type\":\"ImageObject\",\"inLanguage\":\"bs-BA\",\"@id\":\"https:\/\/sandzakpress.net\/arhiva\/#\/schema\/person\/image\/\",\"url\":\"https:\/\/secure.gravatar.com\/avatar\/42263f39aa27ac04c43cab85c280eb2e?s=96&d=mm&r=pg\",\"contentUrl\":\"https:\/\/secure.gravatar.com\/avatar\/42263f39aa27ac04c43cab85c280eb2e?s=96&d=mm&r=pg\",\"caption\":\"Kul\"},\"logo\":{\"@id\":\"https:\/\/sandzakpress.net\/arhiva\/#\/schema\/person\/image\/\"}},{\"@type\":\"Person\",\"@id\":\"https:\/\/sandzakpress.net\/arhiva\/#\/schema\/person\/c8baee722073534b583ea7bdb2e36c02\",\"name\":\"bosniak\",\"image\":{\"@type\":\"ImageObject\",\"inLanguage\":\"bs-BA\",\"@id\":\"https:\/\/sandzakpress.net\/arhiva\/#\/schema\/person\/image\/\",\"url\":\"https:\/\/secure.gravatar.com\/avatar\/a04fd330bfe3a36a72a0ad4a6d89fca7?s=96&d=mm&r=pg\",\"contentUrl\":\"https:\/\/secure.gravatar.com\/avatar\/a04fd330bfe3a36a72a0ad4a6d89fca7?s=96&d=mm&r=pg\",\"caption\":\"bosniak\"},\"url\":\"https:\/\/sandzakpress.net\/arhiva\/author\/bosniak\/\"}]}<\/script>\n<!-- \/ Yoast SEO Premium plugin. -->","yoast_head_json":{"title":"Interpol raspisao potjernicu za Vi\u0161njom A\u0107imovi\u0107, koja je s 20 godina u Vlasenici strijeljala 37 Bo\u0161njaka","robots":{"index":"index","follow":"follow","max-snippet":"max-snippet:-1","max-image-preview":"max-image-preview:large","max-video-preview":"max-video-preview:-1"},"canonical":"https:\/\/sandzakpress.net\/arhiva\/interpol-raspisao-potjernicu-za-visnjom-acimovic-koja-je-s-20-godina-u-vlasenici-strijeljala-37-bosnjaka\/","og_locale":"bs_BA","og_type":"article","og_title":"Interpol raspisao potjernicu za Vi\u0161njom A\u0107imovi\u0107, koja je s 20 godina u Vlasenici strijeljala 37 Bo\u0161njaka","og_description":"Interpol je raspisao potjernicu za Vi\u0161njom A\u0107imovi\u0107, optu\u017eenom za zlo\u010din protiv civilnog stanovni\u0161tva po\u010dinjen u Vlasenici. Sud BiH je u februaru 2017. godine potvrdio optu\u017enicu protiv Vi\u0161nje A\u0107imovi\u0107 zbog optu\u017ebe da je zajedno s vi\u0161e naoru\u017eanih pripadnika Vojske Republike Srpske (VRS) u\u010destvovala u ubistvima 37 mu\u0161karaca bo\u0161nja\u010dke nacionalnosti po\u010dinjenim po\u010detkom juna 1992. na lokalitetu Mra\u010dni [&hellip;]","og_url":"https:\/\/sandzakpress.net\/arhiva\/interpol-raspisao-potjernicu-za-visnjom-acimovic-koja-je-s-20-godina-u-vlasenici-strijeljala-37-bosnjaka\/","og_site_name":"Sand\u017eak PRESS","article_published_time":"2019-05-11T11:50:12+00:00","og_image":[{"width":753,"height":424,"url":"https:\/\/sandzakpress.net\/arhiva\/wp-content\/uploads\/2019\/05\/873x400-10.jpg","type":"image\/jpeg"}],"author":"bosniak","twitter_card":"summary_large_image","twitter_misc":{"Written by":"bosniak","Est. reading time":"1 minuta"},"schema":{"@context":"https:\/\/schema.org","@graph":[{"@type":"Article","@id":"https:\/\/sandzakpress.net\/arhiva\/interpol-raspisao-potjernicu-za-visnjom-acimovic-koja-je-s-20-godina-u-vlasenici-strijeljala-37-bosnjaka\/#article","isPartOf":{"@id":"https:\/\/sandzakpress.net\/arhiva\/interpol-raspisao-potjernicu-za-visnjom-acimovic-koja-je-s-20-godina-u-vlasenici-strijeljala-37-bosnjaka\/"},"author":{"name":"bosniak","@id":"https:\/\/sandzakpress.net\/arhiva\/#\/schema\/person\/c8baee722073534b583ea7bdb2e36c02"},"headline":"Interpol raspisao potjernicu za Vi\u0161njom A\u0107imovi\u0107, koja je s 20 godina u Vlasenici strijeljala 37 Bo\u0161njaka","datePublished":"2019-05-11T11:50:12+00:00","mainEntityOfPage":{"@id":"https:\/\/sandzakpress.net\/arhiva\/interpol-raspisao-potjernicu-za-visnjom-acimovic-koja-je-s-20-godina-u-vlasenici-strijeljala-37-bosnjaka\/"},"wordCount":303,"commentCount":0,"publisher":{"@id":"https:\/\/sandzakpress.net\/arhiva\/#\/schema\/person\/6e72b67d6e51910a1117b3b483ba20bd"},"image":{"@id":"https:\/\/sandzakpress.net\/arhiva\/interpol-raspisao-potjernicu-za-visnjom-acimovic-koja-je-s-20-godina-u-vlasenici-strijeljala-37-bosnjaka\/#primaryimage"},"thumbnailUrl":"https:\/\/sandzakpress.net\/arhiva\/wp-content\/uploads\/2019\/05\/873x400-10.jpg","keywords":["Bosna i Hercegovina"],"articleSection":["Bosna PRESS"],"inLanguage":"bs-BA","potentialAction":[{"@type":"CommentAction","name":"Comment","target":["https:\/\/sandzakpress.net\/arhiva\/interpol-raspisao-potjernicu-za-visnjom-acimovic-koja-je-s-20-godina-u-vlasenici-strijeljala-37-bosnjaka\/#respond"]}]},{"@type":"WebPage","@id":"https:\/\/sandzakpress.net\/arhiva\/interpol-raspisao-potjernicu-za-visnjom-acimovic-koja-je-s-20-godina-u-vlasenici-strijeljala-37-bosnjaka\/","url":"https:\/\/sandzakpress.net\/arhiva\/interpol-raspisao-potjernicu-za-visnjom-acimovic-koja-je-s-20-godina-u-vlasenici-strijeljala-37-bosnjaka\/","name":"Interpol raspisao potjernicu za Vi\u0161njom A\u0107imovi\u0107, koja je s 20 godina u Vlasenici strijeljala 37 Bo\u0161njaka","isPartOf":{"@id":"https:\/\/sandzakpress.net\/arhiva\/#website"},"primaryImageOfPage":{"@id":"https:\/\/sandzakpress.net\/arhiva\/interpol-raspisao-potjernicu-za-visnjom-acimovic-koja-je-s-20-godina-u-vlasenici-strijeljala-37-bosnjaka\/#primaryimage"},"image":{"@id":"https:\/\/sandzakpress.net\/arhiva\/interpol-raspisao-potjernicu-za-visnjom-acimovic-koja-je-s-20-godina-u-vlasenici-strijeljala-37-bosnjaka\/#primaryimage"},"thumbnailUrl":"https:\/\/sandzakpress.net\/arhiva\/wp-content\/uploads\/2019\/05\/873x400-10.jpg","datePublished":"2019-05-11T11:50:12+00:00","breadcrumb":{"@id":"https:\/\/sandzakpress.net\/arhiva\/interpol-raspisao-potjernicu-za-visnjom-acimovic-koja-je-s-20-godina-u-vlasenici-strijeljala-37-bosnjaka\/#breadcrumb"},"inLanguage":"bs-BA","potentialAction":[{"@type":"ReadAction","target":["https:\/\/sandzakpress.net\/arhiva\/interpol-raspisao-potjernicu-za-visnjom-acimovic-koja-je-s-20-godina-u-vlasenici-strijeljala-37-bosnjaka\/"]}]},{"@type":"ImageObject","inLanguage":"bs-BA","@id":"https:\/\/sandzakpress.net\/arhiva\/interpol-raspisao-potjernicu-za-visnjom-acimovic-koja-je-s-20-godina-u-vlasenici-strijeljala-37-bosnjaka\/#primaryimage","url":"https:\/\/sandzakpress.net\/arhiva\/wp-content\/uploads\/2019\/05\/873x400-10.jpg","contentUrl":"https:\/\/sandzakpress.net\/arhiva\/wp-content\/uploads\/2019\/05\/873x400-10.jpg","width":753,"height":424},{"@type":"BreadcrumbList","@id":"https:\/\/sandzakpress.net\/arhiva\/interpol-raspisao-potjernicu-za-visnjom-acimovic-koja-je-s-20-godina-u-vlasenici-strijeljala-37-bosnjaka\/#breadcrumb","itemListElement":[{"@type":"ListItem","position":1,"name":"Home","item":"https:\/\/sandzakpress.net\/arhiva\/"},{"@type":"ListItem","position":2,"name":"Interpol raspisao potjernicu za Vi\u0161njom A\u0107imovi\u0107, koja je s 20 godina u Vlasenici strijeljala 37 Bo\u0161njaka"}]},{"@type":"WebSite","@id":"https:\/\/sandzakpress.net\/arhiva\/#website","url":"https:\/\/sandzakpress.net\/arhiva\/","name":"Sand\u017eak PRESS","description":"Prve elektronske novine u Sand\u017eaku","publisher":{"@id":"https:\/\/sandzakpress.net\/arhiva\/#\/schema\/person\/6e72b67d6e51910a1117b3b483ba20bd"},"potentialAction":[{"@type":"SearchAction","target":{"@type":"EntryPoint","urlTemplate":"https:\/\/sandzakpress.net\/arhiva\/?s={search_term_string}"},"query-input":{"@type":"PropertyValueSpecification","valueRequired":true,"valueName":"search_term_string"}}],"inLanguage":"bs-BA"},{"@type":["Person","Organization"],"@id":"https:\/\/sandzakpress.net\/arhiva\/#\/schema\/person\/6e72b67d6e51910a1117b3b483ba20bd","name":"Kul","image":{"@type":"ImageObject","inLanguage":"bs-BA","@id":"https:\/\/sandzakpress.net\/arhiva\/#\/schema\/person\/image\/","url":"https:\/\/secure.gravatar.com\/avatar\/42263f39aa27ac04c43cab85c280eb2e?s=96&d=mm&r=pg","contentUrl":"https:\/\/secure.gravatar.com\/avatar\/42263f39aa27ac04c43cab85c280eb2e?s=96&d=mm&r=pg","caption":"Kul"},"logo":{"@id":"https:\/\/sandzakpress.net\/arhiva\/#\/schema\/person\/image\/"}},{"@type":"Person","@id":"https:\/\/sandzakpress.net\/arhiva\/#\/schema\/person\/c8baee722073534b583ea7bdb2e36c02","name":"bosniak","image":{"@type":"ImageObject","inLanguage":"bs-BA","@id":"https:\/\/sandzakpress.net\/arhiva\/#\/schema\/person\/image\/","url":"https:\/\/secure.gravatar.com\/avatar\/a04fd330bfe3a36a72a0ad4a6d89fca7?s=96&d=mm&r=pg","contentUrl":"https:\/\/secure.gravatar.com\/avatar\/a04fd330bfe3a36a72a0ad4a6d89fca7?s=96&d=mm&r=pg","caption":"bosniak"},"url":"https:\/\/sandzakpress.net\/arhiva\/author\/bosniak\/"}]}},"_links":{"self":[{"href":"https:\/\/sandzakpress.net\/arhiva\/wp-json\/wp\/v2\/posts\/223052"}],"collection":[{"href":"https:\/\/sandzakpress.net\/arhiva\/wp-json\/wp\/v2\/posts"}],"about":[{"href":"https:\/\/sandzakpress.net\/arhiva\/wp-json\/wp\/v2\/types\/post"}],"author":[{"embeddable":true,"href":"https:\/\/sandzakpress.net\/arhiva\/wp-json\/wp\/v2\/users\/83"}],"replies":[{"embeddable":true,"href":"https:\/\/sandzakpress.net\/arhiva\/wp-json\/wp\/v2\/comments?post=223052"}],"version-history":[{"count":0,"href":"https:\/\/sandzakpress.net\/arhiva\/wp-json\/wp\/v2\/posts\/223052\/revisions"}],"wp:featuredmedia":[{"embeddable":true,"href":"https:\/\/sandzakpress.net\/arhiva\/wp-json\/wp\/v2\/media\/223053"}],"wp:attachment":[{"href":"https:\/\/sandzakpress.net\/arhiva\/wp-json\/wp\/v2\/media?parent=223052"}],"wp:term":[{"taxonomy":"category","embeddable":true,"href":"https:\/\/sandzakpress.net\/arhiva\/wp-json\/wp\/v2\/categories?post=223052"},{"taxonomy":"post_tag","embeddable":true,"href":"https:\/\/sandzakpress.net\/arhiva\/wp-json\/wp\/v2\/tags?post=223052"}],"curies":[{"name":"wp","href":"https:\/\/api.w.org\/{rel}","templated":true}]}}