{"id":223044,"date":"2019-05-11T14:29:23","date_gmt":"2019-05-11T12:29:23","guid":{"rendered":"https:\/\/sandzakpress.net\/arhiva\/malteski-brod-spasio-80-migranata-na-mediteranu"},"modified":"2019-05-11T14:29:23","modified_gmt":"2019-05-11T12:29:23","slug":"malteski-brod-spasio-80-migranata-na-mediteranu","status":"publish","type":"post","link":"https:\/\/sandzakpress.net\/arhiva\/malteski-brod-spasio-80-migranata-na-mediteranu\/","title":{"rendered":"Malte\u0161ki brod spasio 80 migranata na Mediteranu"},"content":{"rendered":"<p><span class=\"cb-itemprop\"><\/p>\n<div class=\"field field-name-title field-type-ds field-label-hidden\">\n<div class=\"field-items\">\n<div class=\"field-item even\">\n<h1 class=\"page-header\"><img decoding=\"async\" src=\"http:\/\/balkans.aljazeera.net\/sites\/default\/files\/styles\/d8\/public\/migranti.malta3_.epa_.jpg?itok=H3CF2ynV\" \/><\/h1>\n<article class=\"group-main-group field-group-div article-main clearfix\">\n<div class=\"field field-name-body field-type-text-with-summary field-label-hidden\">\n<div class=\"field-items\">\n<div class=\"field-item even\">\n<p>Malte\u0161ka patrolna brodica spasila je grupu od 85 migranata kasno u petak te \u0107e ih dovesti na Maltu u subotu, objavile su tamo\u0161nje snage sigurnosti,\u00a0prenosi Hina.<\/p>\n<p>Vojska je objavila da su migranti ve\u0107inom iz sjeverne i isto\u010dne Afrike te da su plovili drvenim brodom.<\/p>\n<p>Malta u Evropskoj uniji predvodi napore da se migranti spa\u0161eni na Mediteranu raspodijele po zemljama \u010dlanicama, otkako je Italija spasila\u010dkim brodovima zabranila ulaz u svoje luke.<\/p>\n<h4>Italijani ne dozvoljavaju ulaz u svoje luke<\/h4>\n<p>Najnoviji slu\u010daj uklju\u010divao je nevladin spasila\u010dki brod \u201eAlan Kurdi\u201c koji je pokupio 60 migranata te mu je bio odbijen ulaz u italijanske luke.<\/p>\n<p>Naknadno je brodu Kurdi ipak odobren ulaz na Maltu 13. aprila te su migrante podijelili izme\u0111u Njema\u010dke, Francuske, Portugala i Luksemburga.<\/p>\n<p>Evropski povjerenik za migracije Dimitris Avramopoulos posjetio je Maltu u utorak i\u00a0pohvalio napore oto\u010dke nacije u borbi s\u00a0nezakonitim migracijama u Mediteranu.<\/p>\n<p><em>Izvor: Agencij<\/em><\/p>\n<\/div>\n<\/div>\n<\/div>\n<\/article>\n<\/div>\n<\/div>\n<\/div>\n<div class=\"field field-name-field-standfirst field-type-text-long field-label-hidden\">\n<div class=\"field-items\"><\/div>\n<\/div>\n<p><\/span><br \/>\nPogledajte vijest na izvornom sajtu:<\/p>\n<p><a href=\"https:\/\/islampress.net\/45045\/malteski-brod-spasio-80-migranata-na-mediteranu\/\" target=\"_blank\">Malte\u0161ki brod spasio 80 migranata na Mediteranu<\/a><\/p>\n","protected":false},"excerpt":{"rendered":"<p>Malte\u0161ka patrolna brodica spasila je grupu od 85 migranata kasno u petak te \u0107e ih dovesti na Maltu u subotu, objavile su tamo\u0161nje snage sigurnosti,\u00a0prenosi Hina. Vojska je objavila da su migranti ve\u0107inom iz sjeverne i isto\u010dne Afrike te da su plovili drvenim brodom. Malta u Evropskoj uniji predvodi napore da se migranti spa\u0161eni na [&hellip;]<\/p>\n","protected":false},"author":83,"featured_media":0,"comment_status":"open","ping_status":"open","sticky":false,"template":"","format":"standard","meta":{"footnotes":""},"categories":[9],"tags":[10499],"class_list":{"0":"post-223044","1":"post","2":"type-post","3":"status-publish","4":"format-standard","6":"category-svijet","7":"tag-a"},"yoast_head":"<!-- This site is optimized with the Yoast SEO Premium plugin v23.1 (Yoast SEO v24.9) - https:\/\/yoast.com\/wordpress\/plugins\/seo\/ -->\n<title>Malte\u0161ki brod spasio 80 migranata na Mediteranu<\/title>\n<meta name=\"robots\" content=\"index, follow, max-snippet:-1, max-image-preview:large, max-video-preview:-1\" \/>\n<link rel=\"canonical\" href=\"https:\/\/sandzakpress.net\/arhiva\/malteski-brod-spasio-80-migranata-na-mediteranu\/\" \/>\n<meta property=\"og:locale\" content=\"bs_BA\" \/>\n<meta property=\"og:type\" content=\"article\" \/>\n<meta property=\"og:title\" content=\"Malte\u0161ki brod spasio 80 migranata na Mediteranu\" \/>\n<meta property=\"og:description\" content=\"Malte\u0161ka patrolna brodica spasila je grupu od 85 migranata kasno u petak te \u0107e ih dovesti na Maltu u subotu, objavile su tamo\u0161nje snage sigurnosti,\u00a0prenosi Hina. Vojska je objavila da su migranti ve\u0107inom iz sjeverne i isto\u010dne Afrike te da su plovili drvenim brodom. Malta u Evropskoj uniji predvodi napore da se migranti spa\u0161eni na [&hellip;]\" \/>\n<meta property=\"og:url\" content=\"https:\/\/sandzakpress.net\/arhiva\/malteski-brod-spasio-80-migranata-na-mediteranu\/\" \/>\n<meta property=\"og:site_name\" content=\"Sand\u017eak PRESS\" \/>\n<meta property=\"article:published_time\" content=\"2019-05-11T12:29:23+00:00\" \/>\n<meta property=\"og:image\" content=\"http:\/\/balkans.aljazeera.net\/sites\/default\/files\/styles\/d8\/public\/migranti.malta3_.epa_.jpg?itok=H3CF2ynV\" \/>\n<meta name=\"author\" content=\"bosniak\" \/>\n<meta name=\"twitter:card\" content=\"summary_large_image\" \/>\n<meta name=\"twitter:label1\" content=\"Written by\" \/>\n\t<meta name=\"twitter:data1\" content=\"bosniak\" \/>\n\t<meta name=\"twitter:label2\" content=\"Est. reading time\" \/>\n\t<meta name=\"twitter:data2\" content=\"1 minuta\" \/>\n<script type=\"application\/ld+json\" class=\"yoast-schema-graph\">{\"@context\":\"https:\/\/schema.org\",\"@graph\":[{\"@type\":\"Article\",\"@id\":\"https:\/\/sandzakpress.net\/arhiva\/malteski-brod-spasio-80-migranata-na-mediteranu\/#article\",\"isPartOf\":{\"@id\":\"https:\/\/sandzakpress.net\/arhiva\/malteski-brod-spasio-80-migranata-na-mediteranu\/\"},\"author\":{\"name\":\"bosniak\",\"@id\":\"https:\/\/sandzakpress.net\/arhiva\/#\/schema\/person\/c8baee722073534b583ea7bdb2e36c02\"},\"headline\":\"Malte\u0161ki brod spasio 80 migranata na Mediteranu\",\"datePublished\":\"2019-05-11T12:29:23+00:00\",\"mainEntityOfPage\":{\"@id\":\"https:\/\/sandzakpress.net\/arhiva\/malteski-brod-spasio-80-migranata-na-mediteranu\/\"},\"wordCount\":175,\"commentCount\":0,\"publisher\":{\"@id\":\"https:\/\/sandzakpress.net\/arhiva\/#\/schema\/person\/6e72b67d6e51910a1117b3b483ba20bd\"},\"image\":{\"@id\":\"https:\/\/sandzakpress.net\/arhiva\/malteski-brod-spasio-80-migranata-na-mediteranu\/#primaryimage\"},\"thumbnailUrl\":\"http:\/\/balkans.aljazeera.net\/sites\/default\/files\/styles\/d8\/public\/migranti.malta3_.epa_.jpg?itok=H3CF2ynV\",\"keywords\":[\"A\"],\"articleSection\":[\"Svijet\"],\"inLanguage\":\"bs-BA\",\"potentialAction\":[{\"@type\":\"CommentAction\",\"name\":\"Comment\",\"target\":[\"https:\/\/sandzakpress.net\/arhiva\/malteski-brod-spasio-80-migranata-na-mediteranu\/#respond\"]}]},{\"@type\":\"WebPage\",\"@id\":\"https:\/\/sandzakpress.net\/arhiva\/malteski-brod-spasio-80-migranata-na-mediteranu\/\",\"url\":\"https:\/\/sandzakpress.net\/arhiva\/malteski-brod-spasio-80-migranata-na-mediteranu\/\",\"name\":\"Malte\u0161ki brod spasio 80 migranata na Mediteranu\",\"isPartOf\":{\"@id\":\"https:\/\/sandzakpress.net\/arhiva\/#website\"},\"primaryImageOfPage\":{\"@id\":\"https:\/\/sandzakpress.net\/arhiva\/malteski-brod-spasio-80-migranata-na-mediteranu\/#primaryimage\"},\"image\":{\"@id\":\"https:\/\/sandzakpress.net\/arhiva\/malteski-brod-spasio-80-migranata-na-mediteranu\/#primaryimage\"},\"thumbnailUrl\":\"http:\/\/balkans.aljazeera.net\/sites\/default\/files\/styles\/d8\/public\/migranti.malta3_.epa_.jpg?itok=H3CF2ynV\",\"datePublished\":\"2019-05-11T12:29:23+00:00\",\"breadcrumb\":{\"@id\":\"https:\/\/sandzakpress.net\/arhiva\/malteski-brod-spasio-80-migranata-na-mediteranu\/#breadcrumb\"},\"inLanguage\":\"bs-BA\",\"potentialAction\":[{\"@type\":\"ReadAction\",\"target\":[\"https:\/\/sandzakpress.net\/arhiva\/malteski-brod-spasio-80-migranata-na-mediteranu\/\"]}]},{\"@type\":\"ImageObject\",\"inLanguage\":\"bs-BA\",\"@id\":\"https:\/\/sandzakpress.net\/arhiva\/malteski-brod-spasio-80-migranata-na-mediteranu\/#primaryimage\",\"url\":\"http:\/\/balkans.aljazeera.net\/sites\/default\/files\/styles\/d8\/public\/migranti.malta3_.epa_.jpg?itok=H3CF2ynV\",\"contentUrl\":\"http:\/\/balkans.aljazeera.net\/sites\/default\/files\/styles\/d8\/public\/migranti.malta3_.epa_.jpg?itok=H3CF2ynV\"},{\"@type\":\"BreadcrumbList\",\"@id\":\"https:\/\/sandzakpress.net\/arhiva\/malteski-brod-spasio-80-migranata-na-mediteranu\/#breadcrumb\",\"itemListElement\":[{\"@type\":\"ListItem\",\"position\":1,\"name\":\"Home\",\"item\":\"https:\/\/sandzakpress.net\/arhiva\/\"},{\"@type\":\"ListItem\",\"position\":2,\"name\":\"Malte\u0161ki brod spasio 80 migranata na Mediteranu\"}]},{\"@type\":\"WebSite\",\"@id\":\"https:\/\/sandzakpress.net\/arhiva\/#website\",\"url\":\"https:\/\/sandzakpress.net\/arhiva\/\",\"name\":\"Sand\u017eak PRESS\",\"description\":\"Prve elektronske novine u Sand\u017eaku\",\"publisher\":{\"@id\":\"https:\/\/sandzakpress.net\/arhiva\/#\/schema\/person\/6e72b67d6e51910a1117b3b483ba20bd\"},\"potentialAction\":[{\"@type\":\"SearchAction\",\"target\":{\"@type\":\"EntryPoint\",\"urlTemplate\":\"https:\/\/sandzakpress.net\/arhiva\/?s={search_term_string}\"},\"query-input\":{\"@type\":\"PropertyValueSpecification\",\"valueRequired\":true,\"valueName\":\"search_term_string\"}}],\"inLanguage\":\"bs-BA\"},{\"@type\":[\"Person\",\"Organization\"],\"@id\":\"https:\/\/sandzakpress.net\/arhiva\/#\/schema\/person\/6e72b67d6e51910a1117b3b483ba20bd\",\"name\":\"Kul\",\"image\":{\"@type\":\"ImageObject\",\"inLanguage\":\"bs-BA\",\"@id\":\"https:\/\/sandzakpress.net\/arhiva\/#\/schema\/person\/image\/\",\"url\":\"https:\/\/secure.gravatar.com\/avatar\/42263f39aa27ac04c43cab85c280eb2e?s=96&d=mm&r=pg\",\"contentUrl\":\"https:\/\/secure.gravatar.com\/avatar\/42263f39aa27ac04c43cab85c280eb2e?s=96&d=mm&r=pg\",\"caption\":\"Kul\"},\"logo\":{\"@id\":\"https:\/\/sandzakpress.net\/arhiva\/#\/schema\/person\/image\/\"}},{\"@type\":\"Person\",\"@id\":\"https:\/\/sandzakpress.net\/arhiva\/#\/schema\/person\/c8baee722073534b583ea7bdb2e36c02\",\"name\":\"bosniak\",\"image\":{\"@type\":\"ImageObject\",\"inLanguage\":\"bs-BA\",\"@id\":\"https:\/\/sandzakpress.net\/arhiva\/#\/schema\/person\/image\/\",\"url\":\"https:\/\/secure.gravatar.com\/avatar\/a04fd330bfe3a36a72a0ad4a6d89fca7?s=96&d=mm&r=pg\",\"contentUrl\":\"https:\/\/secure.gravatar.com\/avatar\/a04fd330bfe3a36a72a0ad4a6d89fca7?s=96&d=mm&r=pg\",\"caption\":\"bosniak\"},\"url\":\"https:\/\/sandzakpress.net\/arhiva\/author\/bosniak\/\"}]}<\/script>\n<!-- \/ Yoast SEO Premium plugin. -->","yoast_head_json":{"title":"Malte\u0161ki brod spasio 80 migranata na Mediteranu","robots":{"index":"index","follow":"follow","max-snippet":"max-snippet:-1","max-image-preview":"max-image-preview:large","max-video-preview":"max-video-preview:-1"},"canonical":"https:\/\/sandzakpress.net\/arhiva\/malteski-brod-spasio-80-migranata-na-mediteranu\/","og_locale":"bs_BA","og_type":"article","og_title":"Malte\u0161ki brod spasio 80 migranata na Mediteranu","og_description":"Malte\u0161ka patrolna brodica spasila je grupu od 85 migranata kasno u petak te \u0107e ih dovesti na Maltu u subotu, objavile su tamo\u0161nje snage sigurnosti,\u00a0prenosi Hina. Vojska je objavila da su migranti ve\u0107inom iz sjeverne i isto\u010dne Afrike te da su plovili drvenim brodom. Malta u Evropskoj uniji predvodi napore da se migranti spa\u0161eni na [&hellip;]","og_url":"https:\/\/sandzakpress.net\/arhiva\/malteski-brod-spasio-80-migranata-na-mediteranu\/","og_site_name":"Sand\u017eak PRESS","article_published_time":"2019-05-11T12:29:23+00:00","og_image":[{"url":"http:\/\/balkans.aljazeera.net\/sites\/default\/files\/styles\/d8\/public\/migranti.malta3_.epa_.jpg?itok=H3CF2ynV","type":"","width":"","height":""}],"author":"bosniak","twitter_card":"summary_large_image","twitter_misc":{"Written by":"bosniak","Est. reading time":"1 minuta"},"schema":{"@context":"https:\/\/schema.org","@graph":[{"@type":"Article","@id":"https:\/\/sandzakpress.net\/arhiva\/malteski-brod-spasio-80-migranata-na-mediteranu\/#article","isPartOf":{"@id":"https:\/\/sandzakpress.net\/arhiva\/malteski-brod-spasio-80-migranata-na-mediteranu\/"},"author":{"name":"bosniak","@id":"https:\/\/sandzakpress.net\/arhiva\/#\/schema\/person\/c8baee722073534b583ea7bdb2e36c02"},"headline":"Malte\u0161ki brod spasio 80 migranata na Mediteranu","datePublished":"2019-05-11T12:29:23+00:00","mainEntityOfPage":{"@id":"https:\/\/sandzakpress.net\/arhiva\/malteski-brod-spasio-80-migranata-na-mediteranu\/"},"wordCount":175,"commentCount":0,"publisher":{"@id":"https:\/\/sandzakpress.net\/arhiva\/#\/schema\/person\/6e72b67d6e51910a1117b3b483ba20bd"},"image":{"@id":"https:\/\/sandzakpress.net\/arhiva\/malteski-brod-spasio-80-migranata-na-mediteranu\/#primaryimage"},"thumbnailUrl":"http:\/\/balkans.aljazeera.net\/sites\/default\/files\/styles\/d8\/public\/migranti.malta3_.epa_.jpg?itok=H3CF2ynV","keywords":["A"],"articleSection":["Svijet"],"inLanguage":"bs-BA","potentialAction":[{"@type":"CommentAction","name":"Comment","target":["https:\/\/sandzakpress.net\/arhiva\/malteski-brod-spasio-80-migranata-na-mediteranu\/#respond"]}]},{"@type":"WebPage","@id":"https:\/\/sandzakpress.net\/arhiva\/malteski-brod-spasio-80-migranata-na-mediteranu\/","url":"https:\/\/sandzakpress.net\/arhiva\/malteski-brod-spasio-80-migranata-na-mediteranu\/","name":"Malte\u0161ki brod spasio 80 migranata na Mediteranu","isPartOf":{"@id":"https:\/\/sandzakpress.net\/arhiva\/#website"},"primaryImageOfPage":{"@id":"https:\/\/sandzakpress.net\/arhiva\/malteski-brod-spasio-80-migranata-na-mediteranu\/#primaryimage"},"image":{"@id":"https:\/\/sandzakpress.net\/arhiva\/malteski-brod-spasio-80-migranata-na-mediteranu\/#primaryimage"},"thumbnailUrl":"http:\/\/balkans.aljazeera.net\/sites\/default\/files\/styles\/d8\/public\/migranti.malta3_.epa_.jpg?itok=H3CF2ynV","datePublished":"2019-05-11T12:29:23+00:00","breadcrumb":{"@id":"https:\/\/sandzakpress.net\/arhiva\/malteski-brod-spasio-80-migranata-na-mediteranu\/#breadcrumb"},"inLanguage":"bs-BA","potentialAction":[{"@type":"ReadAction","target":["https:\/\/sandzakpress.net\/arhiva\/malteski-brod-spasio-80-migranata-na-mediteranu\/"]}]},{"@type":"ImageObject","inLanguage":"bs-BA","@id":"https:\/\/sandzakpress.net\/arhiva\/malteski-brod-spasio-80-migranata-na-mediteranu\/#primaryimage","url":"http:\/\/balkans.aljazeera.net\/sites\/default\/files\/styles\/d8\/public\/migranti.malta3_.epa_.jpg?itok=H3CF2ynV","contentUrl":"http:\/\/balkans.aljazeera.net\/sites\/default\/files\/styles\/d8\/public\/migranti.malta3_.epa_.jpg?itok=H3CF2ynV"},{"@type":"BreadcrumbList","@id":"https:\/\/sandzakpress.net\/arhiva\/malteski-brod-spasio-80-migranata-na-mediteranu\/#breadcrumb","itemListElement":[{"@type":"ListItem","position":1,"name":"Home","item":"https:\/\/sandzakpress.net\/arhiva\/"},{"@type":"ListItem","position":2,"name":"Malte\u0161ki brod spasio 80 migranata na Mediteranu"}]},{"@type":"WebSite","@id":"https:\/\/sandzakpress.net\/arhiva\/#website","url":"https:\/\/sandzakpress.net\/arhiva\/","name":"Sand\u017eak PRESS","description":"Prve elektronske novine u Sand\u017eaku","publisher":{"@id":"https:\/\/sandzakpress.net\/arhiva\/#\/schema\/person\/6e72b67d6e51910a1117b3b483ba20bd"},"potentialAction":[{"@type":"SearchAction","target":{"@type":"EntryPoint","urlTemplate":"https:\/\/sandzakpress.net\/arhiva\/?s={search_term_string}"},"query-input":{"@type":"PropertyValueSpecification","valueRequired":true,"valueName":"search_term_string"}}],"inLanguage":"bs-BA"},{"@type":["Person","Organization"],"@id":"https:\/\/sandzakpress.net\/arhiva\/#\/schema\/person\/6e72b67d6e51910a1117b3b483ba20bd","name":"Kul","image":{"@type":"ImageObject","inLanguage":"bs-BA","@id":"https:\/\/sandzakpress.net\/arhiva\/#\/schema\/person\/image\/","url":"https:\/\/secure.gravatar.com\/avatar\/42263f39aa27ac04c43cab85c280eb2e?s=96&d=mm&r=pg","contentUrl":"https:\/\/secure.gravatar.com\/avatar\/42263f39aa27ac04c43cab85c280eb2e?s=96&d=mm&r=pg","caption":"Kul"},"logo":{"@id":"https:\/\/sandzakpress.net\/arhiva\/#\/schema\/person\/image\/"}},{"@type":"Person","@id":"https:\/\/sandzakpress.net\/arhiva\/#\/schema\/person\/c8baee722073534b583ea7bdb2e36c02","name":"bosniak","image":{"@type":"ImageObject","inLanguage":"bs-BA","@id":"https:\/\/sandzakpress.net\/arhiva\/#\/schema\/person\/image\/","url":"https:\/\/secure.gravatar.com\/avatar\/a04fd330bfe3a36a72a0ad4a6d89fca7?s=96&d=mm&r=pg","contentUrl":"https:\/\/secure.gravatar.com\/avatar\/a04fd330bfe3a36a72a0ad4a6d89fca7?s=96&d=mm&r=pg","caption":"bosniak"},"url":"https:\/\/sandzakpress.net\/arhiva\/author\/bosniak\/"}]}},"_links":{"self":[{"href":"https:\/\/sandzakpress.net\/arhiva\/wp-json\/wp\/v2\/posts\/223044"}],"collection":[{"href":"https:\/\/sandzakpress.net\/arhiva\/wp-json\/wp\/v2\/posts"}],"about":[{"href":"https:\/\/sandzakpress.net\/arhiva\/wp-json\/wp\/v2\/types\/post"}],"author":[{"embeddable":true,"href":"https:\/\/sandzakpress.net\/arhiva\/wp-json\/wp\/v2\/users\/83"}],"replies":[{"embeddable":true,"href":"https:\/\/sandzakpress.net\/arhiva\/wp-json\/wp\/v2\/comments?post=223044"}],"version-history":[{"count":0,"href":"https:\/\/sandzakpress.net\/arhiva\/wp-json\/wp\/v2\/posts\/223044\/revisions"}],"wp:attachment":[{"href":"https:\/\/sandzakpress.net\/arhiva\/wp-json\/wp\/v2\/media?parent=223044"}],"wp:term":[{"taxonomy":"category","embeddable":true,"href":"https:\/\/sandzakpress.net\/arhiva\/wp-json\/wp\/v2\/categories?post=223044"},{"taxonomy":"post_tag","embeddable":true,"href":"https:\/\/sandzakpress.net\/arhiva\/wp-json\/wp\/v2\/tags?post=223044"}],"curies":[{"name":"wp","href":"https:\/\/api.w.org\/{rel}","templated":true}]}}