{"id":222914,"date":"2019-05-09T13:39:36","date_gmt":"2019-05-09T11:39:36","guid":{"rendered":"https:\/\/sandzakpress.net\/arhiva\/macron-razgovarao-sa-sarrajem-problem-u-libiji-ne-moze-se-rijesiti-vojnim-putem"},"modified":"2019-05-09T13:39:36","modified_gmt":"2019-05-09T11:39:36","slug":"macron-razgovarao-sa-sarrajem-problem-u-libiji-ne-moze-se-rijesiti-vojnim-putem","status":"publish","type":"post","link":"https:\/\/sandzakpress.net\/arhiva\/macron-razgovarao-sa-sarrajem-problem-u-libiji-ne-moze-se-rijesiti-vojnim-putem\/","title":{"rendered":"Macron razgovarao sa Sarrajem: Problem u Libiji ne mo\u017ee se rije\u0161iti vojnim putem"},"content":{"rendered":"<p><span class=\"cb-itemprop\"><\/p>\n<p><img decoding=\"async\" src=\"https:\/\/cdn.trt.net.tr\/images\/large\/rectangle\/1a9f\/211d\/c010\/5cd3c7bec0ec9.jpg?time=1557401895\" alt=\"Macron razgovarao sa Sarrajem: Problem u Libiji ne mo\u00c5\u00bee se rije\u00c5\u00a1iti vojnim putem\" \/><\/p>\n<p><strong>Predsjednik Francuske Emmanuel Macron sastao se sa \u010delnikom Vlade nacionalnog jedinstva Libije Fayezom al-Sarrajem s kojim je razgovarao o situaciji u Libiji.<\/strong><\/p>\n<p>U saop\u0107enju Jelisejske palate navodi se kako je Macron ponovio podr\u0161ku Francuske Vladi nacionalnog jedinstva i poru\u010dio da \u0107e nastaviti saradnju.<\/p>\n<p>Dodaje se kako je Macron kazao da \u0107e pod pokroviteljstvom Ujedinjenih naroda (UN) pomo\u0107i u uspostavljanju mira u Libiji.<\/p>\n<p>Dva lidera su razgovarala i o zna\u010daju produbljenja i razvoja dijaloga svih komponenti na jugu, istoku i zapadu.<\/p>\n<p>Macron je kazao i kako za problem u Libiji ne postoji vojno rje\u0161enje.<\/p>\n<p>U saop\u0107enju se navodi kako je francuski predsjednik naglasio da je potrebno uspostaviti mir i za\u0161titi civile.<\/p>\n<p>Francuska podr\u017eava i posredni\u010dke aktivnosti specijalnog izaslanika UN-a za Libiju Ghassana Salamea.<\/p>\n<p>Sarraj se ranije u Rimu sastao s premijerom Italije Giuseppeom Conteom, a u Berlinu njema\u010dkom kancelarkom Angelom Merkel. O\u010dekuje se da \u0107e Sarraj u okviru posjete europskim zemljama boraviti i u Velikoj Britaniji.<\/p>\n<p>Sukobi izme\u0111u snaga Vlade nacionalnog jedinstva i snaga lidera oru\u017eanih snaga na istoku zemlje Khalife Haftara traju skoro mjesec.<\/p>\n<p>Podaci Svjetske zdravstvene organizacije (WHO) pokazuju kako je u sukobima u Tripoliju i okolini poginulo vi\u0161e od 400 ljudi.<\/p>\n<p><\/span><br \/>\nPogledajte vijest na izvornom sajtu:<\/p>\n<p><a href=\"https:\/\/islampress.net\/45021\/macron-razgovarao-sa-sarrajem-problem-u-libiji-ne-moze-se-rijesiti-vojnim-putem\/\" target=\"_blank\">Macron razgovarao sa Sarrajem: Problem u Libiji ne mo\u017ee se rije\u0161iti vojnim putem<\/a><\/p>\n","protected":false},"excerpt":{"rendered":"<p>Predsjednik Francuske Emmanuel Macron sastao se sa \u010delnikom Vlade nacionalnog jedinstva Libije Fayezom al-Sarrajem s kojim je razgovarao o situaciji u Libiji. U saop\u0107enju Jelisejske palate navodi se kako je Macron ponovio podr\u0161ku Francuske Vladi nacionalnog jedinstva i poru\u010dio da \u0107e nastaviti saradnju. Dodaje se kako je Macron kazao da \u0107e pod pokroviteljstvom Ujedinjenih naroda [&hellip;]<\/p>\n","protected":false},"author":83,"featured_media":0,"comment_status":"open","ping_status":"open","sticky":false,"template":"","format":"standard","meta":{"footnotes":""},"categories":[9],"tags":[10499],"class_list":{"0":"post-222914","1":"post","2":"type-post","3":"status-publish","4":"format-standard","6":"category-svijet","7":"tag-a"},"yoast_head":"<!-- This site is optimized with the Yoast SEO Premium plugin v23.1 (Yoast SEO v24.9) - https:\/\/yoast.com\/wordpress\/plugins\/seo\/ -->\n<title>Macron razgovarao sa Sarrajem: Problem u Libiji ne mo\u017ee se rije\u0161iti vojnim putem<\/title>\n<meta name=\"robots\" content=\"index, follow, max-snippet:-1, max-image-preview:large, max-video-preview:-1\" \/>\n<link rel=\"canonical\" href=\"https:\/\/sandzakpress.net\/arhiva\/macron-razgovarao-sa-sarrajem-problem-u-libiji-ne-moze-se-rijesiti-vojnim-putem\/\" \/>\n<meta property=\"og:locale\" content=\"bs_BA\" \/>\n<meta property=\"og:type\" content=\"article\" \/>\n<meta property=\"og:title\" content=\"Macron razgovarao sa Sarrajem: Problem u Libiji ne mo\u017ee se rije\u0161iti vojnim putem\" \/>\n<meta property=\"og:description\" content=\"Predsjednik Francuske Emmanuel Macron sastao se sa \u010delnikom Vlade nacionalnog jedinstva Libije Fayezom al-Sarrajem s kojim je razgovarao o situaciji u Libiji. U saop\u0107enju Jelisejske palate navodi se kako je Macron ponovio podr\u0161ku Francuske Vladi nacionalnog jedinstva i poru\u010dio da \u0107e nastaviti saradnju. Dodaje se kako je Macron kazao da \u0107e pod pokroviteljstvom Ujedinjenih naroda [&hellip;]\" \/>\n<meta property=\"og:url\" content=\"https:\/\/sandzakpress.net\/arhiva\/macron-razgovarao-sa-sarrajem-problem-u-libiji-ne-moze-se-rijesiti-vojnim-putem\/\" \/>\n<meta property=\"og:site_name\" content=\"Sand\u017eak PRESS\" \/>\n<meta property=\"article:published_time\" content=\"2019-05-09T11:39:36+00:00\" \/>\n<meta property=\"og:image\" content=\"https:\/\/cdn.trt.net.tr\/images\/large\/rectangle\/1a9f\/211d\/c010\/5cd3c7bec0ec9.jpg?time=1557401895\" \/>\n<meta name=\"author\" content=\"bosniak\" \/>\n<meta name=\"twitter:card\" content=\"summary_large_image\" \/>\n<meta name=\"twitter:label1\" content=\"Written by\" \/>\n\t<meta name=\"twitter:data1\" content=\"bosniak\" \/>\n\t<meta name=\"twitter:label2\" content=\"Est. reading time\" \/>\n\t<meta name=\"twitter:data2\" content=\"1 minuta\" \/>\n<script type=\"application\/ld+json\" class=\"yoast-schema-graph\">{\"@context\":\"https:\/\/schema.org\",\"@graph\":[{\"@type\":\"Article\",\"@id\":\"https:\/\/sandzakpress.net\/arhiva\/macron-razgovarao-sa-sarrajem-problem-u-libiji-ne-moze-se-rijesiti-vojnim-putem\/#article\",\"isPartOf\":{\"@id\":\"https:\/\/sandzakpress.net\/arhiva\/macron-razgovarao-sa-sarrajem-problem-u-libiji-ne-moze-se-rijesiti-vojnim-putem\/\"},\"author\":{\"name\":\"bosniak\",\"@id\":\"https:\/\/sandzakpress.net\/arhiva\/#\/schema\/person\/c8baee722073534b583ea7bdb2e36c02\"},\"headline\":\"Macron razgovarao sa Sarrajem: Problem u Libiji ne mo\u017ee se rije\u0161iti vojnim putem\",\"datePublished\":\"2019-05-09T11:39:36+00:00\",\"mainEntityOfPage\":{\"@id\":\"https:\/\/sandzakpress.net\/arhiva\/macron-razgovarao-sa-sarrajem-problem-u-libiji-ne-moze-se-rijesiti-vojnim-putem\/\"},\"wordCount\":242,\"commentCount\":0,\"publisher\":{\"@id\":\"https:\/\/sandzakpress.net\/arhiva\/#\/schema\/person\/6e72b67d6e51910a1117b3b483ba20bd\"},\"image\":{\"@id\":\"https:\/\/sandzakpress.net\/arhiva\/macron-razgovarao-sa-sarrajem-problem-u-libiji-ne-moze-se-rijesiti-vojnim-putem\/#primaryimage\"},\"thumbnailUrl\":\"https:\/\/cdn.trt.net.tr\/images\/large\/rectangle\/1a9f\/211d\/c010\/5cd3c7bec0ec9.jpg?time=1557401895\",\"keywords\":[\"A\"],\"articleSection\":[\"Svijet\"],\"inLanguage\":\"bs-BA\",\"potentialAction\":[{\"@type\":\"CommentAction\",\"name\":\"Comment\",\"target\":[\"https:\/\/sandzakpress.net\/arhiva\/macron-razgovarao-sa-sarrajem-problem-u-libiji-ne-moze-se-rijesiti-vojnim-putem\/#respond\"]}]},{\"@type\":\"WebPage\",\"@id\":\"https:\/\/sandzakpress.net\/arhiva\/macron-razgovarao-sa-sarrajem-problem-u-libiji-ne-moze-se-rijesiti-vojnim-putem\/\",\"url\":\"https:\/\/sandzakpress.net\/arhiva\/macron-razgovarao-sa-sarrajem-problem-u-libiji-ne-moze-se-rijesiti-vojnim-putem\/\",\"name\":\"Macron razgovarao sa Sarrajem: Problem u Libiji ne mo\u017ee se rije\u0161iti vojnim putem\",\"isPartOf\":{\"@id\":\"https:\/\/sandzakpress.net\/arhiva\/#website\"},\"primaryImageOfPage\":{\"@id\":\"https:\/\/sandzakpress.net\/arhiva\/macron-razgovarao-sa-sarrajem-problem-u-libiji-ne-moze-se-rijesiti-vojnim-putem\/#primaryimage\"},\"image\":{\"@id\":\"https:\/\/sandzakpress.net\/arhiva\/macron-razgovarao-sa-sarrajem-problem-u-libiji-ne-moze-se-rijesiti-vojnim-putem\/#primaryimage\"},\"thumbnailUrl\":\"https:\/\/cdn.trt.net.tr\/images\/large\/rectangle\/1a9f\/211d\/c010\/5cd3c7bec0ec9.jpg?time=1557401895\",\"datePublished\":\"2019-05-09T11:39:36+00:00\",\"breadcrumb\":{\"@id\":\"https:\/\/sandzakpress.net\/arhiva\/macron-razgovarao-sa-sarrajem-problem-u-libiji-ne-moze-se-rijesiti-vojnim-putem\/#breadcrumb\"},\"inLanguage\":\"bs-BA\",\"potentialAction\":[{\"@type\":\"ReadAction\",\"target\":[\"https:\/\/sandzakpress.net\/arhiva\/macron-razgovarao-sa-sarrajem-problem-u-libiji-ne-moze-se-rijesiti-vojnim-putem\/\"]}]},{\"@type\":\"ImageObject\",\"inLanguage\":\"bs-BA\",\"@id\":\"https:\/\/sandzakpress.net\/arhiva\/macron-razgovarao-sa-sarrajem-problem-u-libiji-ne-moze-se-rijesiti-vojnim-putem\/#primaryimage\",\"url\":\"https:\/\/cdn.trt.net.tr\/images\/large\/rectangle\/1a9f\/211d\/c010\/5cd3c7bec0ec9.jpg?time=1557401895\",\"contentUrl\":\"https:\/\/cdn.trt.net.tr\/images\/large\/rectangle\/1a9f\/211d\/c010\/5cd3c7bec0ec9.jpg?time=1557401895\"},{\"@type\":\"BreadcrumbList\",\"@id\":\"https:\/\/sandzakpress.net\/arhiva\/macron-razgovarao-sa-sarrajem-problem-u-libiji-ne-moze-se-rijesiti-vojnim-putem\/#breadcrumb\",\"itemListElement\":[{\"@type\":\"ListItem\",\"position\":1,\"name\":\"Home\",\"item\":\"https:\/\/sandzakpress.net\/arhiva\/\"},{\"@type\":\"ListItem\",\"position\":2,\"name\":\"Macron razgovarao sa Sarrajem: Problem u Libiji ne mo\u017ee se rije\u0161iti vojnim putem\"}]},{\"@type\":\"WebSite\",\"@id\":\"https:\/\/sandzakpress.net\/arhiva\/#website\",\"url\":\"https:\/\/sandzakpress.net\/arhiva\/\",\"name\":\"Sand\u017eak PRESS\",\"description\":\"Prve elektronske novine u Sand\u017eaku\",\"publisher\":{\"@id\":\"https:\/\/sandzakpress.net\/arhiva\/#\/schema\/person\/6e72b67d6e51910a1117b3b483ba20bd\"},\"potentialAction\":[{\"@type\":\"SearchAction\",\"target\":{\"@type\":\"EntryPoint\",\"urlTemplate\":\"https:\/\/sandzakpress.net\/arhiva\/?s={search_term_string}\"},\"query-input\":{\"@type\":\"PropertyValueSpecification\",\"valueRequired\":true,\"valueName\":\"search_term_string\"}}],\"inLanguage\":\"bs-BA\"},{\"@type\":[\"Person\",\"Organization\"],\"@id\":\"https:\/\/sandzakpress.net\/arhiva\/#\/schema\/person\/6e72b67d6e51910a1117b3b483ba20bd\",\"name\":\"Kul\",\"image\":{\"@type\":\"ImageObject\",\"inLanguage\":\"bs-BA\",\"@id\":\"https:\/\/sandzakpress.net\/arhiva\/#\/schema\/person\/image\/\",\"url\":\"https:\/\/secure.gravatar.com\/avatar\/42263f39aa27ac04c43cab85c280eb2e?s=96&d=mm&r=pg\",\"contentUrl\":\"https:\/\/secure.gravatar.com\/avatar\/42263f39aa27ac04c43cab85c280eb2e?s=96&d=mm&r=pg\",\"caption\":\"Kul\"},\"logo\":{\"@id\":\"https:\/\/sandzakpress.net\/arhiva\/#\/schema\/person\/image\/\"}},{\"@type\":\"Person\",\"@id\":\"https:\/\/sandzakpress.net\/arhiva\/#\/schema\/person\/c8baee722073534b583ea7bdb2e36c02\",\"name\":\"bosniak\",\"image\":{\"@type\":\"ImageObject\",\"inLanguage\":\"bs-BA\",\"@id\":\"https:\/\/sandzakpress.net\/arhiva\/#\/schema\/person\/image\/\",\"url\":\"https:\/\/secure.gravatar.com\/avatar\/a04fd330bfe3a36a72a0ad4a6d89fca7?s=96&d=mm&r=pg\",\"contentUrl\":\"https:\/\/secure.gravatar.com\/avatar\/a04fd330bfe3a36a72a0ad4a6d89fca7?s=96&d=mm&r=pg\",\"caption\":\"bosniak\"},\"url\":\"https:\/\/sandzakpress.net\/arhiva\/author\/bosniak\/\"}]}<\/script>\n<!-- \/ Yoast SEO Premium plugin. -->","yoast_head_json":{"title":"Macron razgovarao sa Sarrajem: Problem u Libiji ne mo\u017ee se rije\u0161iti vojnim putem","robots":{"index":"index","follow":"follow","max-snippet":"max-snippet:-1","max-image-preview":"max-image-preview:large","max-video-preview":"max-video-preview:-1"},"canonical":"https:\/\/sandzakpress.net\/arhiva\/macron-razgovarao-sa-sarrajem-problem-u-libiji-ne-moze-se-rijesiti-vojnim-putem\/","og_locale":"bs_BA","og_type":"article","og_title":"Macron razgovarao sa Sarrajem: Problem u Libiji ne mo\u017ee se rije\u0161iti vojnim putem","og_description":"Predsjednik Francuske Emmanuel Macron sastao se sa \u010delnikom Vlade nacionalnog jedinstva Libije Fayezom al-Sarrajem s kojim je razgovarao o situaciji u Libiji. U saop\u0107enju Jelisejske palate navodi se kako je Macron ponovio podr\u0161ku Francuske Vladi nacionalnog jedinstva i poru\u010dio da \u0107e nastaviti saradnju. Dodaje se kako je Macron kazao da \u0107e pod pokroviteljstvom Ujedinjenih naroda [&hellip;]","og_url":"https:\/\/sandzakpress.net\/arhiva\/macron-razgovarao-sa-sarrajem-problem-u-libiji-ne-moze-se-rijesiti-vojnim-putem\/","og_site_name":"Sand\u017eak PRESS","article_published_time":"2019-05-09T11:39:36+00:00","og_image":[{"url":"https:\/\/cdn.trt.net.tr\/images\/large\/rectangle\/1a9f\/211d\/c010\/5cd3c7bec0ec9.jpg?time=1557401895","type":"","width":"","height":""}],"author":"bosniak","twitter_card":"summary_large_image","twitter_misc":{"Written by":"bosniak","Est. reading time":"1 minuta"},"schema":{"@context":"https:\/\/schema.org","@graph":[{"@type":"Article","@id":"https:\/\/sandzakpress.net\/arhiva\/macron-razgovarao-sa-sarrajem-problem-u-libiji-ne-moze-se-rijesiti-vojnim-putem\/#article","isPartOf":{"@id":"https:\/\/sandzakpress.net\/arhiva\/macron-razgovarao-sa-sarrajem-problem-u-libiji-ne-moze-se-rijesiti-vojnim-putem\/"},"author":{"name":"bosniak","@id":"https:\/\/sandzakpress.net\/arhiva\/#\/schema\/person\/c8baee722073534b583ea7bdb2e36c02"},"headline":"Macron razgovarao sa Sarrajem: Problem u Libiji ne mo\u017ee se rije\u0161iti vojnim putem","datePublished":"2019-05-09T11:39:36+00:00","mainEntityOfPage":{"@id":"https:\/\/sandzakpress.net\/arhiva\/macron-razgovarao-sa-sarrajem-problem-u-libiji-ne-moze-se-rijesiti-vojnim-putem\/"},"wordCount":242,"commentCount":0,"publisher":{"@id":"https:\/\/sandzakpress.net\/arhiva\/#\/schema\/person\/6e72b67d6e51910a1117b3b483ba20bd"},"image":{"@id":"https:\/\/sandzakpress.net\/arhiva\/macron-razgovarao-sa-sarrajem-problem-u-libiji-ne-moze-se-rijesiti-vojnim-putem\/#primaryimage"},"thumbnailUrl":"https:\/\/cdn.trt.net.tr\/images\/large\/rectangle\/1a9f\/211d\/c010\/5cd3c7bec0ec9.jpg?time=1557401895","keywords":["A"],"articleSection":["Svijet"],"inLanguage":"bs-BA","potentialAction":[{"@type":"CommentAction","name":"Comment","target":["https:\/\/sandzakpress.net\/arhiva\/macron-razgovarao-sa-sarrajem-problem-u-libiji-ne-moze-se-rijesiti-vojnim-putem\/#respond"]}]},{"@type":"WebPage","@id":"https:\/\/sandzakpress.net\/arhiva\/macron-razgovarao-sa-sarrajem-problem-u-libiji-ne-moze-se-rijesiti-vojnim-putem\/","url":"https:\/\/sandzakpress.net\/arhiva\/macron-razgovarao-sa-sarrajem-problem-u-libiji-ne-moze-se-rijesiti-vojnim-putem\/","name":"Macron razgovarao sa Sarrajem: Problem u Libiji ne mo\u017ee se rije\u0161iti vojnim putem","isPartOf":{"@id":"https:\/\/sandzakpress.net\/arhiva\/#website"},"primaryImageOfPage":{"@id":"https:\/\/sandzakpress.net\/arhiva\/macron-razgovarao-sa-sarrajem-problem-u-libiji-ne-moze-se-rijesiti-vojnim-putem\/#primaryimage"},"image":{"@id":"https:\/\/sandzakpress.net\/arhiva\/macron-razgovarao-sa-sarrajem-problem-u-libiji-ne-moze-se-rijesiti-vojnim-putem\/#primaryimage"},"thumbnailUrl":"https:\/\/cdn.trt.net.tr\/images\/large\/rectangle\/1a9f\/211d\/c010\/5cd3c7bec0ec9.jpg?time=1557401895","datePublished":"2019-05-09T11:39:36+00:00","breadcrumb":{"@id":"https:\/\/sandzakpress.net\/arhiva\/macron-razgovarao-sa-sarrajem-problem-u-libiji-ne-moze-se-rijesiti-vojnim-putem\/#breadcrumb"},"inLanguage":"bs-BA","potentialAction":[{"@type":"ReadAction","target":["https:\/\/sandzakpress.net\/arhiva\/macron-razgovarao-sa-sarrajem-problem-u-libiji-ne-moze-se-rijesiti-vojnim-putem\/"]}]},{"@type":"ImageObject","inLanguage":"bs-BA","@id":"https:\/\/sandzakpress.net\/arhiva\/macron-razgovarao-sa-sarrajem-problem-u-libiji-ne-moze-se-rijesiti-vojnim-putem\/#primaryimage","url":"https:\/\/cdn.trt.net.tr\/images\/large\/rectangle\/1a9f\/211d\/c010\/5cd3c7bec0ec9.jpg?time=1557401895","contentUrl":"https:\/\/cdn.trt.net.tr\/images\/large\/rectangle\/1a9f\/211d\/c010\/5cd3c7bec0ec9.jpg?time=1557401895"},{"@type":"BreadcrumbList","@id":"https:\/\/sandzakpress.net\/arhiva\/macron-razgovarao-sa-sarrajem-problem-u-libiji-ne-moze-se-rijesiti-vojnim-putem\/#breadcrumb","itemListElement":[{"@type":"ListItem","position":1,"name":"Home","item":"https:\/\/sandzakpress.net\/arhiva\/"},{"@type":"ListItem","position":2,"name":"Macron razgovarao sa Sarrajem: Problem u Libiji ne mo\u017ee se rije\u0161iti vojnim putem"}]},{"@type":"WebSite","@id":"https:\/\/sandzakpress.net\/arhiva\/#website","url":"https:\/\/sandzakpress.net\/arhiva\/","name":"Sand\u017eak PRESS","description":"Prve elektronske novine u Sand\u017eaku","publisher":{"@id":"https:\/\/sandzakpress.net\/arhiva\/#\/schema\/person\/6e72b67d6e51910a1117b3b483ba20bd"},"potentialAction":[{"@type":"SearchAction","target":{"@type":"EntryPoint","urlTemplate":"https:\/\/sandzakpress.net\/arhiva\/?s={search_term_string}"},"query-input":{"@type":"PropertyValueSpecification","valueRequired":true,"valueName":"search_term_string"}}],"inLanguage":"bs-BA"},{"@type":["Person","Organization"],"@id":"https:\/\/sandzakpress.net\/arhiva\/#\/schema\/person\/6e72b67d6e51910a1117b3b483ba20bd","name":"Kul","image":{"@type":"ImageObject","inLanguage":"bs-BA","@id":"https:\/\/sandzakpress.net\/arhiva\/#\/schema\/person\/image\/","url":"https:\/\/secure.gravatar.com\/avatar\/42263f39aa27ac04c43cab85c280eb2e?s=96&d=mm&r=pg","contentUrl":"https:\/\/secure.gravatar.com\/avatar\/42263f39aa27ac04c43cab85c280eb2e?s=96&d=mm&r=pg","caption":"Kul"},"logo":{"@id":"https:\/\/sandzakpress.net\/arhiva\/#\/schema\/person\/image\/"}},{"@type":"Person","@id":"https:\/\/sandzakpress.net\/arhiva\/#\/schema\/person\/c8baee722073534b583ea7bdb2e36c02","name":"bosniak","image":{"@type":"ImageObject","inLanguage":"bs-BA","@id":"https:\/\/sandzakpress.net\/arhiva\/#\/schema\/person\/image\/","url":"https:\/\/secure.gravatar.com\/avatar\/a04fd330bfe3a36a72a0ad4a6d89fca7?s=96&d=mm&r=pg","contentUrl":"https:\/\/secure.gravatar.com\/avatar\/a04fd330bfe3a36a72a0ad4a6d89fca7?s=96&d=mm&r=pg","caption":"bosniak"},"url":"https:\/\/sandzakpress.net\/arhiva\/author\/bosniak\/"}]}},"_links":{"self":[{"href":"https:\/\/sandzakpress.net\/arhiva\/wp-json\/wp\/v2\/posts\/222914"}],"collection":[{"href":"https:\/\/sandzakpress.net\/arhiva\/wp-json\/wp\/v2\/posts"}],"about":[{"href":"https:\/\/sandzakpress.net\/arhiva\/wp-json\/wp\/v2\/types\/post"}],"author":[{"embeddable":true,"href":"https:\/\/sandzakpress.net\/arhiva\/wp-json\/wp\/v2\/users\/83"}],"replies":[{"embeddable":true,"href":"https:\/\/sandzakpress.net\/arhiva\/wp-json\/wp\/v2\/comments?post=222914"}],"version-history":[{"count":0,"href":"https:\/\/sandzakpress.net\/arhiva\/wp-json\/wp\/v2\/posts\/222914\/revisions"}],"wp:attachment":[{"href":"https:\/\/sandzakpress.net\/arhiva\/wp-json\/wp\/v2\/media?parent=222914"}],"wp:term":[{"taxonomy":"category","embeddable":true,"href":"https:\/\/sandzakpress.net\/arhiva\/wp-json\/wp\/v2\/categories?post=222914"},{"taxonomy":"post_tag","embeddable":true,"href":"https:\/\/sandzakpress.net\/arhiva\/wp-json\/wp\/v2\/tags?post=222914"}],"curies":[{"name":"wp","href":"https:\/\/api.w.org\/{rel}","templated":true}]}}