{"id":22287,"date":"2011-10-25T15:17:21","date_gmt":"2011-10-25T13:17:21","guid":{"rendered":"https:\/\/sandzakpress.net\/arhiva\/?p=22287"},"modified":"2011-10-25T15:17:21","modified_gmt":"2011-10-25T13:17:21","slug":"ambasador-bih-u-crnoj-gori-izmir-talic-posjetio-pljevlja-i-husein-pasinu-dzamiju","status":"publish","type":"post","link":"https:\/\/sandzakpress.net\/arhiva\/ambasador-bih-u-crnoj-gori-izmir-talic-posjetio-pljevlja-i-husein-pasinu-dzamiju\/","title":{"rendered":"Ambasador BiH u Crnoj Gori Izmir Tali\u0107 posjetio Pljevlja i Husein pa\u0161inu d\u017eamiju"},"content":{"rendered":"<p><strong><a href=\"https:\/\/sandzakpress.net\/arhiva\/wp-content\/uploads\/2011\/10\/Ambasador-BiH-u-HP-Dzamiji.jpg\"><img loading=\"lazy\" decoding=\"async\" class=\"alignleft size-medium wp-image-22288\" title=\"Ambasador-BiH-u-HP-Dzamiji\" src=\"https:\/\/sandzakpress.net\/arhiva\/wp-content\/uploads\/2011\/10\/Ambasador-BiH-u-HP-Dzamiji-300x200.jpg\" alt=\"\" width=\"300\" height=\"200\" \/><\/a>Pljevlja\u00a0&#8211; Ambasador Bosne i Hercegovine u Crnoj Gori\u00a0Izmir Tali\u0107 boravio je ju\u010de, 20. oktobra 2011. godine u jednodnevnoj radnoj posjeti Pljevljima. Ambasadora Tali\u0107a primio je predsjednik op\u0161tine dr. Miloje Pupovi\u0107. <\/strong><\/p>\n<p>Tom prilikom bilo je rije\u010di o privrednim potencijalima Pljevalja, socio-ekonomskoj situaciji pljevaljske op\u0161tine, kao i o ukupnom dru\u0161tvenom i javnom \u017eivotu.\u00a0Jedna od tema je bila i ekolo\u0161ka situacija u op\u0161tini Pljevlja, sa posebnim osvrtom na posledice rada Rudnika uglja i Termoelektrane.<\/p>\n<p>Konstatovano je da treba raditi na unapre\u0111enju saradnje u svim sferama, prvenstveno u oblasti kori\u0161tenja predpristupnih IPA fondova Evropske unije, ali i na unapre\u0111enju saradnje malih i srednjih preduze\u0107a i u oblasti kulture.<\/p>\n<p>Ambasador Tali\u0107 je kratko, panoramski razgledao Pljevlja a potom posjetio Akademski centar i Husein pa\u0161inu d\u017eamiju. Sa ambasadorom Tali\u0107em u posjeti Husein pa\u0161inoj d\u017eamiji bili su savjetnik u ambasadi BiH Muharem Zejnullahu, predsjednik op\u0161tine Pljevlja dr. Miloje Pupovi\u0107 i njegov \u0161ef kabineta Rajko Palibrk.<\/p>\n<p>Posjetu Husein pa\u0161inoj d\u017eamiji ambasador Tali\u0107 je iskoristio da sa njenog vitkog minareta (42 m) razgleda Pljevlja, \u0161to je na njega kako je rekao ostavilo vrlo prijatan utisak. Ovo je bio drugi diplomata koji se je popeo na minaret Husein pa\u0161ine d\u017eamije, prethodno je to uradio pro\u0161le godine austrijski ambasador u Crnoj Gori Martin Pamer.<\/p>\n<p>Izvor: <strong>Monteislam.me<\/strong><\/p>\n","protected":false},"excerpt":{"rendered":"<p>Pljevlja\u00a0&#8211; Ambasador Bosne i Hercegovine u Crnoj Gori\u00a0Izmir Tali\u0107 boravio je ju\u010de, 20. oktobra 2011. godine u jednodnevnoj radnoj posjeti Pljevljima. Ambasadora Tali\u0107a primio je predsjednik op\u0161tine dr. Miloje Pupovi\u0107. Tom prilikom bilo je rije\u010di o privrednim potencijalima Pljevalja, socio-ekonomskoj situaciji pljevaljske op\u0161tine, kao i o ukupnom dru\u0161tvenom i javnom \u017eivotu.\u00a0Jedna od tema je bila [&hellip;]<\/p>\n","protected":false},"author":14,"featured_media":22288,"comment_status":"open","ping_status":"open","sticky":false,"template":"","format":"standard","meta":{"footnotes":""},"categories":[1,395],"tags":[],"class_list":{"0":"post-22287","1":"post","2":"type-post","3":"status-publish","4":"format-standard","5":"has-post-thumbnail","7":"category-politika","8":"category-pljevlja_"},"yoast_head":"<!-- This site is optimized with the Yoast SEO Premium plugin v23.1 (Yoast SEO v24.9) - https:\/\/yoast.com\/wordpress\/plugins\/seo\/ -->\n<title>Ambasador BiH u Crnoj Gori Izmir Tali\u0107 posjetio Pljevlja i Husein pa\u0161inu d\u017eamiju<\/title>\n<meta name=\"robots\" content=\"index, follow, max-snippet:-1, max-image-preview:large, max-video-preview:-1\" \/>\n<link rel=\"canonical\" href=\"https:\/\/sandzakpress.net\/arhiva\/ambasador-bih-u-crnoj-gori-izmir-talic-posjetio-pljevlja-i-husein-pasinu-dzamiju\/\" \/>\n<meta property=\"og:locale\" content=\"bs_BA\" \/>\n<meta property=\"og:type\" content=\"article\" \/>\n<meta property=\"og:title\" content=\"Ambasador BiH u Crnoj Gori Izmir Tali\u0107 posjetio Pljevlja i Husein pa\u0161inu d\u017eamiju\" \/>\n<meta property=\"og:description\" content=\"Pljevlja\u00a0&#8211; Ambasador Bosne i Hercegovine u Crnoj Gori\u00a0Izmir Tali\u0107 boravio je ju\u010de, 20. oktobra 2011. godine u jednodnevnoj radnoj posjeti Pljevljima. Ambasadora Tali\u0107a primio je predsjednik op\u0161tine dr. Miloje Pupovi\u0107. Tom prilikom bilo je rije\u010di o privrednim potencijalima Pljevalja, socio-ekonomskoj situaciji pljevaljske op\u0161tine, kao i o ukupnom dru\u0161tvenom i javnom \u017eivotu.\u00a0Jedna od tema je bila [&hellip;]\" \/>\n<meta property=\"og:url\" content=\"https:\/\/sandzakpress.net\/arhiva\/ambasador-bih-u-crnoj-gori-izmir-talic-posjetio-pljevlja-i-husein-pasinu-dzamiju\/\" \/>\n<meta property=\"og:site_name\" content=\"Sand\u017eak PRESS\" \/>\n<meta property=\"article:published_time\" content=\"2011-10-25T13:17:21+00:00\" \/>\n<meta property=\"og:image\" content=\"https:\/\/sandzakpress.net\/arhiva\/wp-content\/uploads\/2011\/10\/Ambasador-BiH-u-HP-Dzamiji.jpg\" \/>\n\t<meta property=\"og:image:width\" content=\"616\" \/>\n\t<meta property=\"og:image:height\" content=\"411\" \/>\n\t<meta property=\"og:image:type\" content=\"image\/jpeg\" \/>\n<meta name=\"twitter:card\" content=\"summary_large_image\" \/>\n<meta name=\"twitter:label1\" content=\"Written by\" \/>\n\t<meta name=\"twitter:data1\" content=\"\" \/>\n\t<meta name=\"twitter:label2\" content=\"Est. reading time\" \/>\n\t<meta name=\"twitter:data2\" content=\"1 minuta\" \/>\n<script type=\"application\/ld+json\" class=\"yoast-schema-graph\">{\"@context\":\"https:\/\/schema.org\",\"@graph\":[{\"@type\":\"Article\",\"@id\":\"https:\/\/sandzakpress.net\/arhiva\/ambasador-bih-u-crnoj-gori-izmir-talic-posjetio-pljevlja-i-husein-pasinu-dzamiju\/#article\",\"isPartOf\":{\"@id\":\"https:\/\/sandzakpress.net\/arhiva\/ambasador-bih-u-crnoj-gori-izmir-talic-posjetio-pljevlja-i-husein-pasinu-dzamiju\/\"},\"author\":{\"name\":\"\",\"@id\":\"\"},\"headline\":\"Ambasador BiH u Crnoj Gori Izmir Tali\u0107 posjetio Pljevlja i Husein pa\u0161inu d\u017eamiju\",\"datePublished\":\"2011-10-25T13:17:21+00:00\",\"mainEntityOfPage\":{\"@id\":\"https:\/\/sandzakpress.net\/arhiva\/ambasador-bih-u-crnoj-gori-izmir-talic-posjetio-pljevlja-i-husein-pasinu-dzamiju\/\"},\"wordCount\":244,\"commentCount\":0,\"publisher\":{\"@id\":\"https:\/\/sandzakpress.net\/arhiva\/#\/schema\/person\/6e72b67d6e51910a1117b3b483ba20bd\"},\"image\":{\"@id\":\"https:\/\/sandzakpress.net\/arhiva\/ambasador-bih-u-crnoj-gori-izmir-talic-posjetio-pljevlja-i-husein-pasinu-dzamiju\/#primaryimage\"},\"thumbnailUrl\":\"https:\/\/sandzakpress.net\/arhiva\/wp-content\/uploads\/2011\/10\/Ambasador-BiH-u-HP-Dzamiji.jpg\",\"articleSection\":[\"Politika\",\"Pljevlja\"],\"inLanguage\":\"bs-BA\",\"potentialAction\":[{\"@type\":\"CommentAction\",\"name\":\"Comment\",\"target\":[\"https:\/\/sandzakpress.net\/arhiva\/ambasador-bih-u-crnoj-gori-izmir-talic-posjetio-pljevlja-i-husein-pasinu-dzamiju\/#respond\"]}]},{\"@type\":\"WebPage\",\"@id\":\"https:\/\/sandzakpress.net\/arhiva\/ambasador-bih-u-crnoj-gori-izmir-talic-posjetio-pljevlja-i-husein-pasinu-dzamiju\/\",\"url\":\"https:\/\/sandzakpress.net\/arhiva\/ambasador-bih-u-crnoj-gori-izmir-talic-posjetio-pljevlja-i-husein-pasinu-dzamiju\/\",\"name\":\"Ambasador BiH u Crnoj Gori Izmir Tali\u0107 posjetio Pljevlja i Husein pa\u0161inu d\u017eamiju\",\"isPartOf\":{\"@id\":\"https:\/\/sandzakpress.net\/arhiva\/#website\"},\"primaryImageOfPage\":{\"@id\":\"https:\/\/sandzakpress.net\/arhiva\/ambasador-bih-u-crnoj-gori-izmir-talic-posjetio-pljevlja-i-husein-pasinu-dzamiju\/#primaryimage\"},\"image\":{\"@id\":\"https:\/\/sandzakpress.net\/arhiva\/ambasador-bih-u-crnoj-gori-izmir-talic-posjetio-pljevlja-i-husein-pasinu-dzamiju\/#primaryimage\"},\"thumbnailUrl\":\"https:\/\/sandzakpress.net\/arhiva\/wp-content\/uploads\/2011\/10\/Ambasador-BiH-u-HP-Dzamiji.jpg\",\"datePublished\":\"2011-10-25T13:17:21+00:00\",\"breadcrumb\":{\"@id\":\"https:\/\/sandzakpress.net\/arhiva\/ambasador-bih-u-crnoj-gori-izmir-talic-posjetio-pljevlja-i-husein-pasinu-dzamiju\/#breadcrumb\"},\"inLanguage\":\"bs-BA\",\"potentialAction\":[{\"@type\":\"ReadAction\",\"target\":[\"https:\/\/sandzakpress.net\/arhiva\/ambasador-bih-u-crnoj-gori-izmir-talic-posjetio-pljevlja-i-husein-pasinu-dzamiju\/\"]}]},{\"@type\":\"ImageObject\",\"inLanguage\":\"bs-BA\",\"@id\":\"https:\/\/sandzakpress.net\/arhiva\/ambasador-bih-u-crnoj-gori-izmir-talic-posjetio-pljevlja-i-husein-pasinu-dzamiju\/#primaryimage\",\"url\":\"https:\/\/sandzakpress.net\/arhiva\/wp-content\/uploads\/2011\/10\/Ambasador-BiH-u-HP-Dzamiji.jpg\",\"contentUrl\":\"https:\/\/sandzakpress.net\/arhiva\/wp-content\/uploads\/2011\/10\/Ambasador-BiH-u-HP-Dzamiji.jpg\",\"width\":616,\"height\":411},{\"@type\":\"BreadcrumbList\",\"@id\":\"https:\/\/sandzakpress.net\/arhiva\/ambasador-bih-u-crnoj-gori-izmir-talic-posjetio-pljevlja-i-husein-pasinu-dzamiju\/#breadcrumb\",\"itemListElement\":[{\"@type\":\"ListItem\",\"position\":1,\"name\":\"Home\",\"item\":\"https:\/\/sandzakpress.net\/arhiva\/\"},{\"@type\":\"ListItem\",\"position\":2,\"name\":\"Ambasador BiH u Crnoj Gori Izmir Tali\u0107 posjetio Pljevlja i Husein pa\u0161inu d\u017eamiju\"}]},{\"@type\":\"WebSite\",\"@id\":\"https:\/\/sandzakpress.net\/arhiva\/#website\",\"url\":\"https:\/\/sandzakpress.net\/arhiva\/\",\"name\":\"Sand\u017eak PRESS\",\"description\":\"Prve elektronske novine u Sand\u017eaku\",\"publisher\":{\"@id\":\"https:\/\/sandzakpress.net\/arhiva\/#\/schema\/person\/6e72b67d6e51910a1117b3b483ba20bd\"},\"potentialAction\":[{\"@type\":\"SearchAction\",\"target\":{\"@type\":\"EntryPoint\",\"urlTemplate\":\"https:\/\/sandzakpress.net\/arhiva\/?s={search_term_string}\"},\"query-input\":{\"@type\":\"PropertyValueSpecification\",\"valueRequired\":true,\"valueName\":\"search_term_string\"}}],\"inLanguage\":\"bs-BA\"},{\"@type\":[\"Person\",\"Organization\"],\"@id\":\"https:\/\/sandzakpress.net\/arhiva\/#\/schema\/person\/6e72b67d6e51910a1117b3b483ba20bd\",\"name\":\"Kul\",\"image\":{\"@type\":\"ImageObject\",\"inLanguage\":\"bs-BA\",\"@id\":\"https:\/\/sandzakpress.net\/arhiva\/#\/schema\/person\/image\/\",\"url\":\"https:\/\/secure.gravatar.com\/avatar\/42263f39aa27ac04c43cab85c280eb2e?s=96&d=mm&r=pg\",\"contentUrl\":\"https:\/\/secure.gravatar.com\/avatar\/42263f39aa27ac04c43cab85c280eb2e?s=96&d=mm&r=pg\",\"caption\":\"Kul\"},\"logo\":{\"@id\":\"https:\/\/sandzakpress.net\/arhiva\/#\/schema\/person\/image\/\"}},{\"@type\":\"Person\",\"@id\":\"\",\"url\":\"https:\/\/sandzakpress.net\/arhiva\/author\/\"}]}<\/script>\n<!-- \/ Yoast SEO Premium plugin. -->","yoast_head_json":{"title":"Ambasador BiH u Crnoj Gori Izmir Tali\u0107 posjetio Pljevlja i Husein pa\u0161inu d\u017eamiju","robots":{"index":"index","follow":"follow","max-snippet":"max-snippet:-1","max-image-preview":"max-image-preview:large","max-video-preview":"max-video-preview:-1"},"canonical":"https:\/\/sandzakpress.net\/arhiva\/ambasador-bih-u-crnoj-gori-izmir-talic-posjetio-pljevlja-i-husein-pasinu-dzamiju\/","og_locale":"bs_BA","og_type":"article","og_title":"Ambasador BiH u Crnoj Gori Izmir Tali\u0107 posjetio Pljevlja i Husein pa\u0161inu d\u017eamiju","og_description":"Pljevlja\u00a0&#8211; Ambasador Bosne i Hercegovine u Crnoj Gori\u00a0Izmir Tali\u0107 boravio je ju\u010de, 20. oktobra 2011. godine u jednodnevnoj radnoj posjeti Pljevljima. Ambasadora Tali\u0107a primio je predsjednik op\u0161tine dr. Miloje Pupovi\u0107. Tom prilikom bilo je rije\u010di o privrednim potencijalima Pljevalja, socio-ekonomskoj situaciji pljevaljske op\u0161tine, kao i o ukupnom dru\u0161tvenom i javnom \u017eivotu.\u00a0Jedna od tema je bila [&hellip;]","og_url":"https:\/\/sandzakpress.net\/arhiva\/ambasador-bih-u-crnoj-gori-izmir-talic-posjetio-pljevlja-i-husein-pasinu-dzamiju\/","og_site_name":"Sand\u017eak PRESS","article_published_time":"2011-10-25T13:17:21+00:00","og_image":[{"width":616,"height":411,"url":"https:\/\/sandzakpress.net\/arhiva\/wp-content\/uploads\/2011\/10\/Ambasador-BiH-u-HP-Dzamiji.jpg","type":"image\/jpeg"}],"twitter_card":"summary_large_image","twitter_misc":{"Written by":"","Est. reading time":"1 minuta"},"schema":{"@context":"https:\/\/schema.org","@graph":[{"@type":"Article","@id":"https:\/\/sandzakpress.net\/arhiva\/ambasador-bih-u-crnoj-gori-izmir-talic-posjetio-pljevlja-i-husein-pasinu-dzamiju\/#article","isPartOf":{"@id":"https:\/\/sandzakpress.net\/arhiva\/ambasador-bih-u-crnoj-gori-izmir-talic-posjetio-pljevlja-i-husein-pasinu-dzamiju\/"},"author":{"name":"","@id":""},"headline":"Ambasador BiH u Crnoj Gori Izmir Tali\u0107 posjetio Pljevlja i Husein pa\u0161inu d\u017eamiju","datePublished":"2011-10-25T13:17:21+00:00","mainEntityOfPage":{"@id":"https:\/\/sandzakpress.net\/arhiva\/ambasador-bih-u-crnoj-gori-izmir-talic-posjetio-pljevlja-i-husein-pasinu-dzamiju\/"},"wordCount":244,"commentCount":0,"publisher":{"@id":"https:\/\/sandzakpress.net\/arhiva\/#\/schema\/person\/6e72b67d6e51910a1117b3b483ba20bd"},"image":{"@id":"https:\/\/sandzakpress.net\/arhiva\/ambasador-bih-u-crnoj-gori-izmir-talic-posjetio-pljevlja-i-husein-pasinu-dzamiju\/#primaryimage"},"thumbnailUrl":"https:\/\/sandzakpress.net\/arhiva\/wp-content\/uploads\/2011\/10\/Ambasador-BiH-u-HP-Dzamiji.jpg","articleSection":["Politika","Pljevlja"],"inLanguage":"bs-BA","potentialAction":[{"@type":"CommentAction","name":"Comment","target":["https:\/\/sandzakpress.net\/arhiva\/ambasador-bih-u-crnoj-gori-izmir-talic-posjetio-pljevlja-i-husein-pasinu-dzamiju\/#respond"]}]},{"@type":"WebPage","@id":"https:\/\/sandzakpress.net\/arhiva\/ambasador-bih-u-crnoj-gori-izmir-talic-posjetio-pljevlja-i-husein-pasinu-dzamiju\/","url":"https:\/\/sandzakpress.net\/arhiva\/ambasador-bih-u-crnoj-gori-izmir-talic-posjetio-pljevlja-i-husein-pasinu-dzamiju\/","name":"Ambasador BiH u Crnoj Gori Izmir Tali\u0107 posjetio Pljevlja i Husein pa\u0161inu d\u017eamiju","isPartOf":{"@id":"https:\/\/sandzakpress.net\/arhiva\/#website"},"primaryImageOfPage":{"@id":"https:\/\/sandzakpress.net\/arhiva\/ambasador-bih-u-crnoj-gori-izmir-talic-posjetio-pljevlja-i-husein-pasinu-dzamiju\/#primaryimage"},"image":{"@id":"https:\/\/sandzakpress.net\/arhiva\/ambasador-bih-u-crnoj-gori-izmir-talic-posjetio-pljevlja-i-husein-pasinu-dzamiju\/#primaryimage"},"thumbnailUrl":"https:\/\/sandzakpress.net\/arhiva\/wp-content\/uploads\/2011\/10\/Ambasador-BiH-u-HP-Dzamiji.jpg","datePublished":"2011-10-25T13:17:21+00:00","breadcrumb":{"@id":"https:\/\/sandzakpress.net\/arhiva\/ambasador-bih-u-crnoj-gori-izmir-talic-posjetio-pljevlja-i-husein-pasinu-dzamiju\/#breadcrumb"},"inLanguage":"bs-BA","potentialAction":[{"@type":"ReadAction","target":["https:\/\/sandzakpress.net\/arhiva\/ambasador-bih-u-crnoj-gori-izmir-talic-posjetio-pljevlja-i-husein-pasinu-dzamiju\/"]}]},{"@type":"ImageObject","inLanguage":"bs-BA","@id":"https:\/\/sandzakpress.net\/arhiva\/ambasador-bih-u-crnoj-gori-izmir-talic-posjetio-pljevlja-i-husein-pasinu-dzamiju\/#primaryimage","url":"https:\/\/sandzakpress.net\/arhiva\/wp-content\/uploads\/2011\/10\/Ambasador-BiH-u-HP-Dzamiji.jpg","contentUrl":"https:\/\/sandzakpress.net\/arhiva\/wp-content\/uploads\/2011\/10\/Ambasador-BiH-u-HP-Dzamiji.jpg","width":616,"height":411},{"@type":"BreadcrumbList","@id":"https:\/\/sandzakpress.net\/arhiva\/ambasador-bih-u-crnoj-gori-izmir-talic-posjetio-pljevlja-i-husein-pasinu-dzamiju\/#breadcrumb","itemListElement":[{"@type":"ListItem","position":1,"name":"Home","item":"https:\/\/sandzakpress.net\/arhiva\/"},{"@type":"ListItem","position":2,"name":"Ambasador BiH u Crnoj Gori Izmir Tali\u0107 posjetio Pljevlja i Husein pa\u0161inu d\u017eamiju"}]},{"@type":"WebSite","@id":"https:\/\/sandzakpress.net\/arhiva\/#website","url":"https:\/\/sandzakpress.net\/arhiva\/","name":"Sand\u017eak PRESS","description":"Prve elektronske novine u Sand\u017eaku","publisher":{"@id":"https:\/\/sandzakpress.net\/arhiva\/#\/schema\/person\/6e72b67d6e51910a1117b3b483ba20bd"},"potentialAction":[{"@type":"SearchAction","target":{"@type":"EntryPoint","urlTemplate":"https:\/\/sandzakpress.net\/arhiva\/?s={search_term_string}"},"query-input":{"@type":"PropertyValueSpecification","valueRequired":true,"valueName":"search_term_string"}}],"inLanguage":"bs-BA"},{"@type":["Person","Organization"],"@id":"https:\/\/sandzakpress.net\/arhiva\/#\/schema\/person\/6e72b67d6e51910a1117b3b483ba20bd","name":"Kul","image":{"@type":"ImageObject","inLanguage":"bs-BA","@id":"https:\/\/sandzakpress.net\/arhiva\/#\/schema\/person\/image\/","url":"https:\/\/secure.gravatar.com\/avatar\/42263f39aa27ac04c43cab85c280eb2e?s=96&d=mm&r=pg","contentUrl":"https:\/\/secure.gravatar.com\/avatar\/42263f39aa27ac04c43cab85c280eb2e?s=96&d=mm&r=pg","caption":"Kul"},"logo":{"@id":"https:\/\/sandzakpress.net\/arhiva\/#\/schema\/person\/image\/"}},{"@type":"Person","@id":"","url":"https:\/\/sandzakpress.net\/arhiva\/author\/"}]}},"_links":{"self":[{"href":"https:\/\/sandzakpress.net\/arhiva\/wp-json\/wp\/v2\/posts\/22287"}],"collection":[{"href":"https:\/\/sandzakpress.net\/arhiva\/wp-json\/wp\/v2\/posts"}],"about":[{"href":"https:\/\/sandzakpress.net\/arhiva\/wp-json\/wp\/v2\/types\/post"}],"author":[{"embeddable":true,"href":"https:\/\/sandzakpress.net\/arhiva\/wp-json\/wp\/v2\/users\/14"}],"replies":[{"embeddable":true,"href":"https:\/\/sandzakpress.net\/arhiva\/wp-json\/wp\/v2\/comments?post=22287"}],"version-history":[{"count":0,"href":"https:\/\/sandzakpress.net\/arhiva\/wp-json\/wp\/v2\/posts\/22287\/revisions"}],"wp:featuredmedia":[{"embeddable":true,"href":"https:\/\/sandzakpress.net\/arhiva\/wp-json\/wp\/v2\/media\/22288"}],"wp:attachment":[{"href":"https:\/\/sandzakpress.net\/arhiva\/wp-json\/wp\/v2\/media?parent=22287"}],"wp:term":[{"taxonomy":"category","embeddable":true,"href":"https:\/\/sandzakpress.net\/arhiva\/wp-json\/wp\/v2\/categories?post=22287"},{"taxonomy":"post_tag","embeddable":true,"href":"https:\/\/sandzakpress.net\/arhiva\/wp-json\/wp\/v2\/tags?post=22287"}],"curies":[{"name":"wp","href":"https:\/\/api.w.org\/{rel}","templated":true}]}}