{"id":222673,"date":"2019-05-04T15:56:15","date_gmt":"2019-05-04T13:56:15","guid":{"rendered":"https:\/\/sandzakpress.net\/arhiva\/?p=222673"},"modified":"2019-05-04T15:56:15","modified_gmt":"2019-05-04T13:56:15","slug":"muhovic-trazi-da-i-dzamija-u-petnjici-bude-na-putnoj-signalizaciji","status":"publish","type":"post","link":"https:\/\/sandzakpress.net\/arhiva\/muhovic-trazi-da-i-dzamija-u-petnjici-bude-na-putnoj-signalizaciji\/","title":{"rendered":"Muhovi\u0107 tra\u017ei da i d\u017eamija u Petnjici bude na putnoj signalizaciji"},"content":{"rendered":"<p><img decoding=\"async\" src=\"https:\/\/www.vijesti.me\/media\/20190504120520_89987702-ef70-407b-a5ca-4eb031c539fb.jpeg\" alt=\"D\u00c5\u00beamija u Petnjici (arhiva)\" \/><\/p>\n<div class=\"article__lead\">\n<p><strong>&#8220;Ako mogu toliki silni manastiri i crkve da budu istaknuti na putnoj signalizaciji, za\u0161to ne bi mogla i petnji\u010dka d\u017eamija&#8221;, rekao je Muhovi\u0107<\/strong><\/p>\n<\/div>\n<div class=\"articleMetadata marginBottom30\">\n<p>D\u017eamija u Petnjici iz 16-og vijeka zaslu\u017euje da ima svoje mjesto na putnoj signalizaciji na magistralnim putnim pravcima na jadranskoj magistrali, a koji prolaze kroz i pored Petnjice, Berana, Bijelog Polja i Ro\u017eaja, kazao je predsjednik OO Bo\u0161nja\u010dke stranke Petnjica i njen visoki funkcioner Adnan Muhovi\u0107.<\/p>\n<p>Kako prenosi Radio Petnjica, Muhovi\u0107 ka\u017ee da petnji\u010dka d\u017eamija to zaslu\u017euje iz vi\u0161e razloga,.<\/p>\n<p>\u201cStavljanjem stare petnji\u010dke d\u017eamije na putnoj signalizaciji ispravila bi se dugogodi\u0161nja nepravda prema samoj d\u017eamiji koja je i vi\u0161e od d\u017eamije, ali i prema bo\u0161nja\u010dkom narodu. Time bi se pokazalo da narod bihorskog kraja ima svoju istoriju koja se vezuje za staru d\u017eamiju, te da Bo\u0161njaci kao narod naseljavaju ove prostore od pamtivijeka, i prije nego su oni pripali u administrativnom smislu Crnoj Gori. Tako\u0111e, ova pri\u010da bi imala i turisti\u010dku dimenziju i vrlo bi zna\u010dajna bila za vjerski turizam i doprijenila razvoju na\u0161e op\u0161tine, kao i valorizaciji vjerske i nacionalne komponente na\u0161eg naroda u Petnjici i \u0161ire. Jer ako mogu toliki silni manastiri i crkve da budu istaknuti na putnoj signalizaciji, za\u0161to ne bi mogla i petnji\u010dka d\u017eamija&#8221;, rekao je Muhovi\u0107.<\/p>\n<p>Dodaje i da kada se prolazi pomenutim putnim pravcima, da se sti\u010de utisak &#8220;da u ovom dijelu Crne Gore i Sand\u017eaka \u017eive isklju\u010divo pravoslavci, \u0161to, naravno nije ta\u010dno, jer je procenat bo\u0161nja\u010dko-muslimanskog stanovni\u0161tva u ve\u0107ini ili relativnoj ve\u0107ini&#8221;.<\/p>\n<\/div>\n","protected":false},"excerpt":{"rendered":"<p>&#8220;Ako mogu toliki silni manastiri i crkve da budu istaknuti na putnoj signalizaciji, za\u0161to ne bi mogla i petnji\u010dka d\u017eamija&#8221;, rekao je Muhovi\u0107 D\u017eamija u Petnjici iz 16-og vijeka zaslu\u017euje da ima svoje mjesto na putnoj signalizaciji na magistralnim putnim pravcima na jadranskoj magistrali, a koji prolaze kroz i pored Petnjice, Berana, Bijelog Polja i [&hellip;]<\/p>\n","protected":false},"author":509,"featured_media":222674,"comment_status":"open","ping_status":"open","sticky":false,"template":"","format":"standard","meta":{"footnotes":""},"categories":[1,10174,10429],"tags":[],"class_list":{"0":"post-222673","1":"post","2":"type-post","3":"status-publish","4":"format-standard","5":"has-post-thumbnail","7":"category-politika","8":"category-petnjica-vase-vijesti","9":"category-vazno"},"yoast_head":"<!-- This site is optimized with the Yoast SEO Premium plugin v23.1 (Yoast SEO v24.9) - https:\/\/yoast.com\/wordpress\/plugins\/seo\/ -->\n<title>Muhovi\u0107 tra\u017ei da i d\u017eamija u Petnjici bude na putnoj signalizaciji<\/title>\n<meta name=\"robots\" content=\"index, follow, max-snippet:-1, max-image-preview:large, max-video-preview:-1\" \/>\n<link rel=\"canonical\" href=\"https:\/\/sandzakpress.net\/arhiva\/muhovic-trazi-da-i-dzamija-u-petnjici-bude-na-putnoj-signalizaciji\/\" \/>\n<meta property=\"og:locale\" content=\"bs_BA\" \/>\n<meta property=\"og:type\" content=\"article\" \/>\n<meta property=\"og:title\" content=\"Muhovi\u0107 tra\u017ei da i d\u017eamija u Petnjici bude na putnoj signalizaciji\" \/>\n<meta property=\"og:description\" content=\"&#8220;Ako mogu toliki silni manastiri i crkve da budu istaknuti na putnoj signalizaciji, za\u0161to ne bi mogla i petnji\u010dka d\u017eamija&#8221;, rekao je Muhovi\u0107 D\u017eamija u Petnjici iz 16-og vijeka zaslu\u017euje da ima svoje mjesto na putnoj signalizaciji na magistralnim putnim pravcima na jadranskoj magistrali, a koji prolaze kroz i pored Petnjice, Berana, Bijelog Polja i [&hellip;]\" \/>\n<meta property=\"og:url\" content=\"https:\/\/sandzakpress.net\/arhiva\/muhovic-trazi-da-i-dzamija-u-petnjici-bude-na-putnoj-signalizaciji\/\" \/>\n<meta property=\"og:site_name\" content=\"Sand\u017eak PRESS\" \/>\n<meta property=\"article:published_time\" content=\"2019-05-04T13:56:15+00:00\" \/>\n<meta property=\"og:image\" content=\"https:\/\/sandzakpress.net\/arhiva\/wp-content\/uploads\/2019\/05\/20190504120520_89987702-ef70-407b-a5ca-4eb031c539fb.jpeg.jpg\" \/>\n\t<meta property=\"og:image:width\" content=\"800\" \/>\n\t<meta property=\"og:image:height\" content=\"385\" \/>\n\t<meta property=\"og:image:type\" content=\"image\/jpeg\" \/>\n<meta name=\"author\" content=\"Agencija\" \/>\n<meta name=\"twitter:card\" content=\"summary_large_image\" \/>\n<meta name=\"twitter:label1\" content=\"Written by\" \/>\n\t<meta name=\"twitter:data1\" content=\"Agencija\" \/>\n\t<meta name=\"twitter:label2\" content=\"Est. reading time\" \/>\n\t<meta name=\"twitter:data2\" content=\"1 minuta\" \/>\n<script type=\"application\/ld+json\" class=\"yoast-schema-graph\">{\"@context\":\"https:\/\/schema.org\",\"@graph\":[{\"@type\":\"Article\",\"@id\":\"https:\/\/sandzakpress.net\/arhiva\/muhovic-trazi-da-i-dzamija-u-petnjici-bude-na-putnoj-signalizaciji\/#article\",\"isPartOf\":{\"@id\":\"https:\/\/sandzakpress.net\/arhiva\/muhovic-trazi-da-i-dzamija-u-petnjici-bude-na-putnoj-signalizaciji\/\"},\"author\":{\"name\":\"Agencija\",\"@id\":\"https:\/\/sandzakpress.net\/arhiva\/#\/schema\/person\/cb59d7e3ab91ab90dd680ad0305a6185\"},\"headline\":\"Muhovi\u0107 tra\u017ei da i d\u017eamija u Petnjici bude na putnoj signalizaciji\",\"datePublished\":\"2019-05-04T13:56:15+00:00\",\"mainEntityOfPage\":{\"@id\":\"https:\/\/sandzakpress.net\/arhiva\/muhovic-trazi-da-i-dzamija-u-petnjici-bude-na-putnoj-signalizaciji\/\"},\"wordCount\":298,\"commentCount\":0,\"publisher\":{\"@id\":\"https:\/\/sandzakpress.net\/arhiva\/#\/schema\/person\/6e72b67d6e51910a1117b3b483ba20bd\"},\"image\":{\"@id\":\"https:\/\/sandzakpress.net\/arhiva\/muhovic-trazi-da-i-dzamija-u-petnjici-bude-na-putnoj-signalizaciji\/#primaryimage\"},\"thumbnailUrl\":\"https:\/\/sandzakpress.net\/arhiva\/wp-content\/uploads\/2019\/05\/20190504120520_89987702-ef70-407b-a5ca-4eb031c539fb.jpeg.jpg\",\"articleSection\":[\"Politika\",\"Petnjica\",\"VA\u017dNO!\"],\"inLanguage\":\"bs-BA\",\"potentialAction\":[{\"@type\":\"CommentAction\",\"name\":\"Comment\",\"target\":[\"https:\/\/sandzakpress.net\/arhiva\/muhovic-trazi-da-i-dzamija-u-petnjici-bude-na-putnoj-signalizaciji\/#respond\"]}]},{\"@type\":\"WebPage\",\"@id\":\"https:\/\/sandzakpress.net\/arhiva\/muhovic-trazi-da-i-dzamija-u-petnjici-bude-na-putnoj-signalizaciji\/\",\"url\":\"https:\/\/sandzakpress.net\/arhiva\/muhovic-trazi-da-i-dzamija-u-petnjici-bude-na-putnoj-signalizaciji\/\",\"name\":\"Muhovi\u0107 tra\u017ei da i d\u017eamija u Petnjici bude na putnoj signalizaciji\",\"isPartOf\":{\"@id\":\"https:\/\/sandzakpress.net\/arhiva\/#website\"},\"primaryImageOfPage\":{\"@id\":\"https:\/\/sandzakpress.net\/arhiva\/muhovic-trazi-da-i-dzamija-u-petnjici-bude-na-putnoj-signalizaciji\/#primaryimage\"},\"image\":{\"@id\":\"https:\/\/sandzakpress.net\/arhiva\/muhovic-trazi-da-i-dzamija-u-petnjici-bude-na-putnoj-signalizaciji\/#primaryimage\"},\"thumbnailUrl\":\"https:\/\/sandzakpress.net\/arhiva\/wp-content\/uploads\/2019\/05\/20190504120520_89987702-ef70-407b-a5ca-4eb031c539fb.jpeg.jpg\",\"datePublished\":\"2019-05-04T13:56:15+00:00\",\"breadcrumb\":{\"@id\":\"https:\/\/sandzakpress.net\/arhiva\/muhovic-trazi-da-i-dzamija-u-petnjici-bude-na-putnoj-signalizaciji\/#breadcrumb\"},\"inLanguage\":\"bs-BA\",\"potentialAction\":[{\"@type\":\"ReadAction\",\"target\":[\"https:\/\/sandzakpress.net\/arhiva\/muhovic-trazi-da-i-dzamija-u-petnjici-bude-na-putnoj-signalizaciji\/\"]}]},{\"@type\":\"ImageObject\",\"inLanguage\":\"bs-BA\",\"@id\":\"https:\/\/sandzakpress.net\/arhiva\/muhovic-trazi-da-i-dzamija-u-petnjici-bude-na-putnoj-signalizaciji\/#primaryimage\",\"url\":\"https:\/\/sandzakpress.net\/arhiva\/wp-content\/uploads\/2019\/05\/20190504120520_89987702-ef70-407b-a5ca-4eb031c539fb.jpeg.jpg\",\"contentUrl\":\"https:\/\/sandzakpress.net\/arhiva\/wp-content\/uploads\/2019\/05\/20190504120520_89987702-ef70-407b-a5ca-4eb031c539fb.jpeg.jpg\",\"width\":800,\"height\":385},{\"@type\":\"BreadcrumbList\",\"@id\":\"https:\/\/sandzakpress.net\/arhiva\/muhovic-trazi-da-i-dzamija-u-petnjici-bude-na-putnoj-signalizaciji\/#breadcrumb\",\"itemListElement\":[{\"@type\":\"ListItem\",\"position\":1,\"name\":\"Home\",\"item\":\"https:\/\/sandzakpress.net\/arhiva\/\"},{\"@type\":\"ListItem\",\"position\":2,\"name\":\"Muhovi\u0107 tra\u017ei da i d\u017eamija u Petnjici bude na putnoj signalizaciji\"}]},{\"@type\":\"WebSite\",\"@id\":\"https:\/\/sandzakpress.net\/arhiva\/#website\",\"url\":\"https:\/\/sandzakpress.net\/arhiva\/\",\"name\":\"Sand\u017eak PRESS\",\"description\":\"Prve elektronske novine u Sand\u017eaku\",\"publisher\":{\"@id\":\"https:\/\/sandzakpress.net\/arhiva\/#\/schema\/person\/6e72b67d6e51910a1117b3b483ba20bd\"},\"potentialAction\":[{\"@type\":\"SearchAction\",\"target\":{\"@type\":\"EntryPoint\",\"urlTemplate\":\"https:\/\/sandzakpress.net\/arhiva\/?s={search_term_string}\"},\"query-input\":{\"@type\":\"PropertyValueSpecification\",\"valueRequired\":true,\"valueName\":\"search_term_string\"}}],\"inLanguage\":\"bs-BA\"},{\"@type\":[\"Person\",\"Organization\"],\"@id\":\"https:\/\/sandzakpress.net\/arhiva\/#\/schema\/person\/6e72b67d6e51910a1117b3b483ba20bd\",\"name\":\"Kul\",\"image\":{\"@type\":\"ImageObject\",\"inLanguage\":\"bs-BA\",\"@id\":\"https:\/\/sandzakpress.net\/arhiva\/#\/schema\/person\/image\/\",\"url\":\"https:\/\/secure.gravatar.com\/avatar\/42263f39aa27ac04c43cab85c280eb2e?s=96&d=mm&r=pg\",\"contentUrl\":\"https:\/\/secure.gravatar.com\/avatar\/42263f39aa27ac04c43cab85c280eb2e?s=96&d=mm&r=pg\",\"caption\":\"Kul\"},\"logo\":{\"@id\":\"https:\/\/sandzakpress.net\/arhiva\/#\/schema\/person\/image\/\"}},{\"@type\":\"Person\",\"@id\":\"https:\/\/sandzakpress.net\/arhiva\/#\/schema\/person\/cb59d7e3ab91ab90dd680ad0305a6185\",\"name\":\"Agencija\",\"image\":{\"@type\":\"ImageObject\",\"inLanguage\":\"bs-BA\",\"@id\":\"https:\/\/sandzakpress.net\/arhiva\/#\/schema\/person\/image\/\",\"url\":\"https:\/\/secure.gravatar.com\/avatar\/4b7fafa80a22f0c2afe23966b3961fe0?s=96&d=mm&r=pg\",\"contentUrl\":\"https:\/\/secure.gravatar.com\/avatar\/4b7fafa80a22f0c2afe23966b3961fe0?s=96&d=mm&r=pg\",\"caption\":\"Agencija\"},\"url\":\"https:\/\/sandzakpress.net\/arhiva\/author\/agencija\/\"}]}<\/script>\n<!-- \/ Yoast SEO Premium plugin. -->","yoast_head_json":{"title":"Muhovi\u0107 tra\u017ei da i d\u017eamija u Petnjici bude na putnoj signalizaciji","robots":{"index":"index","follow":"follow","max-snippet":"max-snippet:-1","max-image-preview":"max-image-preview:large","max-video-preview":"max-video-preview:-1"},"canonical":"https:\/\/sandzakpress.net\/arhiva\/muhovic-trazi-da-i-dzamija-u-petnjici-bude-na-putnoj-signalizaciji\/","og_locale":"bs_BA","og_type":"article","og_title":"Muhovi\u0107 tra\u017ei da i d\u017eamija u Petnjici bude na putnoj signalizaciji","og_description":"&#8220;Ako mogu toliki silni manastiri i crkve da budu istaknuti na putnoj signalizaciji, za\u0161to ne bi mogla i petnji\u010dka d\u017eamija&#8221;, rekao je Muhovi\u0107 D\u017eamija u Petnjici iz 16-og vijeka zaslu\u017euje da ima svoje mjesto na putnoj signalizaciji na magistralnim putnim pravcima na jadranskoj magistrali, a koji prolaze kroz i pored Petnjice, Berana, Bijelog Polja i [&hellip;]","og_url":"https:\/\/sandzakpress.net\/arhiva\/muhovic-trazi-da-i-dzamija-u-petnjici-bude-na-putnoj-signalizaciji\/","og_site_name":"Sand\u017eak PRESS","article_published_time":"2019-05-04T13:56:15+00:00","og_image":[{"width":800,"height":385,"url":"https:\/\/sandzakpress.net\/arhiva\/wp-content\/uploads\/2019\/05\/20190504120520_89987702-ef70-407b-a5ca-4eb031c539fb.jpeg.jpg","type":"image\/jpeg"}],"author":"Agencija","twitter_card":"summary_large_image","twitter_misc":{"Written by":"Agencija","Est. reading time":"1 minuta"},"schema":{"@context":"https:\/\/schema.org","@graph":[{"@type":"Article","@id":"https:\/\/sandzakpress.net\/arhiva\/muhovic-trazi-da-i-dzamija-u-petnjici-bude-na-putnoj-signalizaciji\/#article","isPartOf":{"@id":"https:\/\/sandzakpress.net\/arhiva\/muhovic-trazi-da-i-dzamija-u-petnjici-bude-na-putnoj-signalizaciji\/"},"author":{"name":"Agencija","@id":"https:\/\/sandzakpress.net\/arhiva\/#\/schema\/person\/cb59d7e3ab91ab90dd680ad0305a6185"},"headline":"Muhovi\u0107 tra\u017ei da i d\u017eamija u Petnjici bude na putnoj signalizaciji","datePublished":"2019-05-04T13:56:15+00:00","mainEntityOfPage":{"@id":"https:\/\/sandzakpress.net\/arhiva\/muhovic-trazi-da-i-dzamija-u-petnjici-bude-na-putnoj-signalizaciji\/"},"wordCount":298,"commentCount":0,"publisher":{"@id":"https:\/\/sandzakpress.net\/arhiva\/#\/schema\/person\/6e72b67d6e51910a1117b3b483ba20bd"},"image":{"@id":"https:\/\/sandzakpress.net\/arhiva\/muhovic-trazi-da-i-dzamija-u-petnjici-bude-na-putnoj-signalizaciji\/#primaryimage"},"thumbnailUrl":"https:\/\/sandzakpress.net\/arhiva\/wp-content\/uploads\/2019\/05\/20190504120520_89987702-ef70-407b-a5ca-4eb031c539fb.jpeg.jpg","articleSection":["Politika","Petnjica","VA\u017dNO!"],"inLanguage":"bs-BA","potentialAction":[{"@type":"CommentAction","name":"Comment","target":["https:\/\/sandzakpress.net\/arhiva\/muhovic-trazi-da-i-dzamija-u-petnjici-bude-na-putnoj-signalizaciji\/#respond"]}]},{"@type":"WebPage","@id":"https:\/\/sandzakpress.net\/arhiva\/muhovic-trazi-da-i-dzamija-u-petnjici-bude-na-putnoj-signalizaciji\/","url":"https:\/\/sandzakpress.net\/arhiva\/muhovic-trazi-da-i-dzamija-u-petnjici-bude-na-putnoj-signalizaciji\/","name":"Muhovi\u0107 tra\u017ei da i d\u017eamija u Petnjici bude na putnoj signalizaciji","isPartOf":{"@id":"https:\/\/sandzakpress.net\/arhiva\/#website"},"primaryImageOfPage":{"@id":"https:\/\/sandzakpress.net\/arhiva\/muhovic-trazi-da-i-dzamija-u-petnjici-bude-na-putnoj-signalizaciji\/#primaryimage"},"image":{"@id":"https:\/\/sandzakpress.net\/arhiva\/muhovic-trazi-da-i-dzamija-u-petnjici-bude-na-putnoj-signalizaciji\/#primaryimage"},"thumbnailUrl":"https:\/\/sandzakpress.net\/arhiva\/wp-content\/uploads\/2019\/05\/20190504120520_89987702-ef70-407b-a5ca-4eb031c539fb.jpeg.jpg","datePublished":"2019-05-04T13:56:15+00:00","breadcrumb":{"@id":"https:\/\/sandzakpress.net\/arhiva\/muhovic-trazi-da-i-dzamija-u-petnjici-bude-na-putnoj-signalizaciji\/#breadcrumb"},"inLanguage":"bs-BA","potentialAction":[{"@type":"ReadAction","target":["https:\/\/sandzakpress.net\/arhiva\/muhovic-trazi-da-i-dzamija-u-petnjici-bude-na-putnoj-signalizaciji\/"]}]},{"@type":"ImageObject","inLanguage":"bs-BA","@id":"https:\/\/sandzakpress.net\/arhiva\/muhovic-trazi-da-i-dzamija-u-petnjici-bude-na-putnoj-signalizaciji\/#primaryimage","url":"https:\/\/sandzakpress.net\/arhiva\/wp-content\/uploads\/2019\/05\/20190504120520_89987702-ef70-407b-a5ca-4eb031c539fb.jpeg.jpg","contentUrl":"https:\/\/sandzakpress.net\/arhiva\/wp-content\/uploads\/2019\/05\/20190504120520_89987702-ef70-407b-a5ca-4eb031c539fb.jpeg.jpg","width":800,"height":385},{"@type":"BreadcrumbList","@id":"https:\/\/sandzakpress.net\/arhiva\/muhovic-trazi-da-i-dzamija-u-petnjici-bude-na-putnoj-signalizaciji\/#breadcrumb","itemListElement":[{"@type":"ListItem","position":1,"name":"Home","item":"https:\/\/sandzakpress.net\/arhiva\/"},{"@type":"ListItem","position":2,"name":"Muhovi\u0107 tra\u017ei da i d\u017eamija u Petnjici bude na putnoj signalizaciji"}]},{"@type":"WebSite","@id":"https:\/\/sandzakpress.net\/arhiva\/#website","url":"https:\/\/sandzakpress.net\/arhiva\/","name":"Sand\u017eak PRESS","description":"Prve elektronske novine u Sand\u017eaku","publisher":{"@id":"https:\/\/sandzakpress.net\/arhiva\/#\/schema\/person\/6e72b67d6e51910a1117b3b483ba20bd"},"potentialAction":[{"@type":"SearchAction","target":{"@type":"EntryPoint","urlTemplate":"https:\/\/sandzakpress.net\/arhiva\/?s={search_term_string}"},"query-input":{"@type":"PropertyValueSpecification","valueRequired":true,"valueName":"search_term_string"}}],"inLanguage":"bs-BA"},{"@type":["Person","Organization"],"@id":"https:\/\/sandzakpress.net\/arhiva\/#\/schema\/person\/6e72b67d6e51910a1117b3b483ba20bd","name":"Kul","image":{"@type":"ImageObject","inLanguage":"bs-BA","@id":"https:\/\/sandzakpress.net\/arhiva\/#\/schema\/person\/image\/","url":"https:\/\/secure.gravatar.com\/avatar\/42263f39aa27ac04c43cab85c280eb2e?s=96&d=mm&r=pg","contentUrl":"https:\/\/secure.gravatar.com\/avatar\/42263f39aa27ac04c43cab85c280eb2e?s=96&d=mm&r=pg","caption":"Kul"},"logo":{"@id":"https:\/\/sandzakpress.net\/arhiva\/#\/schema\/person\/image\/"}},{"@type":"Person","@id":"https:\/\/sandzakpress.net\/arhiva\/#\/schema\/person\/cb59d7e3ab91ab90dd680ad0305a6185","name":"Agencija","image":{"@type":"ImageObject","inLanguage":"bs-BA","@id":"https:\/\/sandzakpress.net\/arhiva\/#\/schema\/person\/image\/","url":"https:\/\/secure.gravatar.com\/avatar\/4b7fafa80a22f0c2afe23966b3961fe0?s=96&d=mm&r=pg","contentUrl":"https:\/\/secure.gravatar.com\/avatar\/4b7fafa80a22f0c2afe23966b3961fe0?s=96&d=mm&r=pg","caption":"Agencija"},"url":"https:\/\/sandzakpress.net\/arhiva\/author\/agencija\/"}]}},"_links":{"self":[{"href":"https:\/\/sandzakpress.net\/arhiva\/wp-json\/wp\/v2\/posts\/222673"}],"collection":[{"href":"https:\/\/sandzakpress.net\/arhiva\/wp-json\/wp\/v2\/posts"}],"about":[{"href":"https:\/\/sandzakpress.net\/arhiva\/wp-json\/wp\/v2\/types\/post"}],"author":[{"embeddable":true,"href":"https:\/\/sandzakpress.net\/arhiva\/wp-json\/wp\/v2\/users\/509"}],"replies":[{"embeddable":true,"href":"https:\/\/sandzakpress.net\/arhiva\/wp-json\/wp\/v2\/comments?post=222673"}],"version-history":[{"count":0,"href":"https:\/\/sandzakpress.net\/arhiva\/wp-json\/wp\/v2\/posts\/222673\/revisions"}],"wp:featuredmedia":[{"embeddable":true,"href":"https:\/\/sandzakpress.net\/arhiva\/wp-json\/wp\/v2\/media\/222674"}],"wp:attachment":[{"href":"https:\/\/sandzakpress.net\/arhiva\/wp-json\/wp\/v2\/media?parent=222673"}],"wp:term":[{"taxonomy":"category","embeddable":true,"href":"https:\/\/sandzakpress.net\/arhiva\/wp-json\/wp\/v2\/categories?post=222673"},{"taxonomy":"post_tag","embeddable":true,"href":"https:\/\/sandzakpress.net\/arhiva\/wp-json\/wp\/v2\/tags?post=222673"}],"curies":[{"name":"wp","href":"https:\/\/api.w.org\/{rel}","templated":true}]}}