{"id":222545,"date":"2019-05-02T13:49:40","date_gmt":"2019-05-02T11:49:40","guid":{"rendered":"https:\/\/sandzakpress.net\/arhiva\/pogledajte-kako-izgleda-obnovljena-aladza-dzamija-vrijedan-objekat-orijenta"},"modified":"2019-05-02T13:49:40","modified_gmt":"2019-05-02T11:49:40","slug":"pogledajte-kako-izgleda-obnovljena-aladza-dzamija-vrijedan-objekat-orijenta","status":"publish","type":"post","link":"https:\/\/sandzakpress.net\/arhiva\/pogledajte-kako-izgleda-obnovljena-aladza-dzamija-vrijedan-objekat-orijenta\/","title":{"rendered":"Pogledajte kako izgleda obnovljena Alad\u017ea d\u017eamija \u2013 vrijedan objekat orijenta"},"content":{"rendered":"<p><span class=\"cb-itemprop\"><\/p>\n<p><img decoding=\"async\" src=\"https:\/\/storage.radiosarajevo.ba\/image\/456234\/1180x732\/Aladza_Dzamija_Foca_Foto_Anadolija12.jpg\" alt=\"Foto: Anadolija\/Alad\u00c5\u00bea d\u00c5\u00beamija u Fo\u00c4\u008di\" \/><\/p>\n<p><strong>Fo\u010danska ljepotica, Alad\u017ea d\u017eamija, u subotu, \u0107e ponovo zablistati punim sjajem. Radovi na d\u017eamiji privedeni su kraju i pred otvorenje 4. maja radi se na finaliziranju detalja u \u0161to se uvjerila i ekipa Anadolu Agency (AA). Na oslikavanju unutra\u0161njeg dijela obnovljene Alad\u017ee radio je i tim iz Istanbula.<\/strong><\/p>\n<p>Dio ukrasa oko prozora d\u017eamije ostavljen je u izvornom stanju i jedan je od podsjetnika na historiju ove bogomolje, zna\u010dajne ne samo za vjernike u fo\u010danskom kraju, nego i cijele Bosne i Hercegovine pa i \u0161ire.<\/p>\n<p>Organizatori o\u010dekuju dolazak nekoliko hiljada vjernika iz cijele Bosne i Hercegovine, ali i visoke doma\u0107e i me\u0111unarodne zvani\u010dnike te predstavnike Turske i Sjedinjenih Ameri\u010dkih Dr\u017eava, dr\u017eava koje su pomogle i finansirale realizaciju ovog veoma zna\u010dajnog i zahtjevnog projekta.<br \/>\nNajavljena su obra\u0107anja predstavnika lokalne zajednice, gora\u017edanskog muftije, Vakufskih direkcija Bosne i Hercegovine i Turske Senaida Zajimovi\u0107a i Adnana Ertema, potom ambasadora Sjedinjenih Ameri\u010dkih Dr\u017eava u Bosni i Hercegovini Erica Nelsona, ministra kulture Turske Mehmeta Nuri Ersoya, kao i predramazanska poruka reisu-l- uleme Islamske zajednice Bosne i Hercegovine Huseina ef. Kavazovi\u0107a.<\/p>\n<p>Nakon vi\u0161e od \u010detvrt stolje\u0107a otkako je do temelja poru\u0161ena fo\u010danska ljepotica, d\u017eamija koja je uvr\u0161tena u kulturnu ba\u0161tinu Bosne i Hercegovine i listu spomenika svjetske ba\u0161tine pri UNESCO-u, ponovo \u0107e biti otvorena za sve vjernike.<\/p>\n<p>Alad\u017ea ponovno krasi Fo\u010du zahvaljuju\u0107i Generalnoj direkciji vakufa Republike Turske, Vakufskoj direkciji Islamske zajednice u Bosni i Hercegovini, te radnicima preduze\u0107a koji su radili na ponovnoj izgradnji.<br \/>\nRanije je najavljeno i da \u0107e centralni program obilje\u017eavanja 27. no\u0107i razamaza biti odr\u017ean u Alad\u017ei.<\/p>\n<p>Srpske vlasti su 1992. godine minirale Alad\u017eu d\u017eamiju, a zatim njene ostatke zatrpale zemljom na gradskim smetlji\u0161tima. Sagra\u0111ena je polovinom 16. stolje\u0107a i va\u017eila je za jedan od najvrjednijih objekata orijentalne kulture na Balkanu.<\/p>\n<p>Alad\u017eu je 1549. godine izgradio Hasan Nezir, bliski saradnik Mimara Sinana. Radovi na obnovi zvani\u010dno su po\u010deli 2014. godine.<\/p>\n<p>Med\u017elis Islamske zajednice Fo\u010da je u gradu do 1992. godine imao 12 d\u017eamija. Sve su poru\u0161ene, minirane, a njihovi ostaci su uklonjeni. Dosad su obnovljene i otvorene Atik Ali-pa\u0161ina d\u017eamija i Careva d\u017eamija.<\/p>\n<p><img decoding=\"async\" src=\"https:\/\/storage.radiosarajevo.ba\/image\/456233\/1180x732\/Aladza_Dzamija_Foca_Foto_Anadolija11.jpg\" alt=\"Foto: Anadolija\/Alad\u00c5\u00bea d\u00c5\u00beamija u Fo\u00c4\u008di\" \/><\/p>\n<p><img decoding=\"async\" src=\"https:\/\/storage.radiosarajevo.ba\/image\/456230\/1180x732\/Aladza_Dzamija_Foca_Foto_Anadolija8.jpg\" alt=\"Foto: Anadolija\/Alad\u00c5\u00bea d\u00c5\u00beamija u Fo\u00c4\u008di\" \/><\/p>\n<p><img decoding=\"async\" src=\"https:\/\/storage.radiosarajevo.ba\/image\/456225\/1180x732\/Aladza_Dzamija_Foca_Foto_Anadolija3.jpg\" alt=\"Foto: Anadolija\/Alad\u00c5\u00bea d\u00c5\u00beamija u Fo\u00c4\u008di\" \/><\/p>\n<p><img decoding=\"async\" src=\"https:\/\/storage.radiosarajevo.ba\/image\/456224\/1180x732\/Aladza_Dzamija_Foca_Foto_Anadolija2.jpg\" alt=\"Foto: Anadolija\/Alad\u00c5\u00bea d\u00c5\u00beamija u Fo\u00c4\u008di\" \/><\/p>\n<p><img decoding=\"async\" src=\"https:\/\/storage.radiosarajevo.ba\/image\/456228\/1180x732\/Aladza_Dzamija_Foca_Foto_Anadolija6.jpg\" alt=\"Foto: Anadolija\/Alad\u00c5\u00bea d\u00c5\u00beamija u Fo\u00c4\u008di\" \/><\/p>\n<p><img decoding=\"async\" src=\"https:\/\/storage.radiosarajevo.ba\/image\/456232\/1180x732\/Aladza_Dzamija_Foca_Foto_Anadolija10.jpg\" alt=\"Foto: Anadolija\/Alad\u00c5\u00bea d\u00c5\u00beamija u Fo\u00c4\u008di\" \/><\/p>\n<p>radiosarajevo.ba<\/p>\n<p>\u00a0<\/p>\n<p><\/span><br \/>\nPogledajte vijest na izvornom sajtu:<\/p>\n<p><a href=\"https:\/\/bosnapress.net\/pogledajte-kako-izgleda-obnovljena-aladza-dzamija-vrijedan-objekat-orijenta\/\" target=\"_blank\">Pogledajte kako izgleda obnovljena Alad\u017ea d\u017eamija \u2013 vrijedan objekat orijenta<\/a><\/p>\n","protected":false},"excerpt":{"rendered":"<p>Fo\u010danska ljepotica, Alad\u017ea d\u017eamija, u subotu, \u0107e ponovo zablistati punim sjajem. Radovi na d\u017eamiji privedeni su kraju i pred otvorenje 4. maja radi se na finaliziranju detalja u \u0161to se uvjerila i ekipa Anadolu Agency (AA). Na oslikavanju unutra\u0161njeg dijela obnovljene Alad\u017ee radio je i tim iz Istanbula. Dio ukrasa oko prozora d\u017eamije ostavljen je [&hellip;]<\/p>\n","protected":false},"author":83,"featured_media":222546,"comment_status":"open","ping_status":"open","sticky":false,"template":"","format":"standard","meta":{"footnotes":""},"categories":[10513],"tags":[10466],"class_list":{"0":"post-222545","1":"post","2":"type-post","3":"status-publish","4":"format-standard","5":"has-post-thumbnail","7":"category-bosna-press","8":"tag-bosna-i-hercegovina"},"yoast_head":"<!-- This site is optimized with the Yoast SEO Premium plugin v23.1 (Yoast SEO v24.9) - https:\/\/yoast.com\/wordpress\/plugins\/seo\/ -->\n<title>Pogledajte kako izgleda obnovljena Alad\u017ea d\u017eamija \u2013 vrijedan objekat orijenta<\/title>\n<meta name=\"robots\" content=\"index, follow, max-snippet:-1, max-image-preview:large, max-video-preview:-1\" \/>\n<link rel=\"canonical\" href=\"https:\/\/sandzakpress.net\/arhiva\/pogledajte-kako-izgleda-obnovljena-aladza-dzamija-vrijedan-objekat-orijenta\/\" \/>\n<meta property=\"og:locale\" content=\"bs_BA\" \/>\n<meta property=\"og:type\" content=\"article\" \/>\n<meta property=\"og:title\" content=\"Pogledajte kako izgleda obnovljena Alad\u017ea d\u017eamija \u2013 vrijedan objekat orijenta\" \/>\n<meta property=\"og:description\" content=\"Fo\u010danska ljepotica, Alad\u017ea d\u017eamija, u subotu, \u0107e ponovo zablistati punim sjajem. Radovi na d\u017eamiji privedeni su kraju i pred otvorenje 4. maja radi se na finaliziranju detalja u \u0161to se uvjerila i ekipa Anadolu Agency (AA). Na oslikavanju unutra\u0161njeg dijela obnovljene Alad\u017ee radio je i tim iz Istanbula. Dio ukrasa oko prozora d\u017eamije ostavljen je [&hellip;]\" \/>\n<meta property=\"og:url\" content=\"https:\/\/sandzakpress.net\/arhiva\/pogledajte-kako-izgleda-obnovljena-aladza-dzamija-vrijedan-objekat-orijenta\/\" \/>\n<meta property=\"og:site_name\" content=\"Sand\u017eak PRESS\" \/>\n<meta property=\"article:published_time\" content=\"2019-05-02T11:49:40+00:00\" \/>\n<meta property=\"og:image\" content=\"https:\/\/sandzakpress.net\/arhiva\/wp-content\/uploads\/2019\/05\/Aladza_Dzamija_Foca_Foto_Anadolija12.jpg\" \/>\n\t<meta property=\"og:image:width\" content=\"1180\" \/>\n\t<meta property=\"og:image:height\" content=\"787\" \/>\n\t<meta property=\"og:image:type\" content=\"image\/jpeg\" \/>\n<meta name=\"author\" content=\"bosniak\" \/>\n<meta name=\"twitter:card\" content=\"summary_large_image\" \/>\n<meta name=\"twitter:label1\" content=\"Written by\" \/>\n\t<meta name=\"twitter:data1\" content=\"bosniak\" \/>\n\t<meta name=\"twitter:label2\" content=\"Est. reading time\" \/>\n\t<meta name=\"twitter:data2\" content=\"2 minute\" \/>\n<script type=\"application\/ld+json\" class=\"yoast-schema-graph\">{\"@context\":\"https:\/\/schema.org\",\"@graph\":[{\"@type\":\"Article\",\"@id\":\"https:\/\/sandzakpress.net\/arhiva\/pogledajte-kako-izgleda-obnovljena-aladza-dzamija-vrijedan-objekat-orijenta\/#article\",\"isPartOf\":{\"@id\":\"https:\/\/sandzakpress.net\/arhiva\/pogledajte-kako-izgleda-obnovljena-aladza-dzamija-vrijedan-objekat-orijenta\/\"},\"author\":{\"name\":\"bosniak\",\"@id\":\"https:\/\/sandzakpress.net\/arhiva\/#\/schema\/person\/c8baee722073534b583ea7bdb2e36c02\"},\"headline\":\"Pogledajte kako izgleda obnovljena Alad\u017ea d\u017eamija \u2013 vrijedan objekat orijenta\",\"datePublished\":\"2019-05-02T11:49:40+00:00\",\"mainEntityOfPage\":{\"@id\":\"https:\/\/sandzakpress.net\/arhiva\/pogledajte-kako-izgleda-obnovljena-aladza-dzamija-vrijedan-objekat-orijenta\/\"},\"wordCount\":414,\"commentCount\":0,\"publisher\":{\"@id\":\"https:\/\/sandzakpress.net\/arhiva\/#\/schema\/person\/6e72b67d6e51910a1117b3b483ba20bd\"},\"image\":{\"@id\":\"https:\/\/sandzakpress.net\/arhiva\/pogledajte-kako-izgleda-obnovljena-aladza-dzamija-vrijedan-objekat-orijenta\/#primaryimage\"},\"thumbnailUrl\":\"https:\/\/sandzakpress.net\/arhiva\/wp-content\/uploads\/2019\/05\/Aladza_Dzamija_Foca_Foto_Anadolija12.jpg\",\"keywords\":[\"Bosna i Hercegovina\"],\"articleSection\":[\"Bosna PRESS\"],\"inLanguage\":\"bs-BA\",\"potentialAction\":[{\"@type\":\"CommentAction\",\"name\":\"Comment\",\"target\":[\"https:\/\/sandzakpress.net\/arhiva\/pogledajte-kako-izgleda-obnovljena-aladza-dzamija-vrijedan-objekat-orijenta\/#respond\"]}]},{\"@type\":\"WebPage\",\"@id\":\"https:\/\/sandzakpress.net\/arhiva\/pogledajte-kako-izgleda-obnovljena-aladza-dzamija-vrijedan-objekat-orijenta\/\",\"url\":\"https:\/\/sandzakpress.net\/arhiva\/pogledajte-kako-izgleda-obnovljena-aladza-dzamija-vrijedan-objekat-orijenta\/\",\"name\":\"Pogledajte kako izgleda obnovljena Alad\u017ea d\u017eamija \u2013 vrijedan objekat orijenta\",\"isPartOf\":{\"@id\":\"https:\/\/sandzakpress.net\/arhiva\/#website\"},\"primaryImageOfPage\":{\"@id\":\"https:\/\/sandzakpress.net\/arhiva\/pogledajte-kako-izgleda-obnovljena-aladza-dzamija-vrijedan-objekat-orijenta\/#primaryimage\"},\"image\":{\"@id\":\"https:\/\/sandzakpress.net\/arhiva\/pogledajte-kako-izgleda-obnovljena-aladza-dzamija-vrijedan-objekat-orijenta\/#primaryimage\"},\"thumbnailUrl\":\"https:\/\/sandzakpress.net\/arhiva\/wp-content\/uploads\/2019\/05\/Aladza_Dzamija_Foca_Foto_Anadolija12.jpg\",\"datePublished\":\"2019-05-02T11:49:40+00:00\",\"breadcrumb\":{\"@id\":\"https:\/\/sandzakpress.net\/arhiva\/pogledajte-kako-izgleda-obnovljena-aladza-dzamija-vrijedan-objekat-orijenta\/#breadcrumb\"},\"inLanguage\":\"bs-BA\",\"potentialAction\":[{\"@type\":\"ReadAction\",\"target\":[\"https:\/\/sandzakpress.net\/arhiva\/pogledajte-kako-izgleda-obnovljena-aladza-dzamija-vrijedan-objekat-orijenta\/\"]}]},{\"@type\":\"ImageObject\",\"inLanguage\":\"bs-BA\",\"@id\":\"https:\/\/sandzakpress.net\/arhiva\/pogledajte-kako-izgleda-obnovljena-aladza-dzamija-vrijedan-objekat-orijenta\/#primaryimage\",\"url\":\"https:\/\/sandzakpress.net\/arhiva\/wp-content\/uploads\/2019\/05\/Aladza_Dzamija_Foca_Foto_Anadolija12.jpg\",\"contentUrl\":\"https:\/\/sandzakpress.net\/arhiva\/wp-content\/uploads\/2019\/05\/Aladza_Dzamija_Foca_Foto_Anadolija12.jpg\",\"width\":1180,\"height\":787},{\"@type\":\"BreadcrumbList\",\"@id\":\"https:\/\/sandzakpress.net\/arhiva\/pogledajte-kako-izgleda-obnovljena-aladza-dzamija-vrijedan-objekat-orijenta\/#breadcrumb\",\"itemListElement\":[{\"@type\":\"ListItem\",\"position\":1,\"name\":\"Home\",\"item\":\"https:\/\/sandzakpress.net\/arhiva\/\"},{\"@type\":\"ListItem\",\"position\":2,\"name\":\"Pogledajte kako izgleda obnovljena Alad\u017ea d\u017eamija \u2013 vrijedan objekat orijenta\"}]},{\"@type\":\"WebSite\",\"@id\":\"https:\/\/sandzakpress.net\/arhiva\/#website\",\"url\":\"https:\/\/sandzakpress.net\/arhiva\/\",\"name\":\"Sand\u017eak PRESS\",\"description\":\"Prve elektronske novine u Sand\u017eaku\",\"publisher\":{\"@id\":\"https:\/\/sandzakpress.net\/arhiva\/#\/schema\/person\/6e72b67d6e51910a1117b3b483ba20bd\"},\"potentialAction\":[{\"@type\":\"SearchAction\",\"target\":{\"@type\":\"EntryPoint\",\"urlTemplate\":\"https:\/\/sandzakpress.net\/arhiva\/?s={search_term_string}\"},\"query-input\":{\"@type\":\"PropertyValueSpecification\",\"valueRequired\":true,\"valueName\":\"search_term_string\"}}],\"inLanguage\":\"bs-BA\"},{\"@type\":[\"Person\",\"Organization\"],\"@id\":\"https:\/\/sandzakpress.net\/arhiva\/#\/schema\/person\/6e72b67d6e51910a1117b3b483ba20bd\",\"name\":\"Kul\",\"image\":{\"@type\":\"ImageObject\",\"inLanguage\":\"bs-BA\",\"@id\":\"https:\/\/sandzakpress.net\/arhiva\/#\/schema\/person\/image\/\",\"url\":\"https:\/\/secure.gravatar.com\/avatar\/42263f39aa27ac04c43cab85c280eb2e?s=96&d=mm&r=pg\",\"contentUrl\":\"https:\/\/secure.gravatar.com\/avatar\/42263f39aa27ac04c43cab85c280eb2e?s=96&d=mm&r=pg\",\"caption\":\"Kul\"},\"logo\":{\"@id\":\"https:\/\/sandzakpress.net\/arhiva\/#\/schema\/person\/image\/\"}},{\"@type\":\"Person\",\"@id\":\"https:\/\/sandzakpress.net\/arhiva\/#\/schema\/person\/c8baee722073534b583ea7bdb2e36c02\",\"name\":\"bosniak\",\"image\":{\"@type\":\"ImageObject\",\"inLanguage\":\"bs-BA\",\"@id\":\"https:\/\/sandzakpress.net\/arhiva\/#\/schema\/person\/image\/\",\"url\":\"https:\/\/secure.gravatar.com\/avatar\/a04fd330bfe3a36a72a0ad4a6d89fca7?s=96&d=mm&r=pg\",\"contentUrl\":\"https:\/\/secure.gravatar.com\/avatar\/a04fd330bfe3a36a72a0ad4a6d89fca7?s=96&d=mm&r=pg\",\"caption\":\"bosniak\"},\"url\":\"https:\/\/sandzakpress.net\/arhiva\/author\/bosniak\/\"}]}<\/script>\n<!-- \/ Yoast SEO Premium plugin. -->","yoast_head_json":{"title":"Pogledajte kako izgleda obnovljena Alad\u017ea d\u017eamija \u2013 vrijedan objekat orijenta","robots":{"index":"index","follow":"follow","max-snippet":"max-snippet:-1","max-image-preview":"max-image-preview:large","max-video-preview":"max-video-preview:-1"},"canonical":"https:\/\/sandzakpress.net\/arhiva\/pogledajte-kako-izgleda-obnovljena-aladza-dzamija-vrijedan-objekat-orijenta\/","og_locale":"bs_BA","og_type":"article","og_title":"Pogledajte kako izgleda obnovljena Alad\u017ea d\u017eamija \u2013 vrijedan objekat orijenta","og_description":"Fo\u010danska ljepotica, Alad\u017ea d\u017eamija, u subotu, \u0107e ponovo zablistati punim sjajem. Radovi na d\u017eamiji privedeni su kraju i pred otvorenje 4. maja radi se na finaliziranju detalja u \u0161to se uvjerila i ekipa Anadolu Agency (AA). Na oslikavanju unutra\u0161njeg dijela obnovljene Alad\u017ee radio je i tim iz Istanbula. Dio ukrasa oko prozora d\u017eamije ostavljen je [&hellip;]","og_url":"https:\/\/sandzakpress.net\/arhiva\/pogledajte-kako-izgleda-obnovljena-aladza-dzamija-vrijedan-objekat-orijenta\/","og_site_name":"Sand\u017eak PRESS","article_published_time":"2019-05-02T11:49:40+00:00","og_image":[{"width":1180,"height":787,"url":"https:\/\/sandzakpress.net\/arhiva\/wp-content\/uploads\/2019\/05\/Aladza_Dzamija_Foca_Foto_Anadolija12.jpg","type":"image\/jpeg"}],"author":"bosniak","twitter_card":"summary_large_image","twitter_misc":{"Written by":"bosniak","Est. reading time":"2 minute"},"schema":{"@context":"https:\/\/schema.org","@graph":[{"@type":"Article","@id":"https:\/\/sandzakpress.net\/arhiva\/pogledajte-kako-izgleda-obnovljena-aladza-dzamija-vrijedan-objekat-orijenta\/#article","isPartOf":{"@id":"https:\/\/sandzakpress.net\/arhiva\/pogledajte-kako-izgleda-obnovljena-aladza-dzamija-vrijedan-objekat-orijenta\/"},"author":{"name":"bosniak","@id":"https:\/\/sandzakpress.net\/arhiva\/#\/schema\/person\/c8baee722073534b583ea7bdb2e36c02"},"headline":"Pogledajte kako izgleda obnovljena Alad\u017ea d\u017eamija \u2013 vrijedan objekat orijenta","datePublished":"2019-05-02T11:49:40+00:00","mainEntityOfPage":{"@id":"https:\/\/sandzakpress.net\/arhiva\/pogledajte-kako-izgleda-obnovljena-aladza-dzamija-vrijedan-objekat-orijenta\/"},"wordCount":414,"commentCount":0,"publisher":{"@id":"https:\/\/sandzakpress.net\/arhiva\/#\/schema\/person\/6e72b67d6e51910a1117b3b483ba20bd"},"image":{"@id":"https:\/\/sandzakpress.net\/arhiva\/pogledajte-kako-izgleda-obnovljena-aladza-dzamija-vrijedan-objekat-orijenta\/#primaryimage"},"thumbnailUrl":"https:\/\/sandzakpress.net\/arhiva\/wp-content\/uploads\/2019\/05\/Aladza_Dzamija_Foca_Foto_Anadolija12.jpg","keywords":["Bosna i Hercegovina"],"articleSection":["Bosna PRESS"],"inLanguage":"bs-BA","potentialAction":[{"@type":"CommentAction","name":"Comment","target":["https:\/\/sandzakpress.net\/arhiva\/pogledajte-kako-izgleda-obnovljena-aladza-dzamija-vrijedan-objekat-orijenta\/#respond"]}]},{"@type":"WebPage","@id":"https:\/\/sandzakpress.net\/arhiva\/pogledajte-kako-izgleda-obnovljena-aladza-dzamija-vrijedan-objekat-orijenta\/","url":"https:\/\/sandzakpress.net\/arhiva\/pogledajte-kako-izgleda-obnovljena-aladza-dzamija-vrijedan-objekat-orijenta\/","name":"Pogledajte kako izgleda obnovljena Alad\u017ea d\u017eamija \u2013 vrijedan objekat orijenta","isPartOf":{"@id":"https:\/\/sandzakpress.net\/arhiva\/#website"},"primaryImageOfPage":{"@id":"https:\/\/sandzakpress.net\/arhiva\/pogledajte-kako-izgleda-obnovljena-aladza-dzamija-vrijedan-objekat-orijenta\/#primaryimage"},"image":{"@id":"https:\/\/sandzakpress.net\/arhiva\/pogledajte-kako-izgleda-obnovljena-aladza-dzamija-vrijedan-objekat-orijenta\/#primaryimage"},"thumbnailUrl":"https:\/\/sandzakpress.net\/arhiva\/wp-content\/uploads\/2019\/05\/Aladza_Dzamija_Foca_Foto_Anadolija12.jpg","datePublished":"2019-05-02T11:49:40+00:00","breadcrumb":{"@id":"https:\/\/sandzakpress.net\/arhiva\/pogledajte-kako-izgleda-obnovljena-aladza-dzamija-vrijedan-objekat-orijenta\/#breadcrumb"},"inLanguage":"bs-BA","potentialAction":[{"@type":"ReadAction","target":["https:\/\/sandzakpress.net\/arhiva\/pogledajte-kako-izgleda-obnovljena-aladza-dzamija-vrijedan-objekat-orijenta\/"]}]},{"@type":"ImageObject","inLanguage":"bs-BA","@id":"https:\/\/sandzakpress.net\/arhiva\/pogledajte-kako-izgleda-obnovljena-aladza-dzamija-vrijedan-objekat-orijenta\/#primaryimage","url":"https:\/\/sandzakpress.net\/arhiva\/wp-content\/uploads\/2019\/05\/Aladza_Dzamija_Foca_Foto_Anadolija12.jpg","contentUrl":"https:\/\/sandzakpress.net\/arhiva\/wp-content\/uploads\/2019\/05\/Aladza_Dzamija_Foca_Foto_Anadolija12.jpg","width":1180,"height":787},{"@type":"BreadcrumbList","@id":"https:\/\/sandzakpress.net\/arhiva\/pogledajte-kako-izgleda-obnovljena-aladza-dzamija-vrijedan-objekat-orijenta\/#breadcrumb","itemListElement":[{"@type":"ListItem","position":1,"name":"Home","item":"https:\/\/sandzakpress.net\/arhiva\/"},{"@type":"ListItem","position":2,"name":"Pogledajte kako izgleda obnovljena Alad\u017ea d\u017eamija \u2013 vrijedan objekat orijenta"}]},{"@type":"WebSite","@id":"https:\/\/sandzakpress.net\/arhiva\/#website","url":"https:\/\/sandzakpress.net\/arhiva\/","name":"Sand\u017eak PRESS","description":"Prve elektronske novine u Sand\u017eaku","publisher":{"@id":"https:\/\/sandzakpress.net\/arhiva\/#\/schema\/person\/6e72b67d6e51910a1117b3b483ba20bd"},"potentialAction":[{"@type":"SearchAction","target":{"@type":"EntryPoint","urlTemplate":"https:\/\/sandzakpress.net\/arhiva\/?s={search_term_string}"},"query-input":{"@type":"PropertyValueSpecification","valueRequired":true,"valueName":"search_term_string"}}],"inLanguage":"bs-BA"},{"@type":["Person","Organization"],"@id":"https:\/\/sandzakpress.net\/arhiva\/#\/schema\/person\/6e72b67d6e51910a1117b3b483ba20bd","name":"Kul","image":{"@type":"ImageObject","inLanguage":"bs-BA","@id":"https:\/\/sandzakpress.net\/arhiva\/#\/schema\/person\/image\/","url":"https:\/\/secure.gravatar.com\/avatar\/42263f39aa27ac04c43cab85c280eb2e?s=96&d=mm&r=pg","contentUrl":"https:\/\/secure.gravatar.com\/avatar\/42263f39aa27ac04c43cab85c280eb2e?s=96&d=mm&r=pg","caption":"Kul"},"logo":{"@id":"https:\/\/sandzakpress.net\/arhiva\/#\/schema\/person\/image\/"}},{"@type":"Person","@id":"https:\/\/sandzakpress.net\/arhiva\/#\/schema\/person\/c8baee722073534b583ea7bdb2e36c02","name":"bosniak","image":{"@type":"ImageObject","inLanguage":"bs-BA","@id":"https:\/\/sandzakpress.net\/arhiva\/#\/schema\/person\/image\/","url":"https:\/\/secure.gravatar.com\/avatar\/a04fd330bfe3a36a72a0ad4a6d89fca7?s=96&d=mm&r=pg","contentUrl":"https:\/\/secure.gravatar.com\/avatar\/a04fd330bfe3a36a72a0ad4a6d89fca7?s=96&d=mm&r=pg","caption":"bosniak"},"url":"https:\/\/sandzakpress.net\/arhiva\/author\/bosniak\/"}]}},"_links":{"self":[{"href":"https:\/\/sandzakpress.net\/arhiva\/wp-json\/wp\/v2\/posts\/222545"}],"collection":[{"href":"https:\/\/sandzakpress.net\/arhiva\/wp-json\/wp\/v2\/posts"}],"about":[{"href":"https:\/\/sandzakpress.net\/arhiva\/wp-json\/wp\/v2\/types\/post"}],"author":[{"embeddable":true,"href":"https:\/\/sandzakpress.net\/arhiva\/wp-json\/wp\/v2\/users\/83"}],"replies":[{"embeddable":true,"href":"https:\/\/sandzakpress.net\/arhiva\/wp-json\/wp\/v2\/comments?post=222545"}],"version-history":[{"count":0,"href":"https:\/\/sandzakpress.net\/arhiva\/wp-json\/wp\/v2\/posts\/222545\/revisions"}],"wp:featuredmedia":[{"embeddable":true,"href":"https:\/\/sandzakpress.net\/arhiva\/wp-json\/wp\/v2\/media\/222546"}],"wp:attachment":[{"href":"https:\/\/sandzakpress.net\/arhiva\/wp-json\/wp\/v2\/media?parent=222545"}],"wp:term":[{"taxonomy":"category","embeddable":true,"href":"https:\/\/sandzakpress.net\/arhiva\/wp-json\/wp\/v2\/categories?post=222545"},{"taxonomy":"post_tag","embeddable":true,"href":"https:\/\/sandzakpress.net\/arhiva\/wp-json\/wp\/v2\/tags?post=222545"}],"curies":[{"name":"wp","href":"https:\/\/api.w.org\/{rel}","templated":true}]}}