{"id":222487,"date":"2019-04-30T15:08:29","date_gmt":"2019-04-30T13:08:29","guid":{"rendered":"https:\/\/sandzakpress.net\/arhiva\/?p=222487"},"modified":"2019-04-30T15:08:29","modified_gmt":"2019-04-30T13:08:29","slug":"odrzan-skolski-kros-u-petnjici","status":"publish","type":"post","link":"https:\/\/sandzakpress.net\/arhiva\/odrzan-skolski-kros-u-petnjici\/","title":{"rendered":"Odr\u017ean \u0161kolski kros u Petnjici"},"content":{"rendered":"<p><img decoding=\"async\" src=\"http:\/\/www.radiopetnjica.me\/wp-content\/uploads\/2019\/04\/IMG_6066-e1556436892154-696x511.jpg\" \/><\/p>\n<p><strong>Na stadionu u Gusarama odr\u017ean je XX tradicionalni prolje\u0107ni kros na kom su u\u010destvovale \u0161kole: O\u0160 ,,Tucanje\u201d , O\u0160 ,,Trpezi\u201d, O\u0160 ,,Savin Bor\u201d, O\u0160 ,,Mahmut Adrovi\u0107, O\u0160,, 25 maj-Vrbica\u201d i Srednja mje\u0161ovita \u0161kola-Petnjica.<\/strong><\/p>\n<p>U kategoriji VI razred-mu\u0161karci prvo mjesto je osvojio\u00a0Enis Ko\u017ear\u00a0iz O\u0160,,Mahmut Adrovi\u0107\u201d, drugo mjestoErdvan Beri\u0161a\u00a0iz O\u0160,,Mahmut Adrovi\u0107\u201d, a tre\u0107e mjesto je osvojio\u00a0\u0160aboti\u0107 Haris\u00a0iz O\u0160,,Savin Bor\u201d.<\/p>\n<p>U kategoriji VI razred-djevoj\u010dice prvo mjesto je osvojila\u00a0\u0160krijelj Dalida\u00a0iz O\u0160,,Savin Bor\u201d, drugo mjesto-Maida Agovi\u0107\u00a0iz O\u0160,, 25 maj-Vrbica\u201d i tre\u0107e mjesto\u00a0Ajdarpa\u0161i\u0107 Melida\u00a0iz O\u0160 ,,Tucanje\u201d.<\/p>\n<p>Za VII razred u kategoriji mu\u0161karci prvo mjesto je osvojio\u00a0Eldin Ko\u010dan\u00a0iz O\u0160,,Mahmut Adrovi\u0107\u201d, drugo mjesto-\u00a0Adrovi\u0107 Amar\u00a0iz O\u0160,, 25 maj-Vrbica\u201d i tre\u0107e mjesto\u00a0\u0160krijelj Eldar\u00a0iz O\u0160 ,,Savin Bor\u201d.<\/p>\n<p>Za VII razred u kategoriji djevoj\u010dice prvo mjesto je osvojila\u00a0Adrovi\u0107 Samra, drugo mjesto-\u00a0Mehovi\u0107 Suadai tre\u0107e mjesto\u00a0\u0160aboti\u0107 Anida\u00a0i sve tri dolaze iz O\u0160,,Savin Bor\u201d.<\/p>\n<p>VII razred-mu\u0161karci: prvo mjesto je odnio\u00a0Skenderovi\u0107 Sanid\u00a0iz O\u0160 ,,Trpezi\u201d, drugo mjesto-\u00a0\u0106eman Mervan\u00a0iz O\u0160,, 25 maj-Vrbica\u201d i tre\u0107e mjesto-\u00a0Rastoder Armin\u00a0iz O\u0160,,Savin Bor\u201d.<\/p>\n<p>VII razred- djevoj\u010dice: prvo mjesto-Ko\u017ear Esija\u00a0iz O\u0160,,Mahmut Adrovi\u0107\u201d, drugo mjesto-Huremovi\u0107 Amina\u00a0iz O\u0160 ,,Tucanje\u201d i tre\u0107e mjesto-\u00a0Ajdarpa\u0161i\u0107 Amina\u00a0iz O\u0160 ,,Tucanje\u201d.<\/p>\n<p>IX razred- mu\u0161karci: prvo mjesto je odnio\u00a0Eldin Skenderovi\u0107\u00a0iz O\u0160 ,,Trpezi\u201d, drugo mjesto-Editor Beri\u0161a\u00a0iz O\u0160,,Mahmut Adrovi\u0107\u201d i tre\u0107e mjesto-Agovi\u0107 Misin\u00a0iz O\u0160,, 25 maj-Vrbica\u201d.<\/p>\n<p>IX razred- djevoj\u010dice: prvo mjesto je osvojila\u00a0Prenti\u0107 Fehima\u00a0iz O\u0160,,Savin Bor\u201d, drugo mjesto-Lejla Ajdarpa\u0161i\u0107\u00a0iz O\u0160 ,,Tucanje\u201d i tre\u0107e mjesto-Kora\u0107 Lena\u00a0iz O\u0160,,Mahmut Adrovi\u0107\u201d.<\/p>\n<p>Za I razred srednje \u0161kole u kategoriji mu\u0161karci prvo mjesto je odnio\u00a0Ko\u010dan Eldin, drugo mjesto je odnioAjdarpa\u0161i\u0107 Elmin\u00a0a tre\u0107e-Rastoder Erol.<\/p>\n<p>Djevoj\u010dice: prvo mjesto je osvojila\u00a0Adrovi\u0107 Irma, drugo-Ko\u010dan Edina\u00a0i tre\u0107e-Ko\u017ear Enisa.<\/p>\n<p>\u00a0Za II razred u kategoriji mu\u0161karci prvo mjesto je odnio\u00a0Muratovi\u0107 Kenan, drugo-Muratovi\u0107 Sevdin\u00a0i tre\u0107e-Idrizovi\u0107 Arijan.<\/p>\n<p>Djevoj\u010dice: prvo mjesto je osvojila\u00a0Radi\u010d Sanida, drugo mjesto-Ram\u010dilovi\u0107 Nisera\u00a0i tre\u0107e-Ram\u010dilovi\u0107 Ajsela.<\/p>\n<p>Za III razred u kategoriji mu\u0161karci prvo mjesto je osvojio\u00a0Adrovi\u0107 Adel, drugo-Li\u010dina Elmin\u00a0i tre\u0107e-Rastoder Rejhan.<\/p>\n<p>Djevoj\u010dice: prvo mjesto je osvojila\u00a0Ajdarpa\u0161i\u0107 Larisa, drugo-\u00a0Hod\u017ei\u0107 Melisa\u00a0i tre\u0107e\u00a0Adrovi\u0107 Sanita.<\/p>\n<p>IV razred-mu\u0161karci: prvo mjesto je osvojio\u00a0Kora\u0107 Amar, drugo-\u00a0Zveroti\u0107 Melis\u00a0i tre\u0107e-\u00a0Muratovi\u0107 Selmin.<\/p>\n","protected":false},"excerpt":{"rendered":"<p>Na stadionu u Gusarama odr\u017ean je XX tradicionalni prolje\u0107ni kros na kom su u\u010destvovale \u0161kole: O\u0160 ,,Tucanje\u201d , O\u0160 ,,Trpezi\u201d, O\u0160 ,,Savin Bor\u201d, O\u0160 ,,Mahmut Adrovi\u0107, O\u0160,, 25 maj-Vrbica\u201d i Srednja mje\u0161ovita \u0161kola-Petnjica. U kategoriji VI razred-mu\u0161karci prvo mjesto je osvojio\u00a0Enis Ko\u017ear\u00a0iz O\u0160,,Mahmut Adrovi\u0107\u201d, drugo mjestoErdvan Beri\u0161a\u00a0iz O\u0160,,Mahmut Adrovi\u0107\u201d, a tre\u0107e mjesto je osvojio\u00a0\u0160aboti\u0107 Haris\u00a0iz [&hellip;]<\/p>\n","protected":false},"author":509,"featured_media":222488,"comment_status":"open","ping_status":"open","sticky":false,"template":"","format":"standard","meta":{"footnotes":""},"categories":[13,10174],"tags":[],"class_list":{"0":"post-222487","1":"post","2":"type-post","3":"status-publish","4":"format-standard","5":"has-post-thumbnail","7":"category-sport","8":"category-petnjica-vase-vijesti"},"yoast_head":"<!-- This site is optimized with the Yoast SEO Premium plugin v23.1 (Yoast SEO v24.9) - https:\/\/yoast.com\/wordpress\/plugins\/seo\/ -->\n<title>Odr\u017ean \u0161kolski kros u Petnjici<\/title>\n<meta name=\"robots\" content=\"index, follow, max-snippet:-1, max-image-preview:large, max-video-preview:-1\" \/>\n<link rel=\"canonical\" href=\"https:\/\/sandzakpress.net\/arhiva\/odrzan-skolski-kros-u-petnjici\/\" \/>\n<meta property=\"og:locale\" content=\"bs_BA\" \/>\n<meta property=\"og:type\" content=\"article\" \/>\n<meta property=\"og:title\" content=\"Odr\u017ean \u0161kolski kros u Petnjici\" \/>\n<meta property=\"og:description\" content=\"Na stadionu u Gusarama odr\u017ean je XX tradicionalni prolje\u0107ni kros na kom su u\u010destvovale \u0161kole: O\u0160 ,,Tucanje\u201d , O\u0160 ,,Trpezi\u201d, O\u0160 ,,Savin Bor\u201d, O\u0160 ,,Mahmut Adrovi\u0107, O\u0160,, 25 maj-Vrbica\u201d i Srednja mje\u0161ovita \u0161kola-Petnjica. U kategoriji VI razred-mu\u0161karci prvo mjesto je osvojio\u00a0Enis Ko\u017ear\u00a0iz O\u0160,,Mahmut Adrovi\u0107\u201d, drugo mjestoErdvan Beri\u0161a\u00a0iz O\u0160,,Mahmut Adrovi\u0107\u201d, a tre\u0107e mjesto je osvojio\u00a0\u0160aboti\u0107 Haris\u00a0iz [&hellip;]\" \/>\n<meta property=\"og:url\" content=\"https:\/\/sandzakpress.net\/arhiva\/odrzan-skolski-kros-u-petnjici\/\" \/>\n<meta property=\"og:site_name\" content=\"Sand\u017eak PRESS\" \/>\n<meta property=\"article:published_time\" content=\"2019-04-30T13:08:29+00:00\" \/>\n<meta property=\"og:image\" content=\"https:\/\/sandzakpress.net\/arhiva\/wp-content\/uploads\/2019\/04\/IMG_6066-e1556436892154-696x511.jpg\" \/>\n\t<meta property=\"og:image:width\" content=\"696\" \/>\n\t<meta property=\"og:image:height\" content=\"511\" \/>\n\t<meta property=\"og:image:type\" content=\"image\/jpeg\" \/>\n<meta name=\"author\" content=\"Agencija\" \/>\n<meta name=\"twitter:card\" content=\"summary_large_image\" \/>\n<meta name=\"twitter:label1\" content=\"Written by\" \/>\n\t<meta name=\"twitter:data1\" content=\"Agencija\" \/>\n\t<meta name=\"twitter:label2\" content=\"Est. reading time\" \/>\n\t<meta name=\"twitter:data2\" content=\"2 minute\" \/>\n<script type=\"application\/ld+json\" class=\"yoast-schema-graph\">{\"@context\":\"https:\/\/schema.org\",\"@graph\":[{\"@type\":\"Article\",\"@id\":\"https:\/\/sandzakpress.net\/arhiva\/odrzan-skolski-kros-u-petnjici\/#article\",\"isPartOf\":{\"@id\":\"https:\/\/sandzakpress.net\/arhiva\/odrzan-skolski-kros-u-petnjici\/\"},\"author\":{\"name\":\"Agencija\",\"@id\":\"https:\/\/sandzakpress.net\/arhiva\/#\/schema\/person\/cb59d7e3ab91ab90dd680ad0305a6185\"},\"headline\":\"Odr\u017ean \u0161kolski kros u Petnjici\",\"datePublished\":\"2019-04-30T13:08:29+00:00\",\"mainEntityOfPage\":{\"@id\":\"https:\/\/sandzakpress.net\/arhiva\/odrzan-skolski-kros-u-petnjici\/\"},\"wordCount\":422,\"commentCount\":0,\"publisher\":{\"@id\":\"https:\/\/sandzakpress.net\/arhiva\/#\/schema\/person\/6e72b67d6e51910a1117b3b483ba20bd\"},\"image\":{\"@id\":\"https:\/\/sandzakpress.net\/arhiva\/odrzan-skolski-kros-u-petnjici\/#primaryimage\"},\"thumbnailUrl\":\"https:\/\/sandzakpress.net\/arhiva\/wp-content\/uploads\/2019\/04\/IMG_6066-e1556436892154-696x511.jpg\",\"articleSection\":[\"Sport\",\"Petnjica\"],\"inLanguage\":\"bs-BA\",\"potentialAction\":[{\"@type\":\"CommentAction\",\"name\":\"Comment\",\"target\":[\"https:\/\/sandzakpress.net\/arhiva\/odrzan-skolski-kros-u-petnjici\/#respond\"]}]},{\"@type\":\"WebPage\",\"@id\":\"https:\/\/sandzakpress.net\/arhiva\/odrzan-skolski-kros-u-petnjici\/\",\"url\":\"https:\/\/sandzakpress.net\/arhiva\/odrzan-skolski-kros-u-petnjici\/\",\"name\":\"Odr\u017ean \u0161kolski kros u Petnjici\",\"isPartOf\":{\"@id\":\"https:\/\/sandzakpress.net\/arhiva\/#website\"},\"primaryImageOfPage\":{\"@id\":\"https:\/\/sandzakpress.net\/arhiva\/odrzan-skolski-kros-u-petnjici\/#primaryimage\"},\"image\":{\"@id\":\"https:\/\/sandzakpress.net\/arhiva\/odrzan-skolski-kros-u-petnjici\/#primaryimage\"},\"thumbnailUrl\":\"https:\/\/sandzakpress.net\/arhiva\/wp-content\/uploads\/2019\/04\/IMG_6066-e1556436892154-696x511.jpg\",\"datePublished\":\"2019-04-30T13:08:29+00:00\",\"breadcrumb\":{\"@id\":\"https:\/\/sandzakpress.net\/arhiva\/odrzan-skolski-kros-u-petnjici\/#breadcrumb\"},\"inLanguage\":\"bs-BA\",\"potentialAction\":[{\"@type\":\"ReadAction\",\"target\":[\"https:\/\/sandzakpress.net\/arhiva\/odrzan-skolski-kros-u-petnjici\/\"]}]},{\"@type\":\"ImageObject\",\"inLanguage\":\"bs-BA\",\"@id\":\"https:\/\/sandzakpress.net\/arhiva\/odrzan-skolski-kros-u-petnjici\/#primaryimage\",\"url\":\"https:\/\/sandzakpress.net\/arhiva\/wp-content\/uploads\/2019\/04\/IMG_6066-e1556436892154-696x511.jpg\",\"contentUrl\":\"https:\/\/sandzakpress.net\/arhiva\/wp-content\/uploads\/2019\/04\/IMG_6066-e1556436892154-696x511.jpg\",\"width\":696,\"height\":511},{\"@type\":\"BreadcrumbList\",\"@id\":\"https:\/\/sandzakpress.net\/arhiva\/odrzan-skolski-kros-u-petnjici\/#breadcrumb\",\"itemListElement\":[{\"@type\":\"ListItem\",\"position\":1,\"name\":\"Home\",\"item\":\"https:\/\/sandzakpress.net\/arhiva\/\"},{\"@type\":\"ListItem\",\"position\":2,\"name\":\"Odr\u017ean \u0161kolski kros u Petnjici\"}]},{\"@type\":\"WebSite\",\"@id\":\"https:\/\/sandzakpress.net\/arhiva\/#website\",\"url\":\"https:\/\/sandzakpress.net\/arhiva\/\",\"name\":\"Sand\u017eak PRESS\",\"description\":\"Prve elektronske novine u Sand\u017eaku\",\"publisher\":{\"@id\":\"https:\/\/sandzakpress.net\/arhiva\/#\/schema\/person\/6e72b67d6e51910a1117b3b483ba20bd\"},\"potentialAction\":[{\"@type\":\"SearchAction\",\"target\":{\"@type\":\"EntryPoint\",\"urlTemplate\":\"https:\/\/sandzakpress.net\/arhiva\/?s={search_term_string}\"},\"query-input\":{\"@type\":\"PropertyValueSpecification\",\"valueRequired\":true,\"valueName\":\"search_term_string\"}}],\"inLanguage\":\"bs-BA\"},{\"@type\":[\"Person\",\"Organization\"],\"@id\":\"https:\/\/sandzakpress.net\/arhiva\/#\/schema\/person\/6e72b67d6e51910a1117b3b483ba20bd\",\"name\":\"Kul\",\"image\":{\"@type\":\"ImageObject\",\"inLanguage\":\"bs-BA\",\"@id\":\"https:\/\/sandzakpress.net\/arhiva\/#\/schema\/person\/image\/\",\"url\":\"https:\/\/secure.gravatar.com\/avatar\/42263f39aa27ac04c43cab85c280eb2e?s=96&d=mm&r=pg\",\"contentUrl\":\"https:\/\/secure.gravatar.com\/avatar\/42263f39aa27ac04c43cab85c280eb2e?s=96&d=mm&r=pg\",\"caption\":\"Kul\"},\"logo\":{\"@id\":\"https:\/\/sandzakpress.net\/arhiva\/#\/schema\/person\/image\/\"}},{\"@type\":\"Person\",\"@id\":\"https:\/\/sandzakpress.net\/arhiva\/#\/schema\/person\/cb59d7e3ab91ab90dd680ad0305a6185\",\"name\":\"Agencija\",\"image\":{\"@type\":\"ImageObject\",\"inLanguage\":\"bs-BA\",\"@id\":\"https:\/\/sandzakpress.net\/arhiva\/#\/schema\/person\/image\/\",\"url\":\"https:\/\/secure.gravatar.com\/avatar\/4b7fafa80a22f0c2afe23966b3961fe0?s=96&d=mm&r=pg\",\"contentUrl\":\"https:\/\/secure.gravatar.com\/avatar\/4b7fafa80a22f0c2afe23966b3961fe0?s=96&d=mm&r=pg\",\"caption\":\"Agencija\"},\"url\":\"https:\/\/sandzakpress.net\/arhiva\/author\/agencija\/\"}]}<\/script>\n<!-- \/ Yoast SEO Premium plugin. -->","yoast_head_json":{"title":"Odr\u017ean \u0161kolski kros u Petnjici","robots":{"index":"index","follow":"follow","max-snippet":"max-snippet:-1","max-image-preview":"max-image-preview:large","max-video-preview":"max-video-preview:-1"},"canonical":"https:\/\/sandzakpress.net\/arhiva\/odrzan-skolski-kros-u-petnjici\/","og_locale":"bs_BA","og_type":"article","og_title":"Odr\u017ean \u0161kolski kros u Petnjici","og_description":"Na stadionu u Gusarama odr\u017ean je XX tradicionalni prolje\u0107ni kros na kom su u\u010destvovale \u0161kole: O\u0160 ,,Tucanje\u201d , O\u0160 ,,Trpezi\u201d, O\u0160 ,,Savin Bor\u201d, O\u0160 ,,Mahmut Adrovi\u0107, O\u0160,, 25 maj-Vrbica\u201d i Srednja mje\u0161ovita \u0161kola-Petnjica. U kategoriji VI razred-mu\u0161karci prvo mjesto je osvojio\u00a0Enis Ko\u017ear\u00a0iz O\u0160,,Mahmut Adrovi\u0107\u201d, drugo mjestoErdvan Beri\u0161a\u00a0iz O\u0160,,Mahmut Adrovi\u0107\u201d, a tre\u0107e mjesto je osvojio\u00a0\u0160aboti\u0107 Haris\u00a0iz [&hellip;]","og_url":"https:\/\/sandzakpress.net\/arhiva\/odrzan-skolski-kros-u-petnjici\/","og_site_name":"Sand\u017eak PRESS","article_published_time":"2019-04-30T13:08:29+00:00","og_image":[{"width":696,"height":511,"url":"https:\/\/sandzakpress.net\/arhiva\/wp-content\/uploads\/2019\/04\/IMG_6066-e1556436892154-696x511.jpg","type":"image\/jpeg"}],"author":"Agencija","twitter_card":"summary_large_image","twitter_misc":{"Written by":"Agencija","Est. reading time":"2 minute"},"schema":{"@context":"https:\/\/schema.org","@graph":[{"@type":"Article","@id":"https:\/\/sandzakpress.net\/arhiva\/odrzan-skolski-kros-u-petnjici\/#article","isPartOf":{"@id":"https:\/\/sandzakpress.net\/arhiva\/odrzan-skolski-kros-u-petnjici\/"},"author":{"name":"Agencija","@id":"https:\/\/sandzakpress.net\/arhiva\/#\/schema\/person\/cb59d7e3ab91ab90dd680ad0305a6185"},"headline":"Odr\u017ean \u0161kolski kros u Petnjici","datePublished":"2019-04-30T13:08:29+00:00","mainEntityOfPage":{"@id":"https:\/\/sandzakpress.net\/arhiva\/odrzan-skolski-kros-u-petnjici\/"},"wordCount":422,"commentCount":0,"publisher":{"@id":"https:\/\/sandzakpress.net\/arhiva\/#\/schema\/person\/6e72b67d6e51910a1117b3b483ba20bd"},"image":{"@id":"https:\/\/sandzakpress.net\/arhiva\/odrzan-skolski-kros-u-petnjici\/#primaryimage"},"thumbnailUrl":"https:\/\/sandzakpress.net\/arhiva\/wp-content\/uploads\/2019\/04\/IMG_6066-e1556436892154-696x511.jpg","articleSection":["Sport","Petnjica"],"inLanguage":"bs-BA","potentialAction":[{"@type":"CommentAction","name":"Comment","target":["https:\/\/sandzakpress.net\/arhiva\/odrzan-skolski-kros-u-petnjici\/#respond"]}]},{"@type":"WebPage","@id":"https:\/\/sandzakpress.net\/arhiva\/odrzan-skolski-kros-u-petnjici\/","url":"https:\/\/sandzakpress.net\/arhiva\/odrzan-skolski-kros-u-petnjici\/","name":"Odr\u017ean \u0161kolski kros u Petnjici","isPartOf":{"@id":"https:\/\/sandzakpress.net\/arhiva\/#website"},"primaryImageOfPage":{"@id":"https:\/\/sandzakpress.net\/arhiva\/odrzan-skolski-kros-u-petnjici\/#primaryimage"},"image":{"@id":"https:\/\/sandzakpress.net\/arhiva\/odrzan-skolski-kros-u-petnjici\/#primaryimage"},"thumbnailUrl":"https:\/\/sandzakpress.net\/arhiva\/wp-content\/uploads\/2019\/04\/IMG_6066-e1556436892154-696x511.jpg","datePublished":"2019-04-30T13:08:29+00:00","breadcrumb":{"@id":"https:\/\/sandzakpress.net\/arhiva\/odrzan-skolski-kros-u-petnjici\/#breadcrumb"},"inLanguage":"bs-BA","potentialAction":[{"@type":"ReadAction","target":["https:\/\/sandzakpress.net\/arhiva\/odrzan-skolski-kros-u-petnjici\/"]}]},{"@type":"ImageObject","inLanguage":"bs-BA","@id":"https:\/\/sandzakpress.net\/arhiva\/odrzan-skolski-kros-u-petnjici\/#primaryimage","url":"https:\/\/sandzakpress.net\/arhiva\/wp-content\/uploads\/2019\/04\/IMG_6066-e1556436892154-696x511.jpg","contentUrl":"https:\/\/sandzakpress.net\/arhiva\/wp-content\/uploads\/2019\/04\/IMG_6066-e1556436892154-696x511.jpg","width":696,"height":511},{"@type":"BreadcrumbList","@id":"https:\/\/sandzakpress.net\/arhiva\/odrzan-skolski-kros-u-petnjici\/#breadcrumb","itemListElement":[{"@type":"ListItem","position":1,"name":"Home","item":"https:\/\/sandzakpress.net\/arhiva\/"},{"@type":"ListItem","position":2,"name":"Odr\u017ean \u0161kolski kros u Petnjici"}]},{"@type":"WebSite","@id":"https:\/\/sandzakpress.net\/arhiva\/#website","url":"https:\/\/sandzakpress.net\/arhiva\/","name":"Sand\u017eak PRESS","description":"Prve elektronske novine u Sand\u017eaku","publisher":{"@id":"https:\/\/sandzakpress.net\/arhiva\/#\/schema\/person\/6e72b67d6e51910a1117b3b483ba20bd"},"potentialAction":[{"@type":"SearchAction","target":{"@type":"EntryPoint","urlTemplate":"https:\/\/sandzakpress.net\/arhiva\/?s={search_term_string}"},"query-input":{"@type":"PropertyValueSpecification","valueRequired":true,"valueName":"search_term_string"}}],"inLanguage":"bs-BA"},{"@type":["Person","Organization"],"@id":"https:\/\/sandzakpress.net\/arhiva\/#\/schema\/person\/6e72b67d6e51910a1117b3b483ba20bd","name":"Kul","image":{"@type":"ImageObject","inLanguage":"bs-BA","@id":"https:\/\/sandzakpress.net\/arhiva\/#\/schema\/person\/image\/","url":"https:\/\/secure.gravatar.com\/avatar\/42263f39aa27ac04c43cab85c280eb2e?s=96&d=mm&r=pg","contentUrl":"https:\/\/secure.gravatar.com\/avatar\/42263f39aa27ac04c43cab85c280eb2e?s=96&d=mm&r=pg","caption":"Kul"},"logo":{"@id":"https:\/\/sandzakpress.net\/arhiva\/#\/schema\/person\/image\/"}},{"@type":"Person","@id":"https:\/\/sandzakpress.net\/arhiva\/#\/schema\/person\/cb59d7e3ab91ab90dd680ad0305a6185","name":"Agencija","image":{"@type":"ImageObject","inLanguage":"bs-BA","@id":"https:\/\/sandzakpress.net\/arhiva\/#\/schema\/person\/image\/","url":"https:\/\/secure.gravatar.com\/avatar\/4b7fafa80a22f0c2afe23966b3961fe0?s=96&d=mm&r=pg","contentUrl":"https:\/\/secure.gravatar.com\/avatar\/4b7fafa80a22f0c2afe23966b3961fe0?s=96&d=mm&r=pg","caption":"Agencija"},"url":"https:\/\/sandzakpress.net\/arhiva\/author\/agencija\/"}]}},"_links":{"self":[{"href":"https:\/\/sandzakpress.net\/arhiva\/wp-json\/wp\/v2\/posts\/222487"}],"collection":[{"href":"https:\/\/sandzakpress.net\/arhiva\/wp-json\/wp\/v2\/posts"}],"about":[{"href":"https:\/\/sandzakpress.net\/arhiva\/wp-json\/wp\/v2\/types\/post"}],"author":[{"embeddable":true,"href":"https:\/\/sandzakpress.net\/arhiva\/wp-json\/wp\/v2\/users\/509"}],"replies":[{"embeddable":true,"href":"https:\/\/sandzakpress.net\/arhiva\/wp-json\/wp\/v2\/comments?post=222487"}],"version-history":[{"count":0,"href":"https:\/\/sandzakpress.net\/arhiva\/wp-json\/wp\/v2\/posts\/222487\/revisions"}],"wp:featuredmedia":[{"embeddable":true,"href":"https:\/\/sandzakpress.net\/arhiva\/wp-json\/wp\/v2\/media\/222488"}],"wp:attachment":[{"href":"https:\/\/sandzakpress.net\/arhiva\/wp-json\/wp\/v2\/media?parent=222487"}],"wp:term":[{"taxonomy":"category","embeddable":true,"href":"https:\/\/sandzakpress.net\/arhiva\/wp-json\/wp\/v2\/categories?post=222487"},{"taxonomy":"post_tag","embeddable":true,"href":"https:\/\/sandzakpress.net\/arhiva\/wp-json\/wp\/v2\/tags?post=222487"}],"curies":[{"name":"wp","href":"https:\/\/api.w.org\/{rel}","templated":true}]}}