{"id":222481,"date":"2019-04-30T15:05:03","date_gmt":"2019-04-30T13:05:03","guid":{"rendered":"https:\/\/sandzakpress.net\/arhiva\/?p=222481"},"modified":"2019-04-30T15:05:03","modified_gmt":"2019-04-30T13:05:03","slug":"ucenici-devetog-razreda-o-s-mustafa-pecanin-proslavili-polumaturu","status":"publish","type":"post","link":"https:\/\/sandzakpress.net\/arhiva\/ucenici-devetog-razreda-o-s-mustafa-pecanin-proslavili-polumaturu\/","title":{"rendered":"U\u010denici devetog razreda O.\u0160. &#8220;Mustafa Pe\u0107anin&#8221; proslavili polumaturu"},"content":{"rendered":"<p><img loading=\"lazy\" decoding=\"async\" class=\"alignnone size-full wp-image-222484\" src=\"https:\/\/sandzakpress.net\/arhiva\/wp-content\/uploads\/2019\/04\/Capture-26.png\" alt=\"\" width=\"579\" height=\"343\" \/><\/p>\n<p><strong>U\u010denici devetog razreda O.\u0160. &#8221;Mustafa Pe\u0107anin 27. aprila 2019. godine, sve\u010danim defileom na gradskom trgu zapo\u010deli su program obilje\u017eavanja polumature.<\/strong><\/p>\n<div class=\"itemFullText\">\n<p>Naime, 118. generacija najstarije \u0161kole u Ro\u017eajama, proslavila je ovaj za njih va\u017ean doga\u0111aj. Polumatursko ve\u0107e, sa svojim nastavnicima i generacijom, za svakog u\u010denika osnovne \u0161kole predstavlja \u010din kojem se stremi i jedna je od najva\u017enijih stepenica u procesu sazrijevanja svakog \u010dovjeka.<\/p>\n<p>I ova generacija polumaturanata zavrijedila je pa\u017enju hiljade gra\u0111ana Ro\u017eaja koji su svojim prisustvom uveli\u010dali sve\u010danost.<\/p>\n<p>Nakon defilea polumaturanti su proslavu polumature nastavili u hotelu &#8221;Wahels&#8221;.<\/p>\n<p>&nbsp;<\/p>\n<p>&nbsp;<\/p>\n<\/div>\n","protected":false},"excerpt":{"rendered":"<p>U\u010denici devetog razreda O.\u0160. &#8221;Mustafa Pe\u0107anin 27. aprila 2019. godine, sve\u010danim defileom na gradskom trgu zapo\u010deli su program obilje\u017eavanja polumature. Naime, 118. generacija najstarije \u0161kole u Ro\u017eajama, proslavila je ovaj za njih va\u017ean doga\u0111aj. Polumatursko ve\u0107e, sa svojim nastavnicima i generacijom, za svakog u\u010denika osnovne \u0161kole predstavlja \u010din kojem se stremi i jedna je od [&hellip;]<\/p>\n","protected":false},"author":509,"featured_media":222484,"comment_status":"open","ping_status":"open","sticky":false,"template":"","format":"standard","meta":{"footnotes":""},"categories":[398,5],"tags":[],"class_list":{"0":"post-222481","1":"post","2":"type-post","3":"status-publish","4":"format-standard","5":"has-post-thumbnail","7":"category-rozaje","8":"category-drustvo"},"yoast_head":"<!-- This site is optimized with the Yoast SEO Premium plugin v23.1 (Yoast SEO v24.9) - https:\/\/yoast.com\/wordpress\/plugins\/seo\/ -->\n<title>U\u010denici devetog razreda O.\u0160. &quot;Mustafa Pe\u0107anin&quot; proslavili polumaturu<\/title>\n<meta name=\"robots\" content=\"index, follow, max-snippet:-1, max-image-preview:large, max-video-preview:-1\" \/>\n<link rel=\"canonical\" href=\"https:\/\/sandzakpress.net\/arhiva\/ucenici-devetog-razreda-o-s-mustafa-pecanin-proslavili-polumaturu\/\" \/>\n<meta property=\"og:locale\" content=\"bs_BA\" \/>\n<meta property=\"og:type\" content=\"article\" \/>\n<meta property=\"og:title\" content=\"U\u010denici devetog razreda O.\u0160. &quot;Mustafa Pe\u0107anin&quot; proslavili polumaturu\" \/>\n<meta property=\"og:description\" content=\"U\u010denici devetog razreda O.\u0160. &#8221;Mustafa Pe\u0107anin 27. aprila 2019. godine, sve\u010danim defileom na gradskom trgu zapo\u010deli su program obilje\u017eavanja polumature. Naime, 118. generacija najstarije \u0161kole u Ro\u017eajama, proslavila je ovaj za njih va\u017ean doga\u0111aj. Polumatursko ve\u0107e, sa svojim nastavnicima i generacijom, za svakog u\u010denika osnovne \u0161kole predstavlja \u010din kojem se stremi i jedna je od [&hellip;]\" \/>\n<meta property=\"og:url\" content=\"https:\/\/sandzakpress.net\/arhiva\/ucenici-devetog-razreda-o-s-mustafa-pecanin-proslavili-polumaturu\/\" \/>\n<meta property=\"og:site_name\" content=\"Sand\u017eak PRESS\" \/>\n<meta property=\"article:published_time\" content=\"2019-04-30T13:05:03+00:00\" \/>\n<meta property=\"og:image\" content=\"https:\/\/sandzakpress.net\/arhiva\/wp-content\/uploads\/2019\/04\/Capture-26.png\" \/>\n\t<meta property=\"og:image:width\" content=\"579\" \/>\n\t<meta property=\"og:image:height\" content=\"343\" \/>\n\t<meta property=\"og:image:type\" content=\"image\/png\" \/>\n<meta name=\"author\" content=\"Agencija\" \/>\n<meta name=\"twitter:card\" content=\"summary_large_image\" \/>\n<meta name=\"twitter:label1\" content=\"Written by\" \/>\n\t<meta name=\"twitter:data1\" content=\"Agencija\" \/>\n\t<meta name=\"twitter:label2\" content=\"Est. reading time\" \/>\n\t<meta name=\"twitter:data2\" content=\"1 minuta\" \/>\n<script type=\"application\/ld+json\" class=\"yoast-schema-graph\">{\"@context\":\"https:\/\/schema.org\",\"@graph\":[{\"@type\":\"Article\",\"@id\":\"https:\/\/sandzakpress.net\/arhiva\/ucenici-devetog-razreda-o-s-mustafa-pecanin-proslavili-polumaturu\/#article\",\"isPartOf\":{\"@id\":\"https:\/\/sandzakpress.net\/arhiva\/ucenici-devetog-razreda-o-s-mustafa-pecanin-proslavili-polumaturu\/\"},\"author\":{\"name\":\"Agencija\",\"@id\":\"https:\/\/sandzakpress.net\/arhiva\/#\/schema\/person\/cb59d7e3ab91ab90dd680ad0305a6185\"},\"headline\":\"U\u010denici devetog razreda O.\u0160. &#8220;Mustafa Pe\u0107anin&#8221; proslavili polumaturu\",\"datePublished\":\"2019-04-30T13:05:03+00:00\",\"mainEntityOfPage\":{\"@id\":\"https:\/\/sandzakpress.net\/arhiva\/ucenici-devetog-razreda-o-s-mustafa-pecanin-proslavili-polumaturu\/\"},\"wordCount\":113,\"commentCount\":0,\"publisher\":{\"@id\":\"https:\/\/sandzakpress.net\/arhiva\/#\/schema\/person\/6e72b67d6e51910a1117b3b483ba20bd\"},\"image\":{\"@id\":\"https:\/\/sandzakpress.net\/arhiva\/ucenici-devetog-razreda-o-s-mustafa-pecanin-proslavili-polumaturu\/#primaryimage\"},\"thumbnailUrl\":\"https:\/\/sandzakpress.net\/arhiva\/wp-content\/uploads\/2019\/04\/Capture-26.png\",\"articleSection\":[\"Ro\u017eaje\",\"Dru\u0161tvo\"],\"inLanguage\":\"bs-BA\",\"potentialAction\":[{\"@type\":\"CommentAction\",\"name\":\"Comment\",\"target\":[\"https:\/\/sandzakpress.net\/arhiva\/ucenici-devetog-razreda-o-s-mustafa-pecanin-proslavili-polumaturu\/#respond\"]}]},{\"@type\":\"WebPage\",\"@id\":\"https:\/\/sandzakpress.net\/arhiva\/ucenici-devetog-razreda-o-s-mustafa-pecanin-proslavili-polumaturu\/\",\"url\":\"https:\/\/sandzakpress.net\/arhiva\/ucenici-devetog-razreda-o-s-mustafa-pecanin-proslavili-polumaturu\/\",\"name\":\"U\u010denici devetog razreda O.\u0160. \\\"Mustafa Pe\u0107anin\\\" proslavili polumaturu\",\"isPartOf\":{\"@id\":\"https:\/\/sandzakpress.net\/arhiva\/#website\"},\"primaryImageOfPage\":{\"@id\":\"https:\/\/sandzakpress.net\/arhiva\/ucenici-devetog-razreda-o-s-mustafa-pecanin-proslavili-polumaturu\/#primaryimage\"},\"image\":{\"@id\":\"https:\/\/sandzakpress.net\/arhiva\/ucenici-devetog-razreda-o-s-mustafa-pecanin-proslavili-polumaturu\/#primaryimage\"},\"thumbnailUrl\":\"https:\/\/sandzakpress.net\/arhiva\/wp-content\/uploads\/2019\/04\/Capture-26.png\",\"datePublished\":\"2019-04-30T13:05:03+00:00\",\"breadcrumb\":{\"@id\":\"https:\/\/sandzakpress.net\/arhiva\/ucenici-devetog-razreda-o-s-mustafa-pecanin-proslavili-polumaturu\/#breadcrumb\"},\"inLanguage\":\"bs-BA\",\"potentialAction\":[{\"@type\":\"ReadAction\",\"target\":[\"https:\/\/sandzakpress.net\/arhiva\/ucenici-devetog-razreda-o-s-mustafa-pecanin-proslavili-polumaturu\/\"]}]},{\"@type\":\"ImageObject\",\"inLanguage\":\"bs-BA\",\"@id\":\"https:\/\/sandzakpress.net\/arhiva\/ucenici-devetog-razreda-o-s-mustafa-pecanin-proslavili-polumaturu\/#primaryimage\",\"url\":\"https:\/\/sandzakpress.net\/arhiva\/wp-content\/uploads\/2019\/04\/Capture-26.png\",\"contentUrl\":\"https:\/\/sandzakpress.net\/arhiva\/wp-content\/uploads\/2019\/04\/Capture-26.png\",\"width\":579,\"height\":343},{\"@type\":\"BreadcrumbList\",\"@id\":\"https:\/\/sandzakpress.net\/arhiva\/ucenici-devetog-razreda-o-s-mustafa-pecanin-proslavili-polumaturu\/#breadcrumb\",\"itemListElement\":[{\"@type\":\"ListItem\",\"position\":1,\"name\":\"Home\",\"item\":\"https:\/\/sandzakpress.net\/arhiva\/\"},{\"@type\":\"ListItem\",\"position\":2,\"name\":\"U\u010denici devetog razreda O.\u0160. &#8220;Mustafa Pe\u0107anin&#8221; proslavili polumaturu\"}]},{\"@type\":\"WebSite\",\"@id\":\"https:\/\/sandzakpress.net\/arhiva\/#website\",\"url\":\"https:\/\/sandzakpress.net\/arhiva\/\",\"name\":\"Sand\u017eak PRESS\",\"description\":\"Prve elektronske novine u Sand\u017eaku\",\"publisher\":{\"@id\":\"https:\/\/sandzakpress.net\/arhiva\/#\/schema\/person\/6e72b67d6e51910a1117b3b483ba20bd\"},\"potentialAction\":[{\"@type\":\"SearchAction\",\"target\":{\"@type\":\"EntryPoint\",\"urlTemplate\":\"https:\/\/sandzakpress.net\/arhiva\/?s={search_term_string}\"},\"query-input\":{\"@type\":\"PropertyValueSpecification\",\"valueRequired\":true,\"valueName\":\"search_term_string\"}}],\"inLanguage\":\"bs-BA\"},{\"@type\":[\"Person\",\"Organization\"],\"@id\":\"https:\/\/sandzakpress.net\/arhiva\/#\/schema\/person\/6e72b67d6e51910a1117b3b483ba20bd\",\"name\":\"Kul\",\"image\":{\"@type\":\"ImageObject\",\"inLanguage\":\"bs-BA\",\"@id\":\"https:\/\/sandzakpress.net\/arhiva\/#\/schema\/person\/image\/\",\"url\":\"https:\/\/secure.gravatar.com\/avatar\/42263f39aa27ac04c43cab85c280eb2e?s=96&d=mm&r=pg\",\"contentUrl\":\"https:\/\/secure.gravatar.com\/avatar\/42263f39aa27ac04c43cab85c280eb2e?s=96&d=mm&r=pg\",\"caption\":\"Kul\"},\"logo\":{\"@id\":\"https:\/\/sandzakpress.net\/arhiva\/#\/schema\/person\/image\/\"}},{\"@type\":\"Person\",\"@id\":\"https:\/\/sandzakpress.net\/arhiva\/#\/schema\/person\/cb59d7e3ab91ab90dd680ad0305a6185\",\"name\":\"Agencija\",\"image\":{\"@type\":\"ImageObject\",\"inLanguage\":\"bs-BA\",\"@id\":\"https:\/\/sandzakpress.net\/arhiva\/#\/schema\/person\/image\/\",\"url\":\"https:\/\/secure.gravatar.com\/avatar\/4b7fafa80a22f0c2afe23966b3961fe0?s=96&d=mm&r=pg\",\"contentUrl\":\"https:\/\/secure.gravatar.com\/avatar\/4b7fafa80a22f0c2afe23966b3961fe0?s=96&d=mm&r=pg\",\"caption\":\"Agencija\"},\"url\":\"https:\/\/sandzakpress.net\/arhiva\/author\/agencija\/\"}]}<\/script>\n<!-- \/ Yoast SEO Premium plugin. -->","yoast_head_json":{"title":"U\u010denici devetog razreda O.\u0160. \"Mustafa Pe\u0107anin\" proslavili polumaturu","robots":{"index":"index","follow":"follow","max-snippet":"max-snippet:-1","max-image-preview":"max-image-preview:large","max-video-preview":"max-video-preview:-1"},"canonical":"https:\/\/sandzakpress.net\/arhiva\/ucenici-devetog-razreda-o-s-mustafa-pecanin-proslavili-polumaturu\/","og_locale":"bs_BA","og_type":"article","og_title":"U\u010denici devetog razreda O.\u0160. \"Mustafa Pe\u0107anin\" proslavili polumaturu","og_description":"U\u010denici devetog razreda O.\u0160. &#8221;Mustafa Pe\u0107anin 27. aprila 2019. godine, sve\u010danim defileom na gradskom trgu zapo\u010deli su program obilje\u017eavanja polumature. Naime, 118. generacija najstarije \u0161kole u Ro\u017eajama, proslavila je ovaj za njih va\u017ean doga\u0111aj. Polumatursko ve\u0107e, sa svojim nastavnicima i generacijom, za svakog u\u010denika osnovne \u0161kole predstavlja \u010din kojem se stremi i jedna je od [&hellip;]","og_url":"https:\/\/sandzakpress.net\/arhiva\/ucenici-devetog-razreda-o-s-mustafa-pecanin-proslavili-polumaturu\/","og_site_name":"Sand\u017eak PRESS","article_published_time":"2019-04-30T13:05:03+00:00","og_image":[{"width":579,"height":343,"url":"https:\/\/sandzakpress.net\/arhiva\/wp-content\/uploads\/2019\/04\/Capture-26.png","type":"image\/png"}],"author":"Agencija","twitter_card":"summary_large_image","twitter_misc":{"Written by":"Agencija","Est. reading time":"1 minuta"},"schema":{"@context":"https:\/\/schema.org","@graph":[{"@type":"Article","@id":"https:\/\/sandzakpress.net\/arhiva\/ucenici-devetog-razreda-o-s-mustafa-pecanin-proslavili-polumaturu\/#article","isPartOf":{"@id":"https:\/\/sandzakpress.net\/arhiva\/ucenici-devetog-razreda-o-s-mustafa-pecanin-proslavili-polumaturu\/"},"author":{"name":"Agencija","@id":"https:\/\/sandzakpress.net\/arhiva\/#\/schema\/person\/cb59d7e3ab91ab90dd680ad0305a6185"},"headline":"U\u010denici devetog razreda O.\u0160. &#8220;Mustafa Pe\u0107anin&#8221; proslavili polumaturu","datePublished":"2019-04-30T13:05:03+00:00","mainEntityOfPage":{"@id":"https:\/\/sandzakpress.net\/arhiva\/ucenici-devetog-razreda-o-s-mustafa-pecanin-proslavili-polumaturu\/"},"wordCount":113,"commentCount":0,"publisher":{"@id":"https:\/\/sandzakpress.net\/arhiva\/#\/schema\/person\/6e72b67d6e51910a1117b3b483ba20bd"},"image":{"@id":"https:\/\/sandzakpress.net\/arhiva\/ucenici-devetog-razreda-o-s-mustafa-pecanin-proslavili-polumaturu\/#primaryimage"},"thumbnailUrl":"https:\/\/sandzakpress.net\/arhiva\/wp-content\/uploads\/2019\/04\/Capture-26.png","articleSection":["Ro\u017eaje","Dru\u0161tvo"],"inLanguage":"bs-BA","potentialAction":[{"@type":"CommentAction","name":"Comment","target":["https:\/\/sandzakpress.net\/arhiva\/ucenici-devetog-razreda-o-s-mustafa-pecanin-proslavili-polumaturu\/#respond"]}]},{"@type":"WebPage","@id":"https:\/\/sandzakpress.net\/arhiva\/ucenici-devetog-razreda-o-s-mustafa-pecanin-proslavili-polumaturu\/","url":"https:\/\/sandzakpress.net\/arhiva\/ucenici-devetog-razreda-o-s-mustafa-pecanin-proslavili-polumaturu\/","name":"U\u010denici devetog razreda O.\u0160. \"Mustafa Pe\u0107anin\" proslavili polumaturu","isPartOf":{"@id":"https:\/\/sandzakpress.net\/arhiva\/#website"},"primaryImageOfPage":{"@id":"https:\/\/sandzakpress.net\/arhiva\/ucenici-devetog-razreda-o-s-mustafa-pecanin-proslavili-polumaturu\/#primaryimage"},"image":{"@id":"https:\/\/sandzakpress.net\/arhiva\/ucenici-devetog-razreda-o-s-mustafa-pecanin-proslavili-polumaturu\/#primaryimage"},"thumbnailUrl":"https:\/\/sandzakpress.net\/arhiva\/wp-content\/uploads\/2019\/04\/Capture-26.png","datePublished":"2019-04-30T13:05:03+00:00","breadcrumb":{"@id":"https:\/\/sandzakpress.net\/arhiva\/ucenici-devetog-razreda-o-s-mustafa-pecanin-proslavili-polumaturu\/#breadcrumb"},"inLanguage":"bs-BA","potentialAction":[{"@type":"ReadAction","target":["https:\/\/sandzakpress.net\/arhiva\/ucenici-devetog-razreda-o-s-mustafa-pecanin-proslavili-polumaturu\/"]}]},{"@type":"ImageObject","inLanguage":"bs-BA","@id":"https:\/\/sandzakpress.net\/arhiva\/ucenici-devetog-razreda-o-s-mustafa-pecanin-proslavili-polumaturu\/#primaryimage","url":"https:\/\/sandzakpress.net\/arhiva\/wp-content\/uploads\/2019\/04\/Capture-26.png","contentUrl":"https:\/\/sandzakpress.net\/arhiva\/wp-content\/uploads\/2019\/04\/Capture-26.png","width":579,"height":343},{"@type":"BreadcrumbList","@id":"https:\/\/sandzakpress.net\/arhiva\/ucenici-devetog-razreda-o-s-mustafa-pecanin-proslavili-polumaturu\/#breadcrumb","itemListElement":[{"@type":"ListItem","position":1,"name":"Home","item":"https:\/\/sandzakpress.net\/arhiva\/"},{"@type":"ListItem","position":2,"name":"U\u010denici devetog razreda O.\u0160. &#8220;Mustafa Pe\u0107anin&#8221; proslavili polumaturu"}]},{"@type":"WebSite","@id":"https:\/\/sandzakpress.net\/arhiva\/#website","url":"https:\/\/sandzakpress.net\/arhiva\/","name":"Sand\u017eak PRESS","description":"Prve elektronske novine u Sand\u017eaku","publisher":{"@id":"https:\/\/sandzakpress.net\/arhiva\/#\/schema\/person\/6e72b67d6e51910a1117b3b483ba20bd"},"potentialAction":[{"@type":"SearchAction","target":{"@type":"EntryPoint","urlTemplate":"https:\/\/sandzakpress.net\/arhiva\/?s={search_term_string}"},"query-input":{"@type":"PropertyValueSpecification","valueRequired":true,"valueName":"search_term_string"}}],"inLanguage":"bs-BA"},{"@type":["Person","Organization"],"@id":"https:\/\/sandzakpress.net\/arhiva\/#\/schema\/person\/6e72b67d6e51910a1117b3b483ba20bd","name":"Kul","image":{"@type":"ImageObject","inLanguage":"bs-BA","@id":"https:\/\/sandzakpress.net\/arhiva\/#\/schema\/person\/image\/","url":"https:\/\/secure.gravatar.com\/avatar\/42263f39aa27ac04c43cab85c280eb2e?s=96&d=mm&r=pg","contentUrl":"https:\/\/secure.gravatar.com\/avatar\/42263f39aa27ac04c43cab85c280eb2e?s=96&d=mm&r=pg","caption":"Kul"},"logo":{"@id":"https:\/\/sandzakpress.net\/arhiva\/#\/schema\/person\/image\/"}},{"@type":"Person","@id":"https:\/\/sandzakpress.net\/arhiva\/#\/schema\/person\/cb59d7e3ab91ab90dd680ad0305a6185","name":"Agencija","image":{"@type":"ImageObject","inLanguage":"bs-BA","@id":"https:\/\/sandzakpress.net\/arhiva\/#\/schema\/person\/image\/","url":"https:\/\/secure.gravatar.com\/avatar\/4b7fafa80a22f0c2afe23966b3961fe0?s=96&d=mm&r=pg","contentUrl":"https:\/\/secure.gravatar.com\/avatar\/4b7fafa80a22f0c2afe23966b3961fe0?s=96&d=mm&r=pg","caption":"Agencija"},"url":"https:\/\/sandzakpress.net\/arhiva\/author\/agencija\/"}]}},"_links":{"self":[{"href":"https:\/\/sandzakpress.net\/arhiva\/wp-json\/wp\/v2\/posts\/222481"}],"collection":[{"href":"https:\/\/sandzakpress.net\/arhiva\/wp-json\/wp\/v2\/posts"}],"about":[{"href":"https:\/\/sandzakpress.net\/arhiva\/wp-json\/wp\/v2\/types\/post"}],"author":[{"embeddable":true,"href":"https:\/\/sandzakpress.net\/arhiva\/wp-json\/wp\/v2\/users\/509"}],"replies":[{"embeddable":true,"href":"https:\/\/sandzakpress.net\/arhiva\/wp-json\/wp\/v2\/comments?post=222481"}],"version-history":[{"count":0,"href":"https:\/\/sandzakpress.net\/arhiva\/wp-json\/wp\/v2\/posts\/222481\/revisions"}],"wp:featuredmedia":[{"embeddable":true,"href":"https:\/\/sandzakpress.net\/arhiva\/wp-json\/wp\/v2\/media\/222484"}],"wp:attachment":[{"href":"https:\/\/sandzakpress.net\/arhiva\/wp-json\/wp\/v2\/media?parent=222481"}],"wp:term":[{"taxonomy":"category","embeddable":true,"href":"https:\/\/sandzakpress.net\/arhiva\/wp-json\/wp\/v2\/categories?post=222481"},{"taxonomy":"post_tag","embeddable":true,"href":"https:\/\/sandzakpress.net\/arhiva\/wp-json\/wp\/v2\/tags?post=222481"}],"curies":[{"name":"wp","href":"https:\/\/api.w.org\/{rel}","templated":true}]}}