{"id":222472,"date":"2019-04-30T15:00:28","date_gmt":"2019-04-30T13:00:28","guid":{"rendered":"https:\/\/sandzakpress.net\/arhiva\/?p=222472"},"modified":"2019-04-30T15:00:28","modified_gmt":"2019-04-30T13:00:28","slug":"mladi-muratovic-i-dalje-medju-ti-najbolja-strijelca-u-luksemburgu","status":"publish","type":"post","link":"https:\/\/sandzakpress.net\/arhiva\/mladi-muratovic-i-dalje-medju-ti-najbolja-strijelca-u-luksemburgu\/","title":{"rendered":"Mladi Muratovi\u0107 i dalje me\u0111u ti najbolja strijelca u Luksemburgu"},"content":{"rendered":"<p><img decoding=\"async\" src=\"http:\/\/www.radiopetnjica.me\/wp-content\/uploads\/2019\/04\/0-02-05-f7cf31fd78e198f094ee30db51f50b4facc096aa88e340c5b3637a60f2d1175e_3405a8fd.jpg\" \/><\/p>\n<p><strong>Mladi\u00a0Meris Muratovi\u0107\u00a0\u010dlan luksembur\u0161kog strjelja\u010dkog kluba \u201eSport-Sch\u00e9iss-Club Kayl\u201c porijeklom iz Petnjice, u 2018\/19. godini je poslije zbirnih rezultata takmi\u010denja ostao me\u0111u tri najbolja strijelca iz vazdu\u0161nog pi\u0161tolja u svojoj kategoriji.<\/strong><\/p>\n<div class=\"wp-block-image\">To je izuzetan rezultat budu\u0107i da se ovim sportom u Luksemburgu bavi veliki broj djece i da ih je iz dana u dan sve vi\u0161e. Muratovi\u0107 ve\u0107 godinama \u201cpliva\u201d u samom vrhu ovoga sporta, a mno\u0161tvo medalja donio je i sa me\u0111unarodnih takmi\u010denja u Njema\u010dkoj, Belgiji i Francuskoj.<\/div>\n","protected":false},"excerpt":{"rendered":"<p>Mladi\u00a0Meris Muratovi\u0107\u00a0\u010dlan luksembur\u0161kog strjelja\u010dkog kluba \u201eSport-Sch\u00e9iss-Club Kayl\u201c porijeklom iz Petnjice, u 2018\/19. godini je poslije zbirnih rezultata takmi\u010denja ostao me\u0111u tri najbolja strijelca iz vazdu\u0161nog pi\u0161tolja u svojoj kategoriji. To je izuzetan rezultat budu\u0107i da se ovim sportom u Luksemburgu bavi veliki broj djece i da ih je iz dana u dan sve vi\u0161e. Muratovi\u0107 [&hellip;]<\/p>\n","protected":false},"author":509,"featured_media":222482,"comment_status":"open","ping_status":"open","sticky":false,"template":"","format":"standard","meta":{"footnotes":""},"categories":[13,10174],"tags":[],"class_list":{"0":"post-222472","1":"post","2":"type-post","3":"status-publish","4":"format-standard","5":"has-post-thumbnail","7":"category-sport","8":"category-petnjica-vase-vijesti"},"yoast_head":"<!-- This site is optimized with the Yoast SEO Premium plugin v23.1 (Yoast SEO v24.9) - https:\/\/yoast.com\/wordpress\/plugins\/seo\/ -->\n<title>Mladi Muratovi\u0107 i dalje me\u0111u ti najbolja strijelca u Luksemburgu<\/title>\n<meta name=\"robots\" content=\"index, follow, max-snippet:-1, max-image-preview:large, max-video-preview:-1\" \/>\n<link rel=\"canonical\" href=\"https:\/\/sandzakpress.net\/arhiva\/mladi-muratovic-i-dalje-medju-ti-najbolja-strijelca-u-luksemburgu\/\" \/>\n<meta property=\"og:locale\" content=\"bs_BA\" \/>\n<meta property=\"og:type\" content=\"article\" \/>\n<meta property=\"og:title\" content=\"Mladi Muratovi\u0107 i dalje me\u0111u ti najbolja strijelca u Luksemburgu\" \/>\n<meta property=\"og:description\" content=\"Mladi\u00a0Meris Muratovi\u0107\u00a0\u010dlan luksembur\u0161kog strjelja\u010dkog kluba \u201eSport-Sch\u00e9iss-Club Kayl\u201c porijeklom iz Petnjice, u 2018\/19. godini je poslije zbirnih rezultata takmi\u010denja ostao me\u0111u tri najbolja strijelca iz vazdu\u0161nog pi\u0161tolja u svojoj kategoriji. To je izuzetan rezultat budu\u0107i da se ovim sportom u Luksemburgu bavi veliki broj djece i da ih je iz dana u dan sve vi\u0161e. Muratovi\u0107 [&hellip;]\" \/>\n<meta property=\"og:url\" content=\"https:\/\/sandzakpress.net\/arhiva\/mladi-muratovic-i-dalje-medju-ti-najbolja-strijelca-u-luksemburgu\/\" \/>\n<meta property=\"og:site_name\" content=\"Sand\u017eak PRESS\" \/>\n<meta property=\"article:published_time\" content=\"2019-04-30T13:00:28+00:00\" \/>\n<meta property=\"og:image\" content=\"https:\/\/sandzakpress.net\/arhiva\/wp-content\/uploads\/2019\/04\/0-02-05-f7cf31fd78e198f094ee30db51f50b4facc096aa88e340c5b3637a60f2d1175e_3405a8fd.jpg\" \/>\n\t<meta property=\"og:image:width\" content=\"678\" \/>\n\t<meta property=\"og:image:height\" content=\"872\" \/>\n\t<meta property=\"og:image:type\" content=\"image\/jpeg\" \/>\n<meta name=\"author\" content=\"Agencija\" \/>\n<meta name=\"twitter:card\" content=\"summary_large_image\" \/>\n<meta name=\"twitter:label1\" content=\"Written by\" \/>\n\t<meta name=\"twitter:data1\" content=\"Agencija\" \/>\n<script type=\"application\/ld+json\" class=\"yoast-schema-graph\">{\"@context\":\"https:\/\/schema.org\",\"@graph\":[{\"@type\":\"Article\",\"@id\":\"https:\/\/sandzakpress.net\/arhiva\/mladi-muratovic-i-dalje-medju-ti-najbolja-strijelca-u-luksemburgu\/#article\",\"isPartOf\":{\"@id\":\"https:\/\/sandzakpress.net\/arhiva\/mladi-muratovic-i-dalje-medju-ti-najbolja-strijelca-u-luksemburgu\/\"},\"author\":{\"name\":\"Agencija\",\"@id\":\"https:\/\/sandzakpress.net\/arhiva\/#\/schema\/person\/cb59d7e3ab91ab90dd680ad0305a6185\"},\"headline\":\"Mladi Muratovi\u0107 i dalje me\u0111u ti najbolja strijelca u Luksemburgu\",\"datePublished\":\"2019-04-30T13:00:28+00:00\",\"mainEntityOfPage\":{\"@id\":\"https:\/\/sandzakpress.net\/arhiva\/mladi-muratovic-i-dalje-medju-ti-najbolja-strijelca-u-luksemburgu\/\"},\"wordCount\":102,\"commentCount\":0,\"publisher\":{\"@id\":\"https:\/\/sandzakpress.net\/arhiva\/#\/schema\/person\/6e72b67d6e51910a1117b3b483ba20bd\"},\"image\":{\"@id\":\"https:\/\/sandzakpress.net\/arhiva\/mladi-muratovic-i-dalje-medju-ti-najbolja-strijelca-u-luksemburgu\/#primaryimage\"},\"thumbnailUrl\":\"https:\/\/sandzakpress.net\/arhiva\/wp-content\/uploads\/2019\/04\/0-02-05-f7cf31fd78e198f094ee30db51f50b4facc096aa88e340c5b3637a60f2d1175e_3405a8fd.jpg\",\"articleSection\":[\"Sport\",\"Petnjica\"],\"inLanguage\":\"bs-BA\",\"potentialAction\":[{\"@type\":\"CommentAction\",\"name\":\"Comment\",\"target\":[\"https:\/\/sandzakpress.net\/arhiva\/mladi-muratovic-i-dalje-medju-ti-najbolja-strijelca-u-luksemburgu\/#respond\"]}]},{\"@type\":\"WebPage\",\"@id\":\"https:\/\/sandzakpress.net\/arhiva\/mladi-muratovic-i-dalje-medju-ti-najbolja-strijelca-u-luksemburgu\/\",\"url\":\"https:\/\/sandzakpress.net\/arhiva\/mladi-muratovic-i-dalje-medju-ti-najbolja-strijelca-u-luksemburgu\/\",\"name\":\"Mladi Muratovi\u0107 i dalje me\u0111u ti najbolja strijelca u Luksemburgu\",\"isPartOf\":{\"@id\":\"https:\/\/sandzakpress.net\/arhiva\/#website\"},\"primaryImageOfPage\":{\"@id\":\"https:\/\/sandzakpress.net\/arhiva\/mladi-muratovic-i-dalje-medju-ti-najbolja-strijelca-u-luksemburgu\/#primaryimage\"},\"image\":{\"@id\":\"https:\/\/sandzakpress.net\/arhiva\/mladi-muratovic-i-dalje-medju-ti-najbolja-strijelca-u-luksemburgu\/#primaryimage\"},\"thumbnailUrl\":\"https:\/\/sandzakpress.net\/arhiva\/wp-content\/uploads\/2019\/04\/0-02-05-f7cf31fd78e198f094ee30db51f50b4facc096aa88e340c5b3637a60f2d1175e_3405a8fd.jpg\",\"datePublished\":\"2019-04-30T13:00:28+00:00\",\"breadcrumb\":{\"@id\":\"https:\/\/sandzakpress.net\/arhiva\/mladi-muratovic-i-dalje-medju-ti-najbolja-strijelca-u-luksemburgu\/#breadcrumb\"},\"inLanguage\":\"bs-BA\",\"potentialAction\":[{\"@type\":\"ReadAction\",\"target\":[\"https:\/\/sandzakpress.net\/arhiva\/mladi-muratovic-i-dalje-medju-ti-najbolja-strijelca-u-luksemburgu\/\"]}]},{\"@type\":\"ImageObject\",\"inLanguage\":\"bs-BA\",\"@id\":\"https:\/\/sandzakpress.net\/arhiva\/mladi-muratovic-i-dalje-medju-ti-najbolja-strijelca-u-luksemburgu\/#primaryimage\",\"url\":\"https:\/\/sandzakpress.net\/arhiva\/wp-content\/uploads\/2019\/04\/0-02-05-f7cf31fd78e198f094ee30db51f50b4facc096aa88e340c5b3637a60f2d1175e_3405a8fd.jpg\",\"contentUrl\":\"https:\/\/sandzakpress.net\/arhiva\/wp-content\/uploads\/2019\/04\/0-02-05-f7cf31fd78e198f094ee30db51f50b4facc096aa88e340c5b3637a60f2d1175e_3405a8fd.jpg\",\"width\":678,\"height\":872},{\"@type\":\"BreadcrumbList\",\"@id\":\"https:\/\/sandzakpress.net\/arhiva\/mladi-muratovic-i-dalje-medju-ti-najbolja-strijelca-u-luksemburgu\/#breadcrumb\",\"itemListElement\":[{\"@type\":\"ListItem\",\"position\":1,\"name\":\"Home\",\"item\":\"https:\/\/sandzakpress.net\/arhiva\/\"},{\"@type\":\"ListItem\",\"position\":2,\"name\":\"Mladi Muratovi\u0107 i dalje me\u0111u ti najbolja strijelca u Luksemburgu\"}]},{\"@type\":\"WebSite\",\"@id\":\"https:\/\/sandzakpress.net\/arhiva\/#website\",\"url\":\"https:\/\/sandzakpress.net\/arhiva\/\",\"name\":\"Sand\u017eak PRESS\",\"description\":\"Prve elektronske novine u Sand\u017eaku\",\"publisher\":{\"@id\":\"https:\/\/sandzakpress.net\/arhiva\/#\/schema\/person\/6e72b67d6e51910a1117b3b483ba20bd\"},\"potentialAction\":[{\"@type\":\"SearchAction\",\"target\":{\"@type\":\"EntryPoint\",\"urlTemplate\":\"https:\/\/sandzakpress.net\/arhiva\/?s={search_term_string}\"},\"query-input\":{\"@type\":\"PropertyValueSpecification\",\"valueRequired\":true,\"valueName\":\"search_term_string\"}}],\"inLanguage\":\"bs-BA\"},{\"@type\":[\"Person\",\"Organization\"],\"@id\":\"https:\/\/sandzakpress.net\/arhiva\/#\/schema\/person\/6e72b67d6e51910a1117b3b483ba20bd\",\"name\":\"Kul\",\"image\":{\"@type\":\"ImageObject\",\"inLanguage\":\"bs-BA\",\"@id\":\"https:\/\/sandzakpress.net\/arhiva\/#\/schema\/person\/image\/\",\"url\":\"https:\/\/secure.gravatar.com\/avatar\/42263f39aa27ac04c43cab85c280eb2e?s=96&d=mm&r=pg\",\"contentUrl\":\"https:\/\/secure.gravatar.com\/avatar\/42263f39aa27ac04c43cab85c280eb2e?s=96&d=mm&r=pg\",\"caption\":\"Kul\"},\"logo\":{\"@id\":\"https:\/\/sandzakpress.net\/arhiva\/#\/schema\/person\/image\/\"}},{\"@type\":\"Person\",\"@id\":\"https:\/\/sandzakpress.net\/arhiva\/#\/schema\/person\/cb59d7e3ab91ab90dd680ad0305a6185\",\"name\":\"Agencija\",\"image\":{\"@type\":\"ImageObject\",\"inLanguage\":\"bs-BA\",\"@id\":\"https:\/\/sandzakpress.net\/arhiva\/#\/schema\/person\/image\/\",\"url\":\"https:\/\/secure.gravatar.com\/avatar\/4b7fafa80a22f0c2afe23966b3961fe0?s=96&d=mm&r=pg\",\"contentUrl\":\"https:\/\/secure.gravatar.com\/avatar\/4b7fafa80a22f0c2afe23966b3961fe0?s=96&d=mm&r=pg\",\"caption\":\"Agencija\"},\"url\":\"https:\/\/sandzakpress.net\/arhiva\/author\/agencija\/\"}]}<\/script>\n<!-- \/ Yoast SEO Premium plugin. -->","yoast_head_json":{"title":"Mladi Muratovi\u0107 i dalje me\u0111u ti najbolja strijelca u Luksemburgu","robots":{"index":"index","follow":"follow","max-snippet":"max-snippet:-1","max-image-preview":"max-image-preview:large","max-video-preview":"max-video-preview:-1"},"canonical":"https:\/\/sandzakpress.net\/arhiva\/mladi-muratovic-i-dalje-medju-ti-najbolja-strijelca-u-luksemburgu\/","og_locale":"bs_BA","og_type":"article","og_title":"Mladi Muratovi\u0107 i dalje me\u0111u ti najbolja strijelca u Luksemburgu","og_description":"Mladi\u00a0Meris Muratovi\u0107\u00a0\u010dlan luksembur\u0161kog strjelja\u010dkog kluba \u201eSport-Sch\u00e9iss-Club Kayl\u201c porijeklom iz Petnjice, u 2018\/19. godini je poslije zbirnih rezultata takmi\u010denja ostao me\u0111u tri najbolja strijelca iz vazdu\u0161nog pi\u0161tolja u svojoj kategoriji. To je izuzetan rezultat budu\u0107i da se ovim sportom u Luksemburgu bavi veliki broj djece i da ih je iz dana u dan sve vi\u0161e. Muratovi\u0107 [&hellip;]","og_url":"https:\/\/sandzakpress.net\/arhiva\/mladi-muratovic-i-dalje-medju-ti-najbolja-strijelca-u-luksemburgu\/","og_site_name":"Sand\u017eak PRESS","article_published_time":"2019-04-30T13:00:28+00:00","og_image":[{"width":678,"height":872,"url":"https:\/\/sandzakpress.net\/arhiva\/wp-content\/uploads\/2019\/04\/0-02-05-f7cf31fd78e198f094ee30db51f50b4facc096aa88e340c5b3637a60f2d1175e_3405a8fd.jpg","type":"image\/jpeg"}],"author":"Agencija","twitter_card":"summary_large_image","twitter_misc":{"Written by":"Agencija"},"schema":{"@context":"https:\/\/schema.org","@graph":[{"@type":"Article","@id":"https:\/\/sandzakpress.net\/arhiva\/mladi-muratovic-i-dalje-medju-ti-najbolja-strijelca-u-luksemburgu\/#article","isPartOf":{"@id":"https:\/\/sandzakpress.net\/arhiva\/mladi-muratovic-i-dalje-medju-ti-najbolja-strijelca-u-luksemburgu\/"},"author":{"name":"Agencija","@id":"https:\/\/sandzakpress.net\/arhiva\/#\/schema\/person\/cb59d7e3ab91ab90dd680ad0305a6185"},"headline":"Mladi Muratovi\u0107 i dalje me\u0111u ti najbolja strijelca u Luksemburgu","datePublished":"2019-04-30T13:00:28+00:00","mainEntityOfPage":{"@id":"https:\/\/sandzakpress.net\/arhiva\/mladi-muratovic-i-dalje-medju-ti-najbolja-strijelca-u-luksemburgu\/"},"wordCount":102,"commentCount":0,"publisher":{"@id":"https:\/\/sandzakpress.net\/arhiva\/#\/schema\/person\/6e72b67d6e51910a1117b3b483ba20bd"},"image":{"@id":"https:\/\/sandzakpress.net\/arhiva\/mladi-muratovic-i-dalje-medju-ti-najbolja-strijelca-u-luksemburgu\/#primaryimage"},"thumbnailUrl":"https:\/\/sandzakpress.net\/arhiva\/wp-content\/uploads\/2019\/04\/0-02-05-f7cf31fd78e198f094ee30db51f50b4facc096aa88e340c5b3637a60f2d1175e_3405a8fd.jpg","articleSection":["Sport","Petnjica"],"inLanguage":"bs-BA","potentialAction":[{"@type":"CommentAction","name":"Comment","target":["https:\/\/sandzakpress.net\/arhiva\/mladi-muratovic-i-dalje-medju-ti-najbolja-strijelca-u-luksemburgu\/#respond"]}]},{"@type":"WebPage","@id":"https:\/\/sandzakpress.net\/arhiva\/mladi-muratovic-i-dalje-medju-ti-najbolja-strijelca-u-luksemburgu\/","url":"https:\/\/sandzakpress.net\/arhiva\/mladi-muratovic-i-dalje-medju-ti-najbolja-strijelca-u-luksemburgu\/","name":"Mladi Muratovi\u0107 i dalje me\u0111u ti najbolja strijelca u Luksemburgu","isPartOf":{"@id":"https:\/\/sandzakpress.net\/arhiva\/#website"},"primaryImageOfPage":{"@id":"https:\/\/sandzakpress.net\/arhiva\/mladi-muratovic-i-dalje-medju-ti-najbolja-strijelca-u-luksemburgu\/#primaryimage"},"image":{"@id":"https:\/\/sandzakpress.net\/arhiva\/mladi-muratovic-i-dalje-medju-ti-najbolja-strijelca-u-luksemburgu\/#primaryimage"},"thumbnailUrl":"https:\/\/sandzakpress.net\/arhiva\/wp-content\/uploads\/2019\/04\/0-02-05-f7cf31fd78e198f094ee30db51f50b4facc096aa88e340c5b3637a60f2d1175e_3405a8fd.jpg","datePublished":"2019-04-30T13:00:28+00:00","breadcrumb":{"@id":"https:\/\/sandzakpress.net\/arhiva\/mladi-muratovic-i-dalje-medju-ti-najbolja-strijelca-u-luksemburgu\/#breadcrumb"},"inLanguage":"bs-BA","potentialAction":[{"@type":"ReadAction","target":["https:\/\/sandzakpress.net\/arhiva\/mladi-muratovic-i-dalje-medju-ti-najbolja-strijelca-u-luksemburgu\/"]}]},{"@type":"ImageObject","inLanguage":"bs-BA","@id":"https:\/\/sandzakpress.net\/arhiva\/mladi-muratovic-i-dalje-medju-ti-najbolja-strijelca-u-luksemburgu\/#primaryimage","url":"https:\/\/sandzakpress.net\/arhiva\/wp-content\/uploads\/2019\/04\/0-02-05-f7cf31fd78e198f094ee30db51f50b4facc096aa88e340c5b3637a60f2d1175e_3405a8fd.jpg","contentUrl":"https:\/\/sandzakpress.net\/arhiva\/wp-content\/uploads\/2019\/04\/0-02-05-f7cf31fd78e198f094ee30db51f50b4facc096aa88e340c5b3637a60f2d1175e_3405a8fd.jpg","width":678,"height":872},{"@type":"BreadcrumbList","@id":"https:\/\/sandzakpress.net\/arhiva\/mladi-muratovic-i-dalje-medju-ti-najbolja-strijelca-u-luksemburgu\/#breadcrumb","itemListElement":[{"@type":"ListItem","position":1,"name":"Home","item":"https:\/\/sandzakpress.net\/arhiva\/"},{"@type":"ListItem","position":2,"name":"Mladi Muratovi\u0107 i dalje me\u0111u ti najbolja strijelca u Luksemburgu"}]},{"@type":"WebSite","@id":"https:\/\/sandzakpress.net\/arhiva\/#website","url":"https:\/\/sandzakpress.net\/arhiva\/","name":"Sand\u017eak PRESS","description":"Prve elektronske novine u Sand\u017eaku","publisher":{"@id":"https:\/\/sandzakpress.net\/arhiva\/#\/schema\/person\/6e72b67d6e51910a1117b3b483ba20bd"},"potentialAction":[{"@type":"SearchAction","target":{"@type":"EntryPoint","urlTemplate":"https:\/\/sandzakpress.net\/arhiva\/?s={search_term_string}"},"query-input":{"@type":"PropertyValueSpecification","valueRequired":true,"valueName":"search_term_string"}}],"inLanguage":"bs-BA"},{"@type":["Person","Organization"],"@id":"https:\/\/sandzakpress.net\/arhiva\/#\/schema\/person\/6e72b67d6e51910a1117b3b483ba20bd","name":"Kul","image":{"@type":"ImageObject","inLanguage":"bs-BA","@id":"https:\/\/sandzakpress.net\/arhiva\/#\/schema\/person\/image\/","url":"https:\/\/secure.gravatar.com\/avatar\/42263f39aa27ac04c43cab85c280eb2e?s=96&d=mm&r=pg","contentUrl":"https:\/\/secure.gravatar.com\/avatar\/42263f39aa27ac04c43cab85c280eb2e?s=96&d=mm&r=pg","caption":"Kul"},"logo":{"@id":"https:\/\/sandzakpress.net\/arhiva\/#\/schema\/person\/image\/"}},{"@type":"Person","@id":"https:\/\/sandzakpress.net\/arhiva\/#\/schema\/person\/cb59d7e3ab91ab90dd680ad0305a6185","name":"Agencija","image":{"@type":"ImageObject","inLanguage":"bs-BA","@id":"https:\/\/sandzakpress.net\/arhiva\/#\/schema\/person\/image\/","url":"https:\/\/secure.gravatar.com\/avatar\/4b7fafa80a22f0c2afe23966b3961fe0?s=96&d=mm&r=pg","contentUrl":"https:\/\/secure.gravatar.com\/avatar\/4b7fafa80a22f0c2afe23966b3961fe0?s=96&d=mm&r=pg","caption":"Agencija"},"url":"https:\/\/sandzakpress.net\/arhiva\/author\/agencija\/"}]}},"_links":{"self":[{"href":"https:\/\/sandzakpress.net\/arhiva\/wp-json\/wp\/v2\/posts\/222472"}],"collection":[{"href":"https:\/\/sandzakpress.net\/arhiva\/wp-json\/wp\/v2\/posts"}],"about":[{"href":"https:\/\/sandzakpress.net\/arhiva\/wp-json\/wp\/v2\/types\/post"}],"author":[{"embeddable":true,"href":"https:\/\/sandzakpress.net\/arhiva\/wp-json\/wp\/v2\/users\/509"}],"replies":[{"embeddable":true,"href":"https:\/\/sandzakpress.net\/arhiva\/wp-json\/wp\/v2\/comments?post=222472"}],"version-history":[{"count":0,"href":"https:\/\/sandzakpress.net\/arhiva\/wp-json\/wp\/v2\/posts\/222472\/revisions"}],"wp:featuredmedia":[{"embeddable":true,"href":"https:\/\/sandzakpress.net\/arhiva\/wp-json\/wp\/v2\/media\/222482"}],"wp:attachment":[{"href":"https:\/\/sandzakpress.net\/arhiva\/wp-json\/wp\/v2\/media?parent=222472"}],"wp:term":[{"taxonomy":"category","embeddable":true,"href":"https:\/\/sandzakpress.net\/arhiva\/wp-json\/wp\/v2\/categories?post=222472"},{"taxonomy":"post_tag","embeddable":true,"href":"https:\/\/sandzakpress.net\/arhiva\/wp-json\/wp\/v2\/tags?post=222472"}],"curies":[{"name":"wp","href":"https:\/\/api.w.org\/{rel}","templated":true}]}}