{"id":222450,"date":"2019-04-30T14:48:25","date_gmt":"2019-04-30T12:48:25","guid":{"rendered":"https:\/\/sandzakpress.net\/arhiva\/?p=222450"},"modified":"2019-04-30T14:48:25","modified_gmt":"2019-04-30T12:48:25","slug":"berancu-zapaljen-automobil-pored-vozila-nasao-flasu-sa-benzinom","status":"publish","type":"post","link":"https:\/\/sandzakpress.net\/arhiva\/berancu-zapaljen-automobil-pored-vozila-nasao-flasu-sa-benzinom\/","title":{"rendered":"Berancu zapaljen automobil, pored vozila na\u0161ao fla\u0161u sa benzinom"},"content":{"rendered":"<p><img decoding=\"async\" src=\"https:\/\/www.vijesti.me\/media\/20190427120452_0cd3492d-6e9c-410f-9cd7-384a86f373ad.jpeg\" alt=\"Zapaljeni automobil\" \/><\/p>\n<div class=\"article__lead\">\n<p><strong>Prema njegovim rije\u010dima, na istom mjestu mu je prije godinu i po zapaljeno jo\u0161 jedno vozilo<\/strong><\/p>\n<\/div>\n<div class=\"articleMetadata marginBottom30\">\n<p>Jutros oko \u010detiri sata u Ulici 29. novembra u Beranama zapaljen je automobil &#8220;folksvagen pasat&#8221;, registarskih oznaka BA AU824, Enisa Ramusovi\u0107a.<\/p>\n<p>Dok iz policije tvde da je automobil neznatno o\u0161te\u0107en sa zadnje strane, Ramusovi\u0107 ka\u017ee da je \u0161teta prili\u010dno velika i sa prednje i za zadnje strane.<\/p>\n<p>Ramusovi\u0107 je &#8220;Vijestima&#8221; rekao da je pored automobila prona\u0161ao fla\u0161u sa benzinom kojom je, o\u010digledno, poliven i zapaljen automobil.<\/p>\n<p>&#8220;Mi smo primijetili po\u017ear i po\u010deli smo sami da gasimo, prije nego su stigli vatrogasci&#8221;, rekao je Ramusovi\u0107.<\/p>\n<p>On je kazao da je ogor\u010den, jer je ovo drugi put za godinu i po dana da mu neko podme\u0107e po\u017eare. Prema njegovim rije\u010dima, na istom mjestu, ispred porodi\u010dne ku\u0107e, prije godinu i po zapaljen mu je &#8220;mercedes&#8221;, kada je tako\u0111e na\u0161ao fla\u0161u sa benzinom i predao je policiji, ali su po\u010dinioci do danas neotkriveni.<\/p>\n<p>Iz Osnovnog dr\u017eavnog tu\u017eila\u0161tva &#8220;Vijestima&#8221; su kazali da su ovlastili policiju i vje\u0161take koji su jutros obavili uvi\u0111aj i izuzeli dokazni materijal.<\/p>\n<p><img decoding=\"async\" src=\"https:\/\/superdesk-pro-b.s3-eu-west-1.amazonaws.com\/sd-vijesti-prod\/20190427120456\/1d3e9ab8b8257632e9385ac081506950d3d40113edd9859f5607241af3426a87.jpg\" alt=\"\" \/><\/p>\n<p><img decoding=\"async\" src=\"https:\/\/superdesk-pro-b.s3-eu-west-1.amazonaws.com\/sd-vijesti-prod\/20190427120456\/bdc6ea67191f352872bd2c1514cba91da2af7e75b79ab7bb272125d37e1ac479.jpg\" alt=\"\" \/><\/p>\n<\/div>\n","protected":false},"excerpt":{"rendered":"<p>Prema njegovim rije\u010dima, na istom mjestu mu je prije godinu i po zapaljeno jo\u0161 jedno vozilo Jutros oko \u010detiri sata u Ulici 29. novembra u Beranama zapaljen je automobil &#8220;folksvagen pasat&#8221;, registarskih oznaka BA AU824, Enisa Ramusovi\u0107a. Dok iz policije tvde da je automobil neznatno o\u0161te\u0107en sa zadnje strane, Ramusovi\u0107 ka\u017ee da je \u0161teta prili\u010dno [&hellip;]<\/p>\n","protected":false},"author":509,"featured_media":222468,"comment_status":"open","ping_status":"open","sticky":false,"template":"","format":"standard","meta":{"footnotes":""},"categories":[397,801],"tags":[],"class_list":{"0":"post-222450","1":"post","2":"type-post","3":"status-publish","4":"format-standard","5":"has-post-thumbnail","7":"category-berane","8":"category-crna_hronika"},"yoast_head":"<!-- This site is optimized with the Yoast SEO Premium plugin v23.1 (Yoast SEO v24.9) - https:\/\/yoast.com\/wordpress\/plugins\/seo\/ -->\n<title>Berancu zapaljen automobil, pored vozila na\u0161ao fla\u0161u sa benzinom<\/title>\n<meta name=\"robots\" content=\"index, follow, max-snippet:-1, max-image-preview:large, max-video-preview:-1\" \/>\n<link rel=\"canonical\" href=\"https:\/\/sandzakpress.net\/arhiva\/berancu-zapaljen-automobil-pored-vozila-nasao-flasu-sa-benzinom\/\" \/>\n<meta property=\"og:locale\" content=\"bs_BA\" \/>\n<meta property=\"og:type\" content=\"article\" \/>\n<meta property=\"og:title\" content=\"Berancu zapaljen automobil, pored vozila na\u0161ao fla\u0161u sa benzinom\" \/>\n<meta property=\"og:description\" content=\"Prema njegovim rije\u010dima, na istom mjestu mu je prije godinu i po zapaljeno jo\u0161 jedno vozilo Jutros oko \u010detiri sata u Ulici 29. novembra u Beranama zapaljen je automobil &#8220;folksvagen pasat&#8221;, registarskih oznaka BA AU824, Enisa Ramusovi\u0107a. Dok iz policije tvde da je automobil neznatno o\u0161te\u0107en sa zadnje strane, Ramusovi\u0107 ka\u017ee da je \u0161teta prili\u010dno [&hellip;]\" \/>\n<meta property=\"og:url\" content=\"https:\/\/sandzakpress.net\/arhiva\/berancu-zapaljen-automobil-pored-vozila-nasao-flasu-sa-benzinom\/\" \/>\n<meta property=\"og:site_name\" content=\"Sand\u017eak PRESS\" \/>\n<meta property=\"article:published_time\" content=\"2019-04-30T12:48:25+00:00\" \/>\n<meta property=\"og:image\" content=\"https:\/\/sandzakpress.net\/arhiva\/wp-content\/uploads\/2019\/04\/20190427120452_0cd3492d-6e9c-410f-9cd7-384a86f373ad.jpeg.jpg\" \/>\n\t<meta property=\"og:image:width\" content=\"800\" \/>\n\t<meta property=\"og:image:height\" content=\"385\" \/>\n\t<meta property=\"og:image:type\" content=\"image\/jpeg\" \/>\n<meta name=\"author\" content=\"Agencija\" \/>\n<meta name=\"twitter:card\" content=\"summary_large_image\" \/>\n<meta name=\"twitter:label1\" content=\"Written by\" \/>\n\t<meta name=\"twitter:data1\" content=\"Agencija\" \/>\n\t<meta name=\"twitter:label2\" content=\"Est. reading time\" \/>\n\t<meta name=\"twitter:data2\" content=\"1 minuta\" \/>\n<script type=\"application\/ld+json\" class=\"yoast-schema-graph\">{\"@context\":\"https:\/\/schema.org\",\"@graph\":[{\"@type\":\"Article\",\"@id\":\"https:\/\/sandzakpress.net\/arhiva\/berancu-zapaljen-automobil-pored-vozila-nasao-flasu-sa-benzinom\/#article\",\"isPartOf\":{\"@id\":\"https:\/\/sandzakpress.net\/arhiva\/berancu-zapaljen-automobil-pored-vozila-nasao-flasu-sa-benzinom\/\"},\"author\":{\"name\":\"Agencija\",\"@id\":\"https:\/\/sandzakpress.net\/arhiva\/#\/schema\/person\/cb59d7e3ab91ab90dd680ad0305a6185\"},\"headline\":\"Berancu zapaljen automobil, pored vozila na\u0161ao fla\u0161u sa benzinom\",\"datePublished\":\"2019-04-30T12:48:25+00:00\",\"mainEntityOfPage\":{\"@id\":\"https:\/\/sandzakpress.net\/arhiva\/berancu-zapaljen-automobil-pored-vozila-nasao-flasu-sa-benzinom\/\"},\"wordCount\":213,\"commentCount\":0,\"publisher\":{\"@id\":\"https:\/\/sandzakpress.net\/arhiva\/#\/schema\/person\/6e72b67d6e51910a1117b3b483ba20bd\"},\"image\":{\"@id\":\"https:\/\/sandzakpress.net\/arhiva\/berancu-zapaljen-automobil-pored-vozila-nasao-flasu-sa-benzinom\/#primaryimage\"},\"thumbnailUrl\":\"https:\/\/sandzakpress.net\/arhiva\/wp-content\/uploads\/2019\/04\/20190427120452_0cd3492d-6e9c-410f-9cd7-384a86f373ad.jpeg.jpg\",\"articleSection\":[\"Berane\",\"Hronika\"],\"inLanguage\":\"bs-BA\",\"potentialAction\":[{\"@type\":\"CommentAction\",\"name\":\"Comment\",\"target\":[\"https:\/\/sandzakpress.net\/arhiva\/berancu-zapaljen-automobil-pored-vozila-nasao-flasu-sa-benzinom\/#respond\"]}]},{\"@type\":\"WebPage\",\"@id\":\"https:\/\/sandzakpress.net\/arhiva\/berancu-zapaljen-automobil-pored-vozila-nasao-flasu-sa-benzinom\/\",\"url\":\"https:\/\/sandzakpress.net\/arhiva\/berancu-zapaljen-automobil-pored-vozila-nasao-flasu-sa-benzinom\/\",\"name\":\"Berancu zapaljen automobil, pored vozila na\u0161ao fla\u0161u sa benzinom\",\"isPartOf\":{\"@id\":\"https:\/\/sandzakpress.net\/arhiva\/#website\"},\"primaryImageOfPage\":{\"@id\":\"https:\/\/sandzakpress.net\/arhiva\/berancu-zapaljen-automobil-pored-vozila-nasao-flasu-sa-benzinom\/#primaryimage\"},\"image\":{\"@id\":\"https:\/\/sandzakpress.net\/arhiva\/berancu-zapaljen-automobil-pored-vozila-nasao-flasu-sa-benzinom\/#primaryimage\"},\"thumbnailUrl\":\"https:\/\/sandzakpress.net\/arhiva\/wp-content\/uploads\/2019\/04\/20190427120452_0cd3492d-6e9c-410f-9cd7-384a86f373ad.jpeg.jpg\",\"datePublished\":\"2019-04-30T12:48:25+00:00\",\"breadcrumb\":{\"@id\":\"https:\/\/sandzakpress.net\/arhiva\/berancu-zapaljen-automobil-pored-vozila-nasao-flasu-sa-benzinom\/#breadcrumb\"},\"inLanguage\":\"bs-BA\",\"potentialAction\":[{\"@type\":\"ReadAction\",\"target\":[\"https:\/\/sandzakpress.net\/arhiva\/berancu-zapaljen-automobil-pored-vozila-nasao-flasu-sa-benzinom\/\"]}]},{\"@type\":\"ImageObject\",\"inLanguage\":\"bs-BA\",\"@id\":\"https:\/\/sandzakpress.net\/arhiva\/berancu-zapaljen-automobil-pored-vozila-nasao-flasu-sa-benzinom\/#primaryimage\",\"url\":\"https:\/\/sandzakpress.net\/arhiva\/wp-content\/uploads\/2019\/04\/20190427120452_0cd3492d-6e9c-410f-9cd7-384a86f373ad.jpeg.jpg\",\"contentUrl\":\"https:\/\/sandzakpress.net\/arhiva\/wp-content\/uploads\/2019\/04\/20190427120452_0cd3492d-6e9c-410f-9cd7-384a86f373ad.jpeg.jpg\",\"width\":800,\"height\":385},{\"@type\":\"BreadcrumbList\",\"@id\":\"https:\/\/sandzakpress.net\/arhiva\/berancu-zapaljen-automobil-pored-vozila-nasao-flasu-sa-benzinom\/#breadcrumb\",\"itemListElement\":[{\"@type\":\"ListItem\",\"position\":1,\"name\":\"Home\",\"item\":\"https:\/\/sandzakpress.net\/arhiva\/\"},{\"@type\":\"ListItem\",\"position\":2,\"name\":\"Berancu zapaljen automobil, pored vozila na\u0161ao fla\u0161u sa benzinom\"}]},{\"@type\":\"WebSite\",\"@id\":\"https:\/\/sandzakpress.net\/arhiva\/#website\",\"url\":\"https:\/\/sandzakpress.net\/arhiva\/\",\"name\":\"Sand\u017eak PRESS\",\"description\":\"Prve elektronske novine u Sand\u017eaku\",\"publisher\":{\"@id\":\"https:\/\/sandzakpress.net\/arhiva\/#\/schema\/person\/6e72b67d6e51910a1117b3b483ba20bd\"},\"potentialAction\":[{\"@type\":\"SearchAction\",\"target\":{\"@type\":\"EntryPoint\",\"urlTemplate\":\"https:\/\/sandzakpress.net\/arhiva\/?s={search_term_string}\"},\"query-input\":{\"@type\":\"PropertyValueSpecification\",\"valueRequired\":true,\"valueName\":\"search_term_string\"}}],\"inLanguage\":\"bs-BA\"},{\"@type\":[\"Person\",\"Organization\"],\"@id\":\"https:\/\/sandzakpress.net\/arhiva\/#\/schema\/person\/6e72b67d6e51910a1117b3b483ba20bd\",\"name\":\"Kul\",\"image\":{\"@type\":\"ImageObject\",\"inLanguage\":\"bs-BA\",\"@id\":\"https:\/\/sandzakpress.net\/arhiva\/#\/schema\/person\/image\/\",\"url\":\"https:\/\/secure.gravatar.com\/avatar\/42263f39aa27ac04c43cab85c280eb2e?s=96&d=mm&r=pg\",\"contentUrl\":\"https:\/\/secure.gravatar.com\/avatar\/42263f39aa27ac04c43cab85c280eb2e?s=96&d=mm&r=pg\",\"caption\":\"Kul\"},\"logo\":{\"@id\":\"https:\/\/sandzakpress.net\/arhiva\/#\/schema\/person\/image\/\"}},{\"@type\":\"Person\",\"@id\":\"https:\/\/sandzakpress.net\/arhiva\/#\/schema\/person\/cb59d7e3ab91ab90dd680ad0305a6185\",\"name\":\"Agencija\",\"image\":{\"@type\":\"ImageObject\",\"inLanguage\":\"bs-BA\",\"@id\":\"https:\/\/sandzakpress.net\/arhiva\/#\/schema\/person\/image\/\",\"url\":\"https:\/\/secure.gravatar.com\/avatar\/4b7fafa80a22f0c2afe23966b3961fe0?s=96&d=mm&r=pg\",\"contentUrl\":\"https:\/\/secure.gravatar.com\/avatar\/4b7fafa80a22f0c2afe23966b3961fe0?s=96&d=mm&r=pg\",\"caption\":\"Agencija\"},\"url\":\"https:\/\/sandzakpress.net\/arhiva\/author\/agencija\/\"}]}<\/script>\n<!-- \/ Yoast SEO Premium plugin. -->","yoast_head_json":{"title":"Berancu zapaljen automobil, pored vozila na\u0161ao fla\u0161u sa benzinom","robots":{"index":"index","follow":"follow","max-snippet":"max-snippet:-1","max-image-preview":"max-image-preview:large","max-video-preview":"max-video-preview:-1"},"canonical":"https:\/\/sandzakpress.net\/arhiva\/berancu-zapaljen-automobil-pored-vozila-nasao-flasu-sa-benzinom\/","og_locale":"bs_BA","og_type":"article","og_title":"Berancu zapaljen automobil, pored vozila na\u0161ao fla\u0161u sa benzinom","og_description":"Prema njegovim rije\u010dima, na istom mjestu mu je prije godinu i po zapaljeno jo\u0161 jedno vozilo Jutros oko \u010detiri sata u Ulici 29. novembra u Beranama zapaljen je automobil &#8220;folksvagen pasat&#8221;, registarskih oznaka BA AU824, Enisa Ramusovi\u0107a. Dok iz policije tvde da je automobil neznatno o\u0161te\u0107en sa zadnje strane, Ramusovi\u0107 ka\u017ee da je \u0161teta prili\u010dno [&hellip;]","og_url":"https:\/\/sandzakpress.net\/arhiva\/berancu-zapaljen-automobil-pored-vozila-nasao-flasu-sa-benzinom\/","og_site_name":"Sand\u017eak PRESS","article_published_time":"2019-04-30T12:48:25+00:00","og_image":[{"width":800,"height":385,"url":"https:\/\/sandzakpress.net\/arhiva\/wp-content\/uploads\/2019\/04\/20190427120452_0cd3492d-6e9c-410f-9cd7-384a86f373ad.jpeg.jpg","type":"image\/jpeg"}],"author":"Agencija","twitter_card":"summary_large_image","twitter_misc":{"Written by":"Agencija","Est. reading time":"1 minuta"},"schema":{"@context":"https:\/\/schema.org","@graph":[{"@type":"Article","@id":"https:\/\/sandzakpress.net\/arhiva\/berancu-zapaljen-automobil-pored-vozila-nasao-flasu-sa-benzinom\/#article","isPartOf":{"@id":"https:\/\/sandzakpress.net\/arhiva\/berancu-zapaljen-automobil-pored-vozila-nasao-flasu-sa-benzinom\/"},"author":{"name":"Agencija","@id":"https:\/\/sandzakpress.net\/arhiva\/#\/schema\/person\/cb59d7e3ab91ab90dd680ad0305a6185"},"headline":"Berancu zapaljen automobil, pored vozila na\u0161ao fla\u0161u sa benzinom","datePublished":"2019-04-30T12:48:25+00:00","mainEntityOfPage":{"@id":"https:\/\/sandzakpress.net\/arhiva\/berancu-zapaljen-automobil-pored-vozila-nasao-flasu-sa-benzinom\/"},"wordCount":213,"commentCount":0,"publisher":{"@id":"https:\/\/sandzakpress.net\/arhiva\/#\/schema\/person\/6e72b67d6e51910a1117b3b483ba20bd"},"image":{"@id":"https:\/\/sandzakpress.net\/arhiva\/berancu-zapaljen-automobil-pored-vozila-nasao-flasu-sa-benzinom\/#primaryimage"},"thumbnailUrl":"https:\/\/sandzakpress.net\/arhiva\/wp-content\/uploads\/2019\/04\/20190427120452_0cd3492d-6e9c-410f-9cd7-384a86f373ad.jpeg.jpg","articleSection":["Berane","Hronika"],"inLanguage":"bs-BA","potentialAction":[{"@type":"CommentAction","name":"Comment","target":["https:\/\/sandzakpress.net\/arhiva\/berancu-zapaljen-automobil-pored-vozila-nasao-flasu-sa-benzinom\/#respond"]}]},{"@type":"WebPage","@id":"https:\/\/sandzakpress.net\/arhiva\/berancu-zapaljen-automobil-pored-vozila-nasao-flasu-sa-benzinom\/","url":"https:\/\/sandzakpress.net\/arhiva\/berancu-zapaljen-automobil-pored-vozila-nasao-flasu-sa-benzinom\/","name":"Berancu zapaljen automobil, pored vozila na\u0161ao fla\u0161u sa benzinom","isPartOf":{"@id":"https:\/\/sandzakpress.net\/arhiva\/#website"},"primaryImageOfPage":{"@id":"https:\/\/sandzakpress.net\/arhiva\/berancu-zapaljen-automobil-pored-vozila-nasao-flasu-sa-benzinom\/#primaryimage"},"image":{"@id":"https:\/\/sandzakpress.net\/arhiva\/berancu-zapaljen-automobil-pored-vozila-nasao-flasu-sa-benzinom\/#primaryimage"},"thumbnailUrl":"https:\/\/sandzakpress.net\/arhiva\/wp-content\/uploads\/2019\/04\/20190427120452_0cd3492d-6e9c-410f-9cd7-384a86f373ad.jpeg.jpg","datePublished":"2019-04-30T12:48:25+00:00","breadcrumb":{"@id":"https:\/\/sandzakpress.net\/arhiva\/berancu-zapaljen-automobil-pored-vozila-nasao-flasu-sa-benzinom\/#breadcrumb"},"inLanguage":"bs-BA","potentialAction":[{"@type":"ReadAction","target":["https:\/\/sandzakpress.net\/arhiva\/berancu-zapaljen-automobil-pored-vozila-nasao-flasu-sa-benzinom\/"]}]},{"@type":"ImageObject","inLanguage":"bs-BA","@id":"https:\/\/sandzakpress.net\/arhiva\/berancu-zapaljen-automobil-pored-vozila-nasao-flasu-sa-benzinom\/#primaryimage","url":"https:\/\/sandzakpress.net\/arhiva\/wp-content\/uploads\/2019\/04\/20190427120452_0cd3492d-6e9c-410f-9cd7-384a86f373ad.jpeg.jpg","contentUrl":"https:\/\/sandzakpress.net\/arhiva\/wp-content\/uploads\/2019\/04\/20190427120452_0cd3492d-6e9c-410f-9cd7-384a86f373ad.jpeg.jpg","width":800,"height":385},{"@type":"BreadcrumbList","@id":"https:\/\/sandzakpress.net\/arhiva\/berancu-zapaljen-automobil-pored-vozila-nasao-flasu-sa-benzinom\/#breadcrumb","itemListElement":[{"@type":"ListItem","position":1,"name":"Home","item":"https:\/\/sandzakpress.net\/arhiva\/"},{"@type":"ListItem","position":2,"name":"Berancu zapaljen automobil, pored vozila na\u0161ao fla\u0161u sa benzinom"}]},{"@type":"WebSite","@id":"https:\/\/sandzakpress.net\/arhiva\/#website","url":"https:\/\/sandzakpress.net\/arhiva\/","name":"Sand\u017eak PRESS","description":"Prve elektronske novine u Sand\u017eaku","publisher":{"@id":"https:\/\/sandzakpress.net\/arhiva\/#\/schema\/person\/6e72b67d6e51910a1117b3b483ba20bd"},"potentialAction":[{"@type":"SearchAction","target":{"@type":"EntryPoint","urlTemplate":"https:\/\/sandzakpress.net\/arhiva\/?s={search_term_string}"},"query-input":{"@type":"PropertyValueSpecification","valueRequired":true,"valueName":"search_term_string"}}],"inLanguage":"bs-BA"},{"@type":["Person","Organization"],"@id":"https:\/\/sandzakpress.net\/arhiva\/#\/schema\/person\/6e72b67d6e51910a1117b3b483ba20bd","name":"Kul","image":{"@type":"ImageObject","inLanguage":"bs-BA","@id":"https:\/\/sandzakpress.net\/arhiva\/#\/schema\/person\/image\/","url":"https:\/\/secure.gravatar.com\/avatar\/42263f39aa27ac04c43cab85c280eb2e?s=96&d=mm&r=pg","contentUrl":"https:\/\/secure.gravatar.com\/avatar\/42263f39aa27ac04c43cab85c280eb2e?s=96&d=mm&r=pg","caption":"Kul"},"logo":{"@id":"https:\/\/sandzakpress.net\/arhiva\/#\/schema\/person\/image\/"}},{"@type":"Person","@id":"https:\/\/sandzakpress.net\/arhiva\/#\/schema\/person\/cb59d7e3ab91ab90dd680ad0305a6185","name":"Agencija","image":{"@type":"ImageObject","inLanguage":"bs-BA","@id":"https:\/\/sandzakpress.net\/arhiva\/#\/schema\/person\/image\/","url":"https:\/\/secure.gravatar.com\/avatar\/4b7fafa80a22f0c2afe23966b3961fe0?s=96&d=mm&r=pg","contentUrl":"https:\/\/secure.gravatar.com\/avatar\/4b7fafa80a22f0c2afe23966b3961fe0?s=96&d=mm&r=pg","caption":"Agencija"},"url":"https:\/\/sandzakpress.net\/arhiva\/author\/agencija\/"}]}},"_links":{"self":[{"href":"https:\/\/sandzakpress.net\/arhiva\/wp-json\/wp\/v2\/posts\/222450"}],"collection":[{"href":"https:\/\/sandzakpress.net\/arhiva\/wp-json\/wp\/v2\/posts"}],"about":[{"href":"https:\/\/sandzakpress.net\/arhiva\/wp-json\/wp\/v2\/types\/post"}],"author":[{"embeddable":true,"href":"https:\/\/sandzakpress.net\/arhiva\/wp-json\/wp\/v2\/users\/509"}],"replies":[{"embeddable":true,"href":"https:\/\/sandzakpress.net\/arhiva\/wp-json\/wp\/v2\/comments?post=222450"}],"version-history":[{"count":0,"href":"https:\/\/sandzakpress.net\/arhiva\/wp-json\/wp\/v2\/posts\/222450\/revisions"}],"wp:featuredmedia":[{"embeddable":true,"href":"https:\/\/sandzakpress.net\/arhiva\/wp-json\/wp\/v2\/media\/222468"}],"wp:attachment":[{"href":"https:\/\/sandzakpress.net\/arhiva\/wp-json\/wp\/v2\/media?parent=222450"}],"wp:term":[{"taxonomy":"category","embeddable":true,"href":"https:\/\/sandzakpress.net\/arhiva\/wp-json\/wp\/v2\/categories?post=222450"},{"taxonomy":"post_tag","embeddable":true,"href":"https:\/\/sandzakpress.net\/arhiva\/wp-json\/wp\/v2\/tags?post=222450"}],"curies":[{"name":"wp","href":"https:\/\/api.w.org\/{rel}","templated":true}]}}