{"id":222417,"date":"2019-04-29T23:34:10","date_gmt":"2019-04-29T21:34:10","guid":{"rendered":"https:\/\/sandzakpress.net\/arhiva\/i-u-najtezim-iskusenjima-znajte-da-niste-sami"},"modified":"2019-04-29T23:34:10","modified_gmt":"2019-04-29T21:34:10","slug":"i-u-najtezim-iskusenjima-znajte-da-niste-sami","status":"publish","type":"post","link":"https:\/\/sandzakpress.net\/arhiva\/i-u-najtezim-iskusenjima-znajte-da-niste-sami\/","title":{"rendered":"I u najte\u017eim isku\u0161enjima znajte da niste sami"},"content":{"rendered":"<p><span class=\"cb-itemprop\"><\/p>\n<p><strong><img decoding=\"async\" class=\"alignnone\" src=\"https:\/\/media3.s-nbcnews.com\/j\/newscms\/2018_28\/2496036\/170712-milky-way-mn-1745_fd0f45dba25fe11af3d3f77b39ab2752.fit-760w.jpg\" alt=\"Image result for alone\" \/><\/strong><\/p>\n<p><strong>Ljudi vam govore da je va\u0161 iman slab ako nastavite plakati. Da ste vi\u0161e dovili, da ste vi\u0161e u\u010dili Kur\u2019an, da ste bolji vjernik ne biste bili tu\u017eni i ne biste imali te probleme. Da morate to preboljeti.<\/strong><\/p>\n<p>Ovdje je ne\u0161to \u0161to mo\u017eete podijeliti s njima:<\/p>\n<p>Poslanik Jakub, a.s., je plakao toliko zbog gubitka sina Jusufa. Nije bio tu\u017ean danima, niti mjesec dana, niti godinu dana. Bio je izbezumljen decenijama.\u00a0Toliko su mu suze tekleda je izgubio vid. A uprkos njegovim suzama, uprkos njegovoj ljudskoj tuzi, bio je me\u0111u najboljim vjernicima koje je Bog stvorio na zemlji. Njegove suze nisu zna\u010dile da je njegova vjera u Boga bila slaba ili da je njegovo pouzdanje u Njega bilo poljuljano.<\/p>\n<p>A Poslaniku Muhammedu, s.a.v.s., je Kur\u2019an direktno objavljen. Klanjao je najdu\u017ee, s najintenzivnijom koncentracijom i imao je najja\u010di mogu\u0107i odnos s Bogom. A ipak i nakon deset godina od njezinog preseljenja, Hatid\u017ea mu je nedostajala.<\/p>\n<p>On je nije \u2018prebolio\u2019. Nastavio je sa \u017eivotom, ali mu je jako nedostajala. I uredu je da boli.<\/p>\n<p>Plakao je na maj\u010dinom mezaru decenijama nakon njezinog preseljenja. Plakao je dok je dr\u017eao svog sina na samrti i to nije smanjilo njegovo pouzdanje u Bo\u017eiju mudrost.<\/p>\n<p>To \u0161to je imao jak odnos s Bogom nije zna\u010dilo da u njegovom \u017eivotu nema problema i boli. Ako je tako duhovno najpovezanija osoba, koja je znala najbolje Kur\u2019an i najvi\u0161e ibadetila mogla patiti od tako intenzivnog emocionalnog gubitka i boli, \u0161ta je onda s nama?!<\/p>\n<p>Namaz i Kur\u2019an su pojasevi za spasavanje koji slu\u017ee tome da nas odr\u017ee na povr\u0161ini kada se utapamo. To ne zna\u010di da ne\u0107emo biti ba\u010deni u okean. To ne zna\u010di da nekada se ne\u0107emo osje\u0107ati kao da ne mo\u017eemo disati i da kao da nas ne\u0161to vu\u010de ispod. Ali, \u010dak i kada se suo\u010davamo sa najve\u0107im talasom, \u010dak i kada gutamo vodu i borimo se za zrak, znamo da imamo Nekoga ko \u0107e nas vratiti i zadr\u017eati na povr\u0161ini i pomo\u0107i nam da se vratimo ponovo na sigurnost kopna.<\/p>\n<p>Idite na terapiju, \u0161to je jako va\u017eno. Tra\u017eite dru\u0161tvenu podr\u0161ku. Investirajte u brigu o sebi. I ne dozvolite nikome da oduzme va\u0161 sigurni prostor, va\u0161 initmni odnos s Bogom.<\/p>\n<p>On je Onaj prema kome mo\u017eemo biti ranjivi. Gdje mo\u017eemo da se razbijemo na komadi\u0107e. Gdje mo\u017eemo pokazati svu na\u0161u nesigurnost i znati da smo jo\u0161 uvijek dostojni.<\/p>\n<p>A kada ljudi ka\u017eu \u201cZar nije bilo dovoljno?\u201d Dajte im na znanje- Poslanicima je nekad trajalo du\u017ee. Pa, ipak poslanici, a.s., su nam pokazali da uz Allaha sve mo\u017eemo.<\/p>\n<p>&nbsp;<\/p>\n<p>&nbsp;<\/p>\n<p><strong>Napisala:\u00a0<em>Merjem Amirebrahimi<\/em><\/strong><\/p>\n<p><strong>Prijevod i izvor:\u00a0<em>IslamBosna.ba<\/em><\/strong><\/p>\n<p><\/span><br \/>\nPogledajte vijest na izvornom sajtu:<\/p>\n<p><a href=\"https:\/\/islampress.net\/44812\/i-u-najtezim-iskusenjima-znajte-da-niste-sami\/\" target=\"_blank\">I u najte\u017eim isku\u0161enjima znajte da niste sami<\/a><\/p>\n","protected":false},"excerpt":{"rendered":"<p>Ljudi vam govore da je va\u0161 iman slab ako nastavite plakati. Da ste vi\u0161e dovili, da ste vi\u0161e u\u010dili Kur\u2019an, da ste bolji vjernik ne biste bili tu\u017eni i ne biste imali te probleme. Da morate to preboljeti. Ovdje je ne\u0161to \u0161to mo\u017eete podijeliti s njima: Poslanik Jakub, a.s., je plakao toliko zbog gubitka sina [&hellip;]<\/p>\n","protected":false},"author":83,"featured_media":222418,"comment_status":"open","ping_status":"open","sticky":false,"template":"","format":"standard","meta":{"footnotes":""},"categories":[10514],"tags":[10516],"class_list":{"0":"post-222417","1":"post","2":"type-post","3":"status-publish","4":"format-standard","5":"has-post-thumbnail","7":"category-islam-press","8":"tag-islam"},"yoast_head":"<!-- This site is optimized with the Yoast SEO Premium plugin v23.1 (Yoast SEO v24.9) - https:\/\/yoast.com\/wordpress\/plugins\/seo\/ -->\n<title>I u najte\u017eim isku\u0161enjima znajte da niste sami<\/title>\n<meta name=\"robots\" content=\"index, follow, max-snippet:-1, max-image-preview:large, max-video-preview:-1\" \/>\n<link rel=\"canonical\" href=\"https:\/\/sandzakpress.net\/arhiva\/i-u-najtezim-iskusenjima-znajte-da-niste-sami\/\" \/>\n<meta property=\"og:locale\" content=\"bs_BA\" \/>\n<meta property=\"og:type\" content=\"article\" \/>\n<meta property=\"og:title\" content=\"I u najte\u017eim isku\u0161enjima znajte da niste sami\" \/>\n<meta property=\"og:description\" content=\"Ljudi vam govore da je va\u0161 iman slab ako nastavite plakati. Da ste vi\u0161e dovili, da ste vi\u0161e u\u010dili Kur\u2019an, da ste bolji vjernik ne biste bili tu\u017eni i ne biste imali te probleme. Da morate to preboljeti. Ovdje je ne\u0161to \u0161to mo\u017eete podijeliti s njima: Poslanik Jakub, a.s., je plakao toliko zbog gubitka sina [&hellip;]\" \/>\n<meta property=\"og:url\" content=\"https:\/\/sandzakpress.net\/arhiva\/i-u-najtezim-iskusenjima-znajte-da-niste-sami\/\" \/>\n<meta property=\"og:site_name\" content=\"Sand\u017eak PRESS\" \/>\n<meta property=\"article:published_time\" content=\"2019-04-29T21:34:10+00:00\" \/>\n<meta property=\"og:image\" content=\"https:\/\/sandzakpress.net\/arhiva\/wp-content\/uploads\/2019\/04\/170712-milky-way-mn-1745_fd0f45dba25fe11af3d3f77b39ab2752.fit-760w.jpg\" \/>\n\t<meta property=\"og:image:width\" content=\"760\" \/>\n\t<meta property=\"og:image:height\" content=\"508\" \/>\n\t<meta property=\"og:image:type\" content=\"image\/jpeg\" \/>\n<meta name=\"author\" content=\"bosniak\" \/>\n<meta name=\"twitter:card\" content=\"summary_large_image\" \/>\n<meta name=\"twitter:label1\" content=\"Written by\" \/>\n\t<meta name=\"twitter:data1\" content=\"bosniak\" \/>\n\t<meta name=\"twitter:label2\" content=\"Est. reading time\" \/>\n\t<meta name=\"twitter:data2\" content=\"3 minute\" \/>\n<script type=\"application\/ld+json\" class=\"yoast-schema-graph\">{\"@context\":\"https:\/\/schema.org\",\"@graph\":[{\"@type\":\"Article\",\"@id\":\"https:\/\/sandzakpress.net\/arhiva\/i-u-najtezim-iskusenjima-znajte-da-niste-sami\/#article\",\"isPartOf\":{\"@id\":\"https:\/\/sandzakpress.net\/arhiva\/i-u-najtezim-iskusenjima-znajte-da-niste-sami\/\"},\"author\":{\"name\":\"bosniak\",\"@id\":\"https:\/\/sandzakpress.net\/arhiva\/#\/schema\/person\/c8baee722073534b583ea7bdb2e36c02\"},\"headline\":\"I u najte\u017eim isku\u0161enjima znajte da niste sami\",\"datePublished\":\"2019-04-29T21:34:10+00:00\",\"mainEntityOfPage\":{\"@id\":\"https:\/\/sandzakpress.net\/arhiva\/i-u-najtezim-iskusenjima-znajte-da-niste-sami\/\"},\"wordCount\":510,\"commentCount\":0,\"publisher\":{\"@id\":\"https:\/\/sandzakpress.net\/arhiva\/#\/schema\/person\/6e72b67d6e51910a1117b3b483ba20bd\"},\"image\":{\"@id\":\"https:\/\/sandzakpress.net\/arhiva\/i-u-najtezim-iskusenjima-znajte-da-niste-sami\/#primaryimage\"},\"thumbnailUrl\":\"https:\/\/sandzakpress.net\/arhiva\/wp-content\/uploads\/2019\/04\/170712-milky-way-mn-1745_fd0f45dba25fe11af3d3f77b39ab2752.fit-760w.jpg\",\"keywords\":[\"Islam\"],\"articleSection\":[\"Islam PRESS\"],\"inLanguage\":\"bs-BA\",\"potentialAction\":[{\"@type\":\"CommentAction\",\"name\":\"Comment\",\"target\":[\"https:\/\/sandzakpress.net\/arhiva\/i-u-najtezim-iskusenjima-znajte-da-niste-sami\/#respond\"]}]},{\"@type\":\"WebPage\",\"@id\":\"https:\/\/sandzakpress.net\/arhiva\/i-u-najtezim-iskusenjima-znajte-da-niste-sami\/\",\"url\":\"https:\/\/sandzakpress.net\/arhiva\/i-u-najtezim-iskusenjima-znajte-da-niste-sami\/\",\"name\":\"I u najte\u017eim isku\u0161enjima znajte da niste sami\",\"isPartOf\":{\"@id\":\"https:\/\/sandzakpress.net\/arhiva\/#website\"},\"primaryImageOfPage\":{\"@id\":\"https:\/\/sandzakpress.net\/arhiva\/i-u-najtezim-iskusenjima-znajte-da-niste-sami\/#primaryimage\"},\"image\":{\"@id\":\"https:\/\/sandzakpress.net\/arhiva\/i-u-najtezim-iskusenjima-znajte-da-niste-sami\/#primaryimage\"},\"thumbnailUrl\":\"https:\/\/sandzakpress.net\/arhiva\/wp-content\/uploads\/2019\/04\/170712-milky-way-mn-1745_fd0f45dba25fe11af3d3f77b39ab2752.fit-760w.jpg\",\"datePublished\":\"2019-04-29T21:34:10+00:00\",\"breadcrumb\":{\"@id\":\"https:\/\/sandzakpress.net\/arhiva\/i-u-najtezim-iskusenjima-znajte-da-niste-sami\/#breadcrumb\"},\"inLanguage\":\"bs-BA\",\"potentialAction\":[{\"@type\":\"ReadAction\",\"target\":[\"https:\/\/sandzakpress.net\/arhiva\/i-u-najtezim-iskusenjima-znajte-da-niste-sami\/\"]}]},{\"@type\":\"ImageObject\",\"inLanguage\":\"bs-BA\",\"@id\":\"https:\/\/sandzakpress.net\/arhiva\/i-u-najtezim-iskusenjima-znajte-da-niste-sami\/#primaryimage\",\"url\":\"https:\/\/sandzakpress.net\/arhiva\/wp-content\/uploads\/2019\/04\/170712-milky-way-mn-1745_fd0f45dba25fe11af3d3f77b39ab2752.fit-760w.jpg\",\"contentUrl\":\"https:\/\/sandzakpress.net\/arhiva\/wp-content\/uploads\/2019\/04\/170712-milky-way-mn-1745_fd0f45dba25fe11af3d3f77b39ab2752.fit-760w.jpg\",\"width\":760,\"height\":508},{\"@type\":\"BreadcrumbList\",\"@id\":\"https:\/\/sandzakpress.net\/arhiva\/i-u-najtezim-iskusenjima-znajte-da-niste-sami\/#breadcrumb\",\"itemListElement\":[{\"@type\":\"ListItem\",\"position\":1,\"name\":\"Home\",\"item\":\"https:\/\/sandzakpress.net\/arhiva\/\"},{\"@type\":\"ListItem\",\"position\":2,\"name\":\"I u najte\u017eim isku\u0161enjima znajte da niste sami\"}]},{\"@type\":\"WebSite\",\"@id\":\"https:\/\/sandzakpress.net\/arhiva\/#website\",\"url\":\"https:\/\/sandzakpress.net\/arhiva\/\",\"name\":\"Sand\u017eak PRESS\",\"description\":\"Prve elektronske novine u Sand\u017eaku\",\"publisher\":{\"@id\":\"https:\/\/sandzakpress.net\/arhiva\/#\/schema\/person\/6e72b67d6e51910a1117b3b483ba20bd\"},\"potentialAction\":[{\"@type\":\"SearchAction\",\"target\":{\"@type\":\"EntryPoint\",\"urlTemplate\":\"https:\/\/sandzakpress.net\/arhiva\/?s={search_term_string}\"},\"query-input\":{\"@type\":\"PropertyValueSpecification\",\"valueRequired\":true,\"valueName\":\"search_term_string\"}}],\"inLanguage\":\"bs-BA\"},{\"@type\":[\"Person\",\"Organization\"],\"@id\":\"https:\/\/sandzakpress.net\/arhiva\/#\/schema\/person\/6e72b67d6e51910a1117b3b483ba20bd\",\"name\":\"Kul\",\"image\":{\"@type\":\"ImageObject\",\"inLanguage\":\"bs-BA\",\"@id\":\"https:\/\/sandzakpress.net\/arhiva\/#\/schema\/person\/image\/\",\"url\":\"https:\/\/secure.gravatar.com\/avatar\/42263f39aa27ac04c43cab85c280eb2e?s=96&d=mm&r=pg\",\"contentUrl\":\"https:\/\/secure.gravatar.com\/avatar\/42263f39aa27ac04c43cab85c280eb2e?s=96&d=mm&r=pg\",\"caption\":\"Kul\"},\"logo\":{\"@id\":\"https:\/\/sandzakpress.net\/arhiva\/#\/schema\/person\/image\/\"}},{\"@type\":\"Person\",\"@id\":\"https:\/\/sandzakpress.net\/arhiva\/#\/schema\/person\/c8baee722073534b583ea7bdb2e36c02\",\"name\":\"bosniak\",\"image\":{\"@type\":\"ImageObject\",\"inLanguage\":\"bs-BA\",\"@id\":\"https:\/\/sandzakpress.net\/arhiva\/#\/schema\/person\/image\/\",\"url\":\"https:\/\/secure.gravatar.com\/avatar\/a04fd330bfe3a36a72a0ad4a6d89fca7?s=96&d=mm&r=pg\",\"contentUrl\":\"https:\/\/secure.gravatar.com\/avatar\/a04fd330bfe3a36a72a0ad4a6d89fca7?s=96&d=mm&r=pg\",\"caption\":\"bosniak\"},\"url\":\"https:\/\/sandzakpress.net\/arhiva\/author\/bosniak\/\"}]}<\/script>\n<!-- \/ Yoast SEO Premium plugin. -->","yoast_head_json":{"title":"I u najte\u017eim isku\u0161enjima znajte da niste sami","robots":{"index":"index","follow":"follow","max-snippet":"max-snippet:-1","max-image-preview":"max-image-preview:large","max-video-preview":"max-video-preview:-1"},"canonical":"https:\/\/sandzakpress.net\/arhiva\/i-u-najtezim-iskusenjima-znajte-da-niste-sami\/","og_locale":"bs_BA","og_type":"article","og_title":"I u najte\u017eim isku\u0161enjima znajte da niste sami","og_description":"Ljudi vam govore da je va\u0161 iman slab ako nastavite plakati. Da ste vi\u0161e dovili, da ste vi\u0161e u\u010dili Kur\u2019an, da ste bolji vjernik ne biste bili tu\u017eni i ne biste imali te probleme. Da morate to preboljeti. Ovdje je ne\u0161to \u0161to mo\u017eete podijeliti s njima: Poslanik Jakub, a.s., je plakao toliko zbog gubitka sina [&hellip;]","og_url":"https:\/\/sandzakpress.net\/arhiva\/i-u-najtezim-iskusenjima-znajte-da-niste-sami\/","og_site_name":"Sand\u017eak PRESS","article_published_time":"2019-04-29T21:34:10+00:00","og_image":[{"width":760,"height":508,"url":"https:\/\/sandzakpress.net\/arhiva\/wp-content\/uploads\/2019\/04\/170712-milky-way-mn-1745_fd0f45dba25fe11af3d3f77b39ab2752.fit-760w.jpg","type":"image\/jpeg"}],"author":"bosniak","twitter_card":"summary_large_image","twitter_misc":{"Written by":"bosniak","Est. reading time":"3 minute"},"schema":{"@context":"https:\/\/schema.org","@graph":[{"@type":"Article","@id":"https:\/\/sandzakpress.net\/arhiva\/i-u-najtezim-iskusenjima-znajte-da-niste-sami\/#article","isPartOf":{"@id":"https:\/\/sandzakpress.net\/arhiva\/i-u-najtezim-iskusenjima-znajte-da-niste-sami\/"},"author":{"name":"bosniak","@id":"https:\/\/sandzakpress.net\/arhiva\/#\/schema\/person\/c8baee722073534b583ea7bdb2e36c02"},"headline":"I u najte\u017eim isku\u0161enjima znajte da niste sami","datePublished":"2019-04-29T21:34:10+00:00","mainEntityOfPage":{"@id":"https:\/\/sandzakpress.net\/arhiva\/i-u-najtezim-iskusenjima-znajte-da-niste-sami\/"},"wordCount":510,"commentCount":0,"publisher":{"@id":"https:\/\/sandzakpress.net\/arhiva\/#\/schema\/person\/6e72b67d6e51910a1117b3b483ba20bd"},"image":{"@id":"https:\/\/sandzakpress.net\/arhiva\/i-u-najtezim-iskusenjima-znajte-da-niste-sami\/#primaryimage"},"thumbnailUrl":"https:\/\/sandzakpress.net\/arhiva\/wp-content\/uploads\/2019\/04\/170712-milky-way-mn-1745_fd0f45dba25fe11af3d3f77b39ab2752.fit-760w.jpg","keywords":["Islam"],"articleSection":["Islam PRESS"],"inLanguage":"bs-BA","potentialAction":[{"@type":"CommentAction","name":"Comment","target":["https:\/\/sandzakpress.net\/arhiva\/i-u-najtezim-iskusenjima-znajte-da-niste-sami\/#respond"]}]},{"@type":"WebPage","@id":"https:\/\/sandzakpress.net\/arhiva\/i-u-najtezim-iskusenjima-znajte-da-niste-sami\/","url":"https:\/\/sandzakpress.net\/arhiva\/i-u-najtezim-iskusenjima-znajte-da-niste-sami\/","name":"I u najte\u017eim isku\u0161enjima znajte da niste sami","isPartOf":{"@id":"https:\/\/sandzakpress.net\/arhiva\/#website"},"primaryImageOfPage":{"@id":"https:\/\/sandzakpress.net\/arhiva\/i-u-najtezim-iskusenjima-znajte-da-niste-sami\/#primaryimage"},"image":{"@id":"https:\/\/sandzakpress.net\/arhiva\/i-u-najtezim-iskusenjima-znajte-da-niste-sami\/#primaryimage"},"thumbnailUrl":"https:\/\/sandzakpress.net\/arhiva\/wp-content\/uploads\/2019\/04\/170712-milky-way-mn-1745_fd0f45dba25fe11af3d3f77b39ab2752.fit-760w.jpg","datePublished":"2019-04-29T21:34:10+00:00","breadcrumb":{"@id":"https:\/\/sandzakpress.net\/arhiva\/i-u-najtezim-iskusenjima-znajte-da-niste-sami\/#breadcrumb"},"inLanguage":"bs-BA","potentialAction":[{"@type":"ReadAction","target":["https:\/\/sandzakpress.net\/arhiva\/i-u-najtezim-iskusenjima-znajte-da-niste-sami\/"]}]},{"@type":"ImageObject","inLanguage":"bs-BA","@id":"https:\/\/sandzakpress.net\/arhiva\/i-u-najtezim-iskusenjima-znajte-da-niste-sami\/#primaryimage","url":"https:\/\/sandzakpress.net\/arhiva\/wp-content\/uploads\/2019\/04\/170712-milky-way-mn-1745_fd0f45dba25fe11af3d3f77b39ab2752.fit-760w.jpg","contentUrl":"https:\/\/sandzakpress.net\/arhiva\/wp-content\/uploads\/2019\/04\/170712-milky-way-mn-1745_fd0f45dba25fe11af3d3f77b39ab2752.fit-760w.jpg","width":760,"height":508},{"@type":"BreadcrumbList","@id":"https:\/\/sandzakpress.net\/arhiva\/i-u-najtezim-iskusenjima-znajte-da-niste-sami\/#breadcrumb","itemListElement":[{"@type":"ListItem","position":1,"name":"Home","item":"https:\/\/sandzakpress.net\/arhiva\/"},{"@type":"ListItem","position":2,"name":"I u najte\u017eim isku\u0161enjima znajte da niste sami"}]},{"@type":"WebSite","@id":"https:\/\/sandzakpress.net\/arhiva\/#website","url":"https:\/\/sandzakpress.net\/arhiva\/","name":"Sand\u017eak PRESS","description":"Prve elektronske novine u Sand\u017eaku","publisher":{"@id":"https:\/\/sandzakpress.net\/arhiva\/#\/schema\/person\/6e72b67d6e51910a1117b3b483ba20bd"},"potentialAction":[{"@type":"SearchAction","target":{"@type":"EntryPoint","urlTemplate":"https:\/\/sandzakpress.net\/arhiva\/?s={search_term_string}"},"query-input":{"@type":"PropertyValueSpecification","valueRequired":true,"valueName":"search_term_string"}}],"inLanguage":"bs-BA"},{"@type":["Person","Organization"],"@id":"https:\/\/sandzakpress.net\/arhiva\/#\/schema\/person\/6e72b67d6e51910a1117b3b483ba20bd","name":"Kul","image":{"@type":"ImageObject","inLanguage":"bs-BA","@id":"https:\/\/sandzakpress.net\/arhiva\/#\/schema\/person\/image\/","url":"https:\/\/secure.gravatar.com\/avatar\/42263f39aa27ac04c43cab85c280eb2e?s=96&d=mm&r=pg","contentUrl":"https:\/\/secure.gravatar.com\/avatar\/42263f39aa27ac04c43cab85c280eb2e?s=96&d=mm&r=pg","caption":"Kul"},"logo":{"@id":"https:\/\/sandzakpress.net\/arhiva\/#\/schema\/person\/image\/"}},{"@type":"Person","@id":"https:\/\/sandzakpress.net\/arhiva\/#\/schema\/person\/c8baee722073534b583ea7bdb2e36c02","name":"bosniak","image":{"@type":"ImageObject","inLanguage":"bs-BA","@id":"https:\/\/sandzakpress.net\/arhiva\/#\/schema\/person\/image\/","url":"https:\/\/secure.gravatar.com\/avatar\/a04fd330bfe3a36a72a0ad4a6d89fca7?s=96&d=mm&r=pg","contentUrl":"https:\/\/secure.gravatar.com\/avatar\/a04fd330bfe3a36a72a0ad4a6d89fca7?s=96&d=mm&r=pg","caption":"bosniak"},"url":"https:\/\/sandzakpress.net\/arhiva\/author\/bosniak\/"}]}},"_links":{"self":[{"href":"https:\/\/sandzakpress.net\/arhiva\/wp-json\/wp\/v2\/posts\/222417"}],"collection":[{"href":"https:\/\/sandzakpress.net\/arhiva\/wp-json\/wp\/v2\/posts"}],"about":[{"href":"https:\/\/sandzakpress.net\/arhiva\/wp-json\/wp\/v2\/types\/post"}],"author":[{"embeddable":true,"href":"https:\/\/sandzakpress.net\/arhiva\/wp-json\/wp\/v2\/users\/83"}],"replies":[{"embeddable":true,"href":"https:\/\/sandzakpress.net\/arhiva\/wp-json\/wp\/v2\/comments?post=222417"}],"version-history":[{"count":0,"href":"https:\/\/sandzakpress.net\/arhiva\/wp-json\/wp\/v2\/posts\/222417\/revisions"}],"wp:featuredmedia":[{"embeddable":true,"href":"https:\/\/sandzakpress.net\/arhiva\/wp-json\/wp\/v2\/media\/222418"}],"wp:attachment":[{"href":"https:\/\/sandzakpress.net\/arhiva\/wp-json\/wp\/v2\/media?parent=222417"}],"wp:term":[{"taxonomy":"category","embeddable":true,"href":"https:\/\/sandzakpress.net\/arhiva\/wp-json\/wp\/v2\/categories?post=222417"},{"taxonomy":"post_tag","embeddable":true,"href":"https:\/\/sandzakpress.net\/arhiva\/wp-json\/wp\/v2\/tags?post=222417"}],"curies":[{"name":"wp","href":"https:\/\/api.w.org\/{rel}","templated":true}]}}