{"id":22235,"date":"2011-10-25T11:35:29","date_gmt":"2011-10-25T09:35:29","guid":{"rendered":"https:\/\/sandzakpress.net\/arhiva\/?p=22235"},"modified":"2011-10-25T11:35:29","modified_gmt":"2011-10-25T09:35:29","slug":"reis-rifat-fejzic-na-vii-ecpd-medunarodnoj-konferenciji-o-pomirenju-toleranciji-i-ljudskoj-bezbjednosti-na-balkanu","status":"publish","type":"post","link":"https:\/\/sandzakpress.net\/arhiva\/reis-rifat-fejzic-na-vii-ecpd-medunarodnoj-konferenciji-o-pomirenju-toleranciji-i-ljudskoj-bezbjednosti-na-balkanu\/","title":{"rendered":"Reis Rifat Fejzi\u0107 na VII ECPD me\u0111unarodnoj konferenciji o pomirenju, toleranciji i ljudskoj bezbjednosti na Balkanu"},"content":{"rendered":"<p><strong><a href=\"https:\/\/sandzakpress.net\/arhiva\/wp-content\/uploads\/2011\/10\/konfer-300x223.jpg\"><img loading=\"lazy\" decoding=\"async\" class=\"alignleft size-full wp-image-22236\" title=\"konfer-300x223\" src=\"https:\/\/sandzakpress.net\/arhiva\/wp-content\/uploads\/2011\/10\/konfer-300x223.jpg\" alt=\"\" width=\"300\" height=\"223\" \/><\/a>Milo\u010der \u2013 Evropski centar za mir i razvoj  Univerziteta za mir Ujedinjenih nacija (ECPD), me\u0111unarodna obrazovna i  istra\u017eiva\u010dka organizacija iz akademskog sistema Ujedinjenih nacija i  Vlada Crne Gore organizovali su 21. i 22. oktobra 2011. godine u  Milo\u010deru VII ECPD me\u0111unarodnu konferenciju o nacionalnom i me\u0111uetni\u010dkom  pomirenju, vjerskoj toleranciji i ljudskoj bezbjednosti na Balkanu.<\/strong><\/p>\n<p>Ovogodi\u0161nja me\u0111unarodna konferencija u fokusu je imala temu\u00a0 <em>\u201eNovi Balkan i pro\u0161irenje Evropske unije\u201c. <\/em>ECPD,  ovu me\u0111unarodnu konferenciju sa navedenom tematikom, tradicionalno  organizuje u sklopu svog cjelovitog strate\u0161kog i istra\u017eiva\u010dkog projekta  \u201eBalkan u 21. vijeku \u2013 putevi izgradnje, mira i stabilnosti na Balkanu  \u201c.<\/p>\n<div id=\"attachment_3756\"><a title=\"Reis Fejzi\u0107 na VII ECPD me\u0111unarodnoj konferenciji\" rel=\"lightbox[3754]\" href=\"http:\/\/www.monteislam.com\/wp-content\/uploads\/2011\/10\/konfere1.jpg\"><img loading=\"lazy\" decoding=\"async\" title=\"Reis Fejzi\u0107 na VII ECPD me\u0111unarodnoj konferenciji\" src=\"http:\/\/www.monteislam.com\/wp-content\/uploads\/2011\/10\/konfere1-300x189.jpg\" alt=\"Reis Fejzi\u0107 na VII ECPD me\u0111unarodnoj konferenciji\" width=\"300\" height=\"189\" \/><\/a>Reis Fejzi\u0107 na VII ECPD me\u0111unarodnoj konferenciji<\/p>\n<\/div>\n<p>U\u010de\u0161\u0107e u radu konferencije uzeli su ugledni nau\u010dnici i javne li\u010dnosti  iz Evrope, SAD, Japana, Indije i Australije, od kojih izdvajamo: Milo  \u0110ukanovi\u0107, Jasu\u0161i Aka\u0161i, Erhard Busek, D\u017eon Mareska, Takehiro Togo,  D\u017eejms Mankam, Leopold Maurer, \u2026 te mnogobrojne ugledne li\u010dnosti iz  svijeta, a Islamsku zajednicu u Crnoj Gori je predstavljao <strong>reis Rifat Fejzi\u0107<\/strong>.<\/p>\n<p>Na konferenciji je ocijenjeno da na Balkanu i dalje ima nekoliko  otvorenih pitanja kao \u0161to su funkcionalnost Bosne i Hercegovine, odnosi  Beograda i Pri\u0161tine, te zastoj u integracijama Makedonije te je poru\u010deno  je da sva sporna pitanja treba rje\u0161avati u duhu demokratskog dijaloga i  ja\u010danja me\u0111usobne saradnje.\u00a0Ocijenjeno da su evropska perspektiva  Balkana i politika partnerstva, dijaloga i pomirenja glavni uslovi  stabilnosti i razvoja tog regiona.\u00a0 Ukazano je na potrebu unapre\u0111enja  regionalne saradnje, kao i da Evropska unija ne sme da odustane od  politike daljeg pro\u0161irenja.<\/p>\n<div id=\"attachment_3759\"><a title=\"7 ECPD - Me\u0111unarodna konferencija na temu \u201eNovi Balkan i pro\u0161irenje Evropske unije\u201c\" rel=\"lightbox[3754]\" href=\"http:\/\/www.monteislam.com\/wp-content\/uploads\/2011\/10\/konferen2.jpg\"><img loading=\"lazy\" decoding=\"async\" title=\"7 ECPD - Me\u0111unarodna konferencija na temu \u201eNovi Balkan i pro\u0161irenje Evropske unije\u201c\" src=\"http:\/\/www.monteislam.com\/wp-content\/uploads\/2011\/10\/konferen2-300x218.jpg\" alt=\"7 ECPD - Me\u0111unarodna konferencija na temu \u201eNovi Balkan i pro\u0161irenje Evropske unije\u201c\" width=\"300\" height=\"218\" \/><\/a>7 ECPD &#8211; Me\u0111unarodna konferencija na temu \u201eNovi Balkan i pro\u0161irenje Evropske unije\u201c<\/p>\n<\/div>\n<p>Predsjednik DPS-a <strong>Milo \u0110ukanovi\u0107<\/strong> smatra da je u  pri\u010di o novom Balkanu i evropskoj perspektivi, neophodno i neodlo\u017eno  rje\u0161avanje takozvanih nedovr\u0161enih pitanja. Tako\u0111e je istakao da  \u201ejedinstvena i funkcionalna Bosna i Hercegovina nema alternativu\u201c, a da  je \u201enezavisno Kosovo realnost koja se mora uva\u017eiti\u201c gdje se  gr\u010dko-makedonski spor \u0161to prije mora regulisati, kako bi Makedonija  novim ciklusom integracije u\u010dvrstila stabilnost. Njemu je na ovoj  konferenciji uru\u010dena Povelja zahvalnosti ECPD zbog \u00a0doprinosa politici  mira i tolerancije u regionu.<\/p>\n<p>Predsjednik ECPD <strong>Takehiro Togo<\/strong> ukazao je da su  bezbjednost i stabilnost osnovni uslovi razvoja svakog regiona, pa i  Balkana, kao i da na Balkanu jo\u0161 postoje izazovi koji mogu ugroziti mir,  a evropske i evroatlantske integracije su najbolji okvir za  uspostavljanje stabilnosti.<\/p>\n<div id=\"attachment_3761\"><a title=\"VII ECPD me\u0111unarodna konferencija u Milo\u010deru\" rel=\"lightbox[3754]\" href=\"http:\/\/www.monteislam.com\/wp-content\/uploads\/2011\/10\/konfere4.jpg\"><img loading=\"lazy\" decoding=\"async\" title=\"VII ECPD me\u0111unarodna konferencija u Milo\u010deru\" src=\"http:\/\/www.monteislam.com\/wp-content\/uploads\/2011\/10\/konfere4-300x207.jpg\" alt=\"VII ECPD me\u0111unarodna konferencija u Milo\u010deru\" width=\"300\" height=\"207\" \/><\/a>VII ECPD me\u0111unarodna konferencija u Milo\u010deru<\/p>\n<\/div>\n<p>Koordinator Pakta za stabilnost Jugoisto\u010dne Evrope <strong>Erhard Busek<\/strong> kazao je da Balkan vi\u0161e nije glavna lo\u0161a vijest u svjetskim medijima.  Postoje pozitivni pomaci, ali su i dalje prisutna odre\u0111ena otvorena  pitanja vezana za situaciju u Bosni i Hercegovini, Kosovu i Makedoniji \u2013  kazao je Busek. On je dodao da je Balkan je i dalje atraktivan za  investicije zbog \u010dega se ne\u0107e ostvariti predvi\u0111anja o bankrotu dr\u017eava  Jugoisto\u010dne Evrope.<\/p>\n<p>U zavr\u0161nom delu ove me\u0111unarodne konferencije promovisana je knjiga-monografija <em>\u201eIzme\u0111u rata i mira\u201d<\/em> \u010diji je autor <strong>Jasu\u0161i Aka\u0161i<\/strong>,  raniji specijalni izaslanik Generalnog sekretara UN za biv\u0161u  Jugoslaviju. Konferenciji u Milo\u010deru nije prisustvovao biv\u0161i generalni  sekretar UN <strong>Butros Butros Gali<\/strong> iako je bio najavljen.<\/p>\n<p>Izvor: <strong>MonteIslam.com<\/strong><\/p>\n","protected":false},"excerpt":{"rendered":"<p>Milo\u010der \u2013 Evropski centar za mir i razvoj Univerziteta za mir Ujedinjenih nacija (ECPD), me\u0111unarodna obrazovna i istra\u017eiva\u010dka organizacija iz akademskog sistema Ujedinjenih nacija i Vlada Crne Gore organizovali su 21. i 22. oktobra 2011. godine u Milo\u010deru VII ECPD me\u0111unarodnu konferenciju o nacionalnom i me\u0111uetni\u010dkom pomirenju, vjerskoj toleranciji i ljudskoj bezbjednosti na Balkanu. Ovogodi\u0161nja [&hellip;]<\/p>\n","protected":false},"author":13,"featured_media":22236,"comment_status":"open","ping_status":"open","sticky":false,"template":"","format":"standard","meta":{"footnotes":""},"categories":[398,397,396,395,399,5],"tags":[],"class_list":{"0":"post-22235","1":"post","2":"type-post","3":"status-publish","4":"format-standard","5":"has-post-thumbnail","7":"category-rozaje","8":"category-berane","9":"category-bijelo_polje","10":"category-pljevlja_","11":"category-plav_","12":"category-drustvo"},"yoast_head":"<!-- This site is optimized with the Yoast SEO Premium plugin v23.1 (Yoast SEO v24.9) - https:\/\/yoast.com\/wordpress\/plugins\/seo\/ -->\n<title>Reis Rifat Fejzi\u0107 na VII ECPD me\u0111unarodnoj konferenciji o pomirenju, toleranciji i ljudskoj bezbjednosti na Balkanu<\/title>\n<meta name=\"robots\" content=\"index, follow, max-snippet:-1, max-image-preview:large, max-video-preview:-1\" \/>\n<link rel=\"canonical\" href=\"https:\/\/sandzakpress.net\/arhiva\/reis-rifat-fejzic-na-vii-ecpd-medunarodnoj-konferenciji-o-pomirenju-toleranciji-i-ljudskoj-bezbjednosti-na-balkanu\/\" \/>\n<meta property=\"og:locale\" content=\"bs_BA\" \/>\n<meta property=\"og:type\" content=\"article\" \/>\n<meta property=\"og:title\" content=\"Reis Rifat Fejzi\u0107 na VII ECPD me\u0111unarodnoj konferenciji o pomirenju, toleranciji i ljudskoj bezbjednosti na Balkanu\" \/>\n<meta property=\"og:description\" content=\"Milo\u010der \u2013 Evropski centar za mir i razvoj Univerziteta za mir Ujedinjenih nacija (ECPD), me\u0111unarodna obrazovna i istra\u017eiva\u010dka organizacija iz akademskog sistema Ujedinjenih nacija i Vlada Crne Gore organizovali su 21. i 22. oktobra 2011. godine u Milo\u010deru VII ECPD me\u0111unarodnu konferenciju o nacionalnom i me\u0111uetni\u010dkom pomirenju, vjerskoj toleranciji i ljudskoj bezbjednosti na Balkanu. Ovogodi\u0161nja [&hellip;]\" \/>\n<meta property=\"og:url\" content=\"https:\/\/sandzakpress.net\/arhiva\/reis-rifat-fejzic-na-vii-ecpd-medunarodnoj-konferenciji-o-pomirenju-toleranciji-i-ljudskoj-bezbjednosti-na-balkanu\/\" \/>\n<meta property=\"og:site_name\" content=\"Sand\u017eak PRESS\" \/>\n<meta property=\"article:published_time\" content=\"2011-10-25T09:35:29+00:00\" \/>\n<meta property=\"og:image\" content=\"https:\/\/sandzakpress.net\/arhiva\/wp-content\/uploads\/2011\/10\/konfer-300x223.jpg\" \/>\n\t<meta property=\"og:image:width\" content=\"300\" \/>\n\t<meta property=\"og:image:height\" content=\"223\" \/>\n\t<meta property=\"og:image:type\" content=\"image\/jpeg\" \/>\n<meta name=\"twitter:card\" content=\"summary_large_image\" \/>\n<meta name=\"twitter:label1\" content=\"Written by\" \/>\n\t<meta name=\"twitter:data1\" content=\"\" \/>\n\t<meta name=\"twitter:label2\" content=\"Est. reading time\" \/>\n\t<meta name=\"twitter:data2\" content=\"3 minute\" \/>\n<script type=\"application\/ld+json\" class=\"yoast-schema-graph\">{\"@context\":\"https:\/\/schema.org\",\"@graph\":[{\"@type\":\"Article\",\"@id\":\"https:\/\/sandzakpress.net\/arhiva\/reis-rifat-fejzic-na-vii-ecpd-medunarodnoj-konferenciji-o-pomirenju-toleranciji-i-ljudskoj-bezbjednosti-na-balkanu\/#article\",\"isPartOf\":{\"@id\":\"https:\/\/sandzakpress.net\/arhiva\/reis-rifat-fejzic-na-vii-ecpd-medunarodnoj-konferenciji-o-pomirenju-toleranciji-i-ljudskoj-bezbjednosti-na-balkanu\/\"},\"author\":{\"name\":\"\",\"@id\":\"\"},\"headline\":\"Reis Rifat Fejzi\u0107 na VII ECPD me\u0111unarodnoj konferenciji o pomirenju, toleranciji i ljudskoj bezbjednosti na Balkanu\",\"datePublished\":\"2011-10-25T09:35:29+00:00\",\"mainEntityOfPage\":{\"@id\":\"https:\/\/sandzakpress.net\/arhiva\/reis-rifat-fejzic-na-vii-ecpd-medunarodnoj-konferenciji-o-pomirenju-toleranciji-i-ljudskoj-bezbjednosti-na-balkanu\/\"},\"wordCount\":564,\"commentCount\":0,\"publisher\":{\"@id\":\"https:\/\/sandzakpress.net\/arhiva\/#\/schema\/person\/6e72b67d6e51910a1117b3b483ba20bd\"},\"image\":{\"@id\":\"https:\/\/sandzakpress.net\/arhiva\/reis-rifat-fejzic-na-vii-ecpd-medunarodnoj-konferenciji-o-pomirenju-toleranciji-i-ljudskoj-bezbjednosti-na-balkanu\/#primaryimage\"},\"thumbnailUrl\":\"https:\/\/sandzakpress.net\/arhiva\/wp-content\/uploads\/2011\/10\/konfer-300x223.jpg\",\"articleSection\":[\"Ro\u017eaje\",\"Berane\",\"Bijelo Polje\",\"Pljevlja\",\"Plav\",\"Dru\u0161tvo\"],\"inLanguage\":\"bs-BA\",\"potentialAction\":[{\"@type\":\"CommentAction\",\"name\":\"Comment\",\"target\":[\"https:\/\/sandzakpress.net\/arhiva\/reis-rifat-fejzic-na-vii-ecpd-medunarodnoj-konferenciji-o-pomirenju-toleranciji-i-ljudskoj-bezbjednosti-na-balkanu\/#respond\"]}]},{\"@type\":\"WebPage\",\"@id\":\"https:\/\/sandzakpress.net\/arhiva\/reis-rifat-fejzic-na-vii-ecpd-medunarodnoj-konferenciji-o-pomirenju-toleranciji-i-ljudskoj-bezbjednosti-na-balkanu\/\",\"url\":\"https:\/\/sandzakpress.net\/arhiva\/reis-rifat-fejzic-na-vii-ecpd-medunarodnoj-konferenciji-o-pomirenju-toleranciji-i-ljudskoj-bezbjednosti-na-balkanu\/\",\"name\":\"Reis Rifat Fejzi\u0107 na VII ECPD me\u0111unarodnoj konferenciji o pomirenju, toleranciji i ljudskoj bezbjednosti na Balkanu\",\"isPartOf\":{\"@id\":\"https:\/\/sandzakpress.net\/arhiva\/#website\"},\"primaryImageOfPage\":{\"@id\":\"https:\/\/sandzakpress.net\/arhiva\/reis-rifat-fejzic-na-vii-ecpd-medunarodnoj-konferenciji-o-pomirenju-toleranciji-i-ljudskoj-bezbjednosti-na-balkanu\/#primaryimage\"},\"image\":{\"@id\":\"https:\/\/sandzakpress.net\/arhiva\/reis-rifat-fejzic-na-vii-ecpd-medunarodnoj-konferenciji-o-pomirenju-toleranciji-i-ljudskoj-bezbjednosti-na-balkanu\/#primaryimage\"},\"thumbnailUrl\":\"https:\/\/sandzakpress.net\/arhiva\/wp-content\/uploads\/2011\/10\/konfer-300x223.jpg\",\"datePublished\":\"2011-10-25T09:35:29+00:00\",\"breadcrumb\":{\"@id\":\"https:\/\/sandzakpress.net\/arhiva\/reis-rifat-fejzic-na-vii-ecpd-medunarodnoj-konferenciji-o-pomirenju-toleranciji-i-ljudskoj-bezbjednosti-na-balkanu\/#breadcrumb\"},\"inLanguage\":\"bs-BA\",\"potentialAction\":[{\"@type\":\"ReadAction\",\"target\":[\"https:\/\/sandzakpress.net\/arhiva\/reis-rifat-fejzic-na-vii-ecpd-medunarodnoj-konferenciji-o-pomirenju-toleranciji-i-ljudskoj-bezbjednosti-na-balkanu\/\"]}]},{\"@type\":\"ImageObject\",\"inLanguage\":\"bs-BA\",\"@id\":\"https:\/\/sandzakpress.net\/arhiva\/reis-rifat-fejzic-na-vii-ecpd-medunarodnoj-konferenciji-o-pomirenju-toleranciji-i-ljudskoj-bezbjednosti-na-balkanu\/#primaryimage\",\"url\":\"https:\/\/sandzakpress.net\/arhiva\/wp-content\/uploads\/2011\/10\/konfer-300x223.jpg\",\"contentUrl\":\"https:\/\/sandzakpress.net\/arhiva\/wp-content\/uploads\/2011\/10\/konfer-300x223.jpg\",\"width\":300,\"height\":223},{\"@type\":\"BreadcrumbList\",\"@id\":\"https:\/\/sandzakpress.net\/arhiva\/reis-rifat-fejzic-na-vii-ecpd-medunarodnoj-konferenciji-o-pomirenju-toleranciji-i-ljudskoj-bezbjednosti-na-balkanu\/#breadcrumb\",\"itemListElement\":[{\"@type\":\"ListItem\",\"position\":1,\"name\":\"Home\",\"item\":\"https:\/\/sandzakpress.net\/arhiva\/\"},{\"@type\":\"ListItem\",\"position\":2,\"name\":\"Reis Rifat Fejzi\u0107 na VII ECPD me\u0111unarodnoj konferenciji o pomirenju, toleranciji i ljudskoj bezbjednosti na Balkanu\"}]},{\"@type\":\"WebSite\",\"@id\":\"https:\/\/sandzakpress.net\/arhiva\/#website\",\"url\":\"https:\/\/sandzakpress.net\/arhiva\/\",\"name\":\"Sand\u017eak PRESS\",\"description\":\"Prve elektronske novine u Sand\u017eaku\",\"publisher\":{\"@id\":\"https:\/\/sandzakpress.net\/arhiva\/#\/schema\/person\/6e72b67d6e51910a1117b3b483ba20bd\"},\"potentialAction\":[{\"@type\":\"SearchAction\",\"target\":{\"@type\":\"EntryPoint\",\"urlTemplate\":\"https:\/\/sandzakpress.net\/arhiva\/?s={search_term_string}\"},\"query-input\":{\"@type\":\"PropertyValueSpecification\",\"valueRequired\":true,\"valueName\":\"search_term_string\"}}],\"inLanguage\":\"bs-BA\"},{\"@type\":[\"Person\",\"Organization\"],\"@id\":\"https:\/\/sandzakpress.net\/arhiva\/#\/schema\/person\/6e72b67d6e51910a1117b3b483ba20bd\",\"name\":\"Kul\",\"image\":{\"@type\":\"ImageObject\",\"inLanguage\":\"bs-BA\",\"@id\":\"https:\/\/sandzakpress.net\/arhiva\/#\/schema\/person\/image\/\",\"url\":\"https:\/\/secure.gravatar.com\/avatar\/42263f39aa27ac04c43cab85c280eb2e?s=96&d=mm&r=pg\",\"contentUrl\":\"https:\/\/secure.gravatar.com\/avatar\/42263f39aa27ac04c43cab85c280eb2e?s=96&d=mm&r=pg\",\"caption\":\"Kul\"},\"logo\":{\"@id\":\"https:\/\/sandzakpress.net\/arhiva\/#\/schema\/person\/image\/\"}},{\"@type\":\"Person\",\"@id\":\"\",\"url\":\"https:\/\/sandzakpress.net\/arhiva\/author\/\"}]}<\/script>\n<!-- \/ Yoast SEO Premium plugin. -->","yoast_head_json":{"title":"Reis Rifat Fejzi\u0107 na VII ECPD me\u0111unarodnoj konferenciji o pomirenju, toleranciji i ljudskoj bezbjednosti na Balkanu","robots":{"index":"index","follow":"follow","max-snippet":"max-snippet:-1","max-image-preview":"max-image-preview:large","max-video-preview":"max-video-preview:-1"},"canonical":"https:\/\/sandzakpress.net\/arhiva\/reis-rifat-fejzic-na-vii-ecpd-medunarodnoj-konferenciji-o-pomirenju-toleranciji-i-ljudskoj-bezbjednosti-na-balkanu\/","og_locale":"bs_BA","og_type":"article","og_title":"Reis Rifat Fejzi\u0107 na VII ECPD me\u0111unarodnoj konferenciji o pomirenju, toleranciji i ljudskoj bezbjednosti na Balkanu","og_description":"Milo\u010der \u2013 Evropski centar za mir i razvoj Univerziteta za mir Ujedinjenih nacija (ECPD), me\u0111unarodna obrazovna i istra\u017eiva\u010dka organizacija iz akademskog sistema Ujedinjenih nacija i Vlada Crne Gore organizovali su 21. i 22. oktobra 2011. godine u Milo\u010deru VII ECPD me\u0111unarodnu konferenciju o nacionalnom i me\u0111uetni\u010dkom pomirenju, vjerskoj toleranciji i ljudskoj bezbjednosti na Balkanu. Ovogodi\u0161nja [&hellip;]","og_url":"https:\/\/sandzakpress.net\/arhiva\/reis-rifat-fejzic-na-vii-ecpd-medunarodnoj-konferenciji-o-pomirenju-toleranciji-i-ljudskoj-bezbjednosti-na-balkanu\/","og_site_name":"Sand\u017eak PRESS","article_published_time":"2011-10-25T09:35:29+00:00","og_image":[{"width":300,"height":223,"url":"https:\/\/sandzakpress.net\/arhiva\/wp-content\/uploads\/2011\/10\/konfer-300x223.jpg","type":"image\/jpeg"}],"twitter_card":"summary_large_image","twitter_misc":{"Written by":"","Est. reading time":"3 minute"},"schema":{"@context":"https:\/\/schema.org","@graph":[{"@type":"Article","@id":"https:\/\/sandzakpress.net\/arhiva\/reis-rifat-fejzic-na-vii-ecpd-medunarodnoj-konferenciji-o-pomirenju-toleranciji-i-ljudskoj-bezbjednosti-na-balkanu\/#article","isPartOf":{"@id":"https:\/\/sandzakpress.net\/arhiva\/reis-rifat-fejzic-na-vii-ecpd-medunarodnoj-konferenciji-o-pomirenju-toleranciji-i-ljudskoj-bezbjednosti-na-balkanu\/"},"author":{"name":"","@id":""},"headline":"Reis Rifat Fejzi\u0107 na VII ECPD me\u0111unarodnoj konferenciji o pomirenju, toleranciji i ljudskoj bezbjednosti na Balkanu","datePublished":"2011-10-25T09:35:29+00:00","mainEntityOfPage":{"@id":"https:\/\/sandzakpress.net\/arhiva\/reis-rifat-fejzic-na-vii-ecpd-medunarodnoj-konferenciji-o-pomirenju-toleranciji-i-ljudskoj-bezbjednosti-na-balkanu\/"},"wordCount":564,"commentCount":0,"publisher":{"@id":"https:\/\/sandzakpress.net\/arhiva\/#\/schema\/person\/6e72b67d6e51910a1117b3b483ba20bd"},"image":{"@id":"https:\/\/sandzakpress.net\/arhiva\/reis-rifat-fejzic-na-vii-ecpd-medunarodnoj-konferenciji-o-pomirenju-toleranciji-i-ljudskoj-bezbjednosti-na-balkanu\/#primaryimage"},"thumbnailUrl":"https:\/\/sandzakpress.net\/arhiva\/wp-content\/uploads\/2011\/10\/konfer-300x223.jpg","articleSection":["Ro\u017eaje","Berane","Bijelo Polje","Pljevlja","Plav","Dru\u0161tvo"],"inLanguage":"bs-BA","potentialAction":[{"@type":"CommentAction","name":"Comment","target":["https:\/\/sandzakpress.net\/arhiva\/reis-rifat-fejzic-na-vii-ecpd-medunarodnoj-konferenciji-o-pomirenju-toleranciji-i-ljudskoj-bezbjednosti-na-balkanu\/#respond"]}]},{"@type":"WebPage","@id":"https:\/\/sandzakpress.net\/arhiva\/reis-rifat-fejzic-na-vii-ecpd-medunarodnoj-konferenciji-o-pomirenju-toleranciji-i-ljudskoj-bezbjednosti-na-balkanu\/","url":"https:\/\/sandzakpress.net\/arhiva\/reis-rifat-fejzic-na-vii-ecpd-medunarodnoj-konferenciji-o-pomirenju-toleranciji-i-ljudskoj-bezbjednosti-na-balkanu\/","name":"Reis Rifat Fejzi\u0107 na VII ECPD me\u0111unarodnoj konferenciji o pomirenju, toleranciji i ljudskoj bezbjednosti na Balkanu","isPartOf":{"@id":"https:\/\/sandzakpress.net\/arhiva\/#website"},"primaryImageOfPage":{"@id":"https:\/\/sandzakpress.net\/arhiva\/reis-rifat-fejzic-na-vii-ecpd-medunarodnoj-konferenciji-o-pomirenju-toleranciji-i-ljudskoj-bezbjednosti-na-balkanu\/#primaryimage"},"image":{"@id":"https:\/\/sandzakpress.net\/arhiva\/reis-rifat-fejzic-na-vii-ecpd-medunarodnoj-konferenciji-o-pomirenju-toleranciji-i-ljudskoj-bezbjednosti-na-balkanu\/#primaryimage"},"thumbnailUrl":"https:\/\/sandzakpress.net\/arhiva\/wp-content\/uploads\/2011\/10\/konfer-300x223.jpg","datePublished":"2011-10-25T09:35:29+00:00","breadcrumb":{"@id":"https:\/\/sandzakpress.net\/arhiva\/reis-rifat-fejzic-na-vii-ecpd-medunarodnoj-konferenciji-o-pomirenju-toleranciji-i-ljudskoj-bezbjednosti-na-balkanu\/#breadcrumb"},"inLanguage":"bs-BA","potentialAction":[{"@type":"ReadAction","target":["https:\/\/sandzakpress.net\/arhiva\/reis-rifat-fejzic-na-vii-ecpd-medunarodnoj-konferenciji-o-pomirenju-toleranciji-i-ljudskoj-bezbjednosti-na-balkanu\/"]}]},{"@type":"ImageObject","inLanguage":"bs-BA","@id":"https:\/\/sandzakpress.net\/arhiva\/reis-rifat-fejzic-na-vii-ecpd-medunarodnoj-konferenciji-o-pomirenju-toleranciji-i-ljudskoj-bezbjednosti-na-balkanu\/#primaryimage","url":"https:\/\/sandzakpress.net\/arhiva\/wp-content\/uploads\/2011\/10\/konfer-300x223.jpg","contentUrl":"https:\/\/sandzakpress.net\/arhiva\/wp-content\/uploads\/2011\/10\/konfer-300x223.jpg","width":300,"height":223},{"@type":"BreadcrumbList","@id":"https:\/\/sandzakpress.net\/arhiva\/reis-rifat-fejzic-na-vii-ecpd-medunarodnoj-konferenciji-o-pomirenju-toleranciji-i-ljudskoj-bezbjednosti-na-balkanu\/#breadcrumb","itemListElement":[{"@type":"ListItem","position":1,"name":"Home","item":"https:\/\/sandzakpress.net\/arhiva\/"},{"@type":"ListItem","position":2,"name":"Reis Rifat Fejzi\u0107 na VII ECPD me\u0111unarodnoj konferenciji o pomirenju, toleranciji i ljudskoj bezbjednosti na Balkanu"}]},{"@type":"WebSite","@id":"https:\/\/sandzakpress.net\/arhiva\/#website","url":"https:\/\/sandzakpress.net\/arhiva\/","name":"Sand\u017eak PRESS","description":"Prve elektronske novine u Sand\u017eaku","publisher":{"@id":"https:\/\/sandzakpress.net\/arhiva\/#\/schema\/person\/6e72b67d6e51910a1117b3b483ba20bd"},"potentialAction":[{"@type":"SearchAction","target":{"@type":"EntryPoint","urlTemplate":"https:\/\/sandzakpress.net\/arhiva\/?s={search_term_string}"},"query-input":{"@type":"PropertyValueSpecification","valueRequired":true,"valueName":"search_term_string"}}],"inLanguage":"bs-BA"},{"@type":["Person","Organization"],"@id":"https:\/\/sandzakpress.net\/arhiva\/#\/schema\/person\/6e72b67d6e51910a1117b3b483ba20bd","name":"Kul","image":{"@type":"ImageObject","inLanguage":"bs-BA","@id":"https:\/\/sandzakpress.net\/arhiva\/#\/schema\/person\/image\/","url":"https:\/\/secure.gravatar.com\/avatar\/42263f39aa27ac04c43cab85c280eb2e?s=96&d=mm&r=pg","contentUrl":"https:\/\/secure.gravatar.com\/avatar\/42263f39aa27ac04c43cab85c280eb2e?s=96&d=mm&r=pg","caption":"Kul"},"logo":{"@id":"https:\/\/sandzakpress.net\/arhiva\/#\/schema\/person\/image\/"}},{"@type":"Person","@id":"","url":"https:\/\/sandzakpress.net\/arhiva\/author\/"}]}},"_links":{"self":[{"href":"https:\/\/sandzakpress.net\/arhiva\/wp-json\/wp\/v2\/posts\/22235"}],"collection":[{"href":"https:\/\/sandzakpress.net\/arhiva\/wp-json\/wp\/v2\/posts"}],"about":[{"href":"https:\/\/sandzakpress.net\/arhiva\/wp-json\/wp\/v2\/types\/post"}],"author":[{"embeddable":true,"href":"https:\/\/sandzakpress.net\/arhiva\/wp-json\/wp\/v2\/users\/13"}],"replies":[{"embeddable":true,"href":"https:\/\/sandzakpress.net\/arhiva\/wp-json\/wp\/v2\/comments?post=22235"}],"version-history":[{"count":0,"href":"https:\/\/sandzakpress.net\/arhiva\/wp-json\/wp\/v2\/posts\/22235\/revisions"}],"wp:featuredmedia":[{"embeddable":true,"href":"https:\/\/sandzakpress.net\/arhiva\/wp-json\/wp\/v2\/media\/22236"}],"wp:attachment":[{"href":"https:\/\/sandzakpress.net\/arhiva\/wp-json\/wp\/v2\/media?parent=22235"}],"wp:term":[{"taxonomy":"category","embeddable":true,"href":"https:\/\/sandzakpress.net\/arhiva\/wp-json\/wp\/v2\/categories?post=22235"},{"taxonomy":"post_tag","embeddable":true,"href":"https:\/\/sandzakpress.net\/arhiva\/wp-json\/wp\/v2\/tags?post=22235"}],"curies":[{"name":"wp","href":"https:\/\/api.w.org\/{rel}","templated":true}]}}