{"id":222333,"date":"2019-04-26T15:08:26","date_gmt":"2019-04-26T13:08:26","guid":{"rendered":"https:\/\/sandzakpress.net\/arhiva\/?p=222333"},"modified":"2019-04-26T15:08:26","modified_gmt":"2019-04-26T13:08:26","slug":"slabo-je-drzava-pazila-kalicev-hamer","status":"publish","type":"post","link":"https:\/\/sandzakpress.net\/arhiva\/slabo-je-drzava-pazila-kalicev-hamer\/","title":{"rendered":"Slabo je dr\u017eava pazila Kali\u0107ev \u201cHamer\u201d"},"content":{"rendered":"<p><img decoding=\"async\" src=\"https:\/\/www.vijesti.me\/media\/2019042421048_f96f7986-c5ec-4b3c-be91-5b7034dd5cbb.jpeg\" alt=\"Rezultat slika za Slabo je dr\u00c5\u00beava pazila Kali\u00c4\u0087ev \u00e2\u0080\u009cHamer\u00e2\u0080\u009d\" \/><\/p>\n<p><strong>Vozilo \u201chamer\u201d koje je bilo oduzeto Mersudinu Kali\u0107u, dok je bio optu\u017een za pranje novca od droge, nije adekvatno odr\u017eavano, niti su preduzimane mjere kako bi se o\u010duvalo u tehni\u010dki istom stanju kao \u0161to je bilo kada je preuzeto.<\/strong><\/p>\n<p>To je naveo vje\u0161tak saobra\u0107ajne struke Goran \u010carapi\u0107, u nastavku su\u0111enja po tu\u017ebi brata Safeta Kali\u0107a, koji tra\u017ei od\u0161tetu od dr\u017eave i Uprave za imovinu, zbog \u201chamera\u201d koji im je, kako ka\u017eu, vra\u0107en uni\u0161ten nakon \u0161to su pravosna\u017eno oslobo\u0111eni optu\u017ebi, pi\u0161u Vijesti.me.<\/p>\n<p>Su\u0111enje je ju\u010de zavr\u0161eno, a odluka sutkinje Dijane Rov\u010danin se o\u010dekuje u roku od mjesec dana.<\/p>\n<p>Vje\u0161tak je ranije procijenio da je Kali\u0107 izgubio preko 20.000 eura, za vrijeme dok je dr\u017eava gazdovala njegovim \u201chamerom\u201d.<\/p>\n<p>To se mo\u017ee zaklju\u010diti iz njegovog nalaza i mi\u0161ljenja, u kome je utvrdio da o\u0161te\u0107enja na vozilu za vrijeme dok je bilo privremeno oduzeto iznose 4.877 eura, dok je vozilo izgubilo na vrijednosti za 16.053 eura.<\/p>\n<p>Sutkinja je prije godinu dana odlu\u010dila da vje\u0161tak procijeni \u0161tetu na vozilu koja je nastala u periodu od 4. avgusta 2011. godine, kada je hamer oduzet, do 2. novembra 2016. godine, kada je vozilo vra\u0107eno Kali\u0107u.<\/p>\n<p>Advokat Stefan Jovanovi\u0107 ju\u010de je precizirao tu\u017ebeni zahtjev tra\u017ee\u0107i da im se isplati ne\u0161to preko 20.000 eura sa kamatama od podno\u0161enja tu\u017ebe do isplate.<\/p>\n<p>Zastupnici dr\u017eave i Uprave isticali su da, ukoliko bi sud prihvatio takav nalaz vje\u0161taka, da bi se Kali\u0107 doveo u bolju poziciju u odnosu na onu prije oduzimanja i da to nije svrha dosu\u0111ivanja od\u0161tete.<\/p>\n<p>Iako su prigovarali nalazu vje\u0161taka, karakteri\u0161u\u0107i ga proizvoljnim i pau\u0161alnim, ni predstavnica dr\u017eave, ali ni predstavnik Uprave za imovinu nijesu tra\u017eili novo vje\u0161ta\u010denje.<\/p>\n<p>\u201cRa\u010dunati od\u0161tetu na osnovu proteka vremena je neprihvatljivo, jer bi do amortizacije do\u0161lo i da je vozilo bilo u posjedu tu\u017eioca\u2026 Pozivanje na pravilnik je neprimjenljivo za ovo vje\u0161ta\u010denje, jer se taj pravilnik odnosi na \u0161tetu usljed saobra\u0107ajnih nezgoda i isplate osiguranja\u201d, navela je predstavnica dr\u017eave Sanja Jaredi\u0107.<\/p>\n<p>Erdan Daci\u0107 iz Uprave je dodao i da vje\u0161tak nije mogao vr\u0161iti vje\u0161ta\u010denje samo na osnovu zapisnika o primopredaji vozila i prihvatiti prigovore Kali\u0107a na tom zapisniku kao ta\u010dne.<\/p>\n<p>Oni su tra\u017eili da sud odbije tu\u017ebeni zahtjev Kali\u0107a.<\/p>\n<p>Dr\u017eava je, krajem ljeta 2011. godine, privremeno oduzela imovinu Kali\u0107ima, \u010dija je vrijednost procijenjena na vi\u0161e 28.000.000 eura i vratila je nakon \u0161to su Ro\u017eajci jula 2016. godine, pravosna\u017eno oslobo\u0111eni optu\u017ebi za pranje novca.<\/p>\n<p>Uprava za imovinu, Kali\u0107ev \u201chamer\u201d dala je na kori\u0161\u0107enje Specijalnoj antiteroristi\u010dkoj jedinici, pozivaju\u0107i se na zakonsku odredbu o ustupanju privremeno oduzete imovine \u201cu humanitarne svrhe\u201d.<\/p>\n<p>U dokumentu koji potpisuje direktor Uprave Bla\u017eo \u0160aranovi\u0107 pi\u0161e da je Uprava, nakon neuspjele prodaje vozila, odlu\u010dila da vozilo ustupi SAJ-u na trajno kori\u0161\u0107enje.<\/p>\n<p>SAJ je Kali\u0107evo vozilo, izme\u0111u ostalog, koristio i u \u201clovu na gra\u0111ane\u201d nakon razbijanja protesta u oktobru 2015. godine, kada su gra\u0111ani tvrdili da su policajci tim vozilom jurili ulicom od nekada\u0161njeg hotela Crna Gora ka Starom aerodromu, poku\u0161avaju\u0107i da povrijede okupljene gra\u0111ane.<\/p>\n","protected":false},"excerpt":{"rendered":"<p>Vozilo \u201chamer\u201d koje je bilo oduzeto Mersudinu Kali\u0107u, dok je bio optu\u017een za pranje novca od droge, nije adekvatno odr\u017eavano, niti su preduzimane mjere kako bi se o\u010duvalo u tehni\u010dki istom stanju kao \u0161to je bilo kada je preuzeto. To je naveo vje\u0161tak saobra\u0107ajne struke Goran \u010carapi\u0107, u nastavku su\u0111enja po tu\u017ebi brata Safeta Kali\u0107a, [&hellip;]<\/p>\n","protected":false},"author":509,"featured_media":222336,"comment_status":"open","ping_status":"open","sticky":false,"template":"","format":"standard","meta":{"footnotes":""},"categories":[398,5,10429],"tags":[],"class_list":{"0":"post-222333","1":"post","2":"type-post","3":"status-publish","4":"format-standard","5":"has-post-thumbnail","7":"category-rozaje","8":"category-drustvo","9":"category-vazno"},"yoast_head":"<!-- This site is optimized with the Yoast SEO Premium plugin v23.1 (Yoast SEO v24.9) - https:\/\/yoast.com\/wordpress\/plugins\/seo\/ -->\n<title>Slabo je dr\u017eava pazila Kali\u0107ev \u201cHamer\u201d<\/title>\n<meta name=\"robots\" content=\"index, follow, max-snippet:-1, max-image-preview:large, max-video-preview:-1\" \/>\n<link rel=\"canonical\" href=\"https:\/\/sandzakpress.net\/arhiva\/slabo-je-drzava-pazila-kalicev-hamer\/\" \/>\n<meta property=\"og:locale\" content=\"bs_BA\" \/>\n<meta property=\"og:type\" content=\"article\" \/>\n<meta property=\"og:title\" content=\"Slabo je dr\u017eava pazila Kali\u0107ev \u201cHamer\u201d\" \/>\n<meta property=\"og:description\" content=\"Vozilo \u201chamer\u201d koje je bilo oduzeto Mersudinu Kali\u0107u, dok je bio optu\u017een za pranje novca od droge, nije adekvatno odr\u017eavano, niti su preduzimane mjere kako bi se o\u010duvalo u tehni\u010dki istom stanju kao \u0161to je bilo kada je preuzeto. To je naveo vje\u0161tak saobra\u0107ajne struke Goran \u010carapi\u0107, u nastavku su\u0111enja po tu\u017ebi brata Safeta Kali\u0107a, [&hellip;]\" \/>\n<meta property=\"og:url\" content=\"https:\/\/sandzakpress.net\/arhiva\/slabo-je-drzava-pazila-kalicev-hamer\/\" \/>\n<meta property=\"og:site_name\" content=\"Sand\u017eak PRESS\" \/>\n<meta property=\"article:published_time\" content=\"2019-04-26T13:08:26+00:00\" \/>\n<meta property=\"og:image\" content=\"https:\/\/sandzakpress.net\/arhiva\/wp-content\/uploads\/2019\/04\/2019042421048_f96f7986-c5ec-4b3c-be91-5b7034dd5cbb.jpeg.jpg\" \/>\n\t<meta property=\"og:image:width\" content=\"800\" \/>\n\t<meta property=\"og:image:height\" content=\"385\" \/>\n\t<meta property=\"og:image:type\" content=\"image\/jpeg\" \/>\n<meta name=\"author\" content=\"Agencija\" \/>\n<meta name=\"twitter:card\" content=\"summary_large_image\" \/>\n<meta name=\"twitter:label1\" content=\"Written by\" \/>\n\t<meta name=\"twitter:data1\" content=\"Agencija\" \/>\n\t<meta name=\"twitter:label2\" content=\"Est. reading time\" \/>\n\t<meta name=\"twitter:data2\" content=\"3 minute\" \/>\n<script type=\"application\/ld+json\" class=\"yoast-schema-graph\">{\"@context\":\"https:\/\/schema.org\",\"@graph\":[{\"@type\":\"Article\",\"@id\":\"https:\/\/sandzakpress.net\/arhiva\/slabo-je-drzava-pazila-kalicev-hamer\/#article\",\"isPartOf\":{\"@id\":\"https:\/\/sandzakpress.net\/arhiva\/slabo-je-drzava-pazila-kalicev-hamer\/\"},\"author\":{\"name\":\"Agencija\",\"@id\":\"https:\/\/sandzakpress.net\/arhiva\/#\/schema\/person\/cb59d7e3ab91ab90dd680ad0305a6185\"},\"headline\":\"Slabo je dr\u017eava pazila Kali\u0107ev \u201cHamer\u201d\",\"datePublished\":\"2019-04-26T13:08:26+00:00\",\"mainEntityOfPage\":{\"@id\":\"https:\/\/sandzakpress.net\/arhiva\/slabo-je-drzava-pazila-kalicev-hamer\/\"},\"wordCount\":574,\"commentCount\":0,\"publisher\":{\"@id\":\"https:\/\/sandzakpress.net\/arhiva\/#\/schema\/person\/6e72b67d6e51910a1117b3b483ba20bd\"},\"image\":{\"@id\":\"https:\/\/sandzakpress.net\/arhiva\/slabo-je-drzava-pazila-kalicev-hamer\/#primaryimage\"},\"thumbnailUrl\":\"https:\/\/sandzakpress.net\/arhiva\/wp-content\/uploads\/2019\/04\/2019042421048_f96f7986-c5ec-4b3c-be91-5b7034dd5cbb.jpeg.jpg\",\"articleSection\":[\"Ro\u017eaje\",\"Dru\u0161tvo\",\"VA\u017dNO!\"],\"inLanguage\":\"bs-BA\",\"potentialAction\":[{\"@type\":\"CommentAction\",\"name\":\"Comment\",\"target\":[\"https:\/\/sandzakpress.net\/arhiva\/slabo-je-drzava-pazila-kalicev-hamer\/#respond\"]}]},{\"@type\":\"WebPage\",\"@id\":\"https:\/\/sandzakpress.net\/arhiva\/slabo-je-drzava-pazila-kalicev-hamer\/\",\"url\":\"https:\/\/sandzakpress.net\/arhiva\/slabo-je-drzava-pazila-kalicev-hamer\/\",\"name\":\"Slabo je dr\u017eava pazila Kali\u0107ev \u201cHamer\u201d\",\"isPartOf\":{\"@id\":\"https:\/\/sandzakpress.net\/arhiva\/#website\"},\"primaryImageOfPage\":{\"@id\":\"https:\/\/sandzakpress.net\/arhiva\/slabo-je-drzava-pazila-kalicev-hamer\/#primaryimage\"},\"image\":{\"@id\":\"https:\/\/sandzakpress.net\/arhiva\/slabo-je-drzava-pazila-kalicev-hamer\/#primaryimage\"},\"thumbnailUrl\":\"https:\/\/sandzakpress.net\/arhiva\/wp-content\/uploads\/2019\/04\/2019042421048_f96f7986-c5ec-4b3c-be91-5b7034dd5cbb.jpeg.jpg\",\"datePublished\":\"2019-04-26T13:08:26+00:00\",\"breadcrumb\":{\"@id\":\"https:\/\/sandzakpress.net\/arhiva\/slabo-je-drzava-pazila-kalicev-hamer\/#breadcrumb\"},\"inLanguage\":\"bs-BA\",\"potentialAction\":[{\"@type\":\"ReadAction\",\"target\":[\"https:\/\/sandzakpress.net\/arhiva\/slabo-je-drzava-pazila-kalicev-hamer\/\"]}]},{\"@type\":\"ImageObject\",\"inLanguage\":\"bs-BA\",\"@id\":\"https:\/\/sandzakpress.net\/arhiva\/slabo-je-drzava-pazila-kalicev-hamer\/#primaryimage\",\"url\":\"https:\/\/sandzakpress.net\/arhiva\/wp-content\/uploads\/2019\/04\/2019042421048_f96f7986-c5ec-4b3c-be91-5b7034dd5cbb.jpeg.jpg\",\"contentUrl\":\"https:\/\/sandzakpress.net\/arhiva\/wp-content\/uploads\/2019\/04\/2019042421048_f96f7986-c5ec-4b3c-be91-5b7034dd5cbb.jpeg.jpg\",\"width\":800,\"height\":385},{\"@type\":\"BreadcrumbList\",\"@id\":\"https:\/\/sandzakpress.net\/arhiva\/slabo-je-drzava-pazila-kalicev-hamer\/#breadcrumb\",\"itemListElement\":[{\"@type\":\"ListItem\",\"position\":1,\"name\":\"Home\",\"item\":\"https:\/\/sandzakpress.net\/arhiva\/\"},{\"@type\":\"ListItem\",\"position\":2,\"name\":\"Slabo je dr\u017eava pazila Kali\u0107ev \u201cHamer\u201d\"}]},{\"@type\":\"WebSite\",\"@id\":\"https:\/\/sandzakpress.net\/arhiva\/#website\",\"url\":\"https:\/\/sandzakpress.net\/arhiva\/\",\"name\":\"Sand\u017eak PRESS\",\"description\":\"Prve elektronske novine u Sand\u017eaku\",\"publisher\":{\"@id\":\"https:\/\/sandzakpress.net\/arhiva\/#\/schema\/person\/6e72b67d6e51910a1117b3b483ba20bd\"},\"potentialAction\":[{\"@type\":\"SearchAction\",\"target\":{\"@type\":\"EntryPoint\",\"urlTemplate\":\"https:\/\/sandzakpress.net\/arhiva\/?s={search_term_string}\"},\"query-input\":{\"@type\":\"PropertyValueSpecification\",\"valueRequired\":true,\"valueName\":\"search_term_string\"}}],\"inLanguage\":\"bs-BA\"},{\"@type\":[\"Person\",\"Organization\"],\"@id\":\"https:\/\/sandzakpress.net\/arhiva\/#\/schema\/person\/6e72b67d6e51910a1117b3b483ba20bd\",\"name\":\"Kul\",\"image\":{\"@type\":\"ImageObject\",\"inLanguage\":\"bs-BA\",\"@id\":\"https:\/\/sandzakpress.net\/arhiva\/#\/schema\/person\/image\/\",\"url\":\"https:\/\/secure.gravatar.com\/avatar\/42263f39aa27ac04c43cab85c280eb2e?s=96&d=mm&r=pg\",\"contentUrl\":\"https:\/\/secure.gravatar.com\/avatar\/42263f39aa27ac04c43cab85c280eb2e?s=96&d=mm&r=pg\",\"caption\":\"Kul\"},\"logo\":{\"@id\":\"https:\/\/sandzakpress.net\/arhiva\/#\/schema\/person\/image\/\"}},{\"@type\":\"Person\",\"@id\":\"https:\/\/sandzakpress.net\/arhiva\/#\/schema\/person\/cb59d7e3ab91ab90dd680ad0305a6185\",\"name\":\"Agencija\",\"image\":{\"@type\":\"ImageObject\",\"inLanguage\":\"bs-BA\",\"@id\":\"https:\/\/sandzakpress.net\/arhiva\/#\/schema\/person\/image\/\",\"url\":\"https:\/\/secure.gravatar.com\/avatar\/4b7fafa80a22f0c2afe23966b3961fe0?s=96&d=mm&r=pg\",\"contentUrl\":\"https:\/\/secure.gravatar.com\/avatar\/4b7fafa80a22f0c2afe23966b3961fe0?s=96&d=mm&r=pg\",\"caption\":\"Agencija\"},\"url\":\"https:\/\/sandzakpress.net\/arhiva\/author\/agencija\/\"}]}<\/script>\n<!-- \/ Yoast SEO Premium plugin. -->","yoast_head_json":{"title":"Slabo je dr\u017eava pazila Kali\u0107ev \u201cHamer\u201d","robots":{"index":"index","follow":"follow","max-snippet":"max-snippet:-1","max-image-preview":"max-image-preview:large","max-video-preview":"max-video-preview:-1"},"canonical":"https:\/\/sandzakpress.net\/arhiva\/slabo-je-drzava-pazila-kalicev-hamer\/","og_locale":"bs_BA","og_type":"article","og_title":"Slabo je dr\u017eava pazila Kali\u0107ev \u201cHamer\u201d","og_description":"Vozilo \u201chamer\u201d koje je bilo oduzeto Mersudinu Kali\u0107u, dok je bio optu\u017een za pranje novca od droge, nije adekvatno odr\u017eavano, niti su preduzimane mjere kako bi se o\u010duvalo u tehni\u010dki istom stanju kao \u0161to je bilo kada je preuzeto. To je naveo vje\u0161tak saobra\u0107ajne struke Goran \u010carapi\u0107, u nastavku su\u0111enja po tu\u017ebi brata Safeta Kali\u0107a, [&hellip;]","og_url":"https:\/\/sandzakpress.net\/arhiva\/slabo-je-drzava-pazila-kalicev-hamer\/","og_site_name":"Sand\u017eak PRESS","article_published_time":"2019-04-26T13:08:26+00:00","og_image":[{"width":800,"height":385,"url":"https:\/\/sandzakpress.net\/arhiva\/wp-content\/uploads\/2019\/04\/2019042421048_f96f7986-c5ec-4b3c-be91-5b7034dd5cbb.jpeg.jpg","type":"image\/jpeg"}],"author":"Agencija","twitter_card":"summary_large_image","twitter_misc":{"Written by":"Agencija","Est. reading time":"3 minute"},"schema":{"@context":"https:\/\/schema.org","@graph":[{"@type":"Article","@id":"https:\/\/sandzakpress.net\/arhiva\/slabo-je-drzava-pazila-kalicev-hamer\/#article","isPartOf":{"@id":"https:\/\/sandzakpress.net\/arhiva\/slabo-je-drzava-pazila-kalicev-hamer\/"},"author":{"name":"Agencija","@id":"https:\/\/sandzakpress.net\/arhiva\/#\/schema\/person\/cb59d7e3ab91ab90dd680ad0305a6185"},"headline":"Slabo je dr\u017eava pazila Kali\u0107ev \u201cHamer\u201d","datePublished":"2019-04-26T13:08:26+00:00","mainEntityOfPage":{"@id":"https:\/\/sandzakpress.net\/arhiva\/slabo-je-drzava-pazila-kalicev-hamer\/"},"wordCount":574,"commentCount":0,"publisher":{"@id":"https:\/\/sandzakpress.net\/arhiva\/#\/schema\/person\/6e72b67d6e51910a1117b3b483ba20bd"},"image":{"@id":"https:\/\/sandzakpress.net\/arhiva\/slabo-je-drzava-pazila-kalicev-hamer\/#primaryimage"},"thumbnailUrl":"https:\/\/sandzakpress.net\/arhiva\/wp-content\/uploads\/2019\/04\/2019042421048_f96f7986-c5ec-4b3c-be91-5b7034dd5cbb.jpeg.jpg","articleSection":["Ro\u017eaje","Dru\u0161tvo","VA\u017dNO!"],"inLanguage":"bs-BA","potentialAction":[{"@type":"CommentAction","name":"Comment","target":["https:\/\/sandzakpress.net\/arhiva\/slabo-je-drzava-pazila-kalicev-hamer\/#respond"]}]},{"@type":"WebPage","@id":"https:\/\/sandzakpress.net\/arhiva\/slabo-je-drzava-pazila-kalicev-hamer\/","url":"https:\/\/sandzakpress.net\/arhiva\/slabo-je-drzava-pazila-kalicev-hamer\/","name":"Slabo je dr\u017eava pazila Kali\u0107ev \u201cHamer\u201d","isPartOf":{"@id":"https:\/\/sandzakpress.net\/arhiva\/#website"},"primaryImageOfPage":{"@id":"https:\/\/sandzakpress.net\/arhiva\/slabo-je-drzava-pazila-kalicev-hamer\/#primaryimage"},"image":{"@id":"https:\/\/sandzakpress.net\/arhiva\/slabo-je-drzava-pazila-kalicev-hamer\/#primaryimage"},"thumbnailUrl":"https:\/\/sandzakpress.net\/arhiva\/wp-content\/uploads\/2019\/04\/2019042421048_f96f7986-c5ec-4b3c-be91-5b7034dd5cbb.jpeg.jpg","datePublished":"2019-04-26T13:08:26+00:00","breadcrumb":{"@id":"https:\/\/sandzakpress.net\/arhiva\/slabo-je-drzava-pazila-kalicev-hamer\/#breadcrumb"},"inLanguage":"bs-BA","potentialAction":[{"@type":"ReadAction","target":["https:\/\/sandzakpress.net\/arhiva\/slabo-je-drzava-pazila-kalicev-hamer\/"]}]},{"@type":"ImageObject","inLanguage":"bs-BA","@id":"https:\/\/sandzakpress.net\/arhiva\/slabo-je-drzava-pazila-kalicev-hamer\/#primaryimage","url":"https:\/\/sandzakpress.net\/arhiva\/wp-content\/uploads\/2019\/04\/2019042421048_f96f7986-c5ec-4b3c-be91-5b7034dd5cbb.jpeg.jpg","contentUrl":"https:\/\/sandzakpress.net\/arhiva\/wp-content\/uploads\/2019\/04\/2019042421048_f96f7986-c5ec-4b3c-be91-5b7034dd5cbb.jpeg.jpg","width":800,"height":385},{"@type":"BreadcrumbList","@id":"https:\/\/sandzakpress.net\/arhiva\/slabo-je-drzava-pazila-kalicev-hamer\/#breadcrumb","itemListElement":[{"@type":"ListItem","position":1,"name":"Home","item":"https:\/\/sandzakpress.net\/arhiva\/"},{"@type":"ListItem","position":2,"name":"Slabo je dr\u017eava pazila Kali\u0107ev \u201cHamer\u201d"}]},{"@type":"WebSite","@id":"https:\/\/sandzakpress.net\/arhiva\/#website","url":"https:\/\/sandzakpress.net\/arhiva\/","name":"Sand\u017eak PRESS","description":"Prve elektronske novine u Sand\u017eaku","publisher":{"@id":"https:\/\/sandzakpress.net\/arhiva\/#\/schema\/person\/6e72b67d6e51910a1117b3b483ba20bd"},"potentialAction":[{"@type":"SearchAction","target":{"@type":"EntryPoint","urlTemplate":"https:\/\/sandzakpress.net\/arhiva\/?s={search_term_string}"},"query-input":{"@type":"PropertyValueSpecification","valueRequired":true,"valueName":"search_term_string"}}],"inLanguage":"bs-BA"},{"@type":["Person","Organization"],"@id":"https:\/\/sandzakpress.net\/arhiva\/#\/schema\/person\/6e72b67d6e51910a1117b3b483ba20bd","name":"Kul","image":{"@type":"ImageObject","inLanguage":"bs-BA","@id":"https:\/\/sandzakpress.net\/arhiva\/#\/schema\/person\/image\/","url":"https:\/\/secure.gravatar.com\/avatar\/42263f39aa27ac04c43cab85c280eb2e?s=96&d=mm&r=pg","contentUrl":"https:\/\/secure.gravatar.com\/avatar\/42263f39aa27ac04c43cab85c280eb2e?s=96&d=mm&r=pg","caption":"Kul"},"logo":{"@id":"https:\/\/sandzakpress.net\/arhiva\/#\/schema\/person\/image\/"}},{"@type":"Person","@id":"https:\/\/sandzakpress.net\/arhiva\/#\/schema\/person\/cb59d7e3ab91ab90dd680ad0305a6185","name":"Agencija","image":{"@type":"ImageObject","inLanguage":"bs-BA","@id":"https:\/\/sandzakpress.net\/arhiva\/#\/schema\/person\/image\/","url":"https:\/\/secure.gravatar.com\/avatar\/4b7fafa80a22f0c2afe23966b3961fe0?s=96&d=mm&r=pg","contentUrl":"https:\/\/secure.gravatar.com\/avatar\/4b7fafa80a22f0c2afe23966b3961fe0?s=96&d=mm&r=pg","caption":"Agencija"},"url":"https:\/\/sandzakpress.net\/arhiva\/author\/agencija\/"}]}},"_links":{"self":[{"href":"https:\/\/sandzakpress.net\/arhiva\/wp-json\/wp\/v2\/posts\/222333"}],"collection":[{"href":"https:\/\/sandzakpress.net\/arhiva\/wp-json\/wp\/v2\/posts"}],"about":[{"href":"https:\/\/sandzakpress.net\/arhiva\/wp-json\/wp\/v2\/types\/post"}],"author":[{"embeddable":true,"href":"https:\/\/sandzakpress.net\/arhiva\/wp-json\/wp\/v2\/users\/509"}],"replies":[{"embeddable":true,"href":"https:\/\/sandzakpress.net\/arhiva\/wp-json\/wp\/v2\/comments?post=222333"}],"version-history":[{"count":0,"href":"https:\/\/sandzakpress.net\/arhiva\/wp-json\/wp\/v2\/posts\/222333\/revisions"}],"wp:featuredmedia":[{"embeddable":true,"href":"https:\/\/sandzakpress.net\/arhiva\/wp-json\/wp\/v2\/media\/222336"}],"wp:attachment":[{"href":"https:\/\/sandzakpress.net\/arhiva\/wp-json\/wp\/v2\/media?parent=222333"}],"wp:term":[{"taxonomy":"category","embeddable":true,"href":"https:\/\/sandzakpress.net\/arhiva\/wp-json\/wp\/v2\/categories?post=222333"},{"taxonomy":"post_tag","embeddable":true,"href":"https:\/\/sandzakpress.net\/arhiva\/wp-json\/wp\/v2\/tags?post=222333"}],"curies":[{"name":"wp","href":"https:\/\/api.w.org\/{rel}","templated":true}]}}