{"id":222309,"date":"2019-04-25T23:40:45","date_gmt":"2019-04-25T21:40:45","guid":{"rendered":"https:\/\/sandzakpress.net\/arhiva\/banja-luka-nikad-nije-bila-srpski-grad"},"modified":"2019-04-25T23:40:45","modified_gmt":"2019-04-25T21:40:45","slug":"banja-luka-nikad-nije-bila-srpski-grad","status":"publish","type":"post","link":"https:\/\/sandzakpress.net\/arhiva\/banja-luka-nikad-nije-bila-srpski-grad\/","title":{"rendered":"Banja Luka nikad nije bila srpski grad"},"content":{"rendered":"<p><img loading=\"lazy\" decoding=\"async\" class=\"wp-image-208285 alignnone size-full\" src=\"https:\/\/bosnapress.net\/wp-content\/uploads\/2019\/04\/FB_IMG_1556228357640-1.jpg\" width=\"720\" height=\"435\" \/><\/p>\n<p>Banja Luka nikad nije bila srpski grad.<\/p>\n<p>Potkraj agrarne reforme1918-1919.godine, kojom je na temelju diskriminatorskog zakona oduzeta zemlja Bo\u0161njacima, kori\u0161tene su i teroristi\u010dke metode kao poznati \u201cMar\u0161 smrti\u201d iz 1919.godine u kojem su masovno u\u010destvovali Bo\u0161njaci iz Lijev\u010de Polja kraj Banjaluke.U tom vremenu na njegovim plodnim prostorima \u017eivjelo je oko 50.000 Bo\u0161njaka muslimana, od kojih su vi\u0161e hiljada njih ubijeni od strane srpskih terorista prilikom \u201cMar\u0161a smrti\u201d, a preostali dio civilnog stanovni\u0161tva su protjerali tokom etni\u010dkog \u010di\u0161\u0107enja sa vi\u0161evijekovnog ognji\u0161ta.Duga kolona stradalnika i\u0161la je do zbirnih logora na Sand\u017eaku i Kosovu, odakle su preba\u010deni u Tursku i Anadoliju.Tada su Bo\u0161njaci i njihove porodice izgubili zemlji\u0161te i zemlji\u0161ni posjed u op\u0107ini Banjaluka na najbrutalniji na\u010din, genocidom.Srpske porodice, bezemlja\u0161i i Soluna\u0161i su se naselili na otetu zemlju Bo\u0161njaka.Do\u0161lo je do nagle promjene demografske i vlasni\u010dke strukture stanovni\u0161tva.Kao ilustratori navode se pokazatelji da ni jedna srpska porodica do 1878.godine nije bila vlasnik zemlji\u0161nog posjeda u Lijev\u010de Polju kraj Banjaluke.<\/p>\n<p>Tek poslije agrarne reforme 1918-1919.godine intenzivno se vr\u0161i naseljavanje srpskog \u017eivlja u Banjaluci.Prema prvom popisu stanovni\u0161tva u Bosni i Hercegovini 1910.godine za vrijeme Austrougarske, prema vjerskoj strukturi stanovni\u0161tva u gradu Banjaluci, Bo\u0161njaci muslimani su bili apsolutna ve\u0107ina stanovni\u0161tva sa 67,7%, dok ostali procenat stanovni\u0161tva otpada na Srbe, Hrvate, Crnogorce i dr.Iz navedenog procenta se mo\u017ee zaklju\u010diti da Banja Luka nikad nije bila srpski grad, kako tvrde dana\u0161nji srpski statisti\u010dari.<\/p>\n<p>Srpski \u017eivalj u Banjaluku se po\u010deo doseljavati krajem 19.i po\u010detkom 20.stolje\u0107a.Nagli porast srpskog \u017eivlja nastaje nakon sprovedene u djelo agrarne reforme 1918-1919.kao i one tokom 1946.godine.Uz sve to, pove\u0107anju srpskog \u017eivlja u Banjaluci doprinijelo je i stacioniranje korpusa JNA, sa preko 25.000 vojnika i oficira, koji su uglavnom bili iz Srbije i Crne Gore, koji su mahom dobijali stanove za svoje porodice poslije zemljotresa iz 1969.godine.Proces nasilne promjene stanovni\u0161tva vr\u0161i se sistematski od uspostave Kraljevine SHS pa traje sve do danas, ne bil\u2019 se Banja Luka prikazala<br \/>\nsrpskim gradom.Ali sve do 1992.godine i genocida te etni\u010dkog \u010di\u0161\u0107enja Bo\u0161njaka muslimana iz ovog grada srpski \u017eivalj nije bio ve\u0107ina u njemu.<\/p>\n<p>Pogledajte vijest na izvornom sajtu:<\/p>\n<p><a href=\"https:\/\/bosnapress.net\/banja-luka-nikad-nije-bila-srpski-grad\/\" target=\"_blank\">Banja Luka nikad nije bila srpski grad<\/a><\/p>\n","protected":false},"excerpt":{"rendered":"<p>Banja Luka nikad nije bila srpski grad. Potkraj agrarne reforme1918-1919.godine, kojom je na temelju diskriminatorskog zakona oduzeta zemlja Bo\u0161njacima, kori\u0161tene su i teroristi\u010dke metode kao poznati \u201cMar\u0161 smrti\u201d iz 1919.godine u kojem su masovno u\u010destvovali Bo\u0161njaci iz Lijev\u010de Polja kraj Banjaluke.U tom vremenu na njegovim plodnim prostorima \u017eivjelo je oko 50.000 Bo\u0161njaka muslimana, od kojih [&hellip;]<\/p>\n","protected":false},"author":83,"featured_media":222310,"comment_status":"open","ping_status":"open","sticky":false,"template":"","format":"standard","meta":{"footnotes":""},"categories":[10513],"tags":[10466],"class_list":{"0":"post-222309","1":"post","2":"type-post","3":"status-publish","4":"format-standard","5":"has-post-thumbnail","7":"category-bosna-press","8":"tag-bosna-i-hercegovina"},"yoast_head":"<!-- This site is optimized with the Yoast SEO Premium plugin v23.1 (Yoast SEO v24.9) - https:\/\/yoast.com\/wordpress\/plugins\/seo\/ -->\n<title>Banja Luka nikad nije bila srpski grad<\/title>\n<meta name=\"robots\" content=\"index, follow, max-snippet:-1, max-image-preview:large, max-video-preview:-1\" \/>\n<link rel=\"canonical\" href=\"https:\/\/sandzakpress.net\/arhiva\/banja-luka-nikad-nije-bila-srpski-grad\/\" \/>\n<meta property=\"og:locale\" content=\"bs_BA\" \/>\n<meta property=\"og:type\" content=\"article\" \/>\n<meta property=\"og:title\" content=\"Banja Luka nikad nije bila srpski grad\" \/>\n<meta property=\"og:description\" content=\"Banja Luka nikad nije bila srpski grad. Potkraj agrarne reforme1918-1919.godine, kojom je na temelju diskriminatorskog zakona oduzeta zemlja Bo\u0161njacima, kori\u0161tene su i teroristi\u010dke metode kao poznati \u201cMar\u0161 smrti\u201d iz 1919.godine u kojem su masovno u\u010destvovali Bo\u0161njaci iz Lijev\u010de Polja kraj Banjaluke.U tom vremenu na njegovim plodnim prostorima \u017eivjelo je oko 50.000 Bo\u0161njaka muslimana, od kojih [&hellip;]\" \/>\n<meta property=\"og:url\" content=\"https:\/\/sandzakpress.net\/arhiva\/banja-luka-nikad-nije-bila-srpski-grad\/\" \/>\n<meta property=\"og:site_name\" content=\"Sand\u017eak PRESS\" \/>\n<meta property=\"article:published_time\" content=\"2019-04-25T21:40:45+00:00\" \/>\n<meta property=\"og:image\" content=\"https:\/\/sandzakpress.net\/arhiva\/wp-content\/uploads\/2019\/04\/FB_IMG_1556228357640-1.jpg\" \/>\n\t<meta property=\"og:image:width\" content=\"720\" \/>\n\t<meta property=\"og:image:height\" content=\"435\" \/>\n\t<meta property=\"og:image:type\" content=\"image\/jpeg\" \/>\n<meta name=\"author\" content=\"bosniak\" \/>\n<meta name=\"twitter:card\" content=\"summary_large_image\" \/>\n<meta name=\"twitter:label1\" content=\"Written by\" \/>\n\t<meta name=\"twitter:data1\" content=\"bosniak\" \/>\n\t<meta name=\"twitter:label2\" content=\"Est. reading time\" \/>\n\t<meta name=\"twitter:data2\" content=\"2 minute\" \/>\n<script type=\"application\/ld+json\" class=\"yoast-schema-graph\">{\"@context\":\"https:\/\/schema.org\",\"@graph\":[{\"@type\":\"Article\",\"@id\":\"https:\/\/sandzakpress.net\/arhiva\/banja-luka-nikad-nije-bila-srpski-grad\/#article\",\"isPartOf\":{\"@id\":\"https:\/\/sandzakpress.net\/arhiva\/banja-luka-nikad-nije-bila-srpski-grad\/\"},\"author\":{\"name\":\"bosniak\",\"@id\":\"https:\/\/sandzakpress.net\/arhiva\/#\/schema\/person\/c8baee722073534b583ea7bdb2e36c02\"},\"headline\":\"Banja Luka nikad nije bila srpski grad\",\"datePublished\":\"2019-04-25T21:40:45+00:00\",\"mainEntityOfPage\":{\"@id\":\"https:\/\/sandzakpress.net\/arhiva\/banja-luka-nikad-nije-bila-srpski-grad\/\"},\"wordCount\":417,\"commentCount\":0,\"publisher\":{\"@id\":\"https:\/\/sandzakpress.net\/arhiva\/#\/schema\/person\/6e72b67d6e51910a1117b3b483ba20bd\"},\"image\":{\"@id\":\"https:\/\/sandzakpress.net\/arhiva\/banja-luka-nikad-nije-bila-srpski-grad\/#primaryimage\"},\"thumbnailUrl\":\"https:\/\/sandzakpress.net\/arhiva\/wp-content\/uploads\/2019\/04\/FB_IMG_1556228357640-1.jpg\",\"keywords\":[\"Bosna i Hercegovina\"],\"articleSection\":[\"Bosna PRESS\"],\"inLanguage\":\"bs-BA\",\"potentialAction\":[{\"@type\":\"CommentAction\",\"name\":\"Comment\",\"target\":[\"https:\/\/sandzakpress.net\/arhiva\/banja-luka-nikad-nije-bila-srpski-grad\/#respond\"]}]},{\"@type\":\"WebPage\",\"@id\":\"https:\/\/sandzakpress.net\/arhiva\/banja-luka-nikad-nije-bila-srpski-grad\/\",\"url\":\"https:\/\/sandzakpress.net\/arhiva\/banja-luka-nikad-nije-bila-srpski-grad\/\",\"name\":\"Banja Luka nikad nije bila srpski grad\",\"isPartOf\":{\"@id\":\"https:\/\/sandzakpress.net\/arhiva\/#website\"},\"primaryImageOfPage\":{\"@id\":\"https:\/\/sandzakpress.net\/arhiva\/banja-luka-nikad-nije-bila-srpski-grad\/#primaryimage\"},\"image\":{\"@id\":\"https:\/\/sandzakpress.net\/arhiva\/banja-luka-nikad-nije-bila-srpski-grad\/#primaryimage\"},\"thumbnailUrl\":\"https:\/\/sandzakpress.net\/arhiva\/wp-content\/uploads\/2019\/04\/FB_IMG_1556228357640-1.jpg\",\"datePublished\":\"2019-04-25T21:40:45+00:00\",\"breadcrumb\":{\"@id\":\"https:\/\/sandzakpress.net\/arhiva\/banja-luka-nikad-nije-bila-srpski-grad\/#breadcrumb\"},\"inLanguage\":\"bs-BA\",\"potentialAction\":[{\"@type\":\"ReadAction\",\"target\":[\"https:\/\/sandzakpress.net\/arhiva\/banja-luka-nikad-nije-bila-srpski-grad\/\"]}]},{\"@type\":\"ImageObject\",\"inLanguage\":\"bs-BA\",\"@id\":\"https:\/\/sandzakpress.net\/arhiva\/banja-luka-nikad-nije-bila-srpski-grad\/#primaryimage\",\"url\":\"https:\/\/sandzakpress.net\/arhiva\/wp-content\/uploads\/2019\/04\/FB_IMG_1556228357640-1.jpg\",\"contentUrl\":\"https:\/\/sandzakpress.net\/arhiva\/wp-content\/uploads\/2019\/04\/FB_IMG_1556228357640-1.jpg\",\"width\":720,\"height\":435},{\"@type\":\"BreadcrumbList\",\"@id\":\"https:\/\/sandzakpress.net\/arhiva\/banja-luka-nikad-nije-bila-srpski-grad\/#breadcrumb\",\"itemListElement\":[{\"@type\":\"ListItem\",\"position\":1,\"name\":\"Home\",\"item\":\"https:\/\/sandzakpress.net\/arhiva\/\"},{\"@type\":\"ListItem\",\"position\":2,\"name\":\"Banja Luka nikad nije bila srpski grad\"}]},{\"@type\":\"WebSite\",\"@id\":\"https:\/\/sandzakpress.net\/arhiva\/#website\",\"url\":\"https:\/\/sandzakpress.net\/arhiva\/\",\"name\":\"Sand\u017eak PRESS\",\"description\":\"Prve elektronske novine u Sand\u017eaku\",\"publisher\":{\"@id\":\"https:\/\/sandzakpress.net\/arhiva\/#\/schema\/person\/6e72b67d6e51910a1117b3b483ba20bd\"},\"potentialAction\":[{\"@type\":\"SearchAction\",\"target\":{\"@type\":\"EntryPoint\",\"urlTemplate\":\"https:\/\/sandzakpress.net\/arhiva\/?s={search_term_string}\"},\"query-input\":{\"@type\":\"PropertyValueSpecification\",\"valueRequired\":true,\"valueName\":\"search_term_string\"}}],\"inLanguage\":\"bs-BA\"},{\"@type\":[\"Person\",\"Organization\"],\"@id\":\"https:\/\/sandzakpress.net\/arhiva\/#\/schema\/person\/6e72b67d6e51910a1117b3b483ba20bd\",\"name\":\"Kul\",\"image\":{\"@type\":\"ImageObject\",\"inLanguage\":\"bs-BA\",\"@id\":\"https:\/\/sandzakpress.net\/arhiva\/#\/schema\/person\/image\/\",\"url\":\"https:\/\/secure.gravatar.com\/avatar\/42263f39aa27ac04c43cab85c280eb2e?s=96&d=mm&r=pg\",\"contentUrl\":\"https:\/\/secure.gravatar.com\/avatar\/42263f39aa27ac04c43cab85c280eb2e?s=96&d=mm&r=pg\",\"caption\":\"Kul\"},\"logo\":{\"@id\":\"https:\/\/sandzakpress.net\/arhiva\/#\/schema\/person\/image\/\"}},{\"@type\":\"Person\",\"@id\":\"https:\/\/sandzakpress.net\/arhiva\/#\/schema\/person\/c8baee722073534b583ea7bdb2e36c02\",\"name\":\"bosniak\",\"image\":{\"@type\":\"ImageObject\",\"inLanguage\":\"bs-BA\",\"@id\":\"https:\/\/sandzakpress.net\/arhiva\/#\/schema\/person\/image\/\",\"url\":\"https:\/\/secure.gravatar.com\/avatar\/a04fd330bfe3a36a72a0ad4a6d89fca7?s=96&d=mm&r=pg\",\"contentUrl\":\"https:\/\/secure.gravatar.com\/avatar\/a04fd330bfe3a36a72a0ad4a6d89fca7?s=96&d=mm&r=pg\",\"caption\":\"bosniak\"},\"url\":\"https:\/\/sandzakpress.net\/arhiva\/author\/bosniak\/\"}]}<\/script>\n<!-- \/ Yoast SEO Premium plugin. -->","yoast_head_json":{"title":"Banja Luka nikad nije bila srpski grad","robots":{"index":"index","follow":"follow","max-snippet":"max-snippet:-1","max-image-preview":"max-image-preview:large","max-video-preview":"max-video-preview:-1"},"canonical":"https:\/\/sandzakpress.net\/arhiva\/banja-luka-nikad-nije-bila-srpski-grad\/","og_locale":"bs_BA","og_type":"article","og_title":"Banja Luka nikad nije bila srpski grad","og_description":"Banja Luka nikad nije bila srpski grad. Potkraj agrarne reforme1918-1919.godine, kojom je na temelju diskriminatorskog zakona oduzeta zemlja Bo\u0161njacima, kori\u0161tene su i teroristi\u010dke metode kao poznati \u201cMar\u0161 smrti\u201d iz 1919.godine u kojem su masovno u\u010destvovali Bo\u0161njaci iz Lijev\u010de Polja kraj Banjaluke.U tom vremenu na njegovim plodnim prostorima \u017eivjelo je oko 50.000 Bo\u0161njaka muslimana, od kojih [&hellip;]","og_url":"https:\/\/sandzakpress.net\/arhiva\/banja-luka-nikad-nije-bila-srpski-grad\/","og_site_name":"Sand\u017eak PRESS","article_published_time":"2019-04-25T21:40:45+00:00","og_image":[{"width":720,"height":435,"url":"https:\/\/sandzakpress.net\/arhiva\/wp-content\/uploads\/2019\/04\/FB_IMG_1556228357640-1.jpg","type":"image\/jpeg"}],"author":"bosniak","twitter_card":"summary_large_image","twitter_misc":{"Written by":"bosniak","Est. reading time":"2 minute"},"schema":{"@context":"https:\/\/schema.org","@graph":[{"@type":"Article","@id":"https:\/\/sandzakpress.net\/arhiva\/banja-luka-nikad-nije-bila-srpski-grad\/#article","isPartOf":{"@id":"https:\/\/sandzakpress.net\/arhiva\/banja-luka-nikad-nije-bila-srpski-grad\/"},"author":{"name":"bosniak","@id":"https:\/\/sandzakpress.net\/arhiva\/#\/schema\/person\/c8baee722073534b583ea7bdb2e36c02"},"headline":"Banja Luka nikad nije bila srpski grad","datePublished":"2019-04-25T21:40:45+00:00","mainEntityOfPage":{"@id":"https:\/\/sandzakpress.net\/arhiva\/banja-luka-nikad-nije-bila-srpski-grad\/"},"wordCount":417,"commentCount":0,"publisher":{"@id":"https:\/\/sandzakpress.net\/arhiva\/#\/schema\/person\/6e72b67d6e51910a1117b3b483ba20bd"},"image":{"@id":"https:\/\/sandzakpress.net\/arhiva\/banja-luka-nikad-nije-bila-srpski-grad\/#primaryimage"},"thumbnailUrl":"https:\/\/sandzakpress.net\/arhiva\/wp-content\/uploads\/2019\/04\/FB_IMG_1556228357640-1.jpg","keywords":["Bosna i Hercegovina"],"articleSection":["Bosna PRESS"],"inLanguage":"bs-BA","potentialAction":[{"@type":"CommentAction","name":"Comment","target":["https:\/\/sandzakpress.net\/arhiva\/banja-luka-nikad-nije-bila-srpski-grad\/#respond"]}]},{"@type":"WebPage","@id":"https:\/\/sandzakpress.net\/arhiva\/banja-luka-nikad-nije-bila-srpski-grad\/","url":"https:\/\/sandzakpress.net\/arhiva\/banja-luka-nikad-nije-bila-srpski-grad\/","name":"Banja Luka nikad nije bila srpski grad","isPartOf":{"@id":"https:\/\/sandzakpress.net\/arhiva\/#website"},"primaryImageOfPage":{"@id":"https:\/\/sandzakpress.net\/arhiva\/banja-luka-nikad-nije-bila-srpski-grad\/#primaryimage"},"image":{"@id":"https:\/\/sandzakpress.net\/arhiva\/banja-luka-nikad-nije-bila-srpski-grad\/#primaryimage"},"thumbnailUrl":"https:\/\/sandzakpress.net\/arhiva\/wp-content\/uploads\/2019\/04\/FB_IMG_1556228357640-1.jpg","datePublished":"2019-04-25T21:40:45+00:00","breadcrumb":{"@id":"https:\/\/sandzakpress.net\/arhiva\/banja-luka-nikad-nije-bila-srpski-grad\/#breadcrumb"},"inLanguage":"bs-BA","potentialAction":[{"@type":"ReadAction","target":["https:\/\/sandzakpress.net\/arhiva\/banja-luka-nikad-nije-bila-srpski-grad\/"]}]},{"@type":"ImageObject","inLanguage":"bs-BA","@id":"https:\/\/sandzakpress.net\/arhiva\/banja-luka-nikad-nije-bila-srpski-grad\/#primaryimage","url":"https:\/\/sandzakpress.net\/arhiva\/wp-content\/uploads\/2019\/04\/FB_IMG_1556228357640-1.jpg","contentUrl":"https:\/\/sandzakpress.net\/arhiva\/wp-content\/uploads\/2019\/04\/FB_IMG_1556228357640-1.jpg","width":720,"height":435},{"@type":"BreadcrumbList","@id":"https:\/\/sandzakpress.net\/arhiva\/banja-luka-nikad-nije-bila-srpski-grad\/#breadcrumb","itemListElement":[{"@type":"ListItem","position":1,"name":"Home","item":"https:\/\/sandzakpress.net\/arhiva\/"},{"@type":"ListItem","position":2,"name":"Banja Luka nikad nije bila srpski grad"}]},{"@type":"WebSite","@id":"https:\/\/sandzakpress.net\/arhiva\/#website","url":"https:\/\/sandzakpress.net\/arhiva\/","name":"Sand\u017eak PRESS","description":"Prve elektronske novine u Sand\u017eaku","publisher":{"@id":"https:\/\/sandzakpress.net\/arhiva\/#\/schema\/person\/6e72b67d6e51910a1117b3b483ba20bd"},"potentialAction":[{"@type":"SearchAction","target":{"@type":"EntryPoint","urlTemplate":"https:\/\/sandzakpress.net\/arhiva\/?s={search_term_string}"},"query-input":{"@type":"PropertyValueSpecification","valueRequired":true,"valueName":"search_term_string"}}],"inLanguage":"bs-BA"},{"@type":["Person","Organization"],"@id":"https:\/\/sandzakpress.net\/arhiva\/#\/schema\/person\/6e72b67d6e51910a1117b3b483ba20bd","name":"Kul","image":{"@type":"ImageObject","inLanguage":"bs-BA","@id":"https:\/\/sandzakpress.net\/arhiva\/#\/schema\/person\/image\/","url":"https:\/\/secure.gravatar.com\/avatar\/42263f39aa27ac04c43cab85c280eb2e?s=96&d=mm&r=pg","contentUrl":"https:\/\/secure.gravatar.com\/avatar\/42263f39aa27ac04c43cab85c280eb2e?s=96&d=mm&r=pg","caption":"Kul"},"logo":{"@id":"https:\/\/sandzakpress.net\/arhiva\/#\/schema\/person\/image\/"}},{"@type":"Person","@id":"https:\/\/sandzakpress.net\/arhiva\/#\/schema\/person\/c8baee722073534b583ea7bdb2e36c02","name":"bosniak","image":{"@type":"ImageObject","inLanguage":"bs-BA","@id":"https:\/\/sandzakpress.net\/arhiva\/#\/schema\/person\/image\/","url":"https:\/\/secure.gravatar.com\/avatar\/a04fd330bfe3a36a72a0ad4a6d89fca7?s=96&d=mm&r=pg","contentUrl":"https:\/\/secure.gravatar.com\/avatar\/a04fd330bfe3a36a72a0ad4a6d89fca7?s=96&d=mm&r=pg","caption":"bosniak"},"url":"https:\/\/sandzakpress.net\/arhiva\/author\/bosniak\/"}]}},"_links":{"self":[{"href":"https:\/\/sandzakpress.net\/arhiva\/wp-json\/wp\/v2\/posts\/222309"}],"collection":[{"href":"https:\/\/sandzakpress.net\/arhiva\/wp-json\/wp\/v2\/posts"}],"about":[{"href":"https:\/\/sandzakpress.net\/arhiva\/wp-json\/wp\/v2\/types\/post"}],"author":[{"embeddable":true,"href":"https:\/\/sandzakpress.net\/arhiva\/wp-json\/wp\/v2\/users\/83"}],"replies":[{"embeddable":true,"href":"https:\/\/sandzakpress.net\/arhiva\/wp-json\/wp\/v2\/comments?post=222309"}],"version-history":[{"count":0,"href":"https:\/\/sandzakpress.net\/arhiva\/wp-json\/wp\/v2\/posts\/222309\/revisions"}],"wp:featuredmedia":[{"embeddable":true,"href":"https:\/\/sandzakpress.net\/arhiva\/wp-json\/wp\/v2\/media\/222310"}],"wp:attachment":[{"href":"https:\/\/sandzakpress.net\/arhiva\/wp-json\/wp\/v2\/media?parent=222309"}],"wp:term":[{"taxonomy":"category","embeddable":true,"href":"https:\/\/sandzakpress.net\/arhiva\/wp-json\/wp\/v2\/categories?post=222309"},{"taxonomy":"post_tag","embeddable":true,"href":"https:\/\/sandzakpress.net\/arhiva\/wp-json\/wp\/v2\/tags?post=222309"}],"curies":[{"name":"wp","href":"https:\/\/api.w.org\/{rel}","templated":true}]}}