{"id":222258,"date":"2019-04-25T13:41:00","date_gmt":"2019-04-25T11:41:00","guid":{"rendered":"https:\/\/sandzakpress.net\/arhiva\/?p=222258"},"modified":"2019-04-25T13:41:00","modified_gmt":"2019-04-25T11:41:00","slug":"odbornici-spp-a-postavljali-pitanja-o-radu-javnih-preduzeca","status":"publish","type":"post","link":"https:\/\/sandzakpress.net\/arhiva\/odbornici-spp-a-postavljali-pitanja-o-radu-javnih-preduzeca\/","title":{"rendered":"Odbornici SPP-a postavljali pitanja o radu javnih preduze\u0107a"},"content":{"rendered":"<p><img decoding=\"async\" src=\"http:\/\/sanapress.info\/wp-content\/uploads\/2019\/04\/SPP-1024x768.jpg\" \/><\/p>\n<p><strong>Prije prekida skup\u0161tinskog zasijedanja odbornici su raspravljali o godi\u0161njim izvje\u0161tajima rada preduze\u0107a i ustanova \u010diji je osniva\u010d grado Novi Pazar tokom u 2018. godine.<\/strong><\/p>\n<p>Odbornici Stranke pravde i pomirenja komentarisali su rad javnih preduze\u0107a isti\u010du\u0107i stvari koje su dobro ura\u0111ene ali su ukazali i na propuste koji su napravljeni u toku 2018. godine.<\/p>\n<p><iframe loading=\"lazy\" title=\"Odbornici SPP-a o radu javnih preduze\u0107a\" width=\"696\" height=\"392\" src=\"https:\/\/www.youtube.com\/embed\/YBNc7zT6CEE?feature=oembed\" frameborder=\"0\" allow=\"accelerometer; autoplay; encrypted-media; gyroscope; picture-in-picture\" allowfullscreen><\/iframe><\/p>\n<p>\u201c\u0160to se ti\u010de gradske toplane volio bih da \u010dujem ako je mogu\u0107e od nekoga ko ima takva saznanja, dokle se stiglo sa projektom izgradnje toplane na biomasu. Kao \u0161to je poznato na\u0161a toplana danas funkcioni\u0161e na fosilna goriva \u0161to je jako \u0161tetno i otrovno, mi znamo da je vazduh u Novom Pazaru veoma \u0161tetan i da imamo 50 000 registrovanih vozila, plus vozila sa strane \u0161to sigurno ugro\u017eava zdravlje na\u0161ih gra\u0111ana, tako da sam projekat i ideju izgradnje toplane na biomasu mi podr\u017eavamo, znamo da postoje donacije od Njema\u010dke razvojne banke kao i od \u0160vajcarske Vlade, bilo je nekih najava da \u0107e to biti na prolje\u0107e tako da ako mo\u017ee izvestilac ili neko iz gradske uprave da nas obavjesti dokle se stiglo sa tim projektom.\u201d\u00a0kazao je Edin \u0110erlek.<\/p>\n<p>\u201c\u0160ta je sa nadgrobnim spomenicima koji su uklonjeni sa groblja u Novom Pazaru, gdje se nalaze ti nadgrobni spomenici i iz kojih razloga mi upravo se bavimo kulturnim zaboravom, odnosno uklanjamo nadgrobne spomenike i zaboravljamo one ljude koji su stolje\u0107ima dio na\u0161e kulture i tradicije\u201d\u00a0istakla dr. Amela Luka\u010d-Zorani\u0107<\/p>\n<p>\u201cPrimetan je nedostatak kontenjera i kanti za otpad u na\u0161em gradu i vrlo \u010desto to jeste neopravdan izgovor za nesavjesne gra\u0111ane da bacaju otpad na ulice, na divlje deponije u gradu, u rijeke itd., tako da i taj argumenat treba rije\u0161iti kako bismo omogu\u0107ili da na\u0161 grad bude \u010distiji i ljep\u0161i.\u201d\u00a0poru\u010duje Sead Red\u017eovi\u0107.<\/p>\n<p>\u201cOve zime je iz na\u0161eg grada po dru\u0161tvenim mre\u017eama smo to mogli vidjeti, oti\u0161la jedna jako ru\u017ena slika gdje na radnik sa nekog vozila sjedi i ru\u010dno baca so u samom centru grada, na kru\u017enom toku. Razumijem da su vjerovatno uslovi te\u0161ki, \u010duli smo da radite na obnovi mehanizacije ali mislim za imid\u017e grada a posebno evropskog Novog Pazara, da to nimalo nije lijepa slika.\u201d\u00a0 kazala je\u00a0dr. Misala Pramenkovi\u0107<\/p>\n<p>\u201cIzgradnja i odr\u017eavanje lokalnih puteva, trgova i gradskih saobra\u0107ajnica, pa onda pi\u0161e da se u Selakovcu u 2018. godini vr\u0161ilo planiranje grejderom u du\u017eini od 5000 metara, zatim iberlaufom u kubika\u017ei od 108 kubika ali ovdje nemamo nigdje da je nasipan tampon i da nije navla\u010den asfalt. Sli\u010dnu situaciju imamo za Had\u017eet, ka\u017ee se da je na Had\u017eetu kultivisano nekih 100 metara du\u017enih i da je na tih 100 metara stavljeno 21 kubik iberlaufa a da je vr\u0161eno ravnanje 500 metara du\u017enih, interesuje me kako se je moglo na 100 metara du\u017enih ure\u0111enja neke ulice vr\u0161iti 500 metara ravnanja grejderom, nekako mi se to ne poklapa, to je nekakva gre\u0161ka ili ja ne umijem da \u010ditam ove izvje\u0161taje, ili su ove tabele popisane na neki na\u010din da i treba da budu nerazumljive.\u201d\u00a0isti\u010de Edin Ze\u0107irovi\u0107.<\/p>\n<p>Kada skup\u0161tinsko zasijedanje bude nastavljeno pred odbornicima \u0107e se na\u0107i jo\u0161 40 ta\u010daka Dnevnog reda.<\/p>\n","protected":false},"excerpt":{"rendered":"<p>Prije prekida skup\u0161tinskog zasijedanja odbornici su raspravljali o godi\u0161njim izvje\u0161tajima rada preduze\u0107a i ustanova \u010diji je osniva\u010d grado Novi Pazar tokom u 2018. godine. Odbornici Stranke pravde i pomirenja komentarisali su rad javnih preduze\u0107a isti\u010du\u0107i stvari koje su dobro ura\u0111ene ali su ukazali i na propuste koji su napravljeni u toku 2018. godine. \u201c\u0160to se [&hellip;]<\/p>\n","protected":false},"author":509,"featured_media":222261,"comment_status":"open","ping_status":"open","sticky":false,"template":"","format":"standard","meta":{"footnotes":""},"categories":[72,1,8957],"tags":[],"class_list":{"0":"post-222258","1":"post","2":"type-post","3":"status-publish","4":"format-standard","5":"has-post-thumbnail","7":"category-novi-pazar","8":"category-politika","9":"category-vijesti-dana"},"yoast_head":"<!-- This site is optimized with the Yoast SEO Premium plugin v23.1 (Yoast SEO v24.9) - https:\/\/yoast.com\/wordpress\/plugins\/seo\/ -->\n<title>Odbornici SPP-a postavljali pitanja o radu javnih preduze\u0107a<\/title>\n<meta name=\"robots\" content=\"index, follow, max-snippet:-1, max-image-preview:large, max-video-preview:-1\" \/>\n<link rel=\"canonical\" href=\"https:\/\/sandzakpress.net\/arhiva\/odbornici-spp-a-postavljali-pitanja-o-radu-javnih-preduzeca\/\" \/>\n<meta property=\"og:locale\" content=\"bs_BA\" \/>\n<meta property=\"og:type\" content=\"article\" \/>\n<meta property=\"og:title\" content=\"Odbornici SPP-a postavljali pitanja o radu javnih preduze\u0107a\" \/>\n<meta property=\"og:description\" content=\"Prije prekida skup\u0161tinskog zasijedanja odbornici su raspravljali o godi\u0161njim izvje\u0161tajima rada preduze\u0107a i ustanova \u010diji je osniva\u010d grado Novi Pazar tokom u 2018. godine. Odbornici Stranke pravde i pomirenja komentarisali su rad javnih preduze\u0107a isti\u010du\u0107i stvari koje su dobro ura\u0111ene ali su ukazali i na propuste koji su napravljeni u toku 2018. godine. \u201c\u0160to se [&hellip;]\" \/>\n<meta property=\"og:url\" content=\"https:\/\/sandzakpress.net\/arhiva\/odbornici-spp-a-postavljali-pitanja-o-radu-javnih-preduzeca\/\" \/>\n<meta property=\"og:site_name\" content=\"Sand\u017eak PRESS\" \/>\n<meta property=\"article:published_time\" content=\"2019-04-25T11:41:00+00:00\" \/>\n<meta property=\"og:image\" content=\"https:\/\/sandzakpress.net\/arhiva\/wp-content\/uploads\/2019\/04\/SPP-1024x768.jpg\" \/>\n\t<meta property=\"og:image:width\" content=\"1024\" \/>\n\t<meta property=\"og:image:height\" content=\"768\" \/>\n\t<meta property=\"og:image:type\" content=\"image\/jpeg\" \/>\n<meta name=\"author\" content=\"Agencija\" \/>\n<meta name=\"twitter:card\" content=\"summary_large_image\" \/>\n<meta name=\"twitter:label1\" content=\"Written by\" \/>\n\t<meta name=\"twitter:data1\" content=\"Agencija\" \/>\n\t<meta name=\"twitter:label2\" content=\"Est. reading time\" \/>\n\t<meta name=\"twitter:data2\" content=\"3 minute\" \/>\n<script type=\"application\/ld+json\" class=\"yoast-schema-graph\">{\"@context\":\"https:\/\/schema.org\",\"@graph\":[{\"@type\":\"Article\",\"@id\":\"https:\/\/sandzakpress.net\/arhiva\/odbornici-spp-a-postavljali-pitanja-o-radu-javnih-preduzeca\/#article\",\"isPartOf\":{\"@id\":\"https:\/\/sandzakpress.net\/arhiva\/odbornici-spp-a-postavljali-pitanja-o-radu-javnih-preduzeca\/\"},\"author\":{\"name\":\"Agencija\",\"@id\":\"https:\/\/sandzakpress.net\/arhiva\/#\/schema\/person\/cb59d7e3ab91ab90dd680ad0305a6185\"},\"headline\":\"Odbornici SPP-a postavljali pitanja o radu javnih preduze\u0107a\",\"datePublished\":\"2019-04-25T11:41:00+00:00\",\"mainEntityOfPage\":{\"@id\":\"https:\/\/sandzakpress.net\/arhiva\/odbornici-spp-a-postavljali-pitanja-o-radu-javnih-preduzeca\/\"},\"wordCount\":568,\"commentCount\":0,\"publisher\":{\"@id\":\"https:\/\/sandzakpress.net\/arhiva\/#\/schema\/person\/6e72b67d6e51910a1117b3b483ba20bd\"},\"image\":{\"@id\":\"https:\/\/sandzakpress.net\/arhiva\/odbornici-spp-a-postavljali-pitanja-o-radu-javnih-preduzeca\/#primaryimage\"},\"thumbnailUrl\":\"https:\/\/sandzakpress.net\/arhiva\/wp-content\/uploads\/2019\/04\/SPP-1024x768.jpg\",\"articleSection\":[\"Novi Pazar\",\"Politika\",\"VIJESTI DANA\"],\"inLanguage\":\"bs-BA\",\"potentialAction\":[{\"@type\":\"CommentAction\",\"name\":\"Comment\",\"target\":[\"https:\/\/sandzakpress.net\/arhiva\/odbornici-spp-a-postavljali-pitanja-o-radu-javnih-preduzeca\/#respond\"]}]},{\"@type\":\"WebPage\",\"@id\":\"https:\/\/sandzakpress.net\/arhiva\/odbornici-spp-a-postavljali-pitanja-o-radu-javnih-preduzeca\/\",\"url\":\"https:\/\/sandzakpress.net\/arhiva\/odbornici-spp-a-postavljali-pitanja-o-radu-javnih-preduzeca\/\",\"name\":\"Odbornici SPP-a postavljali pitanja o radu javnih preduze\u0107a\",\"isPartOf\":{\"@id\":\"https:\/\/sandzakpress.net\/arhiva\/#website\"},\"primaryImageOfPage\":{\"@id\":\"https:\/\/sandzakpress.net\/arhiva\/odbornici-spp-a-postavljali-pitanja-o-radu-javnih-preduzeca\/#primaryimage\"},\"image\":{\"@id\":\"https:\/\/sandzakpress.net\/arhiva\/odbornici-spp-a-postavljali-pitanja-o-radu-javnih-preduzeca\/#primaryimage\"},\"thumbnailUrl\":\"https:\/\/sandzakpress.net\/arhiva\/wp-content\/uploads\/2019\/04\/SPP-1024x768.jpg\",\"datePublished\":\"2019-04-25T11:41:00+00:00\",\"breadcrumb\":{\"@id\":\"https:\/\/sandzakpress.net\/arhiva\/odbornici-spp-a-postavljali-pitanja-o-radu-javnih-preduzeca\/#breadcrumb\"},\"inLanguage\":\"bs-BA\",\"potentialAction\":[{\"@type\":\"ReadAction\",\"target\":[\"https:\/\/sandzakpress.net\/arhiva\/odbornici-spp-a-postavljali-pitanja-o-radu-javnih-preduzeca\/\"]}]},{\"@type\":\"ImageObject\",\"inLanguage\":\"bs-BA\",\"@id\":\"https:\/\/sandzakpress.net\/arhiva\/odbornici-spp-a-postavljali-pitanja-o-radu-javnih-preduzeca\/#primaryimage\",\"url\":\"https:\/\/sandzakpress.net\/arhiva\/wp-content\/uploads\/2019\/04\/SPP-1024x768.jpg\",\"contentUrl\":\"https:\/\/sandzakpress.net\/arhiva\/wp-content\/uploads\/2019\/04\/SPP-1024x768.jpg\",\"width\":1024,\"height\":768},{\"@type\":\"BreadcrumbList\",\"@id\":\"https:\/\/sandzakpress.net\/arhiva\/odbornici-spp-a-postavljali-pitanja-o-radu-javnih-preduzeca\/#breadcrumb\",\"itemListElement\":[{\"@type\":\"ListItem\",\"position\":1,\"name\":\"Home\",\"item\":\"https:\/\/sandzakpress.net\/arhiva\/\"},{\"@type\":\"ListItem\",\"position\":2,\"name\":\"Odbornici SPP-a postavljali pitanja o radu javnih preduze\u0107a\"}]},{\"@type\":\"WebSite\",\"@id\":\"https:\/\/sandzakpress.net\/arhiva\/#website\",\"url\":\"https:\/\/sandzakpress.net\/arhiva\/\",\"name\":\"Sand\u017eak PRESS\",\"description\":\"Prve elektronske novine u Sand\u017eaku\",\"publisher\":{\"@id\":\"https:\/\/sandzakpress.net\/arhiva\/#\/schema\/person\/6e72b67d6e51910a1117b3b483ba20bd\"},\"potentialAction\":[{\"@type\":\"SearchAction\",\"target\":{\"@type\":\"EntryPoint\",\"urlTemplate\":\"https:\/\/sandzakpress.net\/arhiva\/?s={search_term_string}\"},\"query-input\":{\"@type\":\"PropertyValueSpecification\",\"valueRequired\":true,\"valueName\":\"search_term_string\"}}],\"inLanguage\":\"bs-BA\"},{\"@type\":[\"Person\",\"Organization\"],\"@id\":\"https:\/\/sandzakpress.net\/arhiva\/#\/schema\/person\/6e72b67d6e51910a1117b3b483ba20bd\",\"name\":\"Kul\",\"image\":{\"@type\":\"ImageObject\",\"inLanguage\":\"bs-BA\",\"@id\":\"https:\/\/sandzakpress.net\/arhiva\/#\/schema\/person\/image\/\",\"url\":\"https:\/\/secure.gravatar.com\/avatar\/42263f39aa27ac04c43cab85c280eb2e?s=96&d=mm&r=pg\",\"contentUrl\":\"https:\/\/secure.gravatar.com\/avatar\/42263f39aa27ac04c43cab85c280eb2e?s=96&d=mm&r=pg\",\"caption\":\"Kul\"},\"logo\":{\"@id\":\"https:\/\/sandzakpress.net\/arhiva\/#\/schema\/person\/image\/\"}},{\"@type\":\"Person\",\"@id\":\"https:\/\/sandzakpress.net\/arhiva\/#\/schema\/person\/cb59d7e3ab91ab90dd680ad0305a6185\",\"name\":\"Agencija\",\"image\":{\"@type\":\"ImageObject\",\"inLanguage\":\"bs-BA\",\"@id\":\"https:\/\/sandzakpress.net\/arhiva\/#\/schema\/person\/image\/\",\"url\":\"https:\/\/secure.gravatar.com\/avatar\/4b7fafa80a22f0c2afe23966b3961fe0?s=96&d=mm&r=pg\",\"contentUrl\":\"https:\/\/secure.gravatar.com\/avatar\/4b7fafa80a22f0c2afe23966b3961fe0?s=96&d=mm&r=pg\",\"caption\":\"Agencija\"},\"url\":\"https:\/\/sandzakpress.net\/arhiva\/author\/agencija\/\"}]}<\/script>\n<!-- \/ Yoast SEO Premium plugin. -->","yoast_head_json":{"title":"Odbornici SPP-a postavljali pitanja o radu javnih preduze\u0107a","robots":{"index":"index","follow":"follow","max-snippet":"max-snippet:-1","max-image-preview":"max-image-preview:large","max-video-preview":"max-video-preview:-1"},"canonical":"https:\/\/sandzakpress.net\/arhiva\/odbornici-spp-a-postavljali-pitanja-o-radu-javnih-preduzeca\/","og_locale":"bs_BA","og_type":"article","og_title":"Odbornici SPP-a postavljali pitanja o radu javnih preduze\u0107a","og_description":"Prije prekida skup\u0161tinskog zasijedanja odbornici su raspravljali o godi\u0161njim izvje\u0161tajima rada preduze\u0107a i ustanova \u010diji je osniva\u010d grado Novi Pazar tokom u 2018. godine. Odbornici Stranke pravde i pomirenja komentarisali su rad javnih preduze\u0107a isti\u010du\u0107i stvari koje su dobro ura\u0111ene ali su ukazali i na propuste koji su napravljeni u toku 2018. godine. \u201c\u0160to se [&hellip;]","og_url":"https:\/\/sandzakpress.net\/arhiva\/odbornici-spp-a-postavljali-pitanja-o-radu-javnih-preduzeca\/","og_site_name":"Sand\u017eak PRESS","article_published_time":"2019-04-25T11:41:00+00:00","og_image":[{"width":1024,"height":768,"url":"https:\/\/sandzakpress.net\/arhiva\/wp-content\/uploads\/2019\/04\/SPP-1024x768.jpg","type":"image\/jpeg"}],"author":"Agencija","twitter_card":"summary_large_image","twitter_misc":{"Written by":"Agencija","Est. reading time":"3 minute"},"schema":{"@context":"https:\/\/schema.org","@graph":[{"@type":"Article","@id":"https:\/\/sandzakpress.net\/arhiva\/odbornici-spp-a-postavljali-pitanja-o-radu-javnih-preduzeca\/#article","isPartOf":{"@id":"https:\/\/sandzakpress.net\/arhiva\/odbornici-spp-a-postavljali-pitanja-o-radu-javnih-preduzeca\/"},"author":{"name":"Agencija","@id":"https:\/\/sandzakpress.net\/arhiva\/#\/schema\/person\/cb59d7e3ab91ab90dd680ad0305a6185"},"headline":"Odbornici SPP-a postavljali pitanja o radu javnih preduze\u0107a","datePublished":"2019-04-25T11:41:00+00:00","mainEntityOfPage":{"@id":"https:\/\/sandzakpress.net\/arhiva\/odbornici-spp-a-postavljali-pitanja-o-radu-javnih-preduzeca\/"},"wordCount":568,"commentCount":0,"publisher":{"@id":"https:\/\/sandzakpress.net\/arhiva\/#\/schema\/person\/6e72b67d6e51910a1117b3b483ba20bd"},"image":{"@id":"https:\/\/sandzakpress.net\/arhiva\/odbornici-spp-a-postavljali-pitanja-o-radu-javnih-preduzeca\/#primaryimage"},"thumbnailUrl":"https:\/\/sandzakpress.net\/arhiva\/wp-content\/uploads\/2019\/04\/SPP-1024x768.jpg","articleSection":["Novi Pazar","Politika","VIJESTI DANA"],"inLanguage":"bs-BA","potentialAction":[{"@type":"CommentAction","name":"Comment","target":["https:\/\/sandzakpress.net\/arhiva\/odbornici-spp-a-postavljali-pitanja-o-radu-javnih-preduzeca\/#respond"]}]},{"@type":"WebPage","@id":"https:\/\/sandzakpress.net\/arhiva\/odbornici-spp-a-postavljali-pitanja-o-radu-javnih-preduzeca\/","url":"https:\/\/sandzakpress.net\/arhiva\/odbornici-spp-a-postavljali-pitanja-o-radu-javnih-preduzeca\/","name":"Odbornici SPP-a postavljali pitanja o radu javnih preduze\u0107a","isPartOf":{"@id":"https:\/\/sandzakpress.net\/arhiva\/#website"},"primaryImageOfPage":{"@id":"https:\/\/sandzakpress.net\/arhiva\/odbornici-spp-a-postavljali-pitanja-o-radu-javnih-preduzeca\/#primaryimage"},"image":{"@id":"https:\/\/sandzakpress.net\/arhiva\/odbornici-spp-a-postavljali-pitanja-o-radu-javnih-preduzeca\/#primaryimage"},"thumbnailUrl":"https:\/\/sandzakpress.net\/arhiva\/wp-content\/uploads\/2019\/04\/SPP-1024x768.jpg","datePublished":"2019-04-25T11:41:00+00:00","breadcrumb":{"@id":"https:\/\/sandzakpress.net\/arhiva\/odbornici-spp-a-postavljali-pitanja-o-radu-javnih-preduzeca\/#breadcrumb"},"inLanguage":"bs-BA","potentialAction":[{"@type":"ReadAction","target":["https:\/\/sandzakpress.net\/arhiva\/odbornici-spp-a-postavljali-pitanja-o-radu-javnih-preduzeca\/"]}]},{"@type":"ImageObject","inLanguage":"bs-BA","@id":"https:\/\/sandzakpress.net\/arhiva\/odbornici-spp-a-postavljali-pitanja-o-radu-javnih-preduzeca\/#primaryimage","url":"https:\/\/sandzakpress.net\/arhiva\/wp-content\/uploads\/2019\/04\/SPP-1024x768.jpg","contentUrl":"https:\/\/sandzakpress.net\/arhiva\/wp-content\/uploads\/2019\/04\/SPP-1024x768.jpg","width":1024,"height":768},{"@type":"BreadcrumbList","@id":"https:\/\/sandzakpress.net\/arhiva\/odbornici-spp-a-postavljali-pitanja-o-radu-javnih-preduzeca\/#breadcrumb","itemListElement":[{"@type":"ListItem","position":1,"name":"Home","item":"https:\/\/sandzakpress.net\/arhiva\/"},{"@type":"ListItem","position":2,"name":"Odbornici SPP-a postavljali pitanja o radu javnih preduze\u0107a"}]},{"@type":"WebSite","@id":"https:\/\/sandzakpress.net\/arhiva\/#website","url":"https:\/\/sandzakpress.net\/arhiva\/","name":"Sand\u017eak PRESS","description":"Prve elektronske novine u Sand\u017eaku","publisher":{"@id":"https:\/\/sandzakpress.net\/arhiva\/#\/schema\/person\/6e72b67d6e51910a1117b3b483ba20bd"},"potentialAction":[{"@type":"SearchAction","target":{"@type":"EntryPoint","urlTemplate":"https:\/\/sandzakpress.net\/arhiva\/?s={search_term_string}"},"query-input":{"@type":"PropertyValueSpecification","valueRequired":true,"valueName":"search_term_string"}}],"inLanguage":"bs-BA"},{"@type":["Person","Organization"],"@id":"https:\/\/sandzakpress.net\/arhiva\/#\/schema\/person\/6e72b67d6e51910a1117b3b483ba20bd","name":"Kul","image":{"@type":"ImageObject","inLanguage":"bs-BA","@id":"https:\/\/sandzakpress.net\/arhiva\/#\/schema\/person\/image\/","url":"https:\/\/secure.gravatar.com\/avatar\/42263f39aa27ac04c43cab85c280eb2e?s=96&d=mm&r=pg","contentUrl":"https:\/\/secure.gravatar.com\/avatar\/42263f39aa27ac04c43cab85c280eb2e?s=96&d=mm&r=pg","caption":"Kul"},"logo":{"@id":"https:\/\/sandzakpress.net\/arhiva\/#\/schema\/person\/image\/"}},{"@type":"Person","@id":"https:\/\/sandzakpress.net\/arhiva\/#\/schema\/person\/cb59d7e3ab91ab90dd680ad0305a6185","name":"Agencija","image":{"@type":"ImageObject","inLanguage":"bs-BA","@id":"https:\/\/sandzakpress.net\/arhiva\/#\/schema\/person\/image\/","url":"https:\/\/secure.gravatar.com\/avatar\/4b7fafa80a22f0c2afe23966b3961fe0?s=96&d=mm&r=pg","contentUrl":"https:\/\/secure.gravatar.com\/avatar\/4b7fafa80a22f0c2afe23966b3961fe0?s=96&d=mm&r=pg","caption":"Agencija"},"url":"https:\/\/sandzakpress.net\/arhiva\/author\/agencija\/"}]}},"_links":{"self":[{"href":"https:\/\/sandzakpress.net\/arhiva\/wp-json\/wp\/v2\/posts\/222258"}],"collection":[{"href":"https:\/\/sandzakpress.net\/arhiva\/wp-json\/wp\/v2\/posts"}],"about":[{"href":"https:\/\/sandzakpress.net\/arhiva\/wp-json\/wp\/v2\/types\/post"}],"author":[{"embeddable":true,"href":"https:\/\/sandzakpress.net\/arhiva\/wp-json\/wp\/v2\/users\/509"}],"replies":[{"embeddable":true,"href":"https:\/\/sandzakpress.net\/arhiva\/wp-json\/wp\/v2\/comments?post=222258"}],"version-history":[{"count":0,"href":"https:\/\/sandzakpress.net\/arhiva\/wp-json\/wp\/v2\/posts\/222258\/revisions"}],"wp:featuredmedia":[{"embeddable":true,"href":"https:\/\/sandzakpress.net\/arhiva\/wp-json\/wp\/v2\/media\/222261"}],"wp:attachment":[{"href":"https:\/\/sandzakpress.net\/arhiva\/wp-json\/wp\/v2\/media?parent=222258"}],"wp:term":[{"taxonomy":"category","embeddable":true,"href":"https:\/\/sandzakpress.net\/arhiva\/wp-json\/wp\/v2\/categories?post=222258"},{"taxonomy":"post_tag","embeddable":true,"href":"https:\/\/sandzakpress.net\/arhiva\/wp-json\/wp\/v2\/tags?post=222258"}],"curies":[{"name":"wp","href":"https:\/\/api.w.org\/{rel}","templated":true}]}}