{"id":222250,"date":"2019-04-24T22:58:08","date_gmt":"2019-04-24T20:58:08","guid":{"rendered":"https:\/\/sandzakpress.net\/arhiva\/kako-da-pripremite-djecu-za-ramazan"},"modified":"2019-04-24T22:58:08","modified_gmt":"2019-04-24T20:58:08","slug":"kako-da-pripremite-djecu-za-ramazan","status":"publish","type":"post","link":"https:\/\/sandzakpress.net\/arhiva\/kako-da-pripremite-djecu-za-ramazan\/","title":{"rendered":"Kako da pripremite djecu za ramazan"},"content":{"rendered":"<p><span class=\"cb-itemprop\"><\/p>\n<p><strong><img loading=\"lazy\" decoding=\"async\" class=\"aligncenter\" src=\"https:\/\/thumbs.dreamstime.com\/t\/happy-ramadan-kids-celebrating-carrying-lanterns-ninth-month-muslim-calendar-67453428.jpg\" alt=\"Image result for kids and ramadan\" width=\"443\" height=\"298\" \/><\/strong><\/p>\n<p><strong>Dobra priprema je pola obavljenog posla. Samo ako se pripremimo za dolazak ramazana mo\u0107i \u0107emo iskoristiti ovaj mubarek mjesec da ostvarimo izvrsnost u svemu \u010dime se bavimo, jer \u2013 vjerniku ne dolikuje druga\u010dije osim izvrsnosti.<\/strong><\/p>\n<p><strong>Za Akos.ba pi\u0161e:<\/strong>\u00a0hfz. Hidajeta Mahalba\u0161i\u0107<\/p>\n<p><strong>Zanijjetimo i odlu\u010dimo da budemo izvrsni roditelji!<\/strong><\/p>\n<p>U Kur\u2019anu su dvije naredbe roditeljima u pogledu djece:<\/p>\n<ul>\n<li>\u201cO vjernici \u010duvajte sebe i svoje porodice od vatre, \u010dije \u0107e gorivo ljudi i kamenje biti\u201d (66:6) i<\/li>\n<li>\u201cNaredi \u010deljadi svojoj da namaz obavljaju i istraj u tome!\u201d (20:132)<\/li>\n<\/ul>\n<p><strong>Iz\u00a0ova dva ajeta izvla\u010dimo sljede\u0107e:<\/strong><\/p>\n<ol>\n<li>Djecu svoju \u0107emo sa\u010duvati od Vatre, \u010duvaju\u0107i prvo sebe. Mi smo, kao roditelji njima uzor i model savr\u0161enog \u017eivota. \u010cak i kada ih upozoravamo da ne idu na\u0161im stopama, oni to instinktivno rade. Djeca nas ne slu\u0161aju, nego gledaju i slijede.<\/li>\n<li>Izraz za naredbu koji je upotrebljen na arapskom jeziku u drugom ajetu je iz istog korjena kao i rije\u010d \u201cemir\u201d \u2013 vo\u0111a. Da bismo uspjeli u izvr\u0161avanju ove Allahove, d\u017e.\u0161., nam naredbe neophodno je da svojoj djeci budemo predvodnici I vodi\u010di na putu ustrajnosti u namazu, tj. u svakodnevnoj vezi sa Allahom, d\u017e.\u0161..<\/li>\n<\/ol>\n<p>Vode\u0107i se za ovim, u predramazanskoj pripremi djece, radi ostvarenja dva cilja (iz spomenutih ajeta), iz vlastitog iskustva, savjetujemo nekoliko postupaka.<\/p>\n<p><strong>U periodu prije ramazana:<\/strong><\/p>\n<ol>\n<li>Klanjati dva rekata no\u0107nog namaza sa dovom Ibrahima, a.s.:\u00a0<em>\u201cGospodaru moj, daj da ja i potomci moji obavljamo molitvu\u201d<\/em>(14:40) i dovom dobrih Allahovih robova:\u00a0<em>\u201cGospodaru na\u0161, podari nam u \u017eenama na\u0161im i djeci na\u0161oj radost i u\u010dini da se \u010destiti na nas ugledaju!\u201d<\/em>(25:74)<\/li>\n<li>Svakodnevno razgovarati sa djetetom 15 minuta, prvo o onome o \u010demu ono \u017eeli, zatim o onome \u0161to Vi smatrate va\u017enim. Tu dolazi i razgovor o ramazanu, namazu i ostalim dobrim djelima.<\/li>\n<li>Zagrliti dijete najmanje 5 puta, uz svako namasko vrijeme.<\/li>\n<li>Pretvoriti se u uho najmanje 5 minuta, tj. samo slu\u0161ati \u0161ta dijete govori, bez komentara.<\/li>\n<li>Zajedno u\u010diti Kur\u2019an 15 minuta. \u2013 To uzrokuje ljubav i vezu bez premca.<\/li>\n<li>Predlo\u017eiti djetetu da napravi listu svojih ciljeva. Ako je dijete mla\u0111e Vi \u0107ete mu sugerisati i pomo\u0107i napisati. Pomozite mu formulisati cilj sa jednostavnim pitanjem: A za\u0161to to \u017eeli\u0161?<\/li>\n<li>Nakon \u0161to je lista gotova dopustite mu da slobodno ka\u017ee \u0161ta od vas, kao roditelja, o\u010dekuje u realizaciji ciljeva. Zatim napravite listu postupaka, koje \u0107e dijete raditi samostalno, i radnji, koje \u0107ete u toku ramazana obavljati zajedni\u010dki.<\/li>\n<li>Napravite zajedni\u010dke kreativne radionice ukrasa za do\u010dek ramzana. Zajedno ukrasite ku\u0107u. Na udarnim mjestima u ku\u0107i postavite ukra\u0161ene i kreativno izra\u0111ene poruke o lijepom pona\u0161anju, koje \u017eelite da dijete usvoji.<\/li>\n<\/ol>\n<p><strong>\u0160ta mo\u017eete raditi u toku ramazana:<\/strong><\/p>\n<div>\n<div id=\"div-gpt-ad-1550846960983-0\" data-google-query-id=\"COm4-b3K6eECFQGgewodtqcMdw\">\n<div id=\"google_ads_iframe_\/215117849\/akos.ba_300x250_2_0__container__\"><\/div>\n<\/div>\n<\/div>\n<ol>\n<li>Radite zajedno sve \u0161to mo\u017eete od svakodnevnih poslova: priprema obroka, serviranje, pospremanje stola i sl. I koristite to kao priliku za razgovore.<\/li>\n<li>Neka u razgovoru bude svakodnevno vrijeme razgovaranja o namazu, vrijednostima, smislu i odnosu prema namazu \u2013 najmanje 10 minuta. Ovo mo\u017ee biti i \u010ditanje pou\u010dne pri\u010de, koju \u0107e pratiti djetetov komentar i izvla\u010denje pouke.<\/li>\n<li>Kroz igre, radionice i edukativne video snimke, za koje \u0107ete planirati vrijeme u periodu prije ramazana,podu\u010davati dijete vrijednostima i lijepom pona\u0161anju.<\/li>\n<li>Planski raditi na svome li\u010dnom razvoju i usavr\u0161avanju u segmentima u kojima \u017eelimo djetetu biti uzor vrijedan slije\u0111enja.<\/li>\n<li>Svakodnevno najmanje po jedan ajet i jedan hadis zajedni\u010dki pro\u0107i kroz pri\u010du, savjet, \u010ditanje ili pona\u0161anje.<\/li>\n<li>Pred iftar omogu\u0107iti djetetu da prakti\u010dno i slikovito do\u017eivi radost iftara, pa \u010dak i ako je dijete maldo toliko da ne posti. Simboli\u010dno, u vrijeme iftara ga po\u010dastite omiljenom hranom koju nece dobti u toku dana. To \u0107e uzrokovati posebnu radost koja \u0107e ostati u podsvjesnoj vezi sa ramazanom.<\/li>\n<li>U toku ramazana raditi planski na vaspitavanju volje. Kada su mla\u0111a djeca u pitanju trenirati ih tako \u0161to \u0107ete im ponuditi jelo i pi\u0107e samo u odre\u0111eno vrijeme i to samo u ku\u0107i, ne javno.<\/li>\n<\/ol>\n<p>Nama su u \u0161eriatu date sve neophodne alatke i tehnike da bismo bili izvrsni u svakoj ulozi. Iskoristimo predramazansko vrijeme da se pripremimo za najproduktivniji ramazan u porodici!<\/p>\n<p><b>Izvor: akos.ba<\/b><\/p>\n<div class=\"awac-wrapper\">\n<div class=\"awac widget text-6\">\n<div class=\"textwidget\"><\/div>\n<\/div>\n<\/div>\n<p><\/span><br \/>\nPogledajte vijest na izvornom sajtu:<\/p>\n<p><a href=\"https:\/\/islampress.net\/44771\/kako-da-pripremite-djecu-za-ramazan\/\" target=\"_blank\">Kako da pripremite djecu za ramazan<\/a><\/p>\n","protected":false},"excerpt":{"rendered":"<p>Dobra priprema je pola obavljenog posla. Samo ako se pripremimo za dolazak ramazana mo\u0107i \u0107emo iskoristiti ovaj mubarek mjesec da ostvarimo izvrsnost u svemu \u010dime se bavimo, jer \u2013 vjerniku ne dolikuje druga\u010dije osim izvrsnosti. Za Akos.ba pi\u0161e:\u00a0hfz. Hidajeta Mahalba\u0161i\u0107 Zanijjetimo i odlu\u010dimo da budemo izvrsni roditelji! U Kur\u2019anu su dvije naredbe roditeljima u pogledu [&hellip;]<\/p>\n","protected":false},"author":83,"featured_media":222251,"comment_status":"open","ping_status":"open","sticky":false,"template":"","format":"standard","meta":{"footnotes":""},"categories":[10514],"tags":[10516],"class_list":{"0":"post-222250","1":"post","2":"type-post","3":"status-publish","4":"format-standard","5":"has-post-thumbnail","7":"category-islam-press","8":"tag-islam"},"yoast_head":"<!-- This site is optimized with the Yoast SEO Premium plugin v23.1 (Yoast SEO v24.9) - https:\/\/yoast.com\/wordpress\/plugins\/seo\/ -->\n<title>Kako da pripremite djecu za ramazan<\/title>\n<meta name=\"robots\" content=\"index, follow, max-snippet:-1, max-image-preview:large, max-video-preview:-1\" \/>\n<link rel=\"canonical\" href=\"https:\/\/sandzakpress.net\/arhiva\/kako-da-pripremite-djecu-za-ramazan\/\" \/>\n<meta property=\"og:locale\" content=\"bs_BA\" \/>\n<meta property=\"og:type\" content=\"article\" \/>\n<meta property=\"og:title\" content=\"Kako da pripremite djecu za ramazan\" \/>\n<meta property=\"og:description\" content=\"Dobra priprema je pola obavljenog posla. Samo ako se pripremimo za dolazak ramazana mo\u0107i \u0107emo iskoristiti ovaj mubarek mjesec da ostvarimo izvrsnost u svemu \u010dime se bavimo, jer \u2013 vjerniku ne dolikuje druga\u010dije osim izvrsnosti. Za Akos.ba pi\u0161e:\u00a0hfz. Hidajeta Mahalba\u0161i\u0107 Zanijjetimo i odlu\u010dimo da budemo izvrsni roditelji! U Kur\u2019anu su dvije naredbe roditeljima u pogledu [&hellip;]\" \/>\n<meta property=\"og:url\" content=\"https:\/\/sandzakpress.net\/arhiva\/kako-da-pripremite-djecu-za-ramazan\/\" \/>\n<meta property=\"og:site_name\" content=\"Sand\u017eak PRESS\" \/>\n<meta property=\"article:published_time\" content=\"2019-04-24T20:58:08+00:00\" \/>\n<meta property=\"og:image\" content=\"https:\/\/sandzakpress.net\/arhiva\/wp-content\/uploads\/2019\/04\/happy-ramadan-kids-celebrating-carrying-lanterns-ninth-month-muslim-calendar-67453428.jpg\" \/>\n\t<meta property=\"og:image:width\" content=\"297\" \/>\n\t<meta property=\"og:image:height\" content=\"160\" \/>\n\t<meta property=\"og:image:type\" content=\"image\/jpeg\" \/>\n<meta name=\"author\" content=\"bosniak\" \/>\n<meta name=\"twitter:card\" content=\"summary_large_image\" \/>\n<meta name=\"twitter:label1\" content=\"Written by\" \/>\n\t<meta name=\"twitter:data1\" content=\"bosniak\" \/>\n\t<meta name=\"twitter:label2\" content=\"Est. reading time\" \/>\n\t<meta name=\"twitter:data2\" content=\"4 minute\" \/>\n<script type=\"application\/ld+json\" class=\"yoast-schema-graph\">{\"@context\":\"https:\/\/schema.org\",\"@graph\":[{\"@type\":\"Article\",\"@id\":\"https:\/\/sandzakpress.net\/arhiva\/kako-da-pripremite-djecu-za-ramazan\/#article\",\"isPartOf\":{\"@id\":\"https:\/\/sandzakpress.net\/arhiva\/kako-da-pripremite-djecu-za-ramazan\/\"},\"author\":{\"name\":\"bosniak\",\"@id\":\"https:\/\/sandzakpress.net\/arhiva\/#\/schema\/person\/c8baee722073534b583ea7bdb2e36c02\"},\"headline\":\"Kako da pripremite djecu za ramazan\",\"datePublished\":\"2019-04-24T20:58:08+00:00\",\"mainEntityOfPage\":{\"@id\":\"https:\/\/sandzakpress.net\/arhiva\/kako-da-pripremite-djecu-za-ramazan\/\"},\"wordCount\":722,\"commentCount\":0,\"publisher\":{\"@id\":\"https:\/\/sandzakpress.net\/arhiva\/#\/schema\/person\/6e72b67d6e51910a1117b3b483ba20bd\"},\"image\":{\"@id\":\"https:\/\/sandzakpress.net\/arhiva\/kako-da-pripremite-djecu-za-ramazan\/#primaryimage\"},\"thumbnailUrl\":\"https:\/\/sandzakpress.net\/arhiva\/wp-content\/uploads\/2019\/04\/happy-ramadan-kids-celebrating-carrying-lanterns-ninth-month-muslim-calendar-67453428.jpg\",\"keywords\":[\"Islam\"],\"articleSection\":[\"Islam PRESS\"],\"inLanguage\":\"bs-BA\",\"potentialAction\":[{\"@type\":\"CommentAction\",\"name\":\"Comment\",\"target\":[\"https:\/\/sandzakpress.net\/arhiva\/kako-da-pripremite-djecu-za-ramazan\/#respond\"]}]},{\"@type\":\"WebPage\",\"@id\":\"https:\/\/sandzakpress.net\/arhiva\/kako-da-pripremite-djecu-za-ramazan\/\",\"url\":\"https:\/\/sandzakpress.net\/arhiva\/kako-da-pripremite-djecu-za-ramazan\/\",\"name\":\"Kako da pripremite djecu za ramazan\",\"isPartOf\":{\"@id\":\"https:\/\/sandzakpress.net\/arhiva\/#website\"},\"primaryImageOfPage\":{\"@id\":\"https:\/\/sandzakpress.net\/arhiva\/kako-da-pripremite-djecu-za-ramazan\/#primaryimage\"},\"image\":{\"@id\":\"https:\/\/sandzakpress.net\/arhiva\/kako-da-pripremite-djecu-za-ramazan\/#primaryimage\"},\"thumbnailUrl\":\"https:\/\/sandzakpress.net\/arhiva\/wp-content\/uploads\/2019\/04\/happy-ramadan-kids-celebrating-carrying-lanterns-ninth-month-muslim-calendar-67453428.jpg\",\"datePublished\":\"2019-04-24T20:58:08+00:00\",\"breadcrumb\":{\"@id\":\"https:\/\/sandzakpress.net\/arhiva\/kako-da-pripremite-djecu-za-ramazan\/#breadcrumb\"},\"inLanguage\":\"bs-BA\",\"potentialAction\":[{\"@type\":\"ReadAction\",\"target\":[\"https:\/\/sandzakpress.net\/arhiva\/kako-da-pripremite-djecu-za-ramazan\/\"]}]},{\"@type\":\"ImageObject\",\"inLanguage\":\"bs-BA\",\"@id\":\"https:\/\/sandzakpress.net\/arhiva\/kako-da-pripremite-djecu-za-ramazan\/#primaryimage\",\"url\":\"https:\/\/sandzakpress.net\/arhiva\/wp-content\/uploads\/2019\/04\/happy-ramadan-kids-celebrating-carrying-lanterns-ninth-month-muslim-calendar-67453428.jpg\",\"contentUrl\":\"https:\/\/sandzakpress.net\/arhiva\/wp-content\/uploads\/2019\/04\/happy-ramadan-kids-celebrating-carrying-lanterns-ninth-month-muslim-calendar-67453428.jpg\",\"width\":297,\"height\":160},{\"@type\":\"BreadcrumbList\",\"@id\":\"https:\/\/sandzakpress.net\/arhiva\/kako-da-pripremite-djecu-za-ramazan\/#breadcrumb\",\"itemListElement\":[{\"@type\":\"ListItem\",\"position\":1,\"name\":\"Home\",\"item\":\"https:\/\/sandzakpress.net\/arhiva\/\"},{\"@type\":\"ListItem\",\"position\":2,\"name\":\"Kako da pripremite djecu za ramazan\"}]},{\"@type\":\"WebSite\",\"@id\":\"https:\/\/sandzakpress.net\/arhiva\/#website\",\"url\":\"https:\/\/sandzakpress.net\/arhiva\/\",\"name\":\"Sand\u017eak PRESS\",\"description\":\"Prve elektronske novine u Sand\u017eaku\",\"publisher\":{\"@id\":\"https:\/\/sandzakpress.net\/arhiva\/#\/schema\/person\/6e72b67d6e51910a1117b3b483ba20bd\"},\"potentialAction\":[{\"@type\":\"SearchAction\",\"target\":{\"@type\":\"EntryPoint\",\"urlTemplate\":\"https:\/\/sandzakpress.net\/arhiva\/?s={search_term_string}\"},\"query-input\":{\"@type\":\"PropertyValueSpecification\",\"valueRequired\":true,\"valueName\":\"search_term_string\"}}],\"inLanguage\":\"bs-BA\"},{\"@type\":[\"Person\",\"Organization\"],\"@id\":\"https:\/\/sandzakpress.net\/arhiva\/#\/schema\/person\/6e72b67d6e51910a1117b3b483ba20bd\",\"name\":\"Kul\",\"image\":{\"@type\":\"ImageObject\",\"inLanguage\":\"bs-BA\",\"@id\":\"https:\/\/sandzakpress.net\/arhiva\/#\/schema\/person\/image\/\",\"url\":\"https:\/\/secure.gravatar.com\/avatar\/42263f39aa27ac04c43cab85c280eb2e?s=96&d=mm&r=pg\",\"contentUrl\":\"https:\/\/secure.gravatar.com\/avatar\/42263f39aa27ac04c43cab85c280eb2e?s=96&d=mm&r=pg\",\"caption\":\"Kul\"},\"logo\":{\"@id\":\"https:\/\/sandzakpress.net\/arhiva\/#\/schema\/person\/image\/\"}},{\"@type\":\"Person\",\"@id\":\"https:\/\/sandzakpress.net\/arhiva\/#\/schema\/person\/c8baee722073534b583ea7bdb2e36c02\",\"name\":\"bosniak\",\"image\":{\"@type\":\"ImageObject\",\"inLanguage\":\"bs-BA\",\"@id\":\"https:\/\/sandzakpress.net\/arhiva\/#\/schema\/person\/image\/\",\"url\":\"https:\/\/secure.gravatar.com\/avatar\/a04fd330bfe3a36a72a0ad4a6d89fca7?s=96&d=mm&r=pg\",\"contentUrl\":\"https:\/\/secure.gravatar.com\/avatar\/a04fd330bfe3a36a72a0ad4a6d89fca7?s=96&d=mm&r=pg\",\"caption\":\"bosniak\"},\"url\":\"https:\/\/sandzakpress.net\/arhiva\/author\/bosniak\/\"}]}<\/script>\n<!-- \/ Yoast SEO Premium plugin. -->","yoast_head_json":{"title":"Kako da pripremite djecu za ramazan","robots":{"index":"index","follow":"follow","max-snippet":"max-snippet:-1","max-image-preview":"max-image-preview:large","max-video-preview":"max-video-preview:-1"},"canonical":"https:\/\/sandzakpress.net\/arhiva\/kako-da-pripremite-djecu-za-ramazan\/","og_locale":"bs_BA","og_type":"article","og_title":"Kako da pripremite djecu za ramazan","og_description":"Dobra priprema je pola obavljenog posla. Samo ako se pripremimo za dolazak ramazana mo\u0107i \u0107emo iskoristiti ovaj mubarek mjesec da ostvarimo izvrsnost u svemu \u010dime se bavimo, jer \u2013 vjerniku ne dolikuje druga\u010dije osim izvrsnosti. Za Akos.ba pi\u0161e:\u00a0hfz. Hidajeta Mahalba\u0161i\u0107 Zanijjetimo i odlu\u010dimo da budemo izvrsni roditelji! U Kur\u2019anu su dvije naredbe roditeljima u pogledu [&hellip;]","og_url":"https:\/\/sandzakpress.net\/arhiva\/kako-da-pripremite-djecu-za-ramazan\/","og_site_name":"Sand\u017eak PRESS","article_published_time":"2019-04-24T20:58:08+00:00","og_image":[{"width":297,"height":160,"url":"https:\/\/sandzakpress.net\/arhiva\/wp-content\/uploads\/2019\/04\/happy-ramadan-kids-celebrating-carrying-lanterns-ninth-month-muslim-calendar-67453428.jpg","type":"image\/jpeg"}],"author":"bosniak","twitter_card":"summary_large_image","twitter_misc":{"Written by":"bosniak","Est. reading time":"4 minute"},"schema":{"@context":"https:\/\/schema.org","@graph":[{"@type":"Article","@id":"https:\/\/sandzakpress.net\/arhiva\/kako-da-pripremite-djecu-za-ramazan\/#article","isPartOf":{"@id":"https:\/\/sandzakpress.net\/arhiva\/kako-da-pripremite-djecu-za-ramazan\/"},"author":{"name":"bosniak","@id":"https:\/\/sandzakpress.net\/arhiva\/#\/schema\/person\/c8baee722073534b583ea7bdb2e36c02"},"headline":"Kako da pripremite djecu za ramazan","datePublished":"2019-04-24T20:58:08+00:00","mainEntityOfPage":{"@id":"https:\/\/sandzakpress.net\/arhiva\/kako-da-pripremite-djecu-za-ramazan\/"},"wordCount":722,"commentCount":0,"publisher":{"@id":"https:\/\/sandzakpress.net\/arhiva\/#\/schema\/person\/6e72b67d6e51910a1117b3b483ba20bd"},"image":{"@id":"https:\/\/sandzakpress.net\/arhiva\/kako-da-pripremite-djecu-za-ramazan\/#primaryimage"},"thumbnailUrl":"https:\/\/sandzakpress.net\/arhiva\/wp-content\/uploads\/2019\/04\/happy-ramadan-kids-celebrating-carrying-lanterns-ninth-month-muslim-calendar-67453428.jpg","keywords":["Islam"],"articleSection":["Islam PRESS"],"inLanguage":"bs-BA","potentialAction":[{"@type":"CommentAction","name":"Comment","target":["https:\/\/sandzakpress.net\/arhiva\/kako-da-pripremite-djecu-za-ramazan\/#respond"]}]},{"@type":"WebPage","@id":"https:\/\/sandzakpress.net\/arhiva\/kako-da-pripremite-djecu-za-ramazan\/","url":"https:\/\/sandzakpress.net\/arhiva\/kako-da-pripremite-djecu-za-ramazan\/","name":"Kako da pripremite djecu za ramazan","isPartOf":{"@id":"https:\/\/sandzakpress.net\/arhiva\/#website"},"primaryImageOfPage":{"@id":"https:\/\/sandzakpress.net\/arhiva\/kako-da-pripremite-djecu-za-ramazan\/#primaryimage"},"image":{"@id":"https:\/\/sandzakpress.net\/arhiva\/kako-da-pripremite-djecu-za-ramazan\/#primaryimage"},"thumbnailUrl":"https:\/\/sandzakpress.net\/arhiva\/wp-content\/uploads\/2019\/04\/happy-ramadan-kids-celebrating-carrying-lanterns-ninth-month-muslim-calendar-67453428.jpg","datePublished":"2019-04-24T20:58:08+00:00","breadcrumb":{"@id":"https:\/\/sandzakpress.net\/arhiva\/kako-da-pripremite-djecu-za-ramazan\/#breadcrumb"},"inLanguage":"bs-BA","potentialAction":[{"@type":"ReadAction","target":["https:\/\/sandzakpress.net\/arhiva\/kako-da-pripremite-djecu-za-ramazan\/"]}]},{"@type":"ImageObject","inLanguage":"bs-BA","@id":"https:\/\/sandzakpress.net\/arhiva\/kako-da-pripremite-djecu-za-ramazan\/#primaryimage","url":"https:\/\/sandzakpress.net\/arhiva\/wp-content\/uploads\/2019\/04\/happy-ramadan-kids-celebrating-carrying-lanterns-ninth-month-muslim-calendar-67453428.jpg","contentUrl":"https:\/\/sandzakpress.net\/arhiva\/wp-content\/uploads\/2019\/04\/happy-ramadan-kids-celebrating-carrying-lanterns-ninth-month-muslim-calendar-67453428.jpg","width":297,"height":160},{"@type":"BreadcrumbList","@id":"https:\/\/sandzakpress.net\/arhiva\/kako-da-pripremite-djecu-za-ramazan\/#breadcrumb","itemListElement":[{"@type":"ListItem","position":1,"name":"Home","item":"https:\/\/sandzakpress.net\/arhiva\/"},{"@type":"ListItem","position":2,"name":"Kako da pripremite djecu za ramazan"}]},{"@type":"WebSite","@id":"https:\/\/sandzakpress.net\/arhiva\/#website","url":"https:\/\/sandzakpress.net\/arhiva\/","name":"Sand\u017eak PRESS","description":"Prve elektronske novine u Sand\u017eaku","publisher":{"@id":"https:\/\/sandzakpress.net\/arhiva\/#\/schema\/person\/6e72b67d6e51910a1117b3b483ba20bd"},"potentialAction":[{"@type":"SearchAction","target":{"@type":"EntryPoint","urlTemplate":"https:\/\/sandzakpress.net\/arhiva\/?s={search_term_string}"},"query-input":{"@type":"PropertyValueSpecification","valueRequired":true,"valueName":"search_term_string"}}],"inLanguage":"bs-BA"},{"@type":["Person","Organization"],"@id":"https:\/\/sandzakpress.net\/arhiva\/#\/schema\/person\/6e72b67d6e51910a1117b3b483ba20bd","name":"Kul","image":{"@type":"ImageObject","inLanguage":"bs-BA","@id":"https:\/\/sandzakpress.net\/arhiva\/#\/schema\/person\/image\/","url":"https:\/\/secure.gravatar.com\/avatar\/42263f39aa27ac04c43cab85c280eb2e?s=96&d=mm&r=pg","contentUrl":"https:\/\/secure.gravatar.com\/avatar\/42263f39aa27ac04c43cab85c280eb2e?s=96&d=mm&r=pg","caption":"Kul"},"logo":{"@id":"https:\/\/sandzakpress.net\/arhiva\/#\/schema\/person\/image\/"}},{"@type":"Person","@id":"https:\/\/sandzakpress.net\/arhiva\/#\/schema\/person\/c8baee722073534b583ea7bdb2e36c02","name":"bosniak","image":{"@type":"ImageObject","inLanguage":"bs-BA","@id":"https:\/\/sandzakpress.net\/arhiva\/#\/schema\/person\/image\/","url":"https:\/\/secure.gravatar.com\/avatar\/a04fd330bfe3a36a72a0ad4a6d89fca7?s=96&d=mm&r=pg","contentUrl":"https:\/\/secure.gravatar.com\/avatar\/a04fd330bfe3a36a72a0ad4a6d89fca7?s=96&d=mm&r=pg","caption":"bosniak"},"url":"https:\/\/sandzakpress.net\/arhiva\/author\/bosniak\/"}]}},"_links":{"self":[{"href":"https:\/\/sandzakpress.net\/arhiva\/wp-json\/wp\/v2\/posts\/222250"}],"collection":[{"href":"https:\/\/sandzakpress.net\/arhiva\/wp-json\/wp\/v2\/posts"}],"about":[{"href":"https:\/\/sandzakpress.net\/arhiva\/wp-json\/wp\/v2\/types\/post"}],"author":[{"embeddable":true,"href":"https:\/\/sandzakpress.net\/arhiva\/wp-json\/wp\/v2\/users\/83"}],"replies":[{"embeddable":true,"href":"https:\/\/sandzakpress.net\/arhiva\/wp-json\/wp\/v2\/comments?post=222250"}],"version-history":[{"count":0,"href":"https:\/\/sandzakpress.net\/arhiva\/wp-json\/wp\/v2\/posts\/222250\/revisions"}],"wp:featuredmedia":[{"embeddable":true,"href":"https:\/\/sandzakpress.net\/arhiva\/wp-json\/wp\/v2\/media\/222251"}],"wp:attachment":[{"href":"https:\/\/sandzakpress.net\/arhiva\/wp-json\/wp\/v2\/media?parent=222250"}],"wp:term":[{"taxonomy":"category","embeddable":true,"href":"https:\/\/sandzakpress.net\/arhiva\/wp-json\/wp\/v2\/categories?post=222250"},{"taxonomy":"post_tag","embeddable":true,"href":"https:\/\/sandzakpress.net\/arhiva\/wp-json\/wp\/v2\/tags?post=222250"}],"curies":[{"name":"wp","href":"https:\/\/api.w.org\/{rel}","templated":true}]}}