{"id":222147,"date":"2019-04-23T12:30:17","date_gmt":"2019-04-23T10:30:17","guid":{"rendered":"https:\/\/sandzakpress.net\/arhiva\/?p=222147"},"modified":"2019-04-23T14:54:34","modified_gmt":"2019-04-23T12:54:34","slug":"akademik-zukorlic-ako-ne-obnovimo-kulturu-citanja-buducnost-nam-je-mracna","status":"publish","type":"post","link":"https:\/\/sandzakpress.net\/arhiva\/akademik-zukorlic-ako-ne-obnovimo-kulturu-citanja-buducnost-nam-je-mracna\/","title":{"rendered":"Akademik Zukorli\u0107: Ako ne obnovimo kulturu \u010ditanja, budu\u0107nost nam je mra\u010dna"},"content":{"rendered":"<p style=\"text-align: left;\"><img decoding=\"async\" src=\"http:\/\/sanapress.info\/wp-content\/uploads\/2019\/04\/58586632_2444424018909454_9145082866177146880_o-1024x683.jpg\" \/><\/p>\n<p><strong>Povodom Me\u0111unarodnog dana knjige, Fakultet za islamske studije i Departman za filolo\u0161ke nauke Internacionalnog univerziteta u Novom Pazaru, organizirali su tribinu pod nazivom \u201c Kultura \u010ditanja \u201c. Izlaga\u010d na tribini bio je akademik Muamer Zukorli\u0107.<\/strong><\/p>\n<p>Akademik Zukorli\u0107 je tom prilikom istakao da Internacionalni univerzitet u Novom Pazaru kao i Fakultet za islamske studije, dr\u017ee korak sa svim izazovima ali i vi\u0161e od toga, name\u0107u dinamiku obnove svijesti, dinamiku kulturnoga uzdizanja, koju ne mo\u017eemo na\u0107i ni u metropolama.<\/p>\n<p>\u201cDokazuju da kvalitet niko ne mo\u017ee osporiti. Moramo odvojiti kvalitet i kvantitet. Tema je zaista inspirativna jer spada u teme koje su akademski izazovne, a mogu\u0107e ih je razmotriti sa jako puno aspekata a posebno kada imamo u vidu svojevrsnu recesiju u dru\u0161tvu, na mikro ali i makro planu, u odnosu prema knjizi i \u010ditanju. Rije\u010d je osnovna odredica koja odlikuje \u010dovjeka u odnosu na druga bi\u0107a i ona je ta koja mu je uspostavila kulturnu ali i duhovnu vertikalu\u201c, kazao je akademik Zukorli\u0107.<\/p>\n<p><iframe loading=\"lazy\" style=\"border: none; overflow: hidden;\" src=\"https:\/\/www.facebook.com\/plugins\/post.php?href=https%3A%2F%2Fwww.facebook.com%2Fmedia%2Fset%2F%3Fset%3Da.2444423002242889%26type%3D3&amp;width=500\" width=\"500\" height=\"621\" frameborder=\"0\" scrolling=\"no\"><\/iframe><\/p>\n<p>Granica koju jedna grupa ili zajednica preska\u010de i time zakora\u010duj u razvijeno, civilizirano dru\u0161tvo je zapravo rije\u010d, pisana rije\u010d, navodi akademik Zukorli\u0107.<\/p>\n<p>\u201cAko dublje posmatramo, od onih prvih koje nalazimo, kroz pe\u0107ine ali i druga sli\u010dna boravi\u0161ta ljudi, vidimo da te zajednice ostavljaju tragove u vidu slova, izlaze iz primitivnih kategorija. Kada pogledamo u duhovno-religijska iskustva, koja su nezaobilazna i sa aspekta hronologije ali i kulture, mo\u017eemo na\u0107i zajedni\u010dki imenitelj u ovoj temi\u201c, dodao je akademik Zukorli\u0107.<\/p>\n<p>Poenta je, da su biblioteke bile te ustanove koje su jednu zajednicu dizale na nivo kulturne imperijalnosti. Biblioteke su bile okosnice kulture. A sam odnos prema knjizi je zaista od krucijalnog zna\u010daja, kazao je akademik Zukorli\u0107, gdje je istakao da je knjiga vrijednija od zlata.<\/p>\n<p>\u201cRije\u010d je jedina mjera za mjerenje kultivisanosti na izvjesnoj vertikali, kulturnoj. Do dana dana\u0161njeg, konstantno slu\u0161amo teoriju da slika govori vi\u0161e od hiljadu rije\u010di. To nije ta\u010dno. Posebno \u0161to kroz usmena preno\u0161enja, male su \u0161anse da se rije\u010di prenesu u pravom smislu. Tako\u0111er, nikada slika ne mo\u017ee biti vrednija od rije\u010di. Sama \u010dinjenica da ako uzmemo obrazovanje kao jedan od najzna\u010danijih dinami\u010dnih procesa, onda \u0107emo jasno zaklju\u010diti, da \u0161to su djeca manja, ona vi\u0161e koriste slike. Izrastanje djeteta mentalno, osposobljuje ga da razumije bez slike. Postoje i ilustracije, ali nemaju primarnu ulogu u knjizi. Prema tome, dijete u uzrastu do 7 godina, dijete u\u010di pomo\u0107u slika i igre. To su dvije metode u\u010denja. Zbog toga roditelji grije\u0161e tako \u0161to ih u\u010de od malih nogu da \u010ditaju i u\u010de napamet. Slika je ta koja zapravo, ne zahtjeva veliku umnost. Ljudi koji se ne odvajaju od knjige oni konstantno sazrijevaju. Jedino duhovni izvori, biblioteke kao i knjiga, mogu spasiti i osloboditi ali i probuditi svijest sazrevanja. Pod agresijom medija i slike koja ide direktno u podsvijest, tu su \u0161anse da se o\u010duvamo, veoma male. Vratiti se knjizi je od krucijalnog zna\u010daja\u201c, konstatovao je akademik Zukorli\u0107.<\/p>\n<p>\u201cKnjiga predstavlja raskrsnicu propadanja i napredovanja. Ukoliko \u017eelimo spasiti sebe i svoje porodice, ve\u017ebajmo voljene da zavole knjigu. Ni\u0161ta im ne mo\u017eete zabraniti u savremenom dobu, ali im instalirajte naviku \u010ditanja. Ako to uspjete u tome, onda ste spasili i sebe ali i svoje. To upravo rade i na\u0161e institucije. Bibliotekom na FIS-u smo pokazali \u0161ta vrednujemo. Na najskupljem mjestu je \u201cinstalirana\u201c biblioteka. To je zapravo poruka Fakulteta za islamske studije, Internacionalnog univerziteta ali i cijele Islamske zajednice.Biblioteka sa 10 \u010dlanova adekvatnih i kvalifikovanih, ja\u010da je od diskoteke sa 1000 \u010dlanova. Taj kvantitet ne mo\u017ee pojesti kvalitet\u201d, isti\u010de akademik Zukorli\u0107.<\/p>\n<p>\u201cDobra djela ne propadaju. Sam dokaz su vakufi. Vakufski kontinuitet i snaga nijeta, jer Uzviseni Allah d\u017e.\u0161. ne da da propadne dobro. Mo\u017eemo obnoviti i d\u017eamije i trgove ali ako ne obnovimo kulturu \u010ditanja, budu\u0107nost nam je mra\u010dna. Bili smo zajednica koja je dosta toga pro\u0161la, od kriza do razli\u010ditih oblika egzistencijalnih oblika, ali opstali smo i nemamo razloga za odlaganje. Kada znamo gdje je svijetla ta\u010dka ne trebamo se kretati suprotno. Knjiga je jedina svijetla zvijezda.\u201d<\/p>\n<p>Cilj tribine je vratiti ali i o\u017eivjeti navike \u010ditanja kao i podsjetiti na za\u0161titu autorakih prava, zavr\u0161ava akademik Zukorli\u0107.<\/p>\n<p>Akademik Zukorli\u0107 je dodao i sve\u010dano obavjestio da FIS pokre\u0107e kampanju pod nazivom \u201c Poka\u017ei brigu, daruj knjigu \u201c, kako bi se upotpunio bibliote\u010dki fond.<\/p>\n<p>izvor: SANA<\/p>\n<p><img decoding=\"async\" src=\"http:\/\/sanapress.info\/wp-content\/uploads\/2019\/04\/58420069_2444424212242768_5597898921490776064_o-1024x683.jpg\" \/><\/p>\n<p><img loading=\"lazy\" decoding=\"async\" class=\"alignnone size-full wp-image-222149\" src=\"https:\/\/sandzakpress.net\/arhiva\/wp-content\/uploads\/2019\/04\/1-3.jpg\" alt=\"\" width=\"2048\" height=\"1365\" srcset=\"https:\/\/sandzakpress.net\/arhiva\/wp-content\/uploads\/2019\/04\/1-3.jpg 2048w, https:\/\/sandzakpress.net\/arhiva\/wp-content\/uploads\/2019\/04\/1-3-768x512.jpg 768w, https:\/\/sandzakpress.net\/arhiva\/wp-content\/uploads\/2019\/04\/1-3-616x411.jpg 616w, https:\/\/sandzakpress.net\/arhiva\/wp-content\/uploads\/2019\/04\/1-3-360x240.jpg 360w\" sizes=\"(max-width: 2048px) 100vw, 2048px\" \/> <img loading=\"lazy\" decoding=\"async\" class=\"alignnone size-full wp-image-222150\" src=\"https:\/\/sandzakpress.net\/arhiva\/wp-content\/uploads\/2019\/04\/2-3.jpg\" alt=\"\" width=\"2048\" height=\"1365\" srcset=\"https:\/\/sandzakpress.net\/arhiva\/wp-content\/uploads\/2019\/04\/2-3.jpg 2048w, https:\/\/sandzakpress.net\/arhiva\/wp-content\/uploads\/2019\/04\/2-3-768x512.jpg 768w, https:\/\/sandzakpress.net\/arhiva\/wp-content\/uploads\/2019\/04\/2-3-616x411.jpg 616w, https:\/\/sandzakpress.net\/arhiva\/wp-content\/uploads\/2019\/04\/2-3-360x240.jpg 360w\" sizes=\"(max-width: 2048px) 100vw, 2048px\" \/> <img loading=\"lazy\" decoding=\"async\" class=\"alignnone size-full wp-image-222151\" src=\"https:\/\/sandzakpress.net\/arhiva\/wp-content\/uploads\/2019\/04\/3-2.jpg\" alt=\"\" width=\"2048\" height=\"1365\" srcset=\"https:\/\/sandzakpress.net\/arhiva\/wp-content\/uploads\/2019\/04\/3-2.jpg 2048w, https:\/\/sandzakpress.net\/arhiva\/wp-content\/uploads\/2019\/04\/3-2-768x512.jpg 768w, https:\/\/sandzakpress.net\/arhiva\/wp-content\/uploads\/2019\/04\/3-2-616x411.jpg 616w, https:\/\/sandzakpress.net\/arhiva\/wp-content\/uploads\/2019\/04\/3-2-360x240.jpg 360w\" sizes=\"(max-width: 2048px) 100vw, 2048px\" \/> <img loading=\"lazy\" decoding=\"async\" class=\"alignnone size-full wp-image-222152\" src=\"https:\/\/sandzakpress.net\/arhiva\/wp-content\/uploads\/2019\/04\/4-4.jpg\" alt=\"\" width=\"2048\" height=\"1365\" srcset=\"https:\/\/sandzakpress.net\/arhiva\/wp-content\/uploads\/2019\/04\/4-4.jpg 2048w, https:\/\/sandzakpress.net\/arhiva\/wp-content\/uploads\/2019\/04\/4-4-768x512.jpg 768w, https:\/\/sandzakpress.net\/arhiva\/wp-content\/uploads\/2019\/04\/4-4-616x411.jpg 616w, https:\/\/sandzakpress.net\/arhiva\/wp-content\/uploads\/2019\/04\/4-4-360x240.jpg 360w\" sizes=\"(max-width: 2048px) 100vw, 2048px\" \/> <img loading=\"lazy\" decoding=\"async\" class=\"alignnone size-full wp-image-222153\" src=\"https:\/\/sandzakpress.net\/arhiva\/wp-content\/uploads\/2019\/04\/5-1.jpg\" alt=\"\" width=\"2048\" height=\"1365\" srcset=\"https:\/\/sandzakpress.net\/arhiva\/wp-content\/uploads\/2019\/04\/5-1.jpg 2048w, https:\/\/sandzakpress.net\/arhiva\/wp-content\/uploads\/2019\/04\/5-1-768x512.jpg 768w, https:\/\/sandzakpress.net\/arhiva\/wp-content\/uploads\/2019\/04\/5-1-616x411.jpg 616w, https:\/\/sandzakpress.net\/arhiva\/wp-content\/uploads\/2019\/04\/5-1-360x240.jpg 360w\" sizes=\"(max-width: 2048px) 100vw, 2048px\" \/><\/p>\n","protected":false},"excerpt":{"rendered":"<p>Povodom Me\u0111unarodnog dana knjige, Fakultet za islamske studije i Departman za filolo\u0161ke nauke Internacionalnog univerziteta u Novom Pazaru, organizirali su tribinu pod nazivom \u201c Kultura \u010ditanja \u201c. Izlaga\u010d na tribini bio je akademik Muamer Zukorli\u0107. Akademik Zukorli\u0107 je tom prilikom istakao da Internacionalni univerzitet u Novom Pazaru kao i Fakultet za islamske studije, dr\u017ee korak [&hellip;]<\/p>\n","protected":false},"author":509,"featured_media":222148,"comment_status":"open","ping_status":"open","sticky":false,"template":"","format":"standard","meta":{"footnotes":""},"categories":[72,4,8957],"tags":[10204],"class_list":{"0":"post-222147","1":"post","2":"type-post","3":"status-publish","4":"format-standard","5":"has-post-thumbnail","7":"category-novi-pazar","8":"category-obrazovanje","9":"category-vijesti-dana","10":"tag-muftija-muamer-zukorlic"},"yoast_head":"<!-- This site is optimized with the Yoast SEO Premium plugin v23.1 (Yoast SEO v24.9) - https:\/\/yoast.com\/wordpress\/plugins\/seo\/ -->\n<title>Akademik Zukorli\u0107: Ako ne obnovimo kulturu \u010ditanja, budu\u0107nost nam je mra\u010dna<\/title>\n<meta name=\"robots\" content=\"index, follow, max-snippet:-1, max-image-preview:large, max-video-preview:-1\" \/>\n<link rel=\"canonical\" href=\"https:\/\/sandzakpress.net\/arhiva\/akademik-zukorlic-ako-ne-obnovimo-kulturu-citanja-buducnost-nam-je-mracna\/\" \/>\n<meta property=\"og:locale\" content=\"bs_BA\" \/>\n<meta property=\"og:type\" content=\"article\" \/>\n<meta property=\"og:title\" content=\"Akademik Zukorli\u0107: Ako ne obnovimo kulturu \u010ditanja, budu\u0107nost nam je mra\u010dna\" \/>\n<meta property=\"og:description\" content=\"Povodom Me\u0111unarodnog dana knjige, Fakultet za islamske studije i Departman za filolo\u0161ke nauke Internacionalnog univerziteta u Novom Pazaru, organizirali su tribinu pod nazivom \u201c Kultura \u010ditanja \u201c. Izlaga\u010d na tribini bio je akademik Muamer Zukorli\u0107. Akademik Zukorli\u0107 je tom prilikom istakao da Internacionalni univerzitet u Novom Pazaru kao i Fakultet za islamske studije, dr\u017ee korak [&hellip;]\" \/>\n<meta property=\"og:url\" content=\"https:\/\/sandzakpress.net\/arhiva\/akademik-zukorlic-ako-ne-obnovimo-kulturu-citanja-buducnost-nam-je-mracna\/\" \/>\n<meta property=\"og:site_name\" content=\"Sand\u017eak PRESS\" \/>\n<meta property=\"article:published_time\" content=\"2019-04-23T10:30:17+00:00\" \/>\n<meta property=\"article:modified_time\" content=\"2019-04-23T12:54:34+00:00\" \/>\n<meta property=\"og:image\" content=\"https:\/\/sandzakpress.net\/arhiva\/wp-content\/uploads\/2019\/04\/58586632_2444424018909454_9145082866177146880_o-1024x683.jpg\" \/>\n\t<meta property=\"og:image:width\" content=\"1024\" \/>\n\t<meta property=\"og:image:height\" content=\"683\" \/>\n\t<meta property=\"og:image:type\" content=\"image\/jpeg\" \/>\n<meta name=\"author\" content=\"Agencija\" \/>\n<meta name=\"twitter:card\" content=\"summary_large_image\" \/>\n<meta name=\"twitter:label1\" content=\"Written by\" \/>\n\t<meta name=\"twitter:data1\" content=\"Agencija\" \/>\n\t<meta name=\"twitter:label2\" content=\"Est. reading time\" \/>\n\t<meta name=\"twitter:data2\" content=\"4 minute\" \/>\n<script type=\"application\/ld+json\" class=\"yoast-schema-graph\">{\"@context\":\"https:\/\/schema.org\",\"@graph\":[{\"@type\":\"Article\",\"@id\":\"https:\/\/sandzakpress.net\/arhiva\/akademik-zukorlic-ako-ne-obnovimo-kulturu-citanja-buducnost-nam-je-mracna\/#article\",\"isPartOf\":{\"@id\":\"https:\/\/sandzakpress.net\/arhiva\/akademik-zukorlic-ako-ne-obnovimo-kulturu-citanja-buducnost-nam-je-mracna\/\"},\"author\":{\"name\":\"Agencija\",\"@id\":\"https:\/\/sandzakpress.net\/arhiva\/#\/schema\/person\/cb59d7e3ab91ab90dd680ad0305a6185\"},\"headline\":\"Akademik Zukorli\u0107: Ako ne obnovimo kulturu \u010ditanja, budu\u0107nost nam je mra\u010dna\",\"datePublished\":\"2019-04-23T10:30:17+00:00\",\"dateModified\":\"2019-04-23T12:54:34+00:00\",\"mainEntityOfPage\":{\"@id\":\"https:\/\/sandzakpress.net\/arhiva\/akademik-zukorlic-ako-ne-obnovimo-kulturu-citanja-buducnost-nam-je-mracna\/\"},\"wordCount\":770,\"commentCount\":0,\"publisher\":{\"@id\":\"https:\/\/sandzakpress.net\/arhiva\/#\/schema\/person\/6e72b67d6e51910a1117b3b483ba20bd\"},\"image\":{\"@id\":\"https:\/\/sandzakpress.net\/arhiva\/akademik-zukorlic-ako-ne-obnovimo-kulturu-citanja-buducnost-nam-je-mracna\/#primaryimage\"},\"thumbnailUrl\":\"https:\/\/sandzakpress.net\/arhiva\/wp-content\/uploads\/2019\/04\/58586632_2444424018909454_9145082866177146880_o-1024x683.jpg\",\"keywords\":[\"muftija Muamer Zukorli\u0107\"],\"articleSection\":[\"Novi Pazar\",\"Obrazovanje\",\"VIJESTI DANA\"],\"inLanguage\":\"bs-BA\",\"potentialAction\":[{\"@type\":\"CommentAction\",\"name\":\"Comment\",\"target\":[\"https:\/\/sandzakpress.net\/arhiva\/akademik-zukorlic-ako-ne-obnovimo-kulturu-citanja-buducnost-nam-je-mracna\/#respond\"]}]},{\"@type\":\"WebPage\",\"@id\":\"https:\/\/sandzakpress.net\/arhiva\/akademik-zukorlic-ako-ne-obnovimo-kulturu-citanja-buducnost-nam-je-mracna\/\",\"url\":\"https:\/\/sandzakpress.net\/arhiva\/akademik-zukorlic-ako-ne-obnovimo-kulturu-citanja-buducnost-nam-je-mracna\/\",\"name\":\"Akademik Zukorli\u0107: Ako ne obnovimo kulturu \u010ditanja, budu\u0107nost nam je mra\u010dna\",\"isPartOf\":{\"@id\":\"https:\/\/sandzakpress.net\/arhiva\/#website\"},\"primaryImageOfPage\":{\"@id\":\"https:\/\/sandzakpress.net\/arhiva\/akademik-zukorlic-ako-ne-obnovimo-kulturu-citanja-buducnost-nam-je-mracna\/#primaryimage\"},\"image\":{\"@id\":\"https:\/\/sandzakpress.net\/arhiva\/akademik-zukorlic-ako-ne-obnovimo-kulturu-citanja-buducnost-nam-je-mracna\/#primaryimage\"},\"thumbnailUrl\":\"https:\/\/sandzakpress.net\/arhiva\/wp-content\/uploads\/2019\/04\/58586632_2444424018909454_9145082866177146880_o-1024x683.jpg\",\"datePublished\":\"2019-04-23T10:30:17+00:00\",\"dateModified\":\"2019-04-23T12:54:34+00:00\",\"breadcrumb\":{\"@id\":\"https:\/\/sandzakpress.net\/arhiva\/akademik-zukorlic-ako-ne-obnovimo-kulturu-citanja-buducnost-nam-je-mracna\/#breadcrumb\"},\"inLanguage\":\"bs-BA\",\"potentialAction\":[{\"@type\":\"ReadAction\",\"target\":[\"https:\/\/sandzakpress.net\/arhiva\/akademik-zukorlic-ako-ne-obnovimo-kulturu-citanja-buducnost-nam-je-mracna\/\"]}]},{\"@type\":\"ImageObject\",\"inLanguage\":\"bs-BA\",\"@id\":\"https:\/\/sandzakpress.net\/arhiva\/akademik-zukorlic-ako-ne-obnovimo-kulturu-citanja-buducnost-nam-je-mracna\/#primaryimage\",\"url\":\"https:\/\/sandzakpress.net\/arhiva\/wp-content\/uploads\/2019\/04\/58586632_2444424018909454_9145082866177146880_o-1024x683.jpg\",\"contentUrl\":\"https:\/\/sandzakpress.net\/arhiva\/wp-content\/uploads\/2019\/04\/58586632_2444424018909454_9145082866177146880_o-1024x683.jpg\",\"width\":1024,\"height\":683},{\"@type\":\"BreadcrumbList\",\"@id\":\"https:\/\/sandzakpress.net\/arhiva\/akademik-zukorlic-ako-ne-obnovimo-kulturu-citanja-buducnost-nam-je-mracna\/#breadcrumb\",\"itemListElement\":[{\"@type\":\"ListItem\",\"position\":1,\"name\":\"Home\",\"item\":\"https:\/\/sandzakpress.net\/arhiva\/\"},{\"@type\":\"ListItem\",\"position\":2,\"name\":\"Akademik Zukorli\u0107: Ako ne obnovimo kulturu \u010ditanja, budu\u0107nost nam je mra\u010dna\"}]},{\"@type\":\"WebSite\",\"@id\":\"https:\/\/sandzakpress.net\/arhiva\/#website\",\"url\":\"https:\/\/sandzakpress.net\/arhiva\/\",\"name\":\"Sand\u017eak PRESS\",\"description\":\"Prve elektronske novine u Sand\u017eaku\",\"publisher\":{\"@id\":\"https:\/\/sandzakpress.net\/arhiva\/#\/schema\/person\/6e72b67d6e51910a1117b3b483ba20bd\"},\"potentialAction\":[{\"@type\":\"SearchAction\",\"target\":{\"@type\":\"EntryPoint\",\"urlTemplate\":\"https:\/\/sandzakpress.net\/arhiva\/?s={search_term_string}\"},\"query-input\":{\"@type\":\"PropertyValueSpecification\",\"valueRequired\":true,\"valueName\":\"search_term_string\"}}],\"inLanguage\":\"bs-BA\"},{\"@type\":[\"Person\",\"Organization\"],\"@id\":\"https:\/\/sandzakpress.net\/arhiva\/#\/schema\/person\/6e72b67d6e51910a1117b3b483ba20bd\",\"name\":\"Kul\",\"image\":{\"@type\":\"ImageObject\",\"inLanguage\":\"bs-BA\",\"@id\":\"https:\/\/sandzakpress.net\/arhiva\/#\/schema\/person\/image\/\",\"url\":\"https:\/\/secure.gravatar.com\/avatar\/42263f39aa27ac04c43cab85c280eb2e?s=96&d=mm&r=pg\",\"contentUrl\":\"https:\/\/secure.gravatar.com\/avatar\/42263f39aa27ac04c43cab85c280eb2e?s=96&d=mm&r=pg\",\"caption\":\"Kul\"},\"logo\":{\"@id\":\"https:\/\/sandzakpress.net\/arhiva\/#\/schema\/person\/image\/\"}},{\"@type\":\"Person\",\"@id\":\"https:\/\/sandzakpress.net\/arhiva\/#\/schema\/person\/cb59d7e3ab91ab90dd680ad0305a6185\",\"name\":\"Agencija\",\"image\":{\"@type\":\"ImageObject\",\"inLanguage\":\"bs-BA\",\"@id\":\"https:\/\/sandzakpress.net\/arhiva\/#\/schema\/person\/image\/\",\"url\":\"https:\/\/secure.gravatar.com\/avatar\/4b7fafa80a22f0c2afe23966b3961fe0?s=96&d=mm&r=pg\",\"contentUrl\":\"https:\/\/secure.gravatar.com\/avatar\/4b7fafa80a22f0c2afe23966b3961fe0?s=96&d=mm&r=pg\",\"caption\":\"Agencija\"},\"url\":\"https:\/\/sandzakpress.net\/arhiva\/author\/agencija\/\"}]}<\/script>\n<!-- \/ Yoast SEO Premium plugin. -->","yoast_head_json":{"title":"Akademik Zukorli\u0107: Ako ne obnovimo kulturu \u010ditanja, budu\u0107nost nam je mra\u010dna","robots":{"index":"index","follow":"follow","max-snippet":"max-snippet:-1","max-image-preview":"max-image-preview:large","max-video-preview":"max-video-preview:-1"},"canonical":"https:\/\/sandzakpress.net\/arhiva\/akademik-zukorlic-ako-ne-obnovimo-kulturu-citanja-buducnost-nam-je-mracna\/","og_locale":"bs_BA","og_type":"article","og_title":"Akademik Zukorli\u0107: Ako ne obnovimo kulturu \u010ditanja, budu\u0107nost nam je mra\u010dna","og_description":"Povodom Me\u0111unarodnog dana knjige, Fakultet za islamske studije i Departman za filolo\u0161ke nauke Internacionalnog univerziteta u Novom Pazaru, organizirali su tribinu pod nazivom \u201c Kultura \u010ditanja \u201c. Izlaga\u010d na tribini bio je akademik Muamer Zukorli\u0107. Akademik Zukorli\u0107 je tom prilikom istakao da Internacionalni univerzitet u Novom Pazaru kao i Fakultet za islamske studije, dr\u017ee korak [&hellip;]","og_url":"https:\/\/sandzakpress.net\/arhiva\/akademik-zukorlic-ako-ne-obnovimo-kulturu-citanja-buducnost-nam-je-mracna\/","og_site_name":"Sand\u017eak PRESS","article_published_time":"2019-04-23T10:30:17+00:00","article_modified_time":"2019-04-23T12:54:34+00:00","og_image":[{"width":1024,"height":683,"url":"https:\/\/sandzakpress.net\/arhiva\/wp-content\/uploads\/2019\/04\/58586632_2444424018909454_9145082866177146880_o-1024x683.jpg","type":"image\/jpeg"}],"author":"Agencija","twitter_card":"summary_large_image","twitter_misc":{"Written by":"Agencija","Est. reading time":"4 minute"},"schema":{"@context":"https:\/\/schema.org","@graph":[{"@type":"Article","@id":"https:\/\/sandzakpress.net\/arhiva\/akademik-zukorlic-ako-ne-obnovimo-kulturu-citanja-buducnost-nam-je-mracna\/#article","isPartOf":{"@id":"https:\/\/sandzakpress.net\/arhiva\/akademik-zukorlic-ako-ne-obnovimo-kulturu-citanja-buducnost-nam-je-mracna\/"},"author":{"name":"Agencija","@id":"https:\/\/sandzakpress.net\/arhiva\/#\/schema\/person\/cb59d7e3ab91ab90dd680ad0305a6185"},"headline":"Akademik Zukorli\u0107: Ako ne obnovimo kulturu \u010ditanja, budu\u0107nost nam je mra\u010dna","datePublished":"2019-04-23T10:30:17+00:00","dateModified":"2019-04-23T12:54:34+00:00","mainEntityOfPage":{"@id":"https:\/\/sandzakpress.net\/arhiva\/akademik-zukorlic-ako-ne-obnovimo-kulturu-citanja-buducnost-nam-je-mracna\/"},"wordCount":770,"commentCount":0,"publisher":{"@id":"https:\/\/sandzakpress.net\/arhiva\/#\/schema\/person\/6e72b67d6e51910a1117b3b483ba20bd"},"image":{"@id":"https:\/\/sandzakpress.net\/arhiva\/akademik-zukorlic-ako-ne-obnovimo-kulturu-citanja-buducnost-nam-je-mracna\/#primaryimage"},"thumbnailUrl":"https:\/\/sandzakpress.net\/arhiva\/wp-content\/uploads\/2019\/04\/58586632_2444424018909454_9145082866177146880_o-1024x683.jpg","keywords":["muftija Muamer Zukorli\u0107"],"articleSection":["Novi Pazar","Obrazovanje","VIJESTI DANA"],"inLanguage":"bs-BA","potentialAction":[{"@type":"CommentAction","name":"Comment","target":["https:\/\/sandzakpress.net\/arhiva\/akademik-zukorlic-ako-ne-obnovimo-kulturu-citanja-buducnost-nam-je-mracna\/#respond"]}]},{"@type":"WebPage","@id":"https:\/\/sandzakpress.net\/arhiva\/akademik-zukorlic-ako-ne-obnovimo-kulturu-citanja-buducnost-nam-je-mracna\/","url":"https:\/\/sandzakpress.net\/arhiva\/akademik-zukorlic-ako-ne-obnovimo-kulturu-citanja-buducnost-nam-je-mracna\/","name":"Akademik Zukorli\u0107: Ako ne obnovimo kulturu \u010ditanja, budu\u0107nost nam je mra\u010dna","isPartOf":{"@id":"https:\/\/sandzakpress.net\/arhiva\/#website"},"primaryImageOfPage":{"@id":"https:\/\/sandzakpress.net\/arhiva\/akademik-zukorlic-ako-ne-obnovimo-kulturu-citanja-buducnost-nam-je-mracna\/#primaryimage"},"image":{"@id":"https:\/\/sandzakpress.net\/arhiva\/akademik-zukorlic-ako-ne-obnovimo-kulturu-citanja-buducnost-nam-je-mracna\/#primaryimage"},"thumbnailUrl":"https:\/\/sandzakpress.net\/arhiva\/wp-content\/uploads\/2019\/04\/58586632_2444424018909454_9145082866177146880_o-1024x683.jpg","datePublished":"2019-04-23T10:30:17+00:00","dateModified":"2019-04-23T12:54:34+00:00","breadcrumb":{"@id":"https:\/\/sandzakpress.net\/arhiva\/akademik-zukorlic-ako-ne-obnovimo-kulturu-citanja-buducnost-nam-je-mracna\/#breadcrumb"},"inLanguage":"bs-BA","potentialAction":[{"@type":"ReadAction","target":["https:\/\/sandzakpress.net\/arhiva\/akademik-zukorlic-ako-ne-obnovimo-kulturu-citanja-buducnost-nam-je-mracna\/"]}]},{"@type":"ImageObject","inLanguage":"bs-BA","@id":"https:\/\/sandzakpress.net\/arhiva\/akademik-zukorlic-ako-ne-obnovimo-kulturu-citanja-buducnost-nam-je-mracna\/#primaryimage","url":"https:\/\/sandzakpress.net\/arhiva\/wp-content\/uploads\/2019\/04\/58586632_2444424018909454_9145082866177146880_o-1024x683.jpg","contentUrl":"https:\/\/sandzakpress.net\/arhiva\/wp-content\/uploads\/2019\/04\/58586632_2444424018909454_9145082866177146880_o-1024x683.jpg","width":1024,"height":683},{"@type":"BreadcrumbList","@id":"https:\/\/sandzakpress.net\/arhiva\/akademik-zukorlic-ako-ne-obnovimo-kulturu-citanja-buducnost-nam-je-mracna\/#breadcrumb","itemListElement":[{"@type":"ListItem","position":1,"name":"Home","item":"https:\/\/sandzakpress.net\/arhiva\/"},{"@type":"ListItem","position":2,"name":"Akademik Zukorli\u0107: Ako ne obnovimo kulturu \u010ditanja, budu\u0107nost nam je mra\u010dna"}]},{"@type":"WebSite","@id":"https:\/\/sandzakpress.net\/arhiva\/#website","url":"https:\/\/sandzakpress.net\/arhiva\/","name":"Sand\u017eak PRESS","description":"Prve elektronske novine u Sand\u017eaku","publisher":{"@id":"https:\/\/sandzakpress.net\/arhiva\/#\/schema\/person\/6e72b67d6e51910a1117b3b483ba20bd"},"potentialAction":[{"@type":"SearchAction","target":{"@type":"EntryPoint","urlTemplate":"https:\/\/sandzakpress.net\/arhiva\/?s={search_term_string}"},"query-input":{"@type":"PropertyValueSpecification","valueRequired":true,"valueName":"search_term_string"}}],"inLanguage":"bs-BA"},{"@type":["Person","Organization"],"@id":"https:\/\/sandzakpress.net\/arhiva\/#\/schema\/person\/6e72b67d6e51910a1117b3b483ba20bd","name":"Kul","image":{"@type":"ImageObject","inLanguage":"bs-BA","@id":"https:\/\/sandzakpress.net\/arhiva\/#\/schema\/person\/image\/","url":"https:\/\/secure.gravatar.com\/avatar\/42263f39aa27ac04c43cab85c280eb2e?s=96&d=mm&r=pg","contentUrl":"https:\/\/secure.gravatar.com\/avatar\/42263f39aa27ac04c43cab85c280eb2e?s=96&d=mm&r=pg","caption":"Kul"},"logo":{"@id":"https:\/\/sandzakpress.net\/arhiva\/#\/schema\/person\/image\/"}},{"@type":"Person","@id":"https:\/\/sandzakpress.net\/arhiva\/#\/schema\/person\/cb59d7e3ab91ab90dd680ad0305a6185","name":"Agencija","image":{"@type":"ImageObject","inLanguage":"bs-BA","@id":"https:\/\/sandzakpress.net\/arhiva\/#\/schema\/person\/image\/","url":"https:\/\/secure.gravatar.com\/avatar\/4b7fafa80a22f0c2afe23966b3961fe0?s=96&d=mm&r=pg","contentUrl":"https:\/\/secure.gravatar.com\/avatar\/4b7fafa80a22f0c2afe23966b3961fe0?s=96&d=mm&r=pg","caption":"Agencija"},"url":"https:\/\/sandzakpress.net\/arhiva\/author\/agencija\/"}]}},"_links":{"self":[{"href":"https:\/\/sandzakpress.net\/arhiva\/wp-json\/wp\/v2\/posts\/222147"}],"collection":[{"href":"https:\/\/sandzakpress.net\/arhiva\/wp-json\/wp\/v2\/posts"}],"about":[{"href":"https:\/\/sandzakpress.net\/arhiva\/wp-json\/wp\/v2\/types\/post"}],"author":[{"embeddable":true,"href":"https:\/\/sandzakpress.net\/arhiva\/wp-json\/wp\/v2\/users\/509"}],"replies":[{"embeddable":true,"href":"https:\/\/sandzakpress.net\/arhiva\/wp-json\/wp\/v2\/comments?post=222147"}],"version-history":[{"count":0,"href":"https:\/\/sandzakpress.net\/arhiva\/wp-json\/wp\/v2\/posts\/222147\/revisions"}],"wp:featuredmedia":[{"embeddable":true,"href":"https:\/\/sandzakpress.net\/arhiva\/wp-json\/wp\/v2\/media\/222148"}],"wp:attachment":[{"href":"https:\/\/sandzakpress.net\/arhiva\/wp-json\/wp\/v2\/media?parent=222147"}],"wp:term":[{"taxonomy":"category","embeddable":true,"href":"https:\/\/sandzakpress.net\/arhiva\/wp-json\/wp\/v2\/categories?post=222147"},{"taxonomy":"post_tag","embeddable":true,"href":"https:\/\/sandzakpress.net\/arhiva\/wp-json\/wp\/v2\/tags?post=222147"}],"curies":[{"name":"wp","href":"https:\/\/api.w.org\/{rel}","templated":true}]}}