{"id":222058,"date":"2019-04-21T12:00:11","date_gmt":"2019-04-21T10:00:11","guid":{"rendered":"https:\/\/sandzakpress.net\/arhiva\/?p=222058"},"modified":"2019-04-21T12:00:11","modified_gmt":"2019-04-21T10:00:11","slug":"dr-zukorlic-spp-spreman-za-izbore-gradjani-ce-prepoznati-odlike-nase-politike","status":"publish","type":"post","link":"https:\/\/sandzakpress.net\/arhiva\/dr-zukorlic-spp-spreman-za-izbore-gradjani-ce-prepoznati-odlike-nase-politike\/","title":{"rendered":"Dr. Zukorli\u0107: SPP spreman za izbore, gra\u0111ani \u0107e prepoznati odlike na\u0161e politike"},"content":{"rendered":"<p><img loading=\"lazy\" decoding=\"async\" class=\"alignnone size-full wp-image-222059\" src=\"https:\/\/sandzakpress.net\/arhiva\/wp-content\/uploads\/2019\/04\/mm_1000x0.jpg\" alt=\"\" width=\"1000\" height=\"630\" srcset=\"https:\/\/sandzakpress.net\/arhiva\/wp-content\/uploads\/2019\/04\/mm_1000x0.jpg 1000w, https:\/\/sandzakpress.net\/arhiva\/wp-content\/uploads\/2019\/04\/mm_1000x0-768x484.jpg 768w, https:\/\/sandzakpress.net\/arhiva\/wp-content\/uploads\/2019\/04\/mm_1000x0-616x388.jpg 616w\" sizes=\"(max-width: 1000px) 100vw, 1000px\" \/><\/p>\n<p>O\u0161tro i bez dlake na jeziku Muamer Zukorli\u0107, lider SPP-a i narodni poslanik, u intervjuu za na\u0161 list govorio je o svim aktuelnim politi\u010dkim de\u0161avanjima i otkrio nam je zbog koga bi, prema njegovim re\u010dima, Vu\u010di\u0107 hitno morao da raspi\u0161e vanredne izbore, a to nisu opozicionari&#8230;<\/p>\n<p><strong>\u0110ilas je u petak napravio partiju koja nosi naziv Stranka slobode i pravde, va\u0161a se zove Stranka pravde i pomirenja, neki ka\u017eu ukrao vam ideju za naziv? \u0160ta vi ka\u017eete?<\/strong><\/p>\n<p>&#8211; Uzeo je pravdu, ali mi je ostavio pomirenje, to je va\u017eno (smeh) i dodao je slobodu. Pomirenje je ne\u0161to za \u0161ta se ja oduvek zala\u017eem, a mislim na pomirenje u svakom smislu, ra\u010dunaju\u0107i i srpsko-bo\u0161nja\u010dke odnose, a pravda je univerzalna kategorija kojoj svi treba da te\u017eimo. Politi\u010dka scena pretrpana je strankama, dobri nazivi su deficitarni, pa, eto, verovatno otuda njegova potreba da iskopira ne\u0161to \u0161to je dobro. Ja to pozdravljam i ne ljutim se.<\/p>\n<p><strong>Poslanici vladaju\u0107e koalicije najavljuju da su spremni da stupe u \u0161trajk gla\u0111u ako i opozicija krene s tim, da li je to vama prihvatljivo re\u0161enje?<\/strong><\/p>\n<p>&#8211; Opoziciona delovanja su veoma \u010dudna u poslednje vreme, \u010desto i neverovatna, pa razumem sasvim potrebu vladaju\u0107e ve\u0107ine, s kojom sam u dobrim partnerskim odnosima, da ima raznorazne vrste odgovora na sve to, pa i taj pomenuti. Ali, kada uzmemo u \u0161ta se pretvorila opozicija, mi\u0161ljenja sam i da ih sada ve\u0107 jednostavni treba pustiti, ba\u0161 kao i \u0161to neke po\u017eare ne treba gasiti, nego pustiti da izgore, ne gube\u0107i vreme na njih.<\/p>\n<div class=\"mceNonEditable pluginContainer antrfilePlugin clearfix antrfilecenter\" data-antrfile-plugin=\"1\">\n<div class=\"mceEditable\">\u00a0<\/div>\n<\/div>\n<p><strong>Kada smo kod opozicionih delovanja, tu je bilo i nasilja, pretnji, ru\u0161enja saobra\u0107ajnih znakova po gradu, upadanje u televizijske ku\u0107e. Da li uop\u0161te mo\u017eete da razumete poentu svega toga?<\/strong><\/p>\n<p>&#8211; Ona testera u zgradi RTS-a i ve\u0161ala na ulicama su ne\u0161to \u0161to je stvarno simbol protesta i opozicije, i to treba isticati, mislim \u010dak da to nije dovoljno puta pomenuto, a zaista dosta govori o njima, da ne ka\u017eem gotovo sve. Kasnije je usledila akcija kad su opkolili zgradu predsedni\u0161tva, \u0161to je bio udar na ustavni poredak, blokirali predsednika na nekoliko sati. Vu\u010di\u0107 je dobro odreagovao, a mogao je i da pozove \u017dandarmeriju i da se blokade uklone. Ali, ne\u0161to drugo mi je tada naro\u010dito zapalo za oko, gotovo niko od koalicionih partnera SNS-a tada nije ustao i sna\u017eno se oglasio tim povodom, osudio ono \u0161to radi opozicija, pravili su se mrtvi tog dana koji je bio klju\u010dni i najkriti\u010dniji. Primetio sam da se samo Da\u010di\u0107 oglasio.<\/p>\n<div class=\"mceNonEditable pluginContainer imagePlugin image-safe fullWidth\" data-image-id=\"153320\">\n<figure class=\"editorPlugin\" title=\"Muamer Zukorli\u0107\" data-media=\"\/resources\/images\/0000\/153\/320\/4U0A1057_400x0.jpg\" data-media440=\"\/resources\/images\/0000\/153\/320\/4U0A1057_450x0.jpg\" data-media900=\"\/resources\/images\/0000\/153\/320\/4U0A1057_1000x0.jpg\"><img loading=\"lazy\" decoding=\"async\" class=\"editorPlugin\" src=\"https:\/\/www.alo.rs\/resources\/images\/0000\/153\/320\/4U0A1057_1000x0.jpg\" alt=\"Muamer Zukorli\u0107\" width=\"1000\" height=\"666\" \/><\/figure>\n<p><span class=\"mceEditable image-plugin-description\">Muamer Zukorli\u0107, Foto: Alo! Dejan Briza<\/span><\/div>\n<div class=\"mceNonEditable pluginContainer antrfilePlugin clearfix antrfilecenter\" data-antrfile-plugin=\"1\">\n<div class=\"mceEditable\">\n<p><strong>Spreman sam za izbore<\/strong><\/p>\n<p><strong>Da li ste vi spremni za izbore i \u0161ta nudite gra\u0111anima ?<\/strong><\/p>\n<p>&#8211; SPP je ovog trenutka spreman za izbore i pored okosnice na\u0161eg programa koja se ogleda u insistiranju na izgradnji pravednog dru\u0161tva, posebno na socijalnom i ekonomskom polju. Mislim da \u0107e gra\u0111ani prepoznati odlike na\u0161e politike koja insistira na eti\u010dkim i svim drugim ljudskim vrednostima, te da su se u protekle tri godine uverili da smo autenti\u010dna politi\u010dka opcija spremna na korektno partnerstvo, li\u0161ena poltronstva i oportunizma.<\/p>\n<\/div>\n<\/div>\n<p>&nbsp;<\/p>\n<p>\u00a0<strong>\u00a0\u0160ta mislite za\u0161to su ostali \u0107utali?<\/strong><\/p>\n<p>&#8211; Imam utisak da su koalicioni partneri SNS-a po\u010deli da kalkuli\u0161u, da se za svaki slu\u010daj lagano udaljavaju ili distanciraju od jezgra i pripremaju teren za ne daj bo\u017ee. To je moj utisak i mislim da bi Vu\u010di\u0107 trebalo da se zapita oko toga. Re\u0161enje za tu situaciju su svakako izbori, to sam govorio iz istih razloga i pre dva meseca, olabavile su se pertle koalicionim partnerima, mora to da se stegne jer ukoliko se ne stegne, \u010dim potr\u010de izu\u0107e im se cipele, a to nije dobro.\u00a0<\/p>\n<p><strong>\u00a0Bo\u0161ko Obradovi\u0107 istakao se kao lider opozicije?<\/strong><\/p>\n<p>&#8211; Ne vidim ozbiljan liderski kapacitet u opoziciji okupljenoj oko SZS-a, svi ti ljudi poput \u0110ilasa ili Jeremi\u0107a, uvek su do sada bili broj dva ili broj tri, a biti broj dva mnogo je druga\u010dije nego biti lider i povu\u0107i ljude sa sobom. Neki su bili iza \u0110in\u0111i\u0107a, neki iza Tadi\u0107a, ali uvek iza i nikada ispred. To je pokazano i na poslednjem skupu koji su hteli da predstave kao istorijski, ljudi nisu do\u0161li u o\u010dekivanoj meri jer ih nisu \u010duli, prepoznali. Treba i da se zapitaju za\u0161to narod vi\u0161e podr\u017eava jednog Sergeja Trfunovi\u0107a, nego njih deset. Ta podr\u0161ka njemu je tako\u0111e skromna, ali to je \u010dovek koji posle svakog nastupa mora da se izvinjava i pravda, navode\u0107i da su mu neke stvari izletele i da su to bili lapsusi. Tako\u0111e, ta koli\u010dina psovki u javnom govoru nikako nije dobra niti simpati\u010dna kao \u0161to on misli.<\/p>\n<p><strong>Da se vratimo na Bo\u0161ka?<\/strong><\/p>\n<p>&#8211; Bo\u0161ko je moj cimer iz skup\u0161tinske klupe, kada god ga vidim u Skup\u0161tini, poku\u0161am ne\u0161to da ga posavetujem, jer ja ina\u010de mnoge posavetujem bez obzira na politi\u010dku opciju. Njemu sam nedavno rekao: \u201eBo\u0161ko, sa\u010dekaj ti jo\u0161 nekoliko godina pa kreni, poranio si\u201c. On je nacionalisti\u010dku politi\u010dku orijentaciju birao tako \u0161to je gledao koji prostor je na politi\u010dkom polju upra\u017enjen, ra\u010dunao je da je \u0160e\u0161elj pred politi\u010dkom penzijom i eto prilike da on zauzme taj prostor. Me\u0111utim, sve \u0161to je bez uverenja gra\u0111eno, to nije dobro i ne mo\u017ee biti uspe\u0161no. Ni on za sada nije pokazao ozbiljne liderske potencijale osobine i kapacitete.<\/p>\n<div class=\"mceNonEditable pluginContainer antrfilePlugin clearfix antrfilecenter\" data-antrfile-plugin=\"1\">\n<div class=\"mceEditable\">\n<p><strong>Mira mi nije ostala u lepom se\u0107anju<\/strong><\/p>\n<p><strong>Odjeknula je vest ove nedelje da je preminula supruga Slobodana Milo\u0161evi\u0107a, \u0161ta vi pomislite prvo kada se ka\u017ee Mira Markovi\u0107?<\/strong><\/p>\n<p>&#8211; Kada sam se iz Al\u017eira vratio 1993, zatekao sam topove oko Novog Pazara okrenute ka Novom Pazaru. To je bilo delo Milo\u0161evi\u0107a i njegove supruge Mire. Dodu\u0161e, se\u0107am se i da je Mira pred kraj njihove vladavine po\u010dela da pi\u0161e o potrebi zbli\u017eavanja muslimana i pravoslavaca, a mislim daje te ideje preuzela od ruske akademije nauka, \u010diji je bila \u010dlan. Generalno, nemam neka lepa se\u0107anja na nju, ali o mrtvim, pa i o Miri, sve najbolje.<\/p>\n<\/div>\n<\/div>\n<div class=\"mceNonEditable pluginContainer antrfilePlugin clearfix antrfilecenter\" data-antrfile-plugin=\"1\">\n<div class=\"mceEditable\">\n<p><strong>Ne\u0107u biti D\u017eaferovi\u0107ev savetnik<\/strong><\/p>\n<p><strong>\u010cesto ste u Sarajevu, upoznati ste sa tim da je Dodikov savetnik Emir Kusturica, Kom\u0161i\u0107ev \u010cedomir Jovanovi\u0107, D\u017eaferovi\u0107 jo\u0161 nema savetnika, da li biste mu vi ponudili pomo\u0107? Kusturica ima plata od 1000 evra&#8230;<\/strong><\/p>\n<p>&#8211; Prvo, ja kada pristanem nekog da savetujem to radim iz ube\u0111enja, a ako to radim za novac, onda je u pitanju daleko ve\u0107i iznos, pa mi samim tim u toj situaciji to ne bi mogao biti motiv. Utisak mi je da Dodik nije morao da anga\u017euje Kusturicu zvani\u010dno da bi ga ovaj savetovao, jer s obzirom na njihovo privatno dru\u017eenje mogao je i da ga savetuje i nezvani\u010dno, ako su poenta saveti. Kom\u0161i\u0107 je anga\u017eovanjem Jovanovi\u0107a samo reagovao na to i mi\u0161ljenja sam da taj niz D\u017eaferovi\u0107 treba da prekine. Moj odnos prema Bosni je svima poznat, Bosnu volim i na svaki na\u010din poma\u017eem, ali ovaj na\u010din saradnje sa D\u017eaferovi\u0107em, ne o\u010dekujem.<\/p>\n<p><em>alo.rs<\/em><\/p>\n<\/div>\n<\/div>\n","protected":false},"excerpt":{"rendered":"<p>O\u0161tro i bez dlake na jeziku Muamer Zukorli\u0107, lider SPP-a i narodni poslanik, u intervjuu za na\u0161 list govorio je o svim aktuelnim politi\u010dkim de\u0161avanjima i otkrio nam je zbog koga bi, prema njegovim re\u010dima, Vu\u010di\u0107 hitno morao da raspi\u0161e vanredne izbore, a to nisu opozicionari&#8230; \u0110ilas je u petak napravio partiju koja nosi naziv [&hellip;]<\/p>\n","protected":false},"author":509,"featured_media":222059,"comment_status":"open","ping_status":"open","sticky":false,"template":"","format":"standard","meta":{"footnotes":""},"categories":[1,10307,8957],"tags":[],"class_list":{"0":"post-222058","1":"post","2":"type-post","3":"status-publish","4":"format-standard","5":"has-post-thumbnail","7":"category-politika","8":"category-srbija","9":"category-vijesti-dana"},"yoast_head":"<!-- This site is optimized with the Yoast SEO Premium plugin v23.1 (Yoast SEO v24.9) - https:\/\/yoast.com\/wordpress\/plugins\/seo\/ -->\n<title>Dr. Zukorli\u0107: SPP spreman za izbore, gra\u0111ani \u0107e prepoznati odlike na\u0161e politike<\/title>\n<meta name=\"robots\" content=\"index, follow, max-snippet:-1, max-image-preview:large, max-video-preview:-1\" \/>\n<link rel=\"canonical\" href=\"https:\/\/sandzakpress.net\/arhiva\/dr-zukorlic-spp-spreman-za-izbore-gradjani-ce-prepoznati-odlike-nase-politike\/\" \/>\n<meta property=\"og:locale\" content=\"bs_BA\" \/>\n<meta property=\"og:type\" content=\"article\" \/>\n<meta property=\"og:title\" content=\"Dr. Zukorli\u0107: SPP spreman za izbore, gra\u0111ani \u0107e prepoznati odlike na\u0161e politike\" \/>\n<meta property=\"og:description\" content=\"O\u0161tro i bez dlake na jeziku Muamer Zukorli\u0107, lider SPP-a i narodni poslanik, u intervjuu za na\u0161 list govorio je o svim aktuelnim politi\u010dkim de\u0161avanjima i otkrio nam je zbog koga bi, prema njegovim re\u010dima, Vu\u010di\u0107 hitno morao da raspi\u0161e vanredne izbore, a to nisu opozicionari&#8230; \u0110ilas je u petak napravio partiju koja nosi naziv [&hellip;]\" \/>\n<meta property=\"og:url\" content=\"https:\/\/sandzakpress.net\/arhiva\/dr-zukorlic-spp-spreman-za-izbore-gradjani-ce-prepoznati-odlike-nase-politike\/\" \/>\n<meta property=\"og:site_name\" content=\"Sand\u017eak PRESS\" \/>\n<meta property=\"article:published_time\" content=\"2019-04-21T10:00:11+00:00\" \/>\n<meta property=\"og:image\" content=\"https:\/\/sandzakpress.net\/arhiva\/wp-content\/uploads\/2019\/04\/mm_1000x0.jpg\" \/>\n\t<meta property=\"og:image:width\" content=\"1000\" \/>\n\t<meta property=\"og:image:height\" content=\"630\" \/>\n\t<meta property=\"og:image:type\" content=\"image\/jpeg\" \/>\n<meta name=\"author\" content=\"Agencija\" \/>\n<meta name=\"twitter:card\" content=\"summary_large_image\" \/>\n<meta name=\"twitter:label1\" content=\"Written by\" \/>\n\t<meta name=\"twitter:data1\" content=\"Agencija\" \/>\n\t<meta name=\"twitter:label2\" content=\"Est. reading time\" \/>\n\t<meta name=\"twitter:data2\" content=\"6 minuta\" \/>\n<script type=\"application\/ld+json\" class=\"yoast-schema-graph\">{\"@context\":\"https:\/\/schema.org\",\"@graph\":[{\"@type\":\"Article\",\"@id\":\"https:\/\/sandzakpress.net\/arhiva\/dr-zukorlic-spp-spreman-za-izbore-gradjani-ce-prepoznati-odlike-nase-politike\/#article\",\"isPartOf\":{\"@id\":\"https:\/\/sandzakpress.net\/arhiva\/dr-zukorlic-spp-spreman-za-izbore-gradjani-ce-prepoznati-odlike-nase-politike\/\"},\"author\":{\"name\":\"Agencija\",\"@id\":\"https:\/\/sandzakpress.net\/arhiva\/#\/schema\/person\/cb59d7e3ab91ab90dd680ad0305a6185\"},\"headline\":\"Dr. Zukorli\u0107: SPP spreman za izbore, gra\u0111ani \u0107e prepoznati odlike na\u0161e politike\",\"datePublished\":\"2019-04-21T10:00:11+00:00\",\"mainEntityOfPage\":{\"@id\":\"https:\/\/sandzakpress.net\/arhiva\/dr-zukorlic-spp-spreman-za-izbore-gradjani-ce-prepoznati-odlike-nase-politike\/\"},\"wordCount\":1255,\"commentCount\":1,\"publisher\":{\"@id\":\"https:\/\/sandzakpress.net\/arhiva\/#\/schema\/person\/6e72b67d6e51910a1117b3b483ba20bd\"},\"image\":{\"@id\":\"https:\/\/sandzakpress.net\/arhiva\/dr-zukorlic-spp-spreman-za-izbore-gradjani-ce-prepoznati-odlike-nase-politike\/#primaryimage\"},\"thumbnailUrl\":\"https:\/\/sandzakpress.net\/arhiva\/wp-content\/uploads\/2019\/04\/mm_1000x0.jpg\",\"articleSection\":[\"Politika\",\"Srbija\",\"VIJESTI DANA\"],\"inLanguage\":\"bs-BA\",\"potentialAction\":[{\"@type\":\"CommentAction\",\"name\":\"Comment\",\"target\":[\"https:\/\/sandzakpress.net\/arhiva\/dr-zukorlic-spp-spreman-za-izbore-gradjani-ce-prepoznati-odlike-nase-politike\/#respond\"]}]},{\"@type\":\"WebPage\",\"@id\":\"https:\/\/sandzakpress.net\/arhiva\/dr-zukorlic-spp-spreman-za-izbore-gradjani-ce-prepoznati-odlike-nase-politike\/\",\"url\":\"https:\/\/sandzakpress.net\/arhiva\/dr-zukorlic-spp-spreman-za-izbore-gradjani-ce-prepoznati-odlike-nase-politike\/\",\"name\":\"Dr. Zukorli\u0107: SPP spreman za izbore, gra\u0111ani \u0107e prepoznati odlike na\u0161e politike\",\"isPartOf\":{\"@id\":\"https:\/\/sandzakpress.net\/arhiva\/#website\"},\"primaryImageOfPage\":{\"@id\":\"https:\/\/sandzakpress.net\/arhiva\/dr-zukorlic-spp-spreman-za-izbore-gradjani-ce-prepoznati-odlike-nase-politike\/#primaryimage\"},\"image\":{\"@id\":\"https:\/\/sandzakpress.net\/arhiva\/dr-zukorlic-spp-spreman-za-izbore-gradjani-ce-prepoznati-odlike-nase-politike\/#primaryimage\"},\"thumbnailUrl\":\"https:\/\/sandzakpress.net\/arhiva\/wp-content\/uploads\/2019\/04\/mm_1000x0.jpg\",\"datePublished\":\"2019-04-21T10:00:11+00:00\",\"breadcrumb\":{\"@id\":\"https:\/\/sandzakpress.net\/arhiva\/dr-zukorlic-spp-spreman-za-izbore-gradjani-ce-prepoznati-odlike-nase-politike\/#breadcrumb\"},\"inLanguage\":\"bs-BA\",\"potentialAction\":[{\"@type\":\"ReadAction\",\"target\":[\"https:\/\/sandzakpress.net\/arhiva\/dr-zukorlic-spp-spreman-za-izbore-gradjani-ce-prepoznati-odlike-nase-politike\/\"]}]},{\"@type\":\"ImageObject\",\"inLanguage\":\"bs-BA\",\"@id\":\"https:\/\/sandzakpress.net\/arhiva\/dr-zukorlic-spp-spreman-za-izbore-gradjani-ce-prepoznati-odlike-nase-politike\/#primaryimage\",\"url\":\"https:\/\/sandzakpress.net\/arhiva\/wp-content\/uploads\/2019\/04\/mm_1000x0.jpg\",\"contentUrl\":\"https:\/\/sandzakpress.net\/arhiva\/wp-content\/uploads\/2019\/04\/mm_1000x0.jpg\",\"width\":1000,\"height\":630},{\"@type\":\"BreadcrumbList\",\"@id\":\"https:\/\/sandzakpress.net\/arhiva\/dr-zukorlic-spp-spreman-za-izbore-gradjani-ce-prepoznati-odlike-nase-politike\/#breadcrumb\",\"itemListElement\":[{\"@type\":\"ListItem\",\"position\":1,\"name\":\"Home\",\"item\":\"https:\/\/sandzakpress.net\/arhiva\/\"},{\"@type\":\"ListItem\",\"position\":2,\"name\":\"Dr. Zukorli\u0107: SPP spreman za izbore, gra\u0111ani \u0107e prepoznati odlike na\u0161e politike\"}]},{\"@type\":\"WebSite\",\"@id\":\"https:\/\/sandzakpress.net\/arhiva\/#website\",\"url\":\"https:\/\/sandzakpress.net\/arhiva\/\",\"name\":\"Sand\u017eak PRESS\",\"description\":\"Prve elektronske novine u Sand\u017eaku\",\"publisher\":{\"@id\":\"https:\/\/sandzakpress.net\/arhiva\/#\/schema\/person\/6e72b67d6e51910a1117b3b483ba20bd\"},\"potentialAction\":[{\"@type\":\"SearchAction\",\"target\":{\"@type\":\"EntryPoint\",\"urlTemplate\":\"https:\/\/sandzakpress.net\/arhiva\/?s={search_term_string}\"},\"query-input\":{\"@type\":\"PropertyValueSpecification\",\"valueRequired\":true,\"valueName\":\"search_term_string\"}}],\"inLanguage\":\"bs-BA\"},{\"@type\":[\"Person\",\"Organization\"],\"@id\":\"https:\/\/sandzakpress.net\/arhiva\/#\/schema\/person\/6e72b67d6e51910a1117b3b483ba20bd\",\"name\":\"Kul\",\"image\":{\"@type\":\"ImageObject\",\"inLanguage\":\"bs-BA\",\"@id\":\"https:\/\/sandzakpress.net\/arhiva\/#\/schema\/person\/image\/\",\"url\":\"https:\/\/secure.gravatar.com\/avatar\/42263f39aa27ac04c43cab85c280eb2e?s=96&d=mm&r=pg\",\"contentUrl\":\"https:\/\/secure.gravatar.com\/avatar\/42263f39aa27ac04c43cab85c280eb2e?s=96&d=mm&r=pg\",\"caption\":\"Kul\"},\"logo\":{\"@id\":\"https:\/\/sandzakpress.net\/arhiva\/#\/schema\/person\/image\/\"}},{\"@type\":\"Person\",\"@id\":\"https:\/\/sandzakpress.net\/arhiva\/#\/schema\/person\/cb59d7e3ab91ab90dd680ad0305a6185\",\"name\":\"Agencija\",\"image\":{\"@type\":\"ImageObject\",\"inLanguage\":\"bs-BA\",\"@id\":\"https:\/\/sandzakpress.net\/arhiva\/#\/schema\/person\/image\/\",\"url\":\"https:\/\/secure.gravatar.com\/avatar\/4b7fafa80a22f0c2afe23966b3961fe0?s=96&d=mm&r=pg\",\"contentUrl\":\"https:\/\/secure.gravatar.com\/avatar\/4b7fafa80a22f0c2afe23966b3961fe0?s=96&d=mm&r=pg\",\"caption\":\"Agencija\"},\"url\":\"https:\/\/sandzakpress.net\/arhiva\/author\/agencija\/\"}]}<\/script>\n<!-- \/ Yoast SEO Premium plugin. -->","yoast_head_json":{"title":"Dr. Zukorli\u0107: SPP spreman za izbore, gra\u0111ani \u0107e prepoznati odlike na\u0161e politike","robots":{"index":"index","follow":"follow","max-snippet":"max-snippet:-1","max-image-preview":"max-image-preview:large","max-video-preview":"max-video-preview:-1"},"canonical":"https:\/\/sandzakpress.net\/arhiva\/dr-zukorlic-spp-spreman-za-izbore-gradjani-ce-prepoznati-odlike-nase-politike\/","og_locale":"bs_BA","og_type":"article","og_title":"Dr. Zukorli\u0107: SPP spreman za izbore, gra\u0111ani \u0107e prepoznati odlike na\u0161e politike","og_description":"O\u0161tro i bez dlake na jeziku Muamer Zukorli\u0107, lider SPP-a i narodni poslanik, u intervjuu za na\u0161 list govorio je o svim aktuelnim politi\u010dkim de\u0161avanjima i otkrio nam je zbog koga bi, prema njegovim re\u010dima, Vu\u010di\u0107 hitno morao da raspi\u0161e vanredne izbore, a to nisu opozicionari&#8230; \u0110ilas je u petak napravio partiju koja nosi naziv [&hellip;]","og_url":"https:\/\/sandzakpress.net\/arhiva\/dr-zukorlic-spp-spreman-za-izbore-gradjani-ce-prepoznati-odlike-nase-politike\/","og_site_name":"Sand\u017eak PRESS","article_published_time":"2019-04-21T10:00:11+00:00","og_image":[{"width":1000,"height":630,"url":"https:\/\/sandzakpress.net\/arhiva\/wp-content\/uploads\/2019\/04\/mm_1000x0.jpg","type":"image\/jpeg"}],"author":"Agencija","twitter_card":"summary_large_image","twitter_misc":{"Written by":"Agencija","Est. reading time":"6 minuta"},"schema":{"@context":"https:\/\/schema.org","@graph":[{"@type":"Article","@id":"https:\/\/sandzakpress.net\/arhiva\/dr-zukorlic-spp-spreman-za-izbore-gradjani-ce-prepoznati-odlike-nase-politike\/#article","isPartOf":{"@id":"https:\/\/sandzakpress.net\/arhiva\/dr-zukorlic-spp-spreman-za-izbore-gradjani-ce-prepoznati-odlike-nase-politike\/"},"author":{"name":"Agencija","@id":"https:\/\/sandzakpress.net\/arhiva\/#\/schema\/person\/cb59d7e3ab91ab90dd680ad0305a6185"},"headline":"Dr. Zukorli\u0107: SPP spreman za izbore, gra\u0111ani \u0107e prepoznati odlike na\u0161e politike","datePublished":"2019-04-21T10:00:11+00:00","mainEntityOfPage":{"@id":"https:\/\/sandzakpress.net\/arhiva\/dr-zukorlic-spp-spreman-za-izbore-gradjani-ce-prepoznati-odlike-nase-politike\/"},"wordCount":1255,"commentCount":1,"publisher":{"@id":"https:\/\/sandzakpress.net\/arhiva\/#\/schema\/person\/6e72b67d6e51910a1117b3b483ba20bd"},"image":{"@id":"https:\/\/sandzakpress.net\/arhiva\/dr-zukorlic-spp-spreman-za-izbore-gradjani-ce-prepoznati-odlike-nase-politike\/#primaryimage"},"thumbnailUrl":"https:\/\/sandzakpress.net\/arhiva\/wp-content\/uploads\/2019\/04\/mm_1000x0.jpg","articleSection":["Politika","Srbija","VIJESTI DANA"],"inLanguage":"bs-BA","potentialAction":[{"@type":"CommentAction","name":"Comment","target":["https:\/\/sandzakpress.net\/arhiva\/dr-zukorlic-spp-spreman-za-izbore-gradjani-ce-prepoznati-odlike-nase-politike\/#respond"]}]},{"@type":"WebPage","@id":"https:\/\/sandzakpress.net\/arhiva\/dr-zukorlic-spp-spreman-za-izbore-gradjani-ce-prepoznati-odlike-nase-politike\/","url":"https:\/\/sandzakpress.net\/arhiva\/dr-zukorlic-spp-spreman-za-izbore-gradjani-ce-prepoznati-odlike-nase-politike\/","name":"Dr. Zukorli\u0107: SPP spreman za izbore, gra\u0111ani \u0107e prepoznati odlike na\u0161e politike","isPartOf":{"@id":"https:\/\/sandzakpress.net\/arhiva\/#website"},"primaryImageOfPage":{"@id":"https:\/\/sandzakpress.net\/arhiva\/dr-zukorlic-spp-spreman-za-izbore-gradjani-ce-prepoznati-odlike-nase-politike\/#primaryimage"},"image":{"@id":"https:\/\/sandzakpress.net\/arhiva\/dr-zukorlic-spp-spreman-za-izbore-gradjani-ce-prepoznati-odlike-nase-politike\/#primaryimage"},"thumbnailUrl":"https:\/\/sandzakpress.net\/arhiva\/wp-content\/uploads\/2019\/04\/mm_1000x0.jpg","datePublished":"2019-04-21T10:00:11+00:00","breadcrumb":{"@id":"https:\/\/sandzakpress.net\/arhiva\/dr-zukorlic-spp-spreman-za-izbore-gradjani-ce-prepoznati-odlike-nase-politike\/#breadcrumb"},"inLanguage":"bs-BA","potentialAction":[{"@type":"ReadAction","target":["https:\/\/sandzakpress.net\/arhiva\/dr-zukorlic-spp-spreman-za-izbore-gradjani-ce-prepoznati-odlike-nase-politike\/"]}]},{"@type":"ImageObject","inLanguage":"bs-BA","@id":"https:\/\/sandzakpress.net\/arhiva\/dr-zukorlic-spp-spreman-za-izbore-gradjani-ce-prepoznati-odlike-nase-politike\/#primaryimage","url":"https:\/\/sandzakpress.net\/arhiva\/wp-content\/uploads\/2019\/04\/mm_1000x0.jpg","contentUrl":"https:\/\/sandzakpress.net\/arhiva\/wp-content\/uploads\/2019\/04\/mm_1000x0.jpg","width":1000,"height":630},{"@type":"BreadcrumbList","@id":"https:\/\/sandzakpress.net\/arhiva\/dr-zukorlic-spp-spreman-za-izbore-gradjani-ce-prepoznati-odlike-nase-politike\/#breadcrumb","itemListElement":[{"@type":"ListItem","position":1,"name":"Home","item":"https:\/\/sandzakpress.net\/arhiva\/"},{"@type":"ListItem","position":2,"name":"Dr. Zukorli\u0107: SPP spreman za izbore, gra\u0111ani \u0107e prepoznati odlike na\u0161e politike"}]},{"@type":"WebSite","@id":"https:\/\/sandzakpress.net\/arhiva\/#website","url":"https:\/\/sandzakpress.net\/arhiva\/","name":"Sand\u017eak PRESS","description":"Prve elektronske novine u Sand\u017eaku","publisher":{"@id":"https:\/\/sandzakpress.net\/arhiva\/#\/schema\/person\/6e72b67d6e51910a1117b3b483ba20bd"},"potentialAction":[{"@type":"SearchAction","target":{"@type":"EntryPoint","urlTemplate":"https:\/\/sandzakpress.net\/arhiva\/?s={search_term_string}"},"query-input":{"@type":"PropertyValueSpecification","valueRequired":true,"valueName":"search_term_string"}}],"inLanguage":"bs-BA"},{"@type":["Person","Organization"],"@id":"https:\/\/sandzakpress.net\/arhiva\/#\/schema\/person\/6e72b67d6e51910a1117b3b483ba20bd","name":"Kul","image":{"@type":"ImageObject","inLanguage":"bs-BA","@id":"https:\/\/sandzakpress.net\/arhiva\/#\/schema\/person\/image\/","url":"https:\/\/secure.gravatar.com\/avatar\/42263f39aa27ac04c43cab85c280eb2e?s=96&d=mm&r=pg","contentUrl":"https:\/\/secure.gravatar.com\/avatar\/42263f39aa27ac04c43cab85c280eb2e?s=96&d=mm&r=pg","caption":"Kul"},"logo":{"@id":"https:\/\/sandzakpress.net\/arhiva\/#\/schema\/person\/image\/"}},{"@type":"Person","@id":"https:\/\/sandzakpress.net\/arhiva\/#\/schema\/person\/cb59d7e3ab91ab90dd680ad0305a6185","name":"Agencija","image":{"@type":"ImageObject","inLanguage":"bs-BA","@id":"https:\/\/sandzakpress.net\/arhiva\/#\/schema\/person\/image\/","url":"https:\/\/secure.gravatar.com\/avatar\/4b7fafa80a22f0c2afe23966b3961fe0?s=96&d=mm&r=pg","contentUrl":"https:\/\/secure.gravatar.com\/avatar\/4b7fafa80a22f0c2afe23966b3961fe0?s=96&d=mm&r=pg","caption":"Agencija"},"url":"https:\/\/sandzakpress.net\/arhiva\/author\/agencija\/"}]}},"_links":{"self":[{"href":"https:\/\/sandzakpress.net\/arhiva\/wp-json\/wp\/v2\/posts\/222058"}],"collection":[{"href":"https:\/\/sandzakpress.net\/arhiva\/wp-json\/wp\/v2\/posts"}],"about":[{"href":"https:\/\/sandzakpress.net\/arhiva\/wp-json\/wp\/v2\/types\/post"}],"author":[{"embeddable":true,"href":"https:\/\/sandzakpress.net\/arhiva\/wp-json\/wp\/v2\/users\/509"}],"replies":[{"embeddable":true,"href":"https:\/\/sandzakpress.net\/arhiva\/wp-json\/wp\/v2\/comments?post=222058"}],"version-history":[{"count":0,"href":"https:\/\/sandzakpress.net\/arhiva\/wp-json\/wp\/v2\/posts\/222058\/revisions"}],"wp:featuredmedia":[{"embeddable":true,"href":"https:\/\/sandzakpress.net\/arhiva\/wp-json\/wp\/v2\/media\/222059"}],"wp:attachment":[{"href":"https:\/\/sandzakpress.net\/arhiva\/wp-json\/wp\/v2\/media?parent=222058"}],"wp:term":[{"taxonomy":"category","embeddable":true,"href":"https:\/\/sandzakpress.net\/arhiva\/wp-json\/wp\/v2\/categories?post=222058"},{"taxonomy":"post_tag","embeddable":true,"href":"https:\/\/sandzakpress.net\/arhiva\/wp-json\/wp\/v2\/tags?post=222058"}],"curies":[{"name":"wp","href":"https:\/\/api.w.org\/{rel}","templated":true}]}}