{"id":222025,"date":"2019-04-20T12:59:50","date_gmt":"2019-04-20T10:59:50","guid":{"rendered":"https:\/\/sandzakpress.net\/arhiva\/?p=222025"},"modified":"2019-04-20T12:59:50","modified_gmt":"2019-04-20T10:59:50","slug":"zijad-nurkovic-ubijen-u-spaniji-pred-zenom-i-djetetom","status":"publish","type":"post","link":"https:\/\/sandzakpress.net\/arhiva\/zijad-nurkovic-ubijen-u-spaniji-pred-zenom-i-djetetom\/","title":{"rendered":"Zijad Nurkovi\u0107 ubijen u \u0160paniji pred \u017eenom i djetetom"},"content":{"rendered":"<p><img decoding=\"async\" src=\"https:\/\/www.sandzaklive.rs\/images\/0\/spanska-policija-696x469.jpg\" alt=\"spanska policija 696x469\" \/><\/p>\n<p><strong>Kako prenose \u0161panski mediji, pucnjava se dogodila sino\u0107 u regiji Kosta del Sol, gdje je mladi\u0107 upucan u vozilu pred \u017eenom i djetetom.<\/strong><\/p>\n<p>Kako navode, tokom pucnjave do\u0161lo je do sudara, te se jedan automobil i prevrnuo. Porodica je preba\u010dena u bolnicu, majka i k\u0107erka nisu povrije\u0111ene, dok je Nurkovi\u0107 primljen sa te\u0161kim povredama glave. On je nakon nekoliko sati i preminuo.<\/p>\n<p>\u0160panska policija intenzivno traga za po\u010diniocem.<\/p>\n<p>Podsjetimo, Nurkovi\u0107 va\u017ei za \u010dlana barske grupe bliske Alanu Ko\u017earu.<\/p>\n","protected":false},"excerpt":{"rendered":"<p>Kako prenose \u0161panski mediji, pucnjava se dogodila sino\u0107 u regiji Kosta del Sol, gdje je mladi\u0107 upucan u vozilu pred \u017eenom i djetetom. Kako navode, tokom pucnjave do\u0161lo je do sudara, te se jedan automobil i prevrnuo. Porodica je preba\u010dena u bolnicu, majka i k\u0107erka nisu povrije\u0111ene, dok je Nurkovi\u0107 primljen sa te\u0161kim povredama glave. [&hellip;]<\/p>\n","protected":false},"author":509,"featured_media":222026,"comment_status":"open","ping_status":"open","sticky":false,"template":"","format":"standard","meta":{"footnotes":""},"categories":[398,801,10429],"tags":[],"class_list":{"0":"post-222025","1":"post","2":"type-post","3":"status-publish","4":"format-standard","5":"has-post-thumbnail","7":"category-rozaje","8":"category-crna_hronika","9":"category-vazno"},"yoast_head":"<!-- This site is optimized with the Yoast SEO Premium plugin v23.1 (Yoast SEO v24.9) - https:\/\/yoast.com\/wordpress\/plugins\/seo\/ -->\n<title>Zijad Nurkovi\u0107 ubijen u \u0160paniji pred \u017eenom i djetetom<\/title>\n<meta name=\"robots\" content=\"index, follow, max-snippet:-1, max-image-preview:large, max-video-preview:-1\" \/>\n<link rel=\"canonical\" href=\"https:\/\/sandzakpress.net\/arhiva\/zijad-nurkovic-ubijen-u-spaniji-pred-zenom-i-djetetom\/\" \/>\n<meta property=\"og:locale\" content=\"bs_BA\" \/>\n<meta property=\"og:type\" content=\"article\" \/>\n<meta property=\"og:title\" content=\"Zijad Nurkovi\u0107 ubijen u \u0160paniji pred \u017eenom i djetetom\" \/>\n<meta property=\"og:description\" content=\"Kako prenose \u0161panski mediji, pucnjava se dogodila sino\u0107 u regiji Kosta del Sol, gdje je mladi\u0107 upucan u vozilu pred \u017eenom i djetetom. Kako navode, tokom pucnjave do\u0161lo je do sudara, te se jedan automobil i prevrnuo. Porodica je preba\u010dena u bolnicu, majka i k\u0107erka nisu povrije\u0111ene, dok je Nurkovi\u0107 primljen sa te\u0161kim povredama glave. [&hellip;]\" \/>\n<meta property=\"og:url\" content=\"https:\/\/sandzakpress.net\/arhiva\/zijad-nurkovic-ubijen-u-spaniji-pred-zenom-i-djetetom\/\" \/>\n<meta property=\"og:site_name\" content=\"Sand\u017eak PRESS\" \/>\n<meta property=\"article:published_time\" content=\"2019-04-20T10:59:50+00:00\" \/>\n<meta property=\"og:image\" content=\"https:\/\/sandzakpress.net\/arhiva\/wp-content\/uploads\/2019\/04\/spanska-policija-696x469.jpg\" \/>\n\t<meta property=\"og:image:width\" content=\"696\" \/>\n\t<meta property=\"og:image:height\" content=\"469\" \/>\n\t<meta property=\"og:image:type\" content=\"image\/jpeg\" \/>\n<meta name=\"author\" content=\"Agencija\" \/>\n<meta name=\"twitter:card\" content=\"summary_large_image\" \/>\n<meta name=\"twitter:label1\" content=\"Written by\" \/>\n\t<meta name=\"twitter:data1\" content=\"Agencija\" \/>\n<script type=\"application\/ld+json\" class=\"yoast-schema-graph\">{\"@context\":\"https:\/\/schema.org\",\"@graph\":[{\"@type\":\"Article\",\"@id\":\"https:\/\/sandzakpress.net\/arhiva\/zijad-nurkovic-ubijen-u-spaniji-pred-zenom-i-djetetom\/#article\",\"isPartOf\":{\"@id\":\"https:\/\/sandzakpress.net\/arhiva\/zijad-nurkovic-ubijen-u-spaniji-pred-zenom-i-djetetom\/\"},\"author\":{\"name\":\"Agencija\",\"@id\":\"https:\/\/sandzakpress.net\/arhiva\/#\/schema\/person\/cb59d7e3ab91ab90dd680ad0305a6185\"},\"headline\":\"Zijad Nurkovi\u0107 ubijen u \u0160paniji pred \u017eenom i djetetom\",\"datePublished\":\"2019-04-20T10:59:50+00:00\",\"mainEntityOfPage\":{\"@id\":\"https:\/\/sandzakpress.net\/arhiva\/zijad-nurkovic-ubijen-u-spaniji-pred-zenom-i-djetetom\/\"},\"wordCount\":95,\"commentCount\":0,\"publisher\":{\"@id\":\"https:\/\/sandzakpress.net\/arhiva\/#\/schema\/person\/6e72b67d6e51910a1117b3b483ba20bd\"},\"image\":{\"@id\":\"https:\/\/sandzakpress.net\/arhiva\/zijad-nurkovic-ubijen-u-spaniji-pred-zenom-i-djetetom\/#primaryimage\"},\"thumbnailUrl\":\"https:\/\/sandzakpress.net\/arhiva\/wp-content\/uploads\/2019\/04\/spanska-policija-696x469.jpg\",\"articleSection\":[\"Ro\u017eaje\",\"Hronika\",\"VA\u017dNO!\"],\"inLanguage\":\"bs-BA\",\"potentialAction\":[{\"@type\":\"CommentAction\",\"name\":\"Comment\",\"target\":[\"https:\/\/sandzakpress.net\/arhiva\/zijad-nurkovic-ubijen-u-spaniji-pred-zenom-i-djetetom\/#respond\"]}]},{\"@type\":\"WebPage\",\"@id\":\"https:\/\/sandzakpress.net\/arhiva\/zijad-nurkovic-ubijen-u-spaniji-pred-zenom-i-djetetom\/\",\"url\":\"https:\/\/sandzakpress.net\/arhiva\/zijad-nurkovic-ubijen-u-spaniji-pred-zenom-i-djetetom\/\",\"name\":\"Zijad Nurkovi\u0107 ubijen u \u0160paniji pred \u017eenom i djetetom\",\"isPartOf\":{\"@id\":\"https:\/\/sandzakpress.net\/arhiva\/#website\"},\"primaryImageOfPage\":{\"@id\":\"https:\/\/sandzakpress.net\/arhiva\/zijad-nurkovic-ubijen-u-spaniji-pred-zenom-i-djetetom\/#primaryimage\"},\"image\":{\"@id\":\"https:\/\/sandzakpress.net\/arhiva\/zijad-nurkovic-ubijen-u-spaniji-pred-zenom-i-djetetom\/#primaryimage\"},\"thumbnailUrl\":\"https:\/\/sandzakpress.net\/arhiva\/wp-content\/uploads\/2019\/04\/spanska-policija-696x469.jpg\",\"datePublished\":\"2019-04-20T10:59:50+00:00\",\"breadcrumb\":{\"@id\":\"https:\/\/sandzakpress.net\/arhiva\/zijad-nurkovic-ubijen-u-spaniji-pred-zenom-i-djetetom\/#breadcrumb\"},\"inLanguage\":\"bs-BA\",\"potentialAction\":[{\"@type\":\"ReadAction\",\"target\":[\"https:\/\/sandzakpress.net\/arhiva\/zijad-nurkovic-ubijen-u-spaniji-pred-zenom-i-djetetom\/\"]}]},{\"@type\":\"ImageObject\",\"inLanguage\":\"bs-BA\",\"@id\":\"https:\/\/sandzakpress.net\/arhiva\/zijad-nurkovic-ubijen-u-spaniji-pred-zenom-i-djetetom\/#primaryimage\",\"url\":\"https:\/\/sandzakpress.net\/arhiva\/wp-content\/uploads\/2019\/04\/spanska-policija-696x469.jpg\",\"contentUrl\":\"https:\/\/sandzakpress.net\/arhiva\/wp-content\/uploads\/2019\/04\/spanska-policija-696x469.jpg\",\"width\":696,\"height\":469},{\"@type\":\"BreadcrumbList\",\"@id\":\"https:\/\/sandzakpress.net\/arhiva\/zijad-nurkovic-ubijen-u-spaniji-pred-zenom-i-djetetom\/#breadcrumb\",\"itemListElement\":[{\"@type\":\"ListItem\",\"position\":1,\"name\":\"Home\",\"item\":\"https:\/\/sandzakpress.net\/arhiva\/\"},{\"@type\":\"ListItem\",\"position\":2,\"name\":\"Zijad Nurkovi\u0107 ubijen u \u0160paniji pred \u017eenom i djetetom\"}]},{\"@type\":\"WebSite\",\"@id\":\"https:\/\/sandzakpress.net\/arhiva\/#website\",\"url\":\"https:\/\/sandzakpress.net\/arhiva\/\",\"name\":\"Sand\u017eak PRESS\",\"description\":\"Prve elektronske novine u Sand\u017eaku\",\"publisher\":{\"@id\":\"https:\/\/sandzakpress.net\/arhiva\/#\/schema\/person\/6e72b67d6e51910a1117b3b483ba20bd\"},\"potentialAction\":[{\"@type\":\"SearchAction\",\"target\":{\"@type\":\"EntryPoint\",\"urlTemplate\":\"https:\/\/sandzakpress.net\/arhiva\/?s={search_term_string}\"},\"query-input\":{\"@type\":\"PropertyValueSpecification\",\"valueRequired\":true,\"valueName\":\"search_term_string\"}}],\"inLanguage\":\"bs-BA\"},{\"@type\":[\"Person\",\"Organization\"],\"@id\":\"https:\/\/sandzakpress.net\/arhiva\/#\/schema\/person\/6e72b67d6e51910a1117b3b483ba20bd\",\"name\":\"Kul\",\"image\":{\"@type\":\"ImageObject\",\"inLanguage\":\"bs-BA\",\"@id\":\"https:\/\/sandzakpress.net\/arhiva\/#\/schema\/person\/image\/\",\"url\":\"https:\/\/secure.gravatar.com\/avatar\/42263f39aa27ac04c43cab85c280eb2e?s=96&d=mm&r=pg\",\"contentUrl\":\"https:\/\/secure.gravatar.com\/avatar\/42263f39aa27ac04c43cab85c280eb2e?s=96&d=mm&r=pg\",\"caption\":\"Kul\"},\"logo\":{\"@id\":\"https:\/\/sandzakpress.net\/arhiva\/#\/schema\/person\/image\/\"}},{\"@type\":\"Person\",\"@id\":\"https:\/\/sandzakpress.net\/arhiva\/#\/schema\/person\/cb59d7e3ab91ab90dd680ad0305a6185\",\"name\":\"Agencija\",\"image\":{\"@type\":\"ImageObject\",\"inLanguage\":\"bs-BA\",\"@id\":\"https:\/\/sandzakpress.net\/arhiva\/#\/schema\/person\/image\/\",\"url\":\"https:\/\/secure.gravatar.com\/avatar\/4b7fafa80a22f0c2afe23966b3961fe0?s=96&d=mm&r=pg\",\"contentUrl\":\"https:\/\/secure.gravatar.com\/avatar\/4b7fafa80a22f0c2afe23966b3961fe0?s=96&d=mm&r=pg\",\"caption\":\"Agencija\"},\"url\":\"https:\/\/sandzakpress.net\/arhiva\/author\/agencija\/\"}]}<\/script>\n<!-- \/ Yoast SEO Premium plugin. -->","yoast_head_json":{"title":"Zijad Nurkovi\u0107 ubijen u \u0160paniji pred \u017eenom i djetetom","robots":{"index":"index","follow":"follow","max-snippet":"max-snippet:-1","max-image-preview":"max-image-preview:large","max-video-preview":"max-video-preview:-1"},"canonical":"https:\/\/sandzakpress.net\/arhiva\/zijad-nurkovic-ubijen-u-spaniji-pred-zenom-i-djetetom\/","og_locale":"bs_BA","og_type":"article","og_title":"Zijad Nurkovi\u0107 ubijen u \u0160paniji pred \u017eenom i djetetom","og_description":"Kako prenose \u0161panski mediji, pucnjava se dogodila sino\u0107 u regiji Kosta del Sol, gdje je mladi\u0107 upucan u vozilu pred \u017eenom i djetetom. Kako navode, tokom pucnjave do\u0161lo je do sudara, te se jedan automobil i prevrnuo. Porodica je preba\u010dena u bolnicu, majka i k\u0107erka nisu povrije\u0111ene, dok je Nurkovi\u0107 primljen sa te\u0161kim povredama glave. [&hellip;]","og_url":"https:\/\/sandzakpress.net\/arhiva\/zijad-nurkovic-ubijen-u-spaniji-pred-zenom-i-djetetom\/","og_site_name":"Sand\u017eak PRESS","article_published_time":"2019-04-20T10:59:50+00:00","og_image":[{"width":696,"height":469,"url":"https:\/\/sandzakpress.net\/arhiva\/wp-content\/uploads\/2019\/04\/spanska-policija-696x469.jpg","type":"image\/jpeg"}],"author":"Agencija","twitter_card":"summary_large_image","twitter_misc":{"Written by":"Agencija"},"schema":{"@context":"https:\/\/schema.org","@graph":[{"@type":"Article","@id":"https:\/\/sandzakpress.net\/arhiva\/zijad-nurkovic-ubijen-u-spaniji-pred-zenom-i-djetetom\/#article","isPartOf":{"@id":"https:\/\/sandzakpress.net\/arhiva\/zijad-nurkovic-ubijen-u-spaniji-pred-zenom-i-djetetom\/"},"author":{"name":"Agencija","@id":"https:\/\/sandzakpress.net\/arhiva\/#\/schema\/person\/cb59d7e3ab91ab90dd680ad0305a6185"},"headline":"Zijad Nurkovi\u0107 ubijen u \u0160paniji pred \u017eenom i djetetom","datePublished":"2019-04-20T10:59:50+00:00","mainEntityOfPage":{"@id":"https:\/\/sandzakpress.net\/arhiva\/zijad-nurkovic-ubijen-u-spaniji-pred-zenom-i-djetetom\/"},"wordCount":95,"commentCount":0,"publisher":{"@id":"https:\/\/sandzakpress.net\/arhiva\/#\/schema\/person\/6e72b67d6e51910a1117b3b483ba20bd"},"image":{"@id":"https:\/\/sandzakpress.net\/arhiva\/zijad-nurkovic-ubijen-u-spaniji-pred-zenom-i-djetetom\/#primaryimage"},"thumbnailUrl":"https:\/\/sandzakpress.net\/arhiva\/wp-content\/uploads\/2019\/04\/spanska-policija-696x469.jpg","articleSection":["Ro\u017eaje","Hronika","VA\u017dNO!"],"inLanguage":"bs-BA","potentialAction":[{"@type":"CommentAction","name":"Comment","target":["https:\/\/sandzakpress.net\/arhiva\/zijad-nurkovic-ubijen-u-spaniji-pred-zenom-i-djetetom\/#respond"]}]},{"@type":"WebPage","@id":"https:\/\/sandzakpress.net\/arhiva\/zijad-nurkovic-ubijen-u-spaniji-pred-zenom-i-djetetom\/","url":"https:\/\/sandzakpress.net\/arhiva\/zijad-nurkovic-ubijen-u-spaniji-pred-zenom-i-djetetom\/","name":"Zijad Nurkovi\u0107 ubijen u \u0160paniji pred \u017eenom i djetetom","isPartOf":{"@id":"https:\/\/sandzakpress.net\/arhiva\/#website"},"primaryImageOfPage":{"@id":"https:\/\/sandzakpress.net\/arhiva\/zijad-nurkovic-ubijen-u-spaniji-pred-zenom-i-djetetom\/#primaryimage"},"image":{"@id":"https:\/\/sandzakpress.net\/arhiva\/zijad-nurkovic-ubijen-u-spaniji-pred-zenom-i-djetetom\/#primaryimage"},"thumbnailUrl":"https:\/\/sandzakpress.net\/arhiva\/wp-content\/uploads\/2019\/04\/spanska-policija-696x469.jpg","datePublished":"2019-04-20T10:59:50+00:00","breadcrumb":{"@id":"https:\/\/sandzakpress.net\/arhiva\/zijad-nurkovic-ubijen-u-spaniji-pred-zenom-i-djetetom\/#breadcrumb"},"inLanguage":"bs-BA","potentialAction":[{"@type":"ReadAction","target":["https:\/\/sandzakpress.net\/arhiva\/zijad-nurkovic-ubijen-u-spaniji-pred-zenom-i-djetetom\/"]}]},{"@type":"ImageObject","inLanguage":"bs-BA","@id":"https:\/\/sandzakpress.net\/arhiva\/zijad-nurkovic-ubijen-u-spaniji-pred-zenom-i-djetetom\/#primaryimage","url":"https:\/\/sandzakpress.net\/arhiva\/wp-content\/uploads\/2019\/04\/spanska-policija-696x469.jpg","contentUrl":"https:\/\/sandzakpress.net\/arhiva\/wp-content\/uploads\/2019\/04\/spanska-policija-696x469.jpg","width":696,"height":469},{"@type":"BreadcrumbList","@id":"https:\/\/sandzakpress.net\/arhiva\/zijad-nurkovic-ubijen-u-spaniji-pred-zenom-i-djetetom\/#breadcrumb","itemListElement":[{"@type":"ListItem","position":1,"name":"Home","item":"https:\/\/sandzakpress.net\/arhiva\/"},{"@type":"ListItem","position":2,"name":"Zijad Nurkovi\u0107 ubijen u \u0160paniji pred \u017eenom i djetetom"}]},{"@type":"WebSite","@id":"https:\/\/sandzakpress.net\/arhiva\/#website","url":"https:\/\/sandzakpress.net\/arhiva\/","name":"Sand\u017eak PRESS","description":"Prve elektronske novine u Sand\u017eaku","publisher":{"@id":"https:\/\/sandzakpress.net\/arhiva\/#\/schema\/person\/6e72b67d6e51910a1117b3b483ba20bd"},"potentialAction":[{"@type":"SearchAction","target":{"@type":"EntryPoint","urlTemplate":"https:\/\/sandzakpress.net\/arhiva\/?s={search_term_string}"},"query-input":{"@type":"PropertyValueSpecification","valueRequired":true,"valueName":"search_term_string"}}],"inLanguage":"bs-BA"},{"@type":["Person","Organization"],"@id":"https:\/\/sandzakpress.net\/arhiva\/#\/schema\/person\/6e72b67d6e51910a1117b3b483ba20bd","name":"Kul","image":{"@type":"ImageObject","inLanguage":"bs-BA","@id":"https:\/\/sandzakpress.net\/arhiva\/#\/schema\/person\/image\/","url":"https:\/\/secure.gravatar.com\/avatar\/42263f39aa27ac04c43cab85c280eb2e?s=96&d=mm&r=pg","contentUrl":"https:\/\/secure.gravatar.com\/avatar\/42263f39aa27ac04c43cab85c280eb2e?s=96&d=mm&r=pg","caption":"Kul"},"logo":{"@id":"https:\/\/sandzakpress.net\/arhiva\/#\/schema\/person\/image\/"}},{"@type":"Person","@id":"https:\/\/sandzakpress.net\/arhiva\/#\/schema\/person\/cb59d7e3ab91ab90dd680ad0305a6185","name":"Agencija","image":{"@type":"ImageObject","inLanguage":"bs-BA","@id":"https:\/\/sandzakpress.net\/arhiva\/#\/schema\/person\/image\/","url":"https:\/\/secure.gravatar.com\/avatar\/4b7fafa80a22f0c2afe23966b3961fe0?s=96&d=mm&r=pg","contentUrl":"https:\/\/secure.gravatar.com\/avatar\/4b7fafa80a22f0c2afe23966b3961fe0?s=96&d=mm&r=pg","caption":"Agencija"},"url":"https:\/\/sandzakpress.net\/arhiva\/author\/agencija\/"}]}},"_links":{"self":[{"href":"https:\/\/sandzakpress.net\/arhiva\/wp-json\/wp\/v2\/posts\/222025"}],"collection":[{"href":"https:\/\/sandzakpress.net\/arhiva\/wp-json\/wp\/v2\/posts"}],"about":[{"href":"https:\/\/sandzakpress.net\/arhiva\/wp-json\/wp\/v2\/types\/post"}],"author":[{"embeddable":true,"href":"https:\/\/sandzakpress.net\/arhiva\/wp-json\/wp\/v2\/users\/509"}],"replies":[{"embeddable":true,"href":"https:\/\/sandzakpress.net\/arhiva\/wp-json\/wp\/v2\/comments?post=222025"}],"version-history":[{"count":0,"href":"https:\/\/sandzakpress.net\/arhiva\/wp-json\/wp\/v2\/posts\/222025\/revisions"}],"wp:featuredmedia":[{"embeddable":true,"href":"https:\/\/sandzakpress.net\/arhiva\/wp-json\/wp\/v2\/media\/222026"}],"wp:attachment":[{"href":"https:\/\/sandzakpress.net\/arhiva\/wp-json\/wp\/v2\/media?parent=222025"}],"wp:term":[{"taxonomy":"category","embeddable":true,"href":"https:\/\/sandzakpress.net\/arhiva\/wp-json\/wp\/v2\/categories?post=222025"},{"taxonomy":"post_tag","embeddable":true,"href":"https:\/\/sandzakpress.net\/arhiva\/wp-json\/wp\/v2\/tags?post=222025"}],"curies":[{"name":"wp","href":"https:\/\/api.w.org\/{rel}","templated":true}]}}