{"id":22188,"date":"2011-10-22T20:38:13","date_gmt":"2011-10-22T18:38:13","guid":{"rendered":"https:\/\/sandzakpress.net\/arhiva\/?p=22188"},"modified":"2011-10-22T20:38:13","modified_gmt":"2011-10-22T18:38:13","slug":"civilni-sektor-trazi-pomoc-zrtvama-ratnih-zlocina","status":"publish","type":"post","link":"https:\/\/sandzakpress.net\/arhiva\/civilni-sektor-trazi-pomoc-zrtvama-ratnih-zlocina\/","title":{"rendered":"Civilni sektor tra\u017ei pomo\u0107 \u017ertvama ratnih zlo\u010dina"},"content":{"rendered":"<p><strong><a href=\"https:\/\/sandzakpress.net\/arhiva\/wp-content\/uploads\/2011\/10\/images.jpgyfdh.jpg\"><img loading=\"lazy\" decoding=\"async\" class=\"alignleft size-full wp-image-22189\" title=\"images.jpgyfdh\" src=\"https:\/\/sandzakpress.net\/arhiva\/wp-content\/uploads\/2011\/10\/images.jpgyfdh.jpg\" alt=\"\" width=\"259\" height=\"194\" \/><\/a>Sjeverni Sand\u017eak &#8211; Koordinacija civilnog dru\u0161tva u Sand\u017eaku i Centar za prakti\u010dnu politiku  zatra\u017eili su danas da dr\u017eava Srbija hitno razmotri preporuke civilnog  sektora Sand\u017eaka za pomo\u0107 \u017ertvama ratnih zlo\u010dina i kr\u0161enja ljudskih  prava tokom 1990-ih godina.<br \/>\n<\/strong><br \/>\nU saop\u0107enju tih organizacija  navodi se da je bez jasnog odre\u0111enja prema zlo\u010dinima iz pro\u0161losti i bez  uspostavljanja pravde za \u017ertve, nemogu\u0107e rije\u0161iti ostale probleme  Sand\u017eaka, niti je mogu\u0107e izgraditi poverenje gra\u0111ana bo\u0161nja\u010dke  nacionalnosti u dr\u017eavne institucije.<\/p>\n<p>Te organizacije su  podsjetile da je za ubistvo 16 Bo\u0161njaka 22. oktobra 1992, otetetih iz  autobusa na linji Rudo-Priboj u Selu Mio\u010de, osu\u0111eno samo \u010detvoro  direktnih po\u010dinilaca, a nije ispitana odgovornost vojnih i civilnih  vlasti.<\/p>\n<p>Otmicu i ubistvo izvela je jedinica pod komandom  Vi\u0161egradske brigade Vojske Republike Srpske, na \u010delu sa Milanom Luki\u0107em  koji je osu\u0111en za ratni zlo\u010din.<\/p>\n<p>Navodi se da je tijela ubijenih do danas nisu na\u0111ena, a da porodice \u017ertava nisu od dr\u017eave Srbije dobile nikakvu od\u0161tetu.<\/p>\n<p>&#8220;\u017drtve otmice u Sjeverinu nemaju nikakvo spomen-obele\u017eje i pored  formirane komisije op\u0107ine Priboj i obezbe\u0111enog novca iz republi\u010dkog  bud\u017eeta. Ovakav odnos prema \u017ertvama ratnih zlo\u010dina trajno onemogu\u0107ava  smirivanje situacije u Sand\u017eaku i uspostavljanje poverenja i  stabilnosti&#8221;, pi\u0161e u saop\u0107enju.<\/p>\n<p>Te organizacije su zatra\u017eile  da Srbija sprovede punu i nepristrasnu istragu o ubistvima, otmicama,  policijskoj torturi, politi\u010dki montiranim sudskim i istra\u017enim postupcima  i drugim kr\u0161enjima ljudskih prava na podru\u010dju Sand\u017eaka tokom  devedesetih godina i da<br \/>\nprocesuira sve odgovorne za zlo\u010dine.<\/p>\n<p>Tako\u0111er, zatra\u017eeno je da dr\u017eavne institucije ispitaju i javno objave sve  \u010dinjenice u vezi sa kr\u0161enjima ljudskih prava i ratnim zlo\u010dinima i da  dr\u017eava nadoknadi \u0161tetu porodicama \u010dije su ku\u0107e uni\u0161tene ili o\u0161te\u0107ene  1990-ih godina u selima op\u0107ine Priboj.<\/p>\n<p>Koordinaciju civilnog  dru\u0161tva u Sand\u017eaku \u010dine Urban In, Sand\u017ea\u010dki odbor za ljudska prava,  Kulturni centar Damad, Impuls Tutin, Flores Sjenica, Nova vizija  Prijepolje i \u017denske inicijative Priboj.<\/p>\n<p>Izvor: <strong>RadioStoPlus.com<\/strong><\/p>\n","protected":false},"excerpt":{"rendered":"<p>Sjeverni Sand\u017eak &#8211; Koordinacija civilnog dru\u0161tva u Sand\u017eaku i Centar za prakti\u010dnu politiku zatra\u017eili su danas da dr\u017eava Srbija hitno razmotri preporuke civilnog sektora Sand\u017eaka za pomo\u0107 \u017ertvama ratnih zlo\u010dina i kr\u0161enja ljudskih prava tokom 1990-ih godina. U saop\u0107enju tih organizacija navodi se da je bez jasnog odre\u0111enja prema zlo\u010dinima iz pro\u0161losti i bez uspostavljanja [&hellip;]<\/p>\n","protected":false},"author":13,"featured_media":22189,"comment_status":"open","ping_status":"open","sticky":false,"template":"","format":"standard","meta":{"footnotes":""},"categories":[72,52,327,392,393,394,5],"tags":[],"class_list":{"0":"post-22188","1":"post","2":"type-post","3":"status-publish","4":"format-standard","5":"has-post-thumbnail","7":"category-novi-pazar","8":"category-sjenica","9":"category-tutin","10":"category-prijepolje_","11":"category-priboj","12":"category-nova-varos","13":"category-drustvo"},"yoast_head":"<!-- This site is optimized with the Yoast SEO Premium plugin v23.1 (Yoast SEO v24.9) - https:\/\/yoast.com\/wordpress\/plugins\/seo\/ -->\n<title>Civilni sektor tra\u017ei pomo\u0107 \u017ertvama ratnih zlo\u010dina<\/title>\n<meta name=\"robots\" content=\"index, follow, max-snippet:-1, max-image-preview:large, max-video-preview:-1\" \/>\n<link rel=\"canonical\" href=\"https:\/\/sandzakpress.net\/arhiva\/civilni-sektor-trazi-pomoc-zrtvama-ratnih-zlocina\/\" \/>\n<meta property=\"og:locale\" content=\"bs_BA\" \/>\n<meta property=\"og:type\" content=\"article\" \/>\n<meta property=\"og:title\" content=\"Civilni sektor tra\u017ei pomo\u0107 \u017ertvama ratnih zlo\u010dina\" \/>\n<meta property=\"og:description\" content=\"Sjeverni Sand\u017eak &#8211; Koordinacija civilnog dru\u0161tva u Sand\u017eaku i Centar za prakti\u010dnu politiku zatra\u017eili su danas da dr\u017eava Srbija hitno razmotri preporuke civilnog sektora Sand\u017eaka za pomo\u0107 \u017ertvama ratnih zlo\u010dina i kr\u0161enja ljudskih prava tokom 1990-ih godina. U saop\u0107enju tih organizacija navodi se da je bez jasnog odre\u0111enja prema zlo\u010dinima iz pro\u0161losti i bez uspostavljanja [&hellip;]\" \/>\n<meta property=\"og:url\" content=\"https:\/\/sandzakpress.net\/arhiva\/civilni-sektor-trazi-pomoc-zrtvama-ratnih-zlocina\/\" \/>\n<meta property=\"og:site_name\" content=\"Sand\u017eak PRESS\" \/>\n<meta property=\"article:published_time\" content=\"2011-10-22T18:38:13+00:00\" \/>\n<meta property=\"og:image\" content=\"https:\/\/sandzakpress.net\/arhiva\/wp-content\/uploads\/2011\/10\/images.jpgyfdh.jpg\" \/>\n\t<meta property=\"og:image:width\" content=\"259\" \/>\n\t<meta property=\"og:image:height\" content=\"194\" \/>\n\t<meta property=\"og:image:type\" content=\"image\/jpeg\" \/>\n<meta name=\"twitter:card\" content=\"summary_large_image\" \/>\n<meta name=\"twitter:label1\" content=\"Written by\" \/>\n\t<meta name=\"twitter:data1\" content=\"\" \/>\n\t<meta name=\"twitter:label2\" content=\"Est. reading time\" \/>\n\t<meta name=\"twitter:data2\" content=\"2 minute\" \/>\n<script type=\"application\/ld+json\" class=\"yoast-schema-graph\">{\"@context\":\"https:\/\/schema.org\",\"@graph\":[{\"@type\":\"Article\",\"@id\":\"https:\/\/sandzakpress.net\/arhiva\/civilni-sektor-trazi-pomoc-zrtvama-ratnih-zlocina\/#article\",\"isPartOf\":{\"@id\":\"https:\/\/sandzakpress.net\/arhiva\/civilni-sektor-trazi-pomoc-zrtvama-ratnih-zlocina\/\"},\"author\":{\"name\":\"\",\"@id\":\"\"},\"headline\":\"Civilni sektor tra\u017ei pomo\u0107 \u017ertvama ratnih zlo\u010dina\",\"datePublished\":\"2011-10-22T18:38:13+00:00\",\"mainEntityOfPage\":{\"@id\":\"https:\/\/sandzakpress.net\/arhiva\/civilni-sektor-trazi-pomoc-zrtvama-ratnih-zlocina\/\"},\"wordCount\":372,\"commentCount\":0,\"publisher\":{\"@id\":\"https:\/\/sandzakpress.net\/arhiva\/#\/schema\/person\/6e72b67d6e51910a1117b3b483ba20bd\"},\"image\":{\"@id\":\"https:\/\/sandzakpress.net\/arhiva\/civilni-sektor-trazi-pomoc-zrtvama-ratnih-zlocina\/#primaryimage\"},\"thumbnailUrl\":\"https:\/\/sandzakpress.net\/arhiva\/wp-content\/uploads\/2011\/10\/images.jpgyfdh.jpg\",\"articleSection\":[\"Novi Pazar\",\"Sjenica\",\"Tutin\",\"Prijepolje\",\"Priboj\",\"Nova Varo\u0161\",\"Dru\u0161tvo\"],\"inLanguage\":\"bs-BA\",\"potentialAction\":[{\"@type\":\"CommentAction\",\"name\":\"Comment\",\"target\":[\"https:\/\/sandzakpress.net\/arhiva\/civilni-sektor-trazi-pomoc-zrtvama-ratnih-zlocina\/#respond\"]}]},{\"@type\":\"WebPage\",\"@id\":\"https:\/\/sandzakpress.net\/arhiva\/civilni-sektor-trazi-pomoc-zrtvama-ratnih-zlocina\/\",\"url\":\"https:\/\/sandzakpress.net\/arhiva\/civilni-sektor-trazi-pomoc-zrtvama-ratnih-zlocina\/\",\"name\":\"Civilni sektor tra\u017ei pomo\u0107 \u017ertvama ratnih zlo\u010dina\",\"isPartOf\":{\"@id\":\"https:\/\/sandzakpress.net\/arhiva\/#website\"},\"primaryImageOfPage\":{\"@id\":\"https:\/\/sandzakpress.net\/arhiva\/civilni-sektor-trazi-pomoc-zrtvama-ratnih-zlocina\/#primaryimage\"},\"image\":{\"@id\":\"https:\/\/sandzakpress.net\/arhiva\/civilni-sektor-trazi-pomoc-zrtvama-ratnih-zlocina\/#primaryimage\"},\"thumbnailUrl\":\"https:\/\/sandzakpress.net\/arhiva\/wp-content\/uploads\/2011\/10\/images.jpgyfdh.jpg\",\"datePublished\":\"2011-10-22T18:38:13+00:00\",\"breadcrumb\":{\"@id\":\"https:\/\/sandzakpress.net\/arhiva\/civilni-sektor-trazi-pomoc-zrtvama-ratnih-zlocina\/#breadcrumb\"},\"inLanguage\":\"bs-BA\",\"potentialAction\":[{\"@type\":\"ReadAction\",\"target\":[\"https:\/\/sandzakpress.net\/arhiva\/civilni-sektor-trazi-pomoc-zrtvama-ratnih-zlocina\/\"]}]},{\"@type\":\"ImageObject\",\"inLanguage\":\"bs-BA\",\"@id\":\"https:\/\/sandzakpress.net\/arhiva\/civilni-sektor-trazi-pomoc-zrtvama-ratnih-zlocina\/#primaryimage\",\"url\":\"https:\/\/sandzakpress.net\/arhiva\/wp-content\/uploads\/2011\/10\/images.jpgyfdh.jpg\",\"contentUrl\":\"https:\/\/sandzakpress.net\/arhiva\/wp-content\/uploads\/2011\/10\/images.jpgyfdh.jpg\",\"width\":259,\"height\":194},{\"@type\":\"BreadcrumbList\",\"@id\":\"https:\/\/sandzakpress.net\/arhiva\/civilni-sektor-trazi-pomoc-zrtvama-ratnih-zlocina\/#breadcrumb\",\"itemListElement\":[{\"@type\":\"ListItem\",\"position\":1,\"name\":\"Home\",\"item\":\"https:\/\/sandzakpress.net\/arhiva\/\"},{\"@type\":\"ListItem\",\"position\":2,\"name\":\"Civilni sektor tra\u017ei pomo\u0107 \u017ertvama ratnih zlo\u010dina\"}]},{\"@type\":\"WebSite\",\"@id\":\"https:\/\/sandzakpress.net\/arhiva\/#website\",\"url\":\"https:\/\/sandzakpress.net\/arhiva\/\",\"name\":\"Sand\u017eak PRESS\",\"description\":\"Prve elektronske novine u Sand\u017eaku\",\"publisher\":{\"@id\":\"https:\/\/sandzakpress.net\/arhiva\/#\/schema\/person\/6e72b67d6e51910a1117b3b483ba20bd\"},\"potentialAction\":[{\"@type\":\"SearchAction\",\"target\":{\"@type\":\"EntryPoint\",\"urlTemplate\":\"https:\/\/sandzakpress.net\/arhiva\/?s={search_term_string}\"},\"query-input\":{\"@type\":\"PropertyValueSpecification\",\"valueRequired\":true,\"valueName\":\"search_term_string\"}}],\"inLanguage\":\"bs-BA\"},{\"@type\":[\"Person\",\"Organization\"],\"@id\":\"https:\/\/sandzakpress.net\/arhiva\/#\/schema\/person\/6e72b67d6e51910a1117b3b483ba20bd\",\"name\":\"Kul\",\"image\":{\"@type\":\"ImageObject\",\"inLanguage\":\"bs-BA\",\"@id\":\"https:\/\/sandzakpress.net\/arhiva\/#\/schema\/person\/image\/\",\"url\":\"https:\/\/secure.gravatar.com\/avatar\/42263f39aa27ac04c43cab85c280eb2e?s=96&d=mm&r=pg\",\"contentUrl\":\"https:\/\/secure.gravatar.com\/avatar\/42263f39aa27ac04c43cab85c280eb2e?s=96&d=mm&r=pg\",\"caption\":\"Kul\"},\"logo\":{\"@id\":\"https:\/\/sandzakpress.net\/arhiva\/#\/schema\/person\/image\/\"}},{\"@type\":\"Person\",\"@id\":\"\",\"url\":\"https:\/\/sandzakpress.net\/arhiva\/author\/\"}]}<\/script>\n<!-- \/ Yoast SEO Premium plugin. -->","yoast_head_json":{"title":"Civilni sektor tra\u017ei pomo\u0107 \u017ertvama ratnih zlo\u010dina","robots":{"index":"index","follow":"follow","max-snippet":"max-snippet:-1","max-image-preview":"max-image-preview:large","max-video-preview":"max-video-preview:-1"},"canonical":"https:\/\/sandzakpress.net\/arhiva\/civilni-sektor-trazi-pomoc-zrtvama-ratnih-zlocina\/","og_locale":"bs_BA","og_type":"article","og_title":"Civilni sektor tra\u017ei pomo\u0107 \u017ertvama ratnih zlo\u010dina","og_description":"Sjeverni Sand\u017eak &#8211; Koordinacija civilnog dru\u0161tva u Sand\u017eaku i Centar za prakti\u010dnu politiku zatra\u017eili su danas da dr\u017eava Srbija hitno razmotri preporuke civilnog sektora Sand\u017eaka za pomo\u0107 \u017ertvama ratnih zlo\u010dina i kr\u0161enja ljudskih prava tokom 1990-ih godina. U saop\u0107enju tih organizacija navodi se da je bez jasnog odre\u0111enja prema zlo\u010dinima iz pro\u0161losti i bez uspostavljanja [&hellip;]","og_url":"https:\/\/sandzakpress.net\/arhiva\/civilni-sektor-trazi-pomoc-zrtvama-ratnih-zlocina\/","og_site_name":"Sand\u017eak PRESS","article_published_time":"2011-10-22T18:38:13+00:00","og_image":[{"width":259,"height":194,"url":"https:\/\/sandzakpress.net\/arhiva\/wp-content\/uploads\/2011\/10\/images.jpgyfdh.jpg","type":"image\/jpeg"}],"twitter_card":"summary_large_image","twitter_misc":{"Written by":"","Est. reading time":"2 minute"},"schema":{"@context":"https:\/\/schema.org","@graph":[{"@type":"Article","@id":"https:\/\/sandzakpress.net\/arhiva\/civilni-sektor-trazi-pomoc-zrtvama-ratnih-zlocina\/#article","isPartOf":{"@id":"https:\/\/sandzakpress.net\/arhiva\/civilni-sektor-trazi-pomoc-zrtvama-ratnih-zlocina\/"},"author":{"name":"","@id":""},"headline":"Civilni sektor tra\u017ei pomo\u0107 \u017ertvama ratnih zlo\u010dina","datePublished":"2011-10-22T18:38:13+00:00","mainEntityOfPage":{"@id":"https:\/\/sandzakpress.net\/arhiva\/civilni-sektor-trazi-pomoc-zrtvama-ratnih-zlocina\/"},"wordCount":372,"commentCount":0,"publisher":{"@id":"https:\/\/sandzakpress.net\/arhiva\/#\/schema\/person\/6e72b67d6e51910a1117b3b483ba20bd"},"image":{"@id":"https:\/\/sandzakpress.net\/arhiva\/civilni-sektor-trazi-pomoc-zrtvama-ratnih-zlocina\/#primaryimage"},"thumbnailUrl":"https:\/\/sandzakpress.net\/arhiva\/wp-content\/uploads\/2011\/10\/images.jpgyfdh.jpg","articleSection":["Novi Pazar","Sjenica","Tutin","Prijepolje","Priboj","Nova Varo\u0161","Dru\u0161tvo"],"inLanguage":"bs-BA","potentialAction":[{"@type":"CommentAction","name":"Comment","target":["https:\/\/sandzakpress.net\/arhiva\/civilni-sektor-trazi-pomoc-zrtvama-ratnih-zlocina\/#respond"]}]},{"@type":"WebPage","@id":"https:\/\/sandzakpress.net\/arhiva\/civilni-sektor-trazi-pomoc-zrtvama-ratnih-zlocina\/","url":"https:\/\/sandzakpress.net\/arhiva\/civilni-sektor-trazi-pomoc-zrtvama-ratnih-zlocina\/","name":"Civilni sektor tra\u017ei pomo\u0107 \u017ertvama ratnih zlo\u010dina","isPartOf":{"@id":"https:\/\/sandzakpress.net\/arhiva\/#website"},"primaryImageOfPage":{"@id":"https:\/\/sandzakpress.net\/arhiva\/civilni-sektor-trazi-pomoc-zrtvama-ratnih-zlocina\/#primaryimage"},"image":{"@id":"https:\/\/sandzakpress.net\/arhiva\/civilni-sektor-trazi-pomoc-zrtvama-ratnih-zlocina\/#primaryimage"},"thumbnailUrl":"https:\/\/sandzakpress.net\/arhiva\/wp-content\/uploads\/2011\/10\/images.jpgyfdh.jpg","datePublished":"2011-10-22T18:38:13+00:00","breadcrumb":{"@id":"https:\/\/sandzakpress.net\/arhiva\/civilni-sektor-trazi-pomoc-zrtvama-ratnih-zlocina\/#breadcrumb"},"inLanguage":"bs-BA","potentialAction":[{"@type":"ReadAction","target":["https:\/\/sandzakpress.net\/arhiva\/civilni-sektor-trazi-pomoc-zrtvama-ratnih-zlocina\/"]}]},{"@type":"ImageObject","inLanguage":"bs-BA","@id":"https:\/\/sandzakpress.net\/arhiva\/civilni-sektor-trazi-pomoc-zrtvama-ratnih-zlocina\/#primaryimage","url":"https:\/\/sandzakpress.net\/arhiva\/wp-content\/uploads\/2011\/10\/images.jpgyfdh.jpg","contentUrl":"https:\/\/sandzakpress.net\/arhiva\/wp-content\/uploads\/2011\/10\/images.jpgyfdh.jpg","width":259,"height":194},{"@type":"BreadcrumbList","@id":"https:\/\/sandzakpress.net\/arhiva\/civilni-sektor-trazi-pomoc-zrtvama-ratnih-zlocina\/#breadcrumb","itemListElement":[{"@type":"ListItem","position":1,"name":"Home","item":"https:\/\/sandzakpress.net\/arhiva\/"},{"@type":"ListItem","position":2,"name":"Civilni sektor tra\u017ei pomo\u0107 \u017ertvama ratnih zlo\u010dina"}]},{"@type":"WebSite","@id":"https:\/\/sandzakpress.net\/arhiva\/#website","url":"https:\/\/sandzakpress.net\/arhiva\/","name":"Sand\u017eak PRESS","description":"Prve elektronske novine u Sand\u017eaku","publisher":{"@id":"https:\/\/sandzakpress.net\/arhiva\/#\/schema\/person\/6e72b67d6e51910a1117b3b483ba20bd"},"potentialAction":[{"@type":"SearchAction","target":{"@type":"EntryPoint","urlTemplate":"https:\/\/sandzakpress.net\/arhiva\/?s={search_term_string}"},"query-input":{"@type":"PropertyValueSpecification","valueRequired":true,"valueName":"search_term_string"}}],"inLanguage":"bs-BA"},{"@type":["Person","Organization"],"@id":"https:\/\/sandzakpress.net\/arhiva\/#\/schema\/person\/6e72b67d6e51910a1117b3b483ba20bd","name":"Kul","image":{"@type":"ImageObject","inLanguage":"bs-BA","@id":"https:\/\/sandzakpress.net\/arhiva\/#\/schema\/person\/image\/","url":"https:\/\/secure.gravatar.com\/avatar\/42263f39aa27ac04c43cab85c280eb2e?s=96&d=mm&r=pg","contentUrl":"https:\/\/secure.gravatar.com\/avatar\/42263f39aa27ac04c43cab85c280eb2e?s=96&d=mm&r=pg","caption":"Kul"},"logo":{"@id":"https:\/\/sandzakpress.net\/arhiva\/#\/schema\/person\/image\/"}},{"@type":"Person","@id":"","url":"https:\/\/sandzakpress.net\/arhiva\/author\/"}]}},"_links":{"self":[{"href":"https:\/\/sandzakpress.net\/arhiva\/wp-json\/wp\/v2\/posts\/22188"}],"collection":[{"href":"https:\/\/sandzakpress.net\/arhiva\/wp-json\/wp\/v2\/posts"}],"about":[{"href":"https:\/\/sandzakpress.net\/arhiva\/wp-json\/wp\/v2\/types\/post"}],"author":[{"embeddable":true,"href":"https:\/\/sandzakpress.net\/arhiva\/wp-json\/wp\/v2\/users\/13"}],"replies":[{"embeddable":true,"href":"https:\/\/sandzakpress.net\/arhiva\/wp-json\/wp\/v2\/comments?post=22188"}],"version-history":[{"count":0,"href":"https:\/\/sandzakpress.net\/arhiva\/wp-json\/wp\/v2\/posts\/22188\/revisions"}],"wp:featuredmedia":[{"embeddable":true,"href":"https:\/\/sandzakpress.net\/arhiva\/wp-json\/wp\/v2\/media\/22189"}],"wp:attachment":[{"href":"https:\/\/sandzakpress.net\/arhiva\/wp-json\/wp\/v2\/media?parent=22188"}],"wp:term":[{"taxonomy":"category","embeddable":true,"href":"https:\/\/sandzakpress.net\/arhiva\/wp-json\/wp\/v2\/categories?post=22188"},{"taxonomy":"post_tag","embeddable":true,"href":"https:\/\/sandzakpress.net\/arhiva\/wp-json\/wp\/v2\/tags?post=22188"}],"curies":[{"name":"wp","href":"https:\/\/api.w.org\/{rel}","templated":true}]}}