{"id":221853,"date":"2019-04-17T17:55:09","date_gmt":"2019-04-17T15:55:09","guid":{"rendered":"https:\/\/sandzakpress.net\/arhiva\/?p=221853"},"modified":"2019-04-18T15:11:43","modified_gmt":"2019-04-18T13:11:43","slug":"pogledajte-kako-je-sjenicki-policajac-prebio-maloljetnike-foto","status":"publish","type":"post","link":"https:\/\/sandzakpress.net\/arhiva\/pogledajte-kako-je-sjenicki-policajac-prebio-maloljetnike-foto\/","title":{"rendered":"Pogledajte kako je sjeni\u010dki policajac prebio maloljetnike  (FOTO)"},"content":{"rendered":"<p><img loading=\"lazy\" decoding=\"async\" class=\"alignnone size-full wp-image-221854\" src=\"https:\/\/sandzakpress.net\/arhiva\/wp-content\/uploads\/2019\/04\/Hvataj-4.jpg\" alt=\"\" width=\"782\" height=\"522\" srcset=\"https:\/\/sandzakpress.net\/arhiva\/wp-content\/uploads\/2019\/04\/Hvataj-4.jpg 782w, https:\/\/sandzakpress.net\/arhiva\/wp-content\/uploads\/2019\/04\/Hvataj-4-768x513.jpg 768w, https:\/\/sandzakpress.net\/arhiva\/wp-content\/uploads\/2019\/04\/Hvataj-4-616x411.jpg 616w, https:\/\/sandzakpress.net\/arhiva\/wp-content\/uploads\/2019\/04\/Hvataj-4-360x240.jpg 360w\" sizes=\"(max-width: 782px) 100vw, 782px\" \/><\/p>\n<p><strong>Nezapam\u0107ena drama odigrala se kasno sino\u0107\u00a0u okolini Sjenice. Na lokalnom putu Sjenica \u2013 Lopi\u017ee mu\u0161karac (55), ina\u010de biv\u0161i policajac, prepre\u010dio je, automobilom, put \u010detvorici maloljetnika koji su bili na motociklima.<\/strong><\/p>\n<p>Mladi\u0107i su se zaustavili, a mu\u0161karac je ispalio metak u vazduh i naredio im da legnu na put. Kada su to uradili, on ih je onda pretukao i nanio im lak\u0161e tjelesne povrede.<\/p>\n<p>Mladi\u0107i su slu\u010daj prijavili policiji, a nasilnik je priveden i protiv njega su podnijete dvije krivi\u010dne prijave i odre\u0111eno mu je zadr\u017eavanje do 48 sati.<\/p>\n<p>Me\u0111utim, kada su privodili nasilnika, ispred policijske stanice u Sjenici okupili su se ro\u0111aci jednog od pretu\u010denog maloljetnika koji su potom tom pedesetpetogodi\u0161njaku prijetili i vrije\u0111ali ga.<\/p>\n<p>Protiv okupljenih je tako\u0111e podnijeta prijava.<\/p>\n<p>(Blic)<\/p>\n<p><img loading=\"lazy\" decoding=\"async\" class=\"size-full wp-image-221855 aligncenter\" src=\"https:\/\/sandzakpress.net\/arhiva\/wp-content\/uploads\/2019\/04\/1.jpg\" alt=\"\" width=\"375\" height=\"639\" \/> <img loading=\"lazy\" decoding=\"async\" class=\"size-full wp-image-221856 aligncenter\" src=\"https:\/\/sandzakpress.net\/arhiva\/wp-content\/uploads\/2019\/04\/2.jpg\" alt=\"\" width=\"480\" height=\"640\" \/> <img loading=\"lazy\" decoding=\"async\" class=\"size-full wp-image-221857 aligncenter\" src=\"https:\/\/sandzakpress.net\/arhiva\/wp-content\/uploads\/2019\/04\/3.jpg\" alt=\"\" width=\"480\" height=\"640\" \/> <img loading=\"lazy\" decoding=\"async\" class=\"size-full wp-image-221858 aligncenter\" src=\"https:\/\/sandzakpress.net\/arhiva\/wp-content\/uploads\/2019\/04\/4-1.jpg\" alt=\"\" width=\"480\" height=\"640\" \/><\/p>\n<p>Foto: <strong>SandzakPress<\/strong><\/p>\n<p>&nbsp;<\/p>\n","protected":false},"excerpt":{"rendered":"<p>Nezapam\u0107ena drama odigrala se kasno sino\u0107\u00a0u okolini Sjenice. Na lokalnom putu Sjenica \u2013 Lopi\u017ee mu\u0161karac (55), ina\u010de biv\u0161i policajac, prepre\u010dio je, automobilom, put \u010detvorici maloljetnika koji su bili na motociklima. Mladi\u0107i su se zaustavili, a mu\u0161karac je ispalio metak u vazduh i naredio im da legnu na put. Kada su to uradili, on ih je [&hellip;]<\/p>\n","protected":false},"author":509,"featured_media":221854,"comment_status":"open","ping_status":"open","sticky":false,"template":"","format":"standard","meta":{"footnotes":""},"categories":[52,801,8957],"tags":[],"class_list":{"0":"post-221853","1":"post","2":"type-post","3":"status-publish","4":"format-standard","5":"has-post-thumbnail","7":"category-sjenica","8":"category-crna_hronika","9":"category-vijesti-dana"},"yoast_head":"<!-- This site is optimized with the Yoast SEO Premium plugin v23.1 (Yoast SEO v24.9) - https:\/\/yoast.com\/wordpress\/plugins\/seo\/ -->\n<title>Pogledajte kako je sjeni\u010dki policajac prebio maloljetnike (FOTO)<\/title>\n<meta name=\"robots\" content=\"index, follow, max-snippet:-1, max-image-preview:large, max-video-preview:-1\" \/>\n<link rel=\"canonical\" href=\"https:\/\/sandzakpress.net\/arhiva\/pogledajte-kako-je-sjenicki-policajac-prebio-maloljetnike-foto\/\" \/>\n<meta property=\"og:locale\" content=\"bs_BA\" \/>\n<meta property=\"og:type\" content=\"article\" \/>\n<meta property=\"og:title\" content=\"Pogledajte kako je sjeni\u010dki policajac prebio maloljetnike (FOTO)\" \/>\n<meta property=\"og:description\" content=\"Nezapam\u0107ena drama odigrala se kasno sino\u0107\u00a0u okolini Sjenice. Na lokalnom putu Sjenica \u2013 Lopi\u017ee mu\u0161karac (55), ina\u010de biv\u0161i policajac, prepre\u010dio je, automobilom, put \u010detvorici maloljetnika koji su bili na motociklima. Mladi\u0107i su se zaustavili, a mu\u0161karac je ispalio metak u vazduh i naredio im da legnu na put. Kada su to uradili, on ih je [&hellip;]\" \/>\n<meta property=\"og:url\" content=\"https:\/\/sandzakpress.net\/arhiva\/pogledajte-kako-je-sjenicki-policajac-prebio-maloljetnike-foto\/\" \/>\n<meta property=\"og:site_name\" content=\"Sand\u017eak PRESS\" \/>\n<meta property=\"article:published_time\" content=\"2019-04-17T15:55:09+00:00\" \/>\n<meta property=\"article:modified_time\" content=\"2019-04-18T13:11:43+00:00\" \/>\n<meta property=\"og:image\" content=\"https:\/\/sandzakpress.net\/arhiva\/wp-content\/uploads\/2019\/04\/Hvataj-4.jpg\" \/>\n\t<meta property=\"og:image:width\" content=\"782\" \/>\n\t<meta property=\"og:image:height\" content=\"522\" \/>\n\t<meta property=\"og:image:type\" content=\"image\/jpeg\" \/>\n<meta name=\"author\" content=\"Agencija\" \/>\n<meta name=\"twitter:card\" content=\"summary_large_image\" \/>\n<meta name=\"twitter:label1\" content=\"Written by\" \/>\n\t<meta name=\"twitter:data1\" content=\"Agencija\" \/>\n\t<meta name=\"twitter:label2\" content=\"Est. reading time\" \/>\n\t<meta name=\"twitter:data2\" content=\"1 minuta\" \/>\n<script type=\"application\/ld+json\" class=\"yoast-schema-graph\">{\"@context\":\"https:\/\/schema.org\",\"@graph\":[{\"@type\":\"Article\",\"@id\":\"https:\/\/sandzakpress.net\/arhiva\/pogledajte-kako-je-sjenicki-policajac-prebio-maloljetnike-foto\/#article\",\"isPartOf\":{\"@id\":\"https:\/\/sandzakpress.net\/arhiva\/pogledajte-kako-je-sjenicki-policajac-prebio-maloljetnike-foto\/\"},\"author\":{\"name\":\"Agencija\",\"@id\":\"https:\/\/sandzakpress.net\/arhiva\/#\/schema\/person\/cb59d7e3ab91ab90dd680ad0305a6185\"},\"headline\":\"Pogledajte kako je sjeni\u010dki policajac prebio maloljetnike (FOTO)\",\"datePublished\":\"2019-04-17T15:55:09+00:00\",\"dateModified\":\"2019-04-18T13:11:43+00:00\",\"mainEntityOfPage\":{\"@id\":\"https:\/\/sandzakpress.net\/arhiva\/pogledajte-kako-je-sjenicki-policajac-prebio-maloljetnike-foto\/\"},\"wordCount\":152,\"commentCount\":6,\"publisher\":{\"@id\":\"https:\/\/sandzakpress.net\/arhiva\/#\/schema\/person\/6e72b67d6e51910a1117b3b483ba20bd\"},\"image\":{\"@id\":\"https:\/\/sandzakpress.net\/arhiva\/pogledajte-kako-je-sjenicki-policajac-prebio-maloljetnike-foto\/#primaryimage\"},\"thumbnailUrl\":\"https:\/\/sandzakpress.net\/arhiva\/wp-content\/uploads\/2019\/04\/Hvataj-4.jpg\",\"articleSection\":[\"Sjenica\",\"Hronika\",\"VIJESTI DANA\"],\"inLanguage\":\"bs-BA\",\"potentialAction\":[{\"@type\":\"CommentAction\",\"name\":\"Comment\",\"target\":[\"https:\/\/sandzakpress.net\/arhiva\/pogledajte-kako-je-sjenicki-policajac-prebio-maloljetnike-foto\/#respond\"]}]},{\"@type\":\"WebPage\",\"@id\":\"https:\/\/sandzakpress.net\/arhiva\/pogledajte-kako-je-sjenicki-policajac-prebio-maloljetnike-foto\/\",\"url\":\"https:\/\/sandzakpress.net\/arhiva\/pogledajte-kako-je-sjenicki-policajac-prebio-maloljetnike-foto\/\",\"name\":\"Pogledajte kako je sjeni\u010dki policajac prebio maloljetnike (FOTO)\",\"isPartOf\":{\"@id\":\"https:\/\/sandzakpress.net\/arhiva\/#website\"},\"primaryImageOfPage\":{\"@id\":\"https:\/\/sandzakpress.net\/arhiva\/pogledajte-kako-je-sjenicki-policajac-prebio-maloljetnike-foto\/#primaryimage\"},\"image\":{\"@id\":\"https:\/\/sandzakpress.net\/arhiva\/pogledajte-kako-je-sjenicki-policajac-prebio-maloljetnike-foto\/#primaryimage\"},\"thumbnailUrl\":\"https:\/\/sandzakpress.net\/arhiva\/wp-content\/uploads\/2019\/04\/Hvataj-4.jpg\",\"datePublished\":\"2019-04-17T15:55:09+00:00\",\"dateModified\":\"2019-04-18T13:11:43+00:00\",\"breadcrumb\":{\"@id\":\"https:\/\/sandzakpress.net\/arhiva\/pogledajte-kako-je-sjenicki-policajac-prebio-maloljetnike-foto\/#breadcrumb\"},\"inLanguage\":\"bs-BA\",\"potentialAction\":[{\"@type\":\"ReadAction\",\"target\":[\"https:\/\/sandzakpress.net\/arhiva\/pogledajte-kako-je-sjenicki-policajac-prebio-maloljetnike-foto\/\"]}]},{\"@type\":\"ImageObject\",\"inLanguage\":\"bs-BA\",\"@id\":\"https:\/\/sandzakpress.net\/arhiva\/pogledajte-kako-je-sjenicki-policajac-prebio-maloljetnike-foto\/#primaryimage\",\"url\":\"https:\/\/sandzakpress.net\/arhiva\/wp-content\/uploads\/2019\/04\/Hvataj-4.jpg\",\"contentUrl\":\"https:\/\/sandzakpress.net\/arhiva\/wp-content\/uploads\/2019\/04\/Hvataj-4.jpg\",\"width\":782,\"height\":522},{\"@type\":\"BreadcrumbList\",\"@id\":\"https:\/\/sandzakpress.net\/arhiva\/pogledajte-kako-je-sjenicki-policajac-prebio-maloljetnike-foto\/#breadcrumb\",\"itemListElement\":[{\"@type\":\"ListItem\",\"position\":1,\"name\":\"Home\",\"item\":\"https:\/\/sandzakpress.net\/arhiva\/\"},{\"@type\":\"ListItem\",\"position\":2,\"name\":\"Pogledajte kako je sjeni\u010dki policajac prebio maloljetnike (FOTO)\"}]},{\"@type\":\"WebSite\",\"@id\":\"https:\/\/sandzakpress.net\/arhiva\/#website\",\"url\":\"https:\/\/sandzakpress.net\/arhiva\/\",\"name\":\"Sand\u017eak PRESS\",\"description\":\"Prve elektronske novine u Sand\u017eaku\",\"publisher\":{\"@id\":\"https:\/\/sandzakpress.net\/arhiva\/#\/schema\/person\/6e72b67d6e51910a1117b3b483ba20bd\"},\"potentialAction\":[{\"@type\":\"SearchAction\",\"target\":{\"@type\":\"EntryPoint\",\"urlTemplate\":\"https:\/\/sandzakpress.net\/arhiva\/?s={search_term_string}\"},\"query-input\":{\"@type\":\"PropertyValueSpecification\",\"valueRequired\":true,\"valueName\":\"search_term_string\"}}],\"inLanguage\":\"bs-BA\"},{\"@type\":[\"Person\",\"Organization\"],\"@id\":\"https:\/\/sandzakpress.net\/arhiva\/#\/schema\/person\/6e72b67d6e51910a1117b3b483ba20bd\",\"name\":\"Kul\",\"image\":{\"@type\":\"ImageObject\",\"inLanguage\":\"bs-BA\",\"@id\":\"https:\/\/sandzakpress.net\/arhiva\/#\/schema\/person\/image\/\",\"url\":\"https:\/\/secure.gravatar.com\/avatar\/42263f39aa27ac04c43cab85c280eb2e?s=96&d=mm&r=pg\",\"contentUrl\":\"https:\/\/secure.gravatar.com\/avatar\/42263f39aa27ac04c43cab85c280eb2e?s=96&d=mm&r=pg\",\"caption\":\"Kul\"},\"logo\":{\"@id\":\"https:\/\/sandzakpress.net\/arhiva\/#\/schema\/person\/image\/\"}},{\"@type\":\"Person\",\"@id\":\"https:\/\/sandzakpress.net\/arhiva\/#\/schema\/person\/cb59d7e3ab91ab90dd680ad0305a6185\",\"name\":\"Agencija\",\"image\":{\"@type\":\"ImageObject\",\"inLanguage\":\"bs-BA\",\"@id\":\"https:\/\/sandzakpress.net\/arhiva\/#\/schema\/person\/image\/\",\"url\":\"https:\/\/secure.gravatar.com\/avatar\/4b7fafa80a22f0c2afe23966b3961fe0?s=96&d=mm&r=pg\",\"contentUrl\":\"https:\/\/secure.gravatar.com\/avatar\/4b7fafa80a22f0c2afe23966b3961fe0?s=96&d=mm&r=pg\",\"caption\":\"Agencija\"},\"url\":\"https:\/\/sandzakpress.net\/arhiva\/author\/agencija\/\"}]}<\/script>\n<!-- \/ Yoast SEO Premium plugin. -->","yoast_head_json":{"title":"Pogledajte kako je sjeni\u010dki policajac prebio maloljetnike (FOTO)","robots":{"index":"index","follow":"follow","max-snippet":"max-snippet:-1","max-image-preview":"max-image-preview:large","max-video-preview":"max-video-preview:-1"},"canonical":"https:\/\/sandzakpress.net\/arhiva\/pogledajte-kako-je-sjenicki-policajac-prebio-maloljetnike-foto\/","og_locale":"bs_BA","og_type":"article","og_title":"Pogledajte kako je sjeni\u010dki policajac prebio maloljetnike (FOTO)","og_description":"Nezapam\u0107ena drama odigrala se kasno sino\u0107\u00a0u okolini Sjenice. Na lokalnom putu Sjenica \u2013 Lopi\u017ee mu\u0161karac (55), ina\u010de biv\u0161i policajac, prepre\u010dio je, automobilom, put \u010detvorici maloljetnika koji su bili na motociklima. Mladi\u0107i su se zaustavili, a mu\u0161karac je ispalio metak u vazduh i naredio im da legnu na put. Kada su to uradili, on ih je [&hellip;]","og_url":"https:\/\/sandzakpress.net\/arhiva\/pogledajte-kako-je-sjenicki-policajac-prebio-maloljetnike-foto\/","og_site_name":"Sand\u017eak PRESS","article_published_time":"2019-04-17T15:55:09+00:00","article_modified_time":"2019-04-18T13:11:43+00:00","og_image":[{"width":782,"height":522,"url":"https:\/\/sandzakpress.net\/arhiva\/wp-content\/uploads\/2019\/04\/Hvataj-4.jpg","type":"image\/jpeg"}],"author":"Agencija","twitter_card":"summary_large_image","twitter_misc":{"Written by":"Agencija","Est. reading time":"1 minuta"},"schema":{"@context":"https:\/\/schema.org","@graph":[{"@type":"Article","@id":"https:\/\/sandzakpress.net\/arhiva\/pogledajte-kako-je-sjenicki-policajac-prebio-maloljetnike-foto\/#article","isPartOf":{"@id":"https:\/\/sandzakpress.net\/arhiva\/pogledajte-kako-je-sjenicki-policajac-prebio-maloljetnike-foto\/"},"author":{"name":"Agencija","@id":"https:\/\/sandzakpress.net\/arhiva\/#\/schema\/person\/cb59d7e3ab91ab90dd680ad0305a6185"},"headline":"Pogledajte kako je sjeni\u010dki policajac prebio maloljetnike (FOTO)","datePublished":"2019-04-17T15:55:09+00:00","dateModified":"2019-04-18T13:11:43+00:00","mainEntityOfPage":{"@id":"https:\/\/sandzakpress.net\/arhiva\/pogledajte-kako-je-sjenicki-policajac-prebio-maloljetnike-foto\/"},"wordCount":152,"commentCount":6,"publisher":{"@id":"https:\/\/sandzakpress.net\/arhiva\/#\/schema\/person\/6e72b67d6e51910a1117b3b483ba20bd"},"image":{"@id":"https:\/\/sandzakpress.net\/arhiva\/pogledajte-kako-je-sjenicki-policajac-prebio-maloljetnike-foto\/#primaryimage"},"thumbnailUrl":"https:\/\/sandzakpress.net\/arhiva\/wp-content\/uploads\/2019\/04\/Hvataj-4.jpg","articleSection":["Sjenica","Hronika","VIJESTI DANA"],"inLanguage":"bs-BA","potentialAction":[{"@type":"CommentAction","name":"Comment","target":["https:\/\/sandzakpress.net\/arhiva\/pogledajte-kako-je-sjenicki-policajac-prebio-maloljetnike-foto\/#respond"]}]},{"@type":"WebPage","@id":"https:\/\/sandzakpress.net\/arhiva\/pogledajte-kako-je-sjenicki-policajac-prebio-maloljetnike-foto\/","url":"https:\/\/sandzakpress.net\/arhiva\/pogledajte-kako-je-sjenicki-policajac-prebio-maloljetnike-foto\/","name":"Pogledajte kako je sjeni\u010dki policajac prebio maloljetnike (FOTO)","isPartOf":{"@id":"https:\/\/sandzakpress.net\/arhiva\/#website"},"primaryImageOfPage":{"@id":"https:\/\/sandzakpress.net\/arhiva\/pogledajte-kako-je-sjenicki-policajac-prebio-maloljetnike-foto\/#primaryimage"},"image":{"@id":"https:\/\/sandzakpress.net\/arhiva\/pogledajte-kako-je-sjenicki-policajac-prebio-maloljetnike-foto\/#primaryimage"},"thumbnailUrl":"https:\/\/sandzakpress.net\/arhiva\/wp-content\/uploads\/2019\/04\/Hvataj-4.jpg","datePublished":"2019-04-17T15:55:09+00:00","dateModified":"2019-04-18T13:11:43+00:00","breadcrumb":{"@id":"https:\/\/sandzakpress.net\/arhiva\/pogledajte-kako-je-sjenicki-policajac-prebio-maloljetnike-foto\/#breadcrumb"},"inLanguage":"bs-BA","potentialAction":[{"@type":"ReadAction","target":["https:\/\/sandzakpress.net\/arhiva\/pogledajte-kako-je-sjenicki-policajac-prebio-maloljetnike-foto\/"]}]},{"@type":"ImageObject","inLanguage":"bs-BA","@id":"https:\/\/sandzakpress.net\/arhiva\/pogledajte-kako-je-sjenicki-policajac-prebio-maloljetnike-foto\/#primaryimage","url":"https:\/\/sandzakpress.net\/arhiva\/wp-content\/uploads\/2019\/04\/Hvataj-4.jpg","contentUrl":"https:\/\/sandzakpress.net\/arhiva\/wp-content\/uploads\/2019\/04\/Hvataj-4.jpg","width":782,"height":522},{"@type":"BreadcrumbList","@id":"https:\/\/sandzakpress.net\/arhiva\/pogledajte-kako-je-sjenicki-policajac-prebio-maloljetnike-foto\/#breadcrumb","itemListElement":[{"@type":"ListItem","position":1,"name":"Home","item":"https:\/\/sandzakpress.net\/arhiva\/"},{"@type":"ListItem","position":2,"name":"Pogledajte kako je sjeni\u010dki policajac prebio maloljetnike (FOTO)"}]},{"@type":"WebSite","@id":"https:\/\/sandzakpress.net\/arhiva\/#website","url":"https:\/\/sandzakpress.net\/arhiva\/","name":"Sand\u017eak PRESS","description":"Prve elektronske novine u Sand\u017eaku","publisher":{"@id":"https:\/\/sandzakpress.net\/arhiva\/#\/schema\/person\/6e72b67d6e51910a1117b3b483ba20bd"},"potentialAction":[{"@type":"SearchAction","target":{"@type":"EntryPoint","urlTemplate":"https:\/\/sandzakpress.net\/arhiva\/?s={search_term_string}"},"query-input":{"@type":"PropertyValueSpecification","valueRequired":true,"valueName":"search_term_string"}}],"inLanguage":"bs-BA"},{"@type":["Person","Organization"],"@id":"https:\/\/sandzakpress.net\/arhiva\/#\/schema\/person\/6e72b67d6e51910a1117b3b483ba20bd","name":"Kul","image":{"@type":"ImageObject","inLanguage":"bs-BA","@id":"https:\/\/sandzakpress.net\/arhiva\/#\/schema\/person\/image\/","url":"https:\/\/secure.gravatar.com\/avatar\/42263f39aa27ac04c43cab85c280eb2e?s=96&d=mm&r=pg","contentUrl":"https:\/\/secure.gravatar.com\/avatar\/42263f39aa27ac04c43cab85c280eb2e?s=96&d=mm&r=pg","caption":"Kul"},"logo":{"@id":"https:\/\/sandzakpress.net\/arhiva\/#\/schema\/person\/image\/"}},{"@type":"Person","@id":"https:\/\/sandzakpress.net\/arhiva\/#\/schema\/person\/cb59d7e3ab91ab90dd680ad0305a6185","name":"Agencija","image":{"@type":"ImageObject","inLanguage":"bs-BA","@id":"https:\/\/sandzakpress.net\/arhiva\/#\/schema\/person\/image\/","url":"https:\/\/secure.gravatar.com\/avatar\/4b7fafa80a22f0c2afe23966b3961fe0?s=96&d=mm&r=pg","contentUrl":"https:\/\/secure.gravatar.com\/avatar\/4b7fafa80a22f0c2afe23966b3961fe0?s=96&d=mm&r=pg","caption":"Agencija"},"url":"https:\/\/sandzakpress.net\/arhiva\/author\/agencija\/"}]}},"_links":{"self":[{"href":"https:\/\/sandzakpress.net\/arhiva\/wp-json\/wp\/v2\/posts\/221853"}],"collection":[{"href":"https:\/\/sandzakpress.net\/arhiva\/wp-json\/wp\/v2\/posts"}],"about":[{"href":"https:\/\/sandzakpress.net\/arhiva\/wp-json\/wp\/v2\/types\/post"}],"author":[{"embeddable":true,"href":"https:\/\/sandzakpress.net\/arhiva\/wp-json\/wp\/v2\/users\/509"}],"replies":[{"embeddable":true,"href":"https:\/\/sandzakpress.net\/arhiva\/wp-json\/wp\/v2\/comments?post=221853"}],"version-history":[{"count":0,"href":"https:\/\/sandzakpress.net\/arhiva\/wp-json\/wp\/v2\/posts\/221853\/revisions"}],"wp:featuredmedia":[{"embeddable":true,"href":"https:\/\/sandzakpress.net\/arhiva\/wp-json\/wp\/v2\/media\/221854"}],"wp:attachment":[{"href":"https:\/\/sandzakpress.net\/arhiva\/wp-json\/wp\/v2\/media?parent=221853"}],"wp:term":[{"taxonomy":"category","embeddable":true,"href":"https:\/\/sandzakpress.net\/arhiva\/wp-json\/wp\/v2\/categories?post=221853"},{"taxonomy":"post_tag","embeddable":true,"href":"https:\/\/sandzakpress.net\/arhiva\/wp-json\/wp\/v2\/tags?post=221853"}],"curies":[{"name":"wp","href":"https:\/\/api.w.org\/{rel}","templated":true}]}}