{"id":221809,"date":"2019-04-17T14:01:10","date_gmt":"2019-04-17T12:01:10","guid":{"rendered":"https:\/\/sandzakpress.net\/arhiva\/?p=221809"},"modified":"2019-04-17T14:01:10","modified_gmt":"2019-04-17T12:01:10","slug":"vucic-trazit-ce-da-priznamo-kosovo-a-da-ne-dobijemo-nista","status":"publish","type":"post","link":"https:\/\/sandzakpress.net\/arhiva\/vucic-trazit-ce-da-priznamo-kosovo-a-da-ne-dobijemo-nista\/","title":{"rendered":"Vu\u010di\u0107: Tra\u017eit \u0107e da priznamo Kosovo, a da ne dobijemo ni\u0161ta"},"content":{"rendered":"<p><img loading=\"lazy\" decoding=\"async\" class=\"alignnone size-full wp-image-221814\" src=\"https:\/\/sandzakpress.net\/arhiva\/wp-content\/uploads\/2019\/04\/vucic-30-696x469.jpg\" alt=\"\" width=\"696\" height=\"469\" srcset=\"https:\/\/sandzakpress.net\/arhiva\/wp-content\/uploads\/2019\/04\/vucic-30-696x469.jpg 696w, https:\/\/sandzakpress.net\/arhiva\/wp-content\/uploads\/2019\/04\/vucic-30-696x469-616x415.jpg 616w\" sizes=\"(max-width: 696px) 100vw, 696px\" \/><\/p>\n<p><strong>Predsjednik Srbije i Srpske napredne stranke (SNS) Aleksandar Vu\u010di\u0107 izjavio je u utorak\u00a0da je pred\u00a0Srbijom izuzetno te\u017eak period\u00a0te da \u0107e se od Beograda tra\u017eiti priznanje pune nezavisnosti Kosova, bez podjela, na punoj i cjelovitoj teritoriji nezavisnog Kosova.<\/strong><\/p>\n<p>Kako je rekao, razgovarat \u0107e s\u00a0kineskim i ruskim predsjednikom u Pekingu, a potom ide u Berlin, gdje ga o\u010dekuju veoma te\u0161ki sastanci sa \u010delnicima Francuske i Njema\u010dke, prenosi agencija Tanjug.<\/p>\n<p>\u201cTamo nas ne \u010deka ni\u0161ta dobro, odmah da znate, i ne o\u010dekujem ni\u0161ta dobro. Jedino o\u010dekujem po\u010detak zahteva za novi format, gde bi cilj trebalo da bude priznanje nezavisnosti, a da Srbija ne dobije ni\u0161ta\u201d, rekao je Vu\u010di\u0107\u00a0te dodao da \u0107e se od njega tra\u017eiti \u201cda u\u0111emo u razgovore, a da Albanci ne ukinu takse\u201d.<\/p>\n<figure class=\"wp-block-image\"><img decoding=\"async\" class=\"td-animation-stack-type0-1\" src=\"https:\/\/www.kurir.rs\/data\/images\/2019\/04\/16\/16\/1825327_whatsapp-image-20190416-at-16.40.13_ff.jpg?ver=1555426710\" alt=\"\" \/><figcaption>Foto: Ana Paunovi\u0107\/Kurir<\/figcaption><\/figure>\n<p>Tra\u017ei\u0107e da u\u0111emo u razgovore, a da Albanci ne ukinu takse.<\/p>\n<p>\u201cPo cenu \u2013 ne po cenu koju treba da plati Srbija, nego ja \u2013 ne\u0107u prihvatiti da nastavimo ma kakav razgovor bez ukidanja taksi, ma kakvi pritisci bili\u201d, poru\u010dio je Vu\u010di\u0107.<\/p>\n","protected":false},"excerpt":{"rendered":"<p>Predsjednik Srbije i Srpske napredne stranke (SNS) Aleksandar Vu\u010di\u0107 izjavio je u utorak\u00a0da je pred\u00a0Srbijom izuzetno te\u017eak period\u00a0te da \u0107e se od Beograda tra\u017eiti priznanje pune nezavisnosti Kosova, bez podjela, na punoj i cjelovitoj teritoriji nezavisnog Kosova. Kako je rekao, razgovarat \u0107e s\u00a0kineskim i ruskim predsjednikom u Pekingu, a potom ide u Berlin, gdje ga [&hellip;]<\/p>\n","protected":false},"author":509,"featured_media":221814,"comment_status":"open","ping_status":"open","sticky":false,"template":"","format":"standard","meta":{"footnotes":""},"categories":[1,2690,10307,8957],"tags":[],"class_list":{"0":"post-221809","1":"post","2":"type-post","3":"status-publish","4":"format-standard","5":"has-post-thumbnail","7":"category-politika","8":"category-kosovo-gradovi","9":"category-srbija","10":"category-vijesti-dana"},"yoast_head":"<!-- This site is optimized with the Yoast SEO Premium plugin v23.1 (Yoast SEO v24.9) - https:\/\/yoast.com\/wordpress\/plugins\/seo\/ -->\n<title>Vu\u010di\u0107: Tra\u017eit \u0107e da priznamo Kosovo, a da ne dobijemo ni\u0161ta<\/title>\n<meta name=\"robots\" content=\"index, follow, max-snippet:-1, max-image-preview:large, max-video-preview:-1\" \/>\n<link rel=\"canonical\" href=\"https:\/\/sandzakpress.net\/arhiva\/vucic-trazit-ce-da-priznamo-kosovo-a-da-ne-dobijemo-nista\/\" \/>\n<meta property=\"og:locale\" content=\"bs_BA\" \/>\n<meta property=\"og:type\" content=\"article\" \/>\n<meta property=\"og:title\" content=\"Vu\u010di\u0107: Tra\u017eit \u0107e da priznamo Kosovo, a da ne dobijemo ni\u0161ta\" \/>\n<meta property=\"og:description\" content=\"Predsjednik Srbije i Srpske napredne stranke (SNS) Aleksandar Vu\u010di\u0107 izjavio je u utorak\u00a0da je pred\u00a0Srbijom izuzetno te\u017eak period\u00a0te da \u0107e se od Beograda tra\u017eiti priznanje pune nezavisnosti Kosova, bez podjela, na punoj i cjelovitoj teritoriji nezavisnog Kosova. Kako je rekao, razgovarat \u0107e s\u00a0kineskim i ruskim predsjednikom u Pekingu, a potom ide u Berlin, gdje ga [&hellip;]\" \/>\n<meta property=\"og:url\" content=\"https:\/\/sandzakpress.net\/arhiva\/vucic-trazit-ce-da-priznamo-kosovo-a-da-ne-dobijemo-nista\/\" \/>\n<meta property=\"og:site_name\" content=\"Sand\u017eak PRESS\" \/>\n<meta property=\"article:published_time\" content=\"2019-04-17T12:01:10+00:00\" \/>\n<meta property=\"og:image\" content=\"https:\/\/sandzakpress.net\/arhiva\/wp-content\/uploads\/2019\/04\/vucic-30-696x469.jpg\" \/>\n\t<meta property=\"og:image:width\" content=\"696\" \/>\n\t<meta property=\"og:image:height\" content=\"469\" \/>\n\t<meta property=\"og:image:type\" content=\"image\/jpeg\" \/>\n<meta name=\"author\" content=\"Agencija\" \/>\n<meta name=\"twitter:card\" content=\"summary_large_image\" \/>\n<meta name=\"twitter:label1\" content=\"Written by\" \/>\n\t<meta name=\"twitter:data1\" content=\"Agencija\" \/>\n\t<meta name=\"twitter:label2\" content=\"Est. reading time\" \/>\n\t<meta name=\"twitter:data2\" content=\"1 minuta\" \/>\n<script type=\"application\/ld+json\" class=\"yoast-schema-graph\">{\"@context\":\"https:\/\/schema.org\",\"@graph\":[{\"@type\":\"Article\",\"@id\":\"https:\/\/sandzakpress.net\/arhiva\/vucic-trazit-ce-da-priznamo-kosovo-a-da-ne-dobijemo-nista\/#article\",\"isPartOf\":{\"@id\":\"https:\/\/sandzakpress.net\/arhiva\/vucic-trazit-ce-da-priznamo-kosovo-a-da-ne-dobijemo-nista\/\"},\"author\":{\"name\":\"Agencija\",\"@id\":\"https:\/\/sandzakpress.net\/arhiva\/#\/schema\/person\/cb59d7e3ab91ab90dd680ad0305a6185\"},\"headline\":\"Vu\u010di\u0107: Tra\u017eit \u0107e da priznamo Kosovo, a da ne dobijemo ni\u0161ta\",\"datePublished\":\"2019-04-17T12:01:10+00:00\",\"mainEntityOfPage\":{\"@id\":\"https:\/\/sandzakpress.net\/arhiva\/vucic-trazit-ce-da-priznamo-kosovo-a-da-ne-dobijemo-nista\/\"},\"wordCount\":206,\"commentCount\":5,\"publisher\":{\"@id\":\"https:\/\/sandzakpress.net\/arhiva\/#\/schema\/person\/6e72b67d6e51910a1117b3b483ba20bd\"},\"image\":{\"@id\":\"https:\/\/sandzakpress.net\/arhiva\/vucic-trazit-ce-da-priznamo-kosovo-a-da-ne-dobijemo-nista\/#primaryimage\"},\"thumbnailUrl\":\"https:\/\/sandzakpress.net\/arhiva\/wp-content\/uploads\/2019\/04\/vucic-30-696x469.jpg\",\"articleSection\":[\"Politika\",\"Kosovo\",\"Srbija\",\"VIJESTI DANA\"],\"inLanguage\":\"bs-BA\",\"potentialAction\":[{\"@type\":\"CommentAction\",\"name\":\"Comment\",\"target\":[\"https:\/\/sandzakpress.net\/arhiva\/vucic-trazit-ce-da-priznamo-kosovo-a-da-ne-dobijemo-nista\/#respond\"]}]},{\"@type\":\"WebPage\",\"@id\":\"https:\/\/sandzakpress.net\/arhiva\/vucic-trazit-ce-da-priznamo-kosovo-a-da-ne-dobijemo-nista\/\",\"url\":\"https:\/\/sandzakpress.net\/arhiva\/vucic-trazit-ce-da-priznamo-kosovo-a-da-ne-dobijemo-nista\/\",\"name\":\"Vu\u010di\u0107: Tra\u017eit \u0107e da priznamo Kosovo, a da ne dobijemo ni\u0161ta\",\"isPartOf\":{\"@id\":\"https:\/\/sandzakpress.net\/arhiva\/#website\"},\"primaryImageOfPage\":{\"@id\":\"https:\/\/sandzakpress.net\/arhiva\/vucic-trazit-ce-da-priznamo-kosovo-a-da-ne-dobijemo-nista\/#primaryimage\"},\"image\":{\"@id\":\"https:\/\/sandzakpress.net\/arhiva\/vucic-trazit-ce-da-priznamo-kosovo-a-da-ne-dobijemo-nista\/#primaryimage\"},\"thumbnailUrl\":\"https:\/\/sandzakpress.net\/arhiva\/wp-content\/uploads\/2019\/04\/vucic-30-696x469.jpg\",\"datePublished\":\"2019-04-17T12:01:10+00:00\",\"breadcrumb\":{\"@id\":\"https:\/\/sandzakpress.net\/arhiva\/vucic-trazit-ce-da-priznamo-kosovo-a-da-ne-dobijemo-nista\/#breadcrumb\"},\"inLanguage\":\"bs-BA\",\"potentialAction\":[{\"@type\":\"ReadAction\",\"target\":[\"https:\/\/sandzakpress.net\/arhiva\/vucic-trazit-ce-da-priznamo-kosovo-a-da-ne-dobijemo-nista\/\"]}]},{\"@type\":\"ImageObject\",\"inLanguage\":\"bs-BA\",\"@id\":\"https:\/\/sandzakpress.net\/arhiva\/vucic-trazit-ce-da-priznamo-kosovo-a-da-ne-dobijemo-nista\/#primaryimage\",\"url\":\"https:\/\/sandzakpress.net\/arhiva\/wp-content\/uploads\/2019\/04\/vucic-30-696x469.jpg\",\"contentUrl\":\"https:\/\/sandzakpress.net\/arhiva\/wp-content\/uploads\/2019\/04\/vucic-30-696x469.jpg\",\"width\":696,\"height\":469},{\"@type\":\"BreadcrumbList\",\"@id\":\"https:\/\/sandzakpress.net\/arhiva\/vucic-trazit-ce-da-priznamo-kosovo-a-da-ne-dobijemo-nista\/#breadcrumb\",\"itemListElement\":[{\"@type\":\"ListItem\",\"position\":1,\"name\":\"Home\",\"item\":\"https:\/\/sandzakpress.net\/arhiva\/\"},{\"@type\":\"ListItem\",\"position\":2,\"name\":\"Vu\u010di\u0107: Tra\u017eit \u0107e da priznamo Kosovo, a da ne dobijemo ni\u0161ta\"}]},{\"@type\":\"WebSite\",\"@id\":\"https:\/\/sandzakpress.net\/arhiva\/#website\",\"url\":\"https:\/\/sandzakpress.net\/arhiva\/\",\"name\":\"Sand\u017eak PRESS\",\"description\":\"Prve elektronske novine u Sand\u017eaku\",\"publisher\":{\"@id\":\"https:\/\/sandzakpress.net\/arhiva\/#\/schema\/person\/6e72b67d6e51910a1117b3b483ba20bd\"},\"potentialAction\":[{\"@type\":\"SearchAction\",\"target\":{\"@type\":\"EntryPoint\",\"urlTemplate\":\"https:\/\/sandzakpress.net\/arhiva\/?s={search_term_string}\"},\"query-input\":{\"@type\":\"PropertyValueSpecification\",\"valueRequired\":true,\"valueName\":\"search_term_string\"}}],\"inLanguage\":\"bs-BA\"},{\"@type\":[\"Person\",\"Organization\"],\"@id\":\"https:\/\/sandzakpress.net\/arhiva\/#\/schema\/person\/6e72b67d6e51910a1117b3b483ba20bd\",\"name\":\"Kul\",\"image\":{\"@type\":\"ImageObject\",\"inLanguage\":\"bs-BA\",\"@id\":\"https:\/\/sandzakpress.net\/arhiva\/#\/schema\/person\/image\/\",\"url\":\"https:\/\/secure.gravatar.com\/avatar\/42263f39aa27ac04c43cab85c280eb2e?s=96&d=mm&r=pg\",\"contentUrl\":\"https:\/\/secure.gravatar.com\/avatar\/42263f39aa27ac04c43cab85c280eb2e?s=96&d=mm&r=pg\",\"caption\":\"Kul\"},\"logo\":{\"@id\":\"https:\/\/sandzakpress.net\/arhiva\/#\/schema\/person\/image\/\"}},{\"@type\":\"Person\",\"@id\":\"https:\/\/sandzakpress.net\/arhiva\/#\/schema\/person\/cb59d7e3ab91ab90dd680ad0305a6185\",\"name\":\"Agencija\",\"image\":{\"@type\":\"ImageObject\",\"inLanguage\":\"bs-BA\",\"@id\":\"https:\/\/sandzakpress.net\/arhiva\/#\/schema\/person\/image\/\",\"url\":\"https:\/\/secure.gravatar.com\/avatar\/4b7fafa80a22f0c2afe23966b3961fe0?s=96&d=mm&r=pg\",\"contentUrl\":\"https:\/\/secure.gravatar.com\/avatar\/4b7fafa80a22f0c2afe23966b3961fe0?s=96&d=mm&r=pg\",\"caption\":\"Agencija\"},\"url\":\"https:\/\/sandzakpress.net\/arhiva\/author\/agencija\/\"}]}<\/script>\n<!-- \/ Yoast SEO Premium plugin. -->","yoast_head_json":{"title":"Vu\u010di\u0107: Tra\u017eit \u0107e da priznamo Kosovo, a da ne dobijemo ni\u0161ta","robots":{"index":"index","follow":"follow","max-snippet":"max-snippet:-1","max-image-preview":"max-image-preview:large","max-video-preview":"max-video-preview:-1"},"canonical":"https:\/\/sandzakpress.net\/arhiva\/vucic-trazit-ce-da-priznamo-kosovo-a-da-ne-dobijemo-nista\/","og_locale":"bs_BA","og_type":"article","og_title":"Vu\u010di\u0107: Tra\u017eit \u0107e da priznamo Kosovo, a da ne dobijemo ni\u0161ta","og_description":"Predsjednik Srbije i Srpske napredne stranke (SNS) Aleksandar Vu\u010di\u0107 izjavio je u utorak\u00a0da je pred\u00a0Srbijom izuzetno te\u017eak period\u00a0te da \u0107e se od Beograda tra\u017eiti priznanje pune nezavisnosti Kosova, bez podjela, na punoj i cjelovitoj teritoriji nezavisnog Kosova. Kako je rekao, razgovarat \u0107e s\u00a0kineskim i ruskim predsjednikom u Pekingu, a potom ide u Berlin, gdje ga [&hellip;]","og_url":"https:\/\/sandzakpress.net\/arhiva\/vucic-trazit-ce-da-priznamo-kosovo-a-da-ne-dobijemo-nista\/","og_site_name":"Sand\u017eak PRESS","article_published_time":"2019-04-17T12:01:10+00:00","og_image":[{"width":696,"height":469,"url":"https:\/\/sandzakpress.net\/arhiva\/wp-content\/uploads\/2019\/04\/vucic-30-696x469.jpg","type":"image\/jpeg"}],"author":"Agencija","twitter_card":"summary_large_image","twitter_misc":{"Written by":"Agencija","Est. reading time":"1 minuta"},"schema":{"@context":"https:\/\/schema.org","@graph":[{"@type":"Article","@id":"https:\/\/sandzakpress.net\/arhiva\/vucic-trazit-ce-da-priznamo-kosovo-a-da-ne-dobijemo-nista\/#article","isPartOf":{"@id":"https:\/\/sandzakpress.net\/arhiva\/vucic-trazit-ce-da-priznamo-kosovo-a-da-ne-dobijemo-nista\/"},"author":{"name":"Agencija","@id":"https:\/\/sandzakpress.net\/arhiva\/#\/schema\/person\/cb59d7e3ab91ab90dd680ad0305a6185"},"headline":"Vu\u010di\u0107: Tra\u017eit \u0107e da priznamo Kosovo, a da ne dobijemo ni\u0161ta","datePublished":"2019-04-17T12:01:10+00:00","mainEntityOfPage":{"@id":"https:\/\/sandzakpress.net\/arhiva\/vucic-trazit-ce-da-priznamo-kosovo-a-da-ne-dobijemo-nista\/"},"wordCount":206,"commentCount":5,"publisher":{"@id":"https:\/\/sandzakpress.net\/arhiva\/#\/schema\/person\/6e72b67d6e51910a1117b3b483ba20bd"},"image":{"@id":"https:\/\/sandzakpress.net\/arhiva\/vucic-trazit-ce-da-priznamo-kosovo-a-da-ne-dobijemo-nista\/#primaryimage"},"thumbnailUrl":"https:\/\/sandzakpress.net\/arhiva\/wp-content\/uploads\/2019\/04\/vucic-30-696x469.jpg","articleSection":["Politika","Kosovo","Srbija","VIJESTI DANA"],"inLanguage":"bs-BA","potentialAction":[{"@type":"CommentAction","name":"Comment","target":["https:\/\/sandzakpress.net\/arhiva\/vucic-trazit-ce-da-priznamo-kosovo-a-da-ne-dobijemo-nista\/#respond"]}]},{"@type":"WebPage","@id":"https:\/\/sandzakpress.net\/arhiva\/vucic-trazit-ce-da-priznamo-kosovo-a-da-ne-dobijemo-nista\/","url":"https:\/\/sandzakpress.net\/arhiva\/vucic-trazit-ce-da-priznamo-kosovo-a-da-ne-dobijemo-nista\/","name":"Vu\u010di\u0107: Tra\u017eit \u0107e da priznamo Kosovo, a da ne dobijemo ni\u0161ta","isPartOf":{"@id":"https:\/\/sandzakpress.net\/arhiva\/#website"},"primaryImageOfPage":{"@id":"https:\/\/sandzakpress.net\/arhiva\/vucic-trazit-ce-da-priznamo-kosovo-a-da-ne-dobijemo-nista\/#primaryimage"},"image":{"@id":"https:\/\/sandzakpress.net\/arhiva\/vucic-trazit-ce-da-priznamo-kosovo-a-da-ne-dobijemo-nista\/#primaryimage"},"thumbnailUrl":"https:\/\/sandzakpress.net\/arhiva\/wp-content\/uploads\/2019\/04\/vucic-30-696x469.jpg","datePublished":"2019-04-17T12:01:10+00:00","breadcrumb":{"@id":"https:\/\/sandzakpress.net\/arhiva\/vucic-trazit-ce-da-priznamo-kosovo-a-da-ne-dobijemo-nista\/#breadcrumb"},"inLanguage":"bs-BA","potentialAction":[{"@type":"ReadAction","target":["https:\/\/sandzakpress.net\/arhiva\/vucic-trazit-ce-da-priznamo-kosovo-a-da-ne-dobijemo-nista\/"]}]},{"@type":"ImageObject","inLanguage":"bs-BA","@id":"https:\/\/sandzakpress.net\/arhiva\/vucic-trazit-ce-da-priznamo-kosovo-a-da-ne-dobijemo-nista\/#primaryimage","url":"https:\/\/sandzakpress.net\/arhiva\/wp-content\/uploads\/2019\/04\/vucic-30-696x469.jpg","contentUrl":"https:\/\/sandzakpress.net\/arhiva\/wp-content\/uploads\/2019\/04\/vucic-30-696x469.jpg","width":696,"height":469},{"@type":"BreadcrumbList","@id":"https:\/\/sandzakpress.net\/arhiva\/vucic-trazit-ce-da-priznamo-kosovo-a-da-ne-dobijemo-nista\/#breadcrumb","itemListElement":[{"@type":"ListItem","position":1,"name":"Home","item":"https:\/\/sandzakpress.net\/arhiva\/"},{"@type":"ListItem","position":2,"name":"Vu\u010di\u0107: Tra\u017eit \u0107e da priznamo Kosovo, a da ne dobijemo ni\u0161ta"}]},{"@type":"WebSite","@id":"https:\/\/sandzakpress.net\/arhiva\/#website","url":"https:\/\/sandzakpress.net\/arhiva\/","name":"Sand\u017eak PRESS","description":"Prve elektronske novine u Sand\u017eaku","publisher":{"@id":"https:\/\/sandzakpress.net\/arhiva\/#\/schema\/person\/6e72b67d6e51910a1117b3b483ba20bd"},"potentialAction":[{"@type":"SearchAction","target":{"@type":"EntryPoint","urlTemplate":"https:\/\/sandzakpress.net\/arhiva\/?s={search_term_string}"},"query-input":{"@type":"PropertyValueSpecification","valueRequired":true,"valueName":"search_term_string"}}],"inLanguage":"bs-BA"},{"@type":["Person","Organization"],"@id":"https:\/\/sandzakpress.net\/arhiva\/#\/schema\/person\/6e72b67d6e51910a1117b3b483ba20bd","name":"Kul","image":{"@type":"ImageObject","inLanguage":"bs-BA","@id":"https:\/\/sandzakpress.net\/arhiva\/#\/schema\/person\/image\/","url":"https:\/\/secure.gravatar.com\/avatar\/42263f39aa27ac04c43cab85c280eb2e?s=96&d=mm&r=pg","contentUrl":"https:\/\/secure.gravatar.com\/avatar\/42263f39aa27ac04c43cab85c280eb2e?s=96&d=mm&r=pg","caption":"Kul"},"logo":{"@id":"https:\/\/sandzakpress.net\/arhiva\/#\/schema\/person\/image\/"}},{"@type":"Person","@id":"https:\/\/sandzakpress.net\/arhiva\/#\/schema\/person\/cb59d7e3ab91ab90dd680ad0305a6185","name":"Agencija","image":{"@type":"ImageObject","inLanguage":"bs-BA","@id":"https:\/\/sandzakpress.net\/arhiva\/#\/schema\/person\/image\/","url":"https:\/\/secure.gravatar.com\/avatar\/4b7fafa80a22f0c2afe23966b3961fe0?s=96&d=mm&r=pg","contentUrl":"https:\/\/secure.gravatar.com\/avatar\/4b7fafa80a22f0c2afe23966b3961fe0?s=96&d=mm&r=pg","caption":"Agencija"},"url":"https:\/\/sandzakpress.net\/arhiva\/author\/agencija\/"}]}},"_links":{"self":[{"href":"https:\/\/sandzakpress.net\/arhiva\/wp-json\/wp\/v2\/posts\/221809"}],"collection":[{"href":"https:\/\/sandzakpress.net\/arhiva\/wp-json\/wp\/v2\/posts"}],"about":[{"href":"https:\/\/sandzakpress.net\/arhiva\/wp-json\/wp\/v2\/types\/post"}],"author":[{"embeddable":true,"href":"https:\/\/sandzakpress.net\/arhiva\/wp-json\/wp\/v2\/users\/509"}],"replies":[{"embeddable":true,"href":"https:\/\/sandzakpress.net\/arhiva\/wp-json\/wp\/v2\/comments?post=221809"}],"version-history":[{"count":0,"href":"https:\/\/sandzakpress.net\/arhiva\/wp-json\/wp\/v2\/posts\/221809\/revisions"}],"wp:featuredmedia":[{"embeddable":true,"href":"https:\/\/sandzakpress.net\/arhiva\/wp-json\/wp\/v2\/media\/221814"}],"wp:attachment":[{"href":"https:\/\/sandzakpress.net\/arhiva\/wp-json\/wp\/v2\/media?parent=221809"}],"wp:term":[{"taxonomy":"category","embeddable":true,"href":"https:\/\/sandzakpress.net\/arhiva\/wp-json\/wp\/v2\/categories?post=221809"},{"taxonomy":"post_tag","embeddable":true,"href":"https:\/\/sandzakpress.net\/arhiva\/wp-json\/wp\/v2\/tags?post=221809"}],"curies":[{"name":"wp","href":"https:\/\/api.w.org\/{rel}","templated":true}]}}