{"id":22132,"date":"2011-10-21T18:31:36","date_gmt":"2011-10-21T16:31:36","guid":{"rendered":"https:\/\/sandzakpress.net\/arhiva\/?p=22132"},"modified":"2011-10-21T18:31:36","modified_gmt":"2011-10-21T16:31:36","slug":"pod-komadom-milana-lukica-ubijeno-16-sandzaklija","status":"publish","type":"post","link":"https:\/\/sandzakpress.net\/arhiva\/pod-komadom-milana-lukica-ubijeno-16-sandzaklija\/","title":{"rendered":"Pod komadom Milana Luki\u0107a ubijeno 16 Sand\u017eaklija"},"content":{"rendered":"<p><a href=\"https:\/\/sandzakpress.net\/arhiva\/wp-content\/uploads\/2011\/10\/Milan_Lukic_zlocinac_002.jpg\"><img loading=\"lazy\" decoding=\"async\" class=\"aligncenter size-full wp-image-22133\" title=\"Milan_Lukic_zlocinac_002\" src=\"https:\/\/sandzakpress.net\/arhiva\/wp-content\/uploads\/2011\/10\/Milan_Lukic_zlocinac_002.jpg\" alt=\"\" width=\"616\" height=\"381\" \/><\/a><\/p>\n<p><strong>Mehmed \u0160ebo, Zafer Had\u017ei\u0107, Medo Had\u017ei\u0107, Medredin Hod\u017ei\u0107, Ramiz Begovi\u0107, Dervi\u0161 Softi\u0107, Medhad Softi\u0107, Mujo Alihod\u017ei\u0107, Alija Mandal, Sead Pecikoza, Mustafa Bajramovi\u0107, Hajrudin Sajtarevi\u0107, Esad D\u017eihi\u0107, Ramahudin \u0106atovi\u0107, Idriz Gibovi\u0107 i Mevlida Kold\u017ei\u0107.<\/strong><\/p>\n<p>Svi do jednog su bili dr\u017eavljani Srbije i Jugoslavije. \u017divjeli su u Sjeverinu, selu u Srbiji. Putovali su srpskim autobusom. U Bosni je autobus zaustavljen, izvedeni su iz autobusa zbog muslimanskih imena i&#8230; pobijeni u hotelu Vilina Vlas&#8230;<\/p>\n<p>Kasnije, mnogo kasnije&#8230; za ovaj zlo\u010din je u Srbiji osu\u0111en Milan Luki\u0107. Od skora poznat kao Pisac.<\/p>\n<p>Pisac \u010diju knjigu promovira Srpska radikalna stranka.<\/p>\n<p>Nikola Kne\u017eevi\u0107 u svom posljednjem blogu ka\u017ee &#8220;<em>Prije samo nekoliko dana u parohijskom domu hrama Sv. Save na Vra\u010daru, promovirana je knjiga Milana Luki\u0107a \u201eIspovijest ha\u0161kog su\u017enja&#8221;, \u010dovjeka koji je prvostepenom presudom osu\u0111en za ratne zlo\u010dine u Hagu<\/em>.&#8221;<\/p>\n<p>Izvor: <strong>B92.net<\/strong><\/p>\n","protected":false},"excerpt":{"rendered":"<p>Mehmed \u0160ebo, Zafer Had\u017ei\u0107, Medo Had\u017ei\u0107, Medredin Hod\u017ei\u0107, Ramiz Begovi\u0107, Dervi\u0161 Softi\u0107, Medhad Softi\u0107, Mujo Alihod\u017ei\u0107, Alija Mandal, Sead Pecikoza, Mustafa Bajramovi\u0107, Hajrudin Sajtarevi\u0107, Esad D\u017eihi\u0107, Ramahudin \u0106atovi\u0107, Idriz Gibovi\u0107 i Mevlida Kold\u017ei\u0107. Svi do jednog su bili dr\u017eavljani Srbije i Jugoslavije. \u017divjeli su u Sjeverinu, selu u Srbiji. Putovali su srpskim autobusom. U Bosni [&hellip;]<\/p>\n","protected":false},"author":83,"featured_media":22133,"comment_status":"open","ping_status":"open","sticky":false,"template":"","format":"standard","meta":{"footnotes":""},"categories":[14,393],"tags":[],"class_list":{"0":"post-22132","1":"post","2":"type-post","3":"status-publish","4":"format-standard","5":"has-post-thumbnail","7":"category-sandzak-historija","8":"category-priboj"},"yoast_head":"<!-- This site is optimized with the Yoast SEO Premium plugin v23.1 (Yoast SEO v24.9) - https:\/\/yoast.com\/wordpress\/plugins\/seo\/ -->\n<title>Pod komadom Milana Luki\u0107a ubijeno 16 Sand\u017eaklija<\/title>\n<meta name=\"robots\" content=\"index, follow, max-snippet:-1, max-image-preview:large, max-video-preview:-1\" \/>\n<link rel=\"canonical\" href=\"https:\/\/sandzakpress.net\/arhiva\/pod-komadom-milana-lukica-ubijeno-16-sandzaklija\/\" \/>\n<meta property=\"og:locale\" content=\"bs_BA\" \/>\n<meta property=\"og:type\" content=\"article\" \/>\n<meta property=\"og:title\" content=\"Pod komadom Milana Luki\u0107a ubijeno 16 Sand\u017eaklija\" \/>\n<meta property=\"og:description\" content=\"Mehmed \u0160ebo, Zafer Had\u017ei\u0107, Medo Had\u017ei\u0107, Medredin Hod\u017ei\u0107, Ramiz Begovi\u0107, Dervi\u0161 Softi\u0107, Medhad Softi\u0107, Mujo Alihod\u017ei\u0107, Alija Mandal, Sead Pecikoza, Mustafa Bajramovi\u0107, Hajrudin Sajtarevi\u0107, Esad D\u017eihi\u0107, Ramahudin \u0106atovi\u0107, Idriz Gibovi\u0107 i Mevlida Kold\u017ei\u0107. Svi do jednog su bili dr\u017eavljani Srbije i Jugoslavije. \u017divjeli su u Sjeverinu, selu u Srbiji. Putovali su srpskim autobusom. U Bosni [&hellip;]\" \/>\n<meta property=\"og:url\" content=\"https:\/\/sandzakpress.net\/arhiva\/pod-komadom-milana-lukica-ubijeno-16-sandzaklija\/\" \/>\n<meta property=\"og:site_name\" content=\"Sand\u017eak PRESS\" \/>\n<meta property=\"article:published_time\" content=\"2011-10-21T16:31:36+00:00\" \/>\n<meta property=\"og:image\" content=\"https:\/\/sandzakpress.net\/arhiva\/wp-content\/uploads\/2011\/10\/Milan_Lukic_zlocinac_002.jpg\" \/>\n\t<meta property=\"og:image:width\" content=\"616\" \/>\n\t<meta property=\"og:image:height\" content=\"381\" \/>\n\t<meta property=\"og:image:type\" content=\"image\/jpeg\" \/>\n<meta name=\"author\" content=\"bosniak\" \/>\n<meta name=\"twitter:card\" content=\"summary_large_image\" \/>\n<meta name=\"twitter:label1\" content=\"Written by\" \/>\n\t<meta name=\"twitter:data1\" content=\"bosniak\" \/>\n\t<meta name=\"twitter:label2\" content=\"Est. reading time\" \/>\n\t<meta name=\"twitter:data2\" content=\"1 minuta\" \/>\n<script type=\"application\/ld+json\" class=\"yoast-schema-graph\">{\"@context\":\"https:\/\/schema.org\",\"@graph\":[{\"@type\":\"Article\",\"@id\":\"https:\/\/sandzakpress.net\/arhiva\/pod-komadom-milana-lukica-ubijeno-16-sandzaklija\/#article\",\"isPartOf\":{\"@id\":\"https:\/\/sandzakpress.net\/arhiva\/pod-komadom-milana-lukica-ubijeno-16-sandzaklija\/\"},\"author\":{\"name\":\"bosniak\",\"@id\":\"https:\/\/sandzakpress.net\/arhiva\/#\/schema\/person\/c8baee722073534b583ea7bdb2e36c02\"},\"headline\":\"Pod komadom Milana Luki\u0107a ubijeno 16 Sand\u017eaklija\",\"datePublished\":\"2011-10-21T16:31:36+00:00\",\"mainEntityOfPage\":{\"@id\":\"https:\/\/sandzakpress.net\/arhiva\/pod-komadom-milana-lukica-ubijeno-16-sandzaklija\/\"},\"wordCount\":161,\"commentCount\":7,\"publisher\":{\"@id\":\"https:\/\/sandzakpress.net\/arhiva\/#\/schema\/person\/6e72b67d6e51910a1117b3b483ba20bd\"},\"image\":{\"@id\":\"https:\/\/sandzakpress.net\/arhiva\/pod-komadom-milana-lukica-ubijeno-16-sandzaklija\/#primaryimage\"},\"thumbnailUrl\":\"https:\/\/sandzakpress.net\/arhiva\/wp-content\/uploads\/2011\/10\/Milan_Lukic_zlocinac_002.jpg\",\"articleSection\":[\"Sand\u017eak HISTORIJA\",\"Priboj\"],\"inLanguage\":\"bs-BA\",\"potentialAction\":[{\"@type\":\"CommentAction\",\"name\":\"Comment\",\"target\":[\"https:\/\/sandzakpress.net\/arhiva\/pod-komadom-milana-lukica-ubijeno-16-sandzaklija\/#respond\"]}]},{\"@type\":\"WebPage\",\"@id\":\"https:\/\/sandzakpress.net\/arhiva\/pod-komadom-milana-lukica-ubijeno-16-sandzaklija\/\",\"url\":\"https:\/\/sandzakpress.net\/arhiva\/pod-komadom-milana-lukica-ubijeno-16-sandzaklija\/\",\"name\":\"Pod komadom Milana Luki\u0107a ubijeno 16 Sand\u017eaklija\",\"isPartOf\":{\"@id\":\"https:\/\/sandzakpress.net\/arhiva\/#website\"},\"primaryImageOfPage\":{\"@id\":\"https:\/\/sandzakpress.net\/arhiva\/pod-komadom-milana-lukica-ubijeno-16-sandzaklija\/#primaryimage\"},\"image\":{\"@id\":\"https:\/\/sandzakpress.net\/arhiva\/pod-komadom-milana-lukica-ubijeno-16-sandzaklija\/#primaryimage\"},\"thumbnailUrl\":\"https:\/\/sandzakpress.net\/arhiva\/wp-content\/uploads\/2011\/10\/Milan_Lukic_zlocinac_002.jpg\",\"datePublished\":\"2011-10-21T16:31:36+00:00\",\"breadcrumb\":{\"@id\":\"https:\/\/sandzakpress.net\/arhiva\/pod-komadom-milana-lukica-ubijeno-16-sandzaklija\/#breadcrumb\"},\"inLanguage\":\"bs-BA\",\"potentialAction\":[{\"@type\":\"ReadAction\",\"target\":[\"https:\/\/sandzakpress.net\/arhiva\/pod-komadom-milana-lukica-ubijeno-16-sandzaklija\/\"]}]},{\"@type\":\"ImageObject\",\"inLanguage\":\"bs-BA\",\"@id\":\"https:\/\/sandzakpress.net\/arhiva\/pod-komadom-milana-lukica-ubijeno-16-sandzaklija\/#primaryimage\",\"url\":\"https:\/\/sandzakpress.net\/arhiva\/wp-content\/uploads\/2011\/10\/Milan_Lukic_zlocinac_002.jpg\",\"contentUrl\":\"https:\/\/sandzakpress.net\/arhiva\/wp-content\/uploads\/2011\/10\/Milan_Lukic_zlocinac_002.jpg\",\"width\":616,\"height\":381},{\"@type\":\"BreadcrumbList\",\"@id\":\"https:\/\/sandzakpress.net\/arhiva\/pod-komadom-milana-lukica-ubijeno-16-sandzaklija\/#breadcrumb\",\"itemListElement\":[{\"@type\":\"ListItem\",\"position\":1,\"name\":\"Home\",\"item\":\"https:\/\/sandzakpress.net\/arhiva\/\"},{\"@type\":\"ListItem\",\"position\":2,\"name\":\"Pod komadom Milana Luki\u0107a ubijeno 16 Sand\u017eaklija\"}]},{\"@type\":\"WebSite\",\"@id\":\"https:\/\/sandzakpress.net\/arhiva\/#website\",\"url\":\"https:\/\/sandzakpress.net\/arhiva\/\",\"name\":\"Sand\u017eak PRESS\",\"description\":\"Prve elektronske novine u Sand\u017eaku\",\"publisher\":{\"@id\":\"https:\/\/sandzakpress.net\/arhiva\/#\/schema\/person\/6e72b67d6e51910a1117b3b483ba20bd\"},\"potentialAction\":[{\"@type\":\"SearchAction\",\"target\":{\"@type\":\"EntryPoint\",\"urlTemplate\":\"https:\/\/sandzakpress.net\/arhiva\/?s={search_term_string}\"},\"query-input\":{\"@type\":\"PropertyValueSpecification\",\"valueRequired\":true,\"valueName\":\"search_term_string\"}}],\"inLanguage\":\"bs-BA\"},{\"@type\":[\"Person\",\"Organization\"],\"@id\":\"https:\/\/sandzakpress.net\/arhiva\/#\/schema\/person\/6e72b67d6e51910a1117b3b483ba20bd\",\"name\":\"Kul\",\"image\":{\"@type\":\"ImageObject\",\"inLanguage\":\"bs-BA\",\"@id\":\"https:\/\/sandzakpress.net\/arhiva\/#\/schema\/person\/image\/\",\"url\":\"https:\/\/secure.gravatar.com\/avatar\/42263f39aa27ac04c43cab85c280eb2e?s=96&d=mm&r=pg\",\"contentUrl\":\"https:\/\/secure.gravatar.com\/avatar\/42263f39aa27ac04c43cab85c280eb2e?s=96&d=mm&r=pg\",\"caption\":\"Kul\"},\"logo\":{\"@id\":\"https:\/\/sandzakpress.net\/arhiva\/#\/schema\/person\/image\/\"}},{\"@type\":\"Person\",\"@id\":\"https:\/\/sandzakpress.net\/arhiva\/#\/schema\/person\/c8baee722073534b583ea7bdb2e36c02\",\"name\":\"bosniak\",\"image\":{\"@type\":\"ImageObject\",\"inLanguage\":\"bs-BA\",\"@id\":\"https:\/\/sandzakpress.net\/arhiva\/#\/schema\/person\/image\/\",\"url\":\"https:\/\/secure.gravatar.com\/avatar\/a04fd330bfe3a36a72a0ad4a6d89fca7?s=96&d=mm&r=pg\",\"contentUrl\":\"https:\/\/secure.gravatar.com\/avatar\/a04fd330bfe3a36a72a0ad4a6d89fca7?s=96&d=mm&r=pg\",\"caption\":\"bosniak\"},\"url\":\"https:\/\/sandzakpress.net\/arhiva\/author\/bosniak\/\"}]}<\/script>\n<!-- \/ Yoast SEO Premium plugin. -->","yoast_head_json":{"title":"Pod komadom Milana Luki\u0107a ubijeno 16 Sand\u017eaklija","robots":{"index":"index","follow":"follow","max-snippet":"max-snippet:-1","max-image-preview":"max-image-preview:large","max-video-preview":"max-video-preview:-1"},"canonical":"https:\/\/sandzakpress.net\/arhiva\/pod-komadom-milana-lukica-ubijeno-16-sandzaklija\/","og_locale":"bs_BA","og_type":"article","og_title":"Pod komadom Milana Luki\u0107a ubijeno 16 Sand\u017eaklija","og_description":"Mehmed \u0160ebo, Zafer Had\u017ei\u0107, Medo Had\u017ei\u0107, Medredin Hod\u017ei\u0107, Ramiz Begovi\u0107, Dervi\u0161 Softi\u0107, Medhad Softi\u0107, Mujo Alihod\u017ei\u0107, Alija Mandal, Sead Pecikoza, Mustafa Bajramovi\u0107, Hajrudin Sajtarevi\u0107, Esad D\u017eihi\u0107, Ramahudin \u0106atovi\u0107, Idriz Gibovi\u0107 i Mevlida Kold\u017ei\u0107. Svi do jednog su bili dr\u017eavljani Srbije i Jugoslavije. \u017divjeli su u Sjeverinu, selu u Srbiji. Putovali su srpskim autobusom. U Bosni [&hellip;]","og_url":"https:\/\/sandzakpress.net\/arhiva\/pod-komadom-milana-lukica-ubijeno-16-sandzaklija\/","og_site_name":"Sand\u017eak PRESS","article_published_time":"2011-10-21T16:31:36+00:00","og_image":[{"width":616,"height":381,"url":"https:\/\/sandzakpress.net\/arhiva\/wp-content\/uploads\/2011\/10\/Milan_Lukic_zlocinac_002.jpg","type":"image\/jpeg"}],"author":"bosniak","twitter_card":"summary_large_image","twitter_misc":{"Written by":"bosniak","Est. reading time":"1 minuta"},"schema":{"@context":"https:\/\/schema.org","@graph":[{"@type":"Article","@id":"https:\/\/sandzakpress.net\/arhiva\/pod-komadom-milana-lukica-ubijeno-16-sandzaklija\/#article","isPartOf":{"@id":"https:\/\/sandzakpress.net\/arhiva\/pod-komadom-milana-lukica-ubijeno-16-sandzaklija\/"},"author":{"name":"bosniak","@id":"https:\/\/sandzakpress.net\/arhiva\/#\/schema\/person\/c8baee722073534b583ea7bdb2e36c02"},"headline":"Pod komadom Milana Luki\u0107a ubijeno 16 Sand\u017eaklija","datePublished":"2011-10-21T16:31:36+00:00","mainEntityOfPage":{"@id":"https:\/\/sandzakpress.net\/arhiva\/pod-komadom-milana-lukica-ubijeno-16-sandzaklija\/"},"wordCount":161,"commentCount":7,"publisher":{"@id":"https:\/\/sandzakpress.net\/arhiva\/#\/schema\/person\/6e72b67d6e51910a1117b3b483ba20bd"},"image":{"@id":"https:\/\/sandzakpress.net\/arhiva\/pod-komadom-milana-lukica-ubijeno-16-sandzaklija\/#primaryimage"},"thumbnailUrl":"https:\/\/sandzakpress.net\/arhiva\/wp-content\/uploads\/2011\/10\/Milan_Lukic_zlocinac_002.jpg","articleSection":["Sand\u017eak HISTORIJA","Priboj"],"inLanguage":"bs-BA","potentialAction":[{"@type":"CommentAction","name":"Comment","target":["https:\/\/sandzakpress.net\/arhiva\/pod-komadom-milana-lukica-ubijeno-16-sandzaklija\/#respond"]}]},{"@type":"WebPage","@id":"https:\/\/sandzakpress.net\/arhiva\/pod-komadom-milana-lukica-ubijeno-16-sandzaklija\/","url":"https:\/\/sandzakpress.net\/arhiva\/pod-komadom-milana-lukica-ubijeno-16-sandzaklija\/","name":"Pod komadom Milana Luki\u0107a ubijeno 16 Sand\u017eaklija","isPartOf":{"@id":"https:\/\/sandzakpress.net\/arhiva\/#website"},"primaryImageOfPage":{"@id":"https:\/\/sandzakpress.net\/arhiva\/pod-komadom-milana-lukica-ubijeno-16-sandzaklija\/#primaryimage"},"image":{"@id":"https:\/\/sandzakpress.net\/arhiva\/pod-komadom-milana-lukica-ubijeno-16-sandzaklija\/#primaryimage"},"thumbnailUrl":"https:\/\/sandzakpress.net\/arhiva\/wp-content\/uploads\/2011\/10\/Milan_Lukic_zlocinac_002.jpg","datePublished":"2011-10-21T16:31:36+00:00","breadcrumb":{"@id":"https:\/\/sandzakpress.net\/arhiva\/pod-komadom-milana-lukica-ubijeno-16-sandzaklija\/#breadcrumb"},"inLanguage":"bs-BA","potentialAction":[{"@type":"ReadAction","target":["https:\/\/sandzakpress.net\/arhiva\/pod-komadom-milana-lukica-ubijeno-16-sandzaklija\/"]}]},{"@type":"ImageObject","inLanguage":"bs-BA","@id":"https:\/\/sandzakpress.net\/arhiva\/pod-komadom-milana-lukica-ubijeno-16-sandzaklija\/#primaryimage","url":"https:\/\/sandzakpress.net\/arhiva\/wp-content\/uploads\/2011\/10\/Milan_Lukic_zlocinac_002.jpg","contentUrl":"https:\/\/sandzakpress.net\/arhiva\/wp-content\/uploads\/2011\/10\/Milan_Lukic_zlocinac_002.jpg","width":616,"height":381},{"@type":"BreadcrumbList","@id":"https:\/\/sandzakpress.net\/arhiva\/pod-komadom-milana-lukica-ubijeno-16-sandzaklija\/#breadcrumb","itemListElement":[{"@type":"ListItem","position":1,"name":"Home","item":"https:\/\/sandzakpress.net\/arhiva\/"},{"@type":"ListItem","position":2,"name":"Pod komadom Milana Luki\u0107a ubijeno 16 Sand\u017eaklija"}]},{"@type":"WebSite","@id":"https:\/\/sandzakpress.net\/arhiva\/#website","url":"https:\/\/sandzakpress.net\/arhiva\/","name":"Sand\u017eak PRESS","description":"Prve elektronske novine u Sand\u017eaku","publisher":{"@id":"https:\/\/sandzakpress.net\/arhiva\/#\/schema\/person\/6e72b67d6e51910a1117b3b483ba20bd"},"potentialAction":[{"@type":"SearchAction","target":{"@type":"EntryPoint","urlTemplate":"https:\/\/sandzakpress.net\/arhiva\/?s={search_term_string}"},"query-input":{"@type":"PropertyValueSpecification","valueRequired":true,"valueName":"search_term_string"}}],"inLanguage":"bs-BA"},{"@type":["Person","Organization"],"@id":"https:\/\/sandzakpress.net\/arhiva\/#\/schema\/person\/6e72b67d6e51910a1117b3b483ba20bd","name":"Kul","image":{"@type":"ImageObject","inLanguage":"bs-BA","@id":"https:\/\/sandzakpress.net\/arhiva\/#\/schema\/person\/image\/","url":"https:\/\/secure.gravatar.com\/avatar\/42263f39aa27ac04c43cab85c280eb2e?s=96&d=mm&r=pg","contentUrl":"https:\/\/secure.gravatar.com\/avatar\/42263f39aa27ac04c43cab85c280eb2e?s=96&d=mm&r=pg","caption":"Kul"},"logo":{"@id":"https:\/\/sandzakpress.net\/arhiva\/#\/schema\/person\/image\/"}},{"@type":"Person","@id":"https:\/\/sandzakpress.net\/arhiva\/#\/schema\/person\/c8baee722073534b583ea7bdb2e36c02","name":"bosniak","image":{"@type":"ImageObject","inLanguage":"bs-BA","@id":"https:\/\/sandzakpress.net\/arhiva\/#\/schema\/person\/image\/","url":"https:\/\/secure.gravatar.com\/avatar\/a04fd330bfe3a36a72a0ad4a6d89fca7?s=96&d=mm&r=pg","contentUrl":"https:\/\/secure.gravatar.com\/avatar\/a04fd330bfe3a36a72a0ad4a6d89fca7?s=96&d=mm&r=pg","caption":"bosniak"},"url":"https:\/\/sandzakpress.net\/arhiva\/author\/bosniak\/"}]}},"_links":{"self":[{"href":"https:\/\/sandzakpress.net\/arhiva\/wp-json\/wp\/v2\/posts\/22132"}],"collection":[{"href":"https:\/\/sandzakpress.net\/arhiva\/wp-json\/wp\/v2\/posts"}],"about":[{"href":"https:\/\/sandzakpress.net\/arhiva\/wp-json\/wp\/v2\/types\/post"}],"author":[{"embeddable":true,"href":"https:\/\/sandzakpress.net\/arhiva\/wp-json\/wp\/v2\/users\/83"}],"replies":[{"embeddable":true,"href":"https:\/\/sandzakpress.net\/arhiva\/wp-json\/wp\/v2\/comments?post=22132"}],"version-history":[{"count":0,"href":"https:\/\/sandzakpress.net\/arhiva\/wp-json\/wp\/v2\/posts\/22132\/revisions"}],"wp:featuredmedia":[{"embeddable":true,"href":"https:\/\/sandzakpress.net\/arhiva\/wp-json\/wp\/v2\/media\/22133"}],"wp:attachment":[{"href":"https:\/\/sandzakpress.net\/arhiva\/wp-json\/wp\/v2\/media?parent=22132"}],"wp:term":[{"taxonomy":"category","embeddable":true,"href":"https:\/\/sandzakpress.net\/arhiva\/wp-json\/wp\/v2\/categories?post=22132"},{"taxonomy":"post_tag","embeddable":true,"href":"https:\/\/sandzakpress.net\/arhiva\/wp-json\/wp\/v2\/tags?post=22132"}],"curies":[{"name":"wp","href":"https:\/\/api.w.org\/{rel}","templated":true}]}}