{"id":221289,"date":"2019-04-09T13:57:18","date_gmt":"2019-04-09T11:57:18","guid":{"rendered":"https:\/\/sandzakpress.net\/arhiva\/?p=221289"},"modified":"2019-04-09T13:57:18","modified_gmt":"2019-04-09T11:57:18","slug":"stv-u-krnjaci-bez-dzemata-i-duse-bi-nam-bile-rastrkane","status":"publish","type":"post","link":"https:\/\/sandzakpress.net\/arhiva\/stv-u-krnjaci-bez-dzemata-i-duse-bi-nam-bile-rastrkane\/","title":{"rendered":"STV u Krnja\u010di: Bez d\u017eemata i du\u0161e bi nam bile ra\u0161trkane"},"content":{"rendered":"<p><img decoding=\"async\" class=\"aligncenter\" src=\"http:\/\/sanapress.info\/wp-content\/uploads\/2019\/04\/krnjaca.jpg\" \/><\/p>\n<p><strong>D\u017eamijsko dvori\u0161te i put kojim d\u017eematlije u Krnja\u010di dolaze do d\u017eamije sad je odvojeno. Vi\u0161e se tako ne prolazi kroz dvori\u0161te imama pokraj njegove ku\u0107e, a ba\u0161 je tu d\u017eamija i sagra\u0111ena. I to je jedna od specifi\u010dnosti\u00a0 d\u017eemata u Krnja\u010di kod Beograda.<\/strong><\/p>\n<p>-Moram da ka\u017eem da kad imate organizaciju i dobre ljude koji ho\u0107e zaista da rade za Allaha d\u017e.\u0161., za vjeru, koji ho\u0107e da se trude i kada imate nekog da mo\u017ee da vas podr\u017ei a to je me\u0161ihat Islamske zajednice u Srbiji koji nas uvijek podr\u017eava u svakom projektu, uvijek su uz nas i mogu da ka\u017eem da ja sam ovo sve ne mogu da uradim bez njih, bez d\u017eemata, mog kolege. D\u017eematlije se nikad ne protive za ono \u0161to mi predla\u017eemo da se radi i obnovi, isti\u010de imam Muhamed ef. Veli.<\/p>\n<p><iframe loading=\"lazy\" title=\"STV u Krnja\u010di: Bez d\u017eemata i du\u0161e bi nam bile ra\u0161trkane\" width=\"696\" height=\"522\" src=\"https:\/\/www.youtube.com\/embed\/0t2pABPFiJY?feature=oembed\" frameborder=\"0\" allow=\"accelerometer; autoplay; encrypted-media; gyroscope; picture-in-picture\" allowfullscreen><\/iframe><\/p>\n<p>D\u017eemat je stub zajednice i da ga nije i du\u0161e bi nam, ka\u017ee, bile ra\u0161trkane.<\/p>\n<p>-Ka\u017ee se da hod\u017ea bez d\u017eemata ne mo\u017ee ni d\u017eemat bez hod\u017ee. To je jedno za drugo vezano da ne mo\u017ee samo po sebi da opstane.<\/p>\n<p>Prije Ramazana voljeli bi, isti\u010de efendija, zavr\u0161iti radove oko mokrog \u010dvora, kao i oko kapije. Da iznenade d\u017eemat i da svima bude jo\u0161 ljep\u0161e i ugodnije.<\/p>\n<p>SANA<\/p>\n","protected":false},"excerpt":{"rendered":"<p>D\u017eamijsko dvori\u0161te i put kojim d\u017eematlije u Krnja\u010di dolaze do d\u017eamije sad je odvojeno. Vi\u0161e se tako ne prolazi kroz dvori\u0161te imama pokraj njegove ku\u0107e, a ba\u0161 je tu d\u017eamija i sagra\u0111ena. I to je jedna od specifi\u010dnosti\u00a0 d\u017eemata u Krnja\u010di kod Beograda. -Moram da ka\u017eem da kad imate organizaciju i dobre ljude koji ho\u0107e [&hellip;]<\/p>\n","protected":false},"author":509,"featured_media":221293,"comment_status":"open","ping_status":"open","sticky":false,"template":"","format":"standard","meta":{"footnotes":""},"categories":[10307,802,10429],"tags":[],"class_list":{"0":"post-221289","1":"post","2":"type-post","3":"status-publish","4":"format-standard","5":"has-post-thumbnail","7":"category-srbija","8":"category-islamska_zajednica","9":"category-vazno"},"yoast_head":"<!-- This site is optimized with the Yoast SEO Premium plugin v23.1 (Yoast SEO v24.9) - https:\/\/yoast.com\/wordpress\/plugins\/seo\/ -->\n<title>STV u Krnja\u010di: Bez d\u017eemata i du\u0161e bi nam bile ra\u0161trkane<\/title>\n<meta name=\"robots\" content=\"index, follow, max-snippet:-1, max-image-preview:large, max-video-preview:-1\" \/>\n<link rel=\"canonical\" href=\"https:\/\/sandzakpress.net\/arhiva\/stv-u-krnjaci-bez-dzemata-i-duse-bi-nam-bile-rastrkane\/\" \/>\n<meta property=\"og:locale\" content=\"bs_BA\" \/>\n<meta property=\"og:type\" content=\"article\" \/>\n<meta property=\"og:title\" content=\"STV u Krnja\u010di: Bez d\u017eemata i du\u0161e bi nam bile ra\u0161trkane\" \/>\n<meta property=\"og:description\" content=\"D\u017eamijsko dvori\u0161te i put kojim d\u017eematlije u Krnja\u010di dolaze do d\u017eamije sad je odvojeno. Vi\u0161e se tako ne prolazi kroz dvori\u0161te imama pokraj njegove ku\u0107e, a ba\u0161 je tu d\u017eamija i sagra\u0111ena. I to je jedna od specifi\u010dnosti\u00a0 d\u017eemata u Krnja\u010di kod Beograda. -Moram da ka\u017eem da kad imate organizaciju i dobre ljude koji ho\u0107e [&hellip;]\" \/>\n<meta property=\"og:url\" content=\"https:\/\/sandzakpress.net\/arhiva\/stv-u-krnjaci-bez-dzemata-i-duse-bi-nam-bile-rastrkane\/\" \/>\n<meta property=\"og:site_name\" content=\"Sand\u017eak PRESS\" \/>\n<meta property=\"article:published_time\" content=\"2019-04-09T11:57:18+00:00\" \/>\n<meta property=\"og:image\" content=\"https:\/\/sandzakpress.net\/arhiva\/wp-content\/uploads\/2019\/04\/krnjaca.jpg\" \/>\n\t<meta property=\"og:image:width\" content=\"480\" \/>\n\t<meta property=\"og:image:height\" content=\"360\" \/>\n\t<meta property=\"og:image:type\" content=\"image\/jpeg\" \/>\n<meta name=\"author\" content=\"Agencija\" \/>\n<meta name=\"twitter:card\" content=\"summary_large_image\" \/>\n<meta name=\"twitter:label1\" content=\"Written by\" \/>\n\t<meta name=\"twitter:data1\" content=\"Agencija\" \/>\n\t<meta name=\"twitter:label2\" content=\"Est. reading time\" \/>\n\t<meta name=\"twitter:data2\" content=\"1 minuta\" \/>\n<script type=\"application\/ld+json\" class=\"yoast-schema-graph\">{\"@context\":\"https:\/\/schema.org\",\"@graph\":[{\"@type\":\"Article\",\"@id\":\"https:\/\/sandzakpress.net\/arhiva\/stv-u-krnjaci-bez-dzemata-i-duse-bi-nam-bile-rastrkane\/#article\",\"isPartOf\":{\"@id\":\"https:\/\/sandzakpress.net\/arhiva\/stv-u-krnjaci-bez-dzemata-i-duse-bi-nam-bile-rastrkane\/\"},\"author\":{\"name\":\"Agencija\",\"@id\":\"https:\/\/sandzakpress.net\/arhiva\/#\/schema\/person\/cb59d7e3ab91ab90dd680ad0305a6185\"},\"headline\":\"STV u Krnja\u010di: Bez d\u017eemata i du\u0161e bi nam bile ra\u0161trkane\",\"datePublished\":\"2019-04-09T11:57:18+00:00\",\"mainEntityOfPage\":{\"@id\":\"https:\/\/sandzakpress.net\/arhiva\/stv-u-krnjaci-bez-dzemata-i-duse-bi-nam-bile-rastrkane\/\"},\"wordCount\":263,\"commentCount\":0,\"publisher\":{\"@id\":\"https:\/\/sandzakpress.net\/arhiva\/#\/schema\/person\/6e72b67d6e51910a1117b3b483ba20bd\"},\"image\":{\"@id\":\"https:\/\/sandzakpress.net\/arhiva\/stv-u-krnjaci-bez-dzemata-i-duse-bi-nam-bile-rastrkane\/#primaryimage\"},\"thumbnailUrl\":\"https:\/\/sandzakpress.net\/arhiva\/wp-content\/uploads\/2019\/04\/krnjaca.jpg\",\"articleSection\":[\"Srbija\",\"Islamska zajednica\",\"VA\u017dNO!\"],\"inLanguage\":\"bs-BA\",\"potentialAction\":[{\"@type\":\"CommentAction\",\"name\":\"Comment\",\"target\":[\"https:\/\/sandzakpress.net\/arhiva\/stv-u-krnjaci-bez-dzemata-i-duse-bi-nam-bile-rastrkane\/#respond\"]}]},{\"@type\":\"WebPage\",\"@id\":\"https:\/\/sandzakpress.net\/arhiva\/stv-u-krnjaci-bez-dzemata-i-duse-bi-nam-bile-rastrkane\/\",\"url\":\"https:\/\/sandzakpress.net\/arhiva\/stv-u-krnjaci-bez-dzemata-i-duse-bi-nam-bile-rastrkane\/\",\"name\":\"STV u Krnja\u010di: Bez d\u017eemata i du\u0161e bi nam bile ra\u0161trkane\",\"isPartOf\":{\"@id\":\"https:\/\/sandzakpress.net\/arhiva\/#website\"},\"primaryImageOfPage\":{\"@id\":\"https:\/\/sandzakpress.net\/arhiva\/stv-u-krnjaci-bez-dzemata-i-duse-bi-nam-bile-rastrkane\/#primaryimage\"},\"image\":{\"@id\":\"https:\/\/sandzakpress.net\/arhiva\/stv-u-krnjaci-bez-dzemata-i-duse-bi-nam-bile-rastrkane\/#primaryimage\"},\"thumbnailUrl\":\"https:\/\/sandzakpress.net\/arhiva\/wp-content\/uploads\/2019\/04\/krnjaca.jpg\",\"datePublished\":\"2019-04-09T11:57:18+00:00\",\"breadcrumb\":{\"@id\":\"https:\/\/sandzakpress.net\/arhiva\/stv-u-krnjaci-bez-dzemata-i-duse-bi-nam-bile-rastrkane\/#breadcrumb\"},\"inLanguage\":\"bs-BA\",\"potentialAction\":[{\"@type\":\"ReadAction\",\"target\":[\"https:\/\/sandzakpress.net\/arhiva\/stv-u-krnjaci-bez-dzemata-i-duse-bi-nam-bile-rastrkane\/\"]}]},{\"@type\":\"ImageObject\",\"inLanguage\":\"bs-BA\",\"@id\":\"https:\/\/sandzakpress.net\/arhiva\/stv-u-krnjaci-bez-dzemata-i-duse-bi-nam-bile-rastrkane\/#primaryimage\",\"url\":\"https:\/\/sandzakpress.net\/arhiva\/wp-content\/uploads\/2019\/04\/krnjaca.jpg\",\"contentUrl\":\"https:\/\/sandzakpress.net\/arhiva\/wp-content\/uploads\/2019\/04\/krnjaca.jpg\",\"width\":480,\"height\":360},{\"@type\":\"BreadcrumbList\",\"@id\":\"https:\/\/sandzakpress.net\/arhiva\/stv-u-krnjaci-bez-dzemata-i-duse-bi-nam-bile-rastrkane\/#breadcrumb\",\"itemListElement\":[{\"@type\":\"ListItem\",\"position\":1,\"name\":\"Home\",\"item\":\"https:\/\/sandzakpress.net\/arhiva\/\"},{\"@type\":\"ListItem\",\"position\":2,\"name\":\"STV u Krnja\u010di: Bez d\u017eemata i du\u0161e bi nam bile ra\u0161trkane\"}]},{\"@type\":\"WebSite\",\"@id\":\"https:\/\/sandzakpress.net\/arhiva\/#website\",\"url\":\"https:\/\/sandzakpress.net\/arhiva\/\",\"name\":\"Sand\u017eak PRESS\",\"description\":\"Prve elektronske novine u Sand\u017eaku\",\"publisher\":{\"@id\":\"https:\/\/sandzakpress.net\/arhiva\/#\/schema\/person\/6e72b67d6e51910a1117b3b483ba20bd\"},\"potentialAction\":[{\"@type\":\"SearchAction\",\"target\":{\"@type\":\"EntryPoint\",\"urlTemplate\":\"https:\/\/sandzakpress.net\/arhiva\/?s={search_term_string}\"},\"query-input\":{\"@type\":\"PropertyValueSpecification\",\"valueRequired\":true,\"valueName\":\"search_term_string\"}}],\"inLanguage\":\"bs-BA\"},{\"@type\":[\"Person\",\"Organization\"],\"@id\":\"https:\/\/sandzakpress.net\/arhiva\/#\/schema\/person\/6e72b67d6e51910a1117b3b483ba20bd\",\"name\":\"Kul\",\"image\":{\"@type\":\"ImageObject\",\"inLanguage\":\"bs-BA\",\"@id\":\"https:\/\/sandzakpress.net\/arhiva\/#\/schema\/person\/image\/\",\"url\":\"https:\/\/secure.gravatar.com\/avatar\/42263f39aa27ac04c43cab85c280eb2e?s=96&d=mm&r=pg\",\"contentUrl\":\"https:\/\/secure.gravatar.com\/avatar\/42263f39aa27ac04c43cab85c280eb2e?s=96&d=mm&r=pg\",\"caption\":\"Kul\"},\"logo\":{\"@id\":\"https:\/\/sandzakpress.net\/arhiva\/#\/schema\/person\/image\/\"}},{\"@type\":\"Person\",\"@id\":\"https:\/\/sandzakpress.net\/arhiva\/#\/schema\/person\/cb59d7e3ab91ab90dd680ad0305a6185\",\"name\":\"Agencija\",\"image\":{\"@type\":\"ImageObject\",\"inLanguage\":\"bs-BA\",\"@id\":\"https:\/\/sandzakpress.net\/arhiva\/#\/schema\/person\/image\/\",\"url\":\"https:\/\/secure.gravatar.com\/avatar\/4b7fafa80a22f0c2afe23966b3961fe0?s=96&d=mm&r=pg\",\"contentUrl\":\"https:\/\/secure.gravatar.com\/avatar\/4b7fafa80a22f0c2afe23966b3961fe0?s=96&d=mm&r=pg\",\"caption\":\"Agencija\"},\"url\":\"https:\/\/sandzakpress.net\/arhiva\/author\/agencija\/\"}]}<\/script>\n<!-- \/ Yoast SEO Premium plugin. -->","yoast_head_json":{"title":"STV u Krnja\u010di: Bez d\u017eemata i du\u0161e bi nam bile ra\u0161trkane","robots":{"index":"index","follow":"follow","max-snippet":"max-snippet:-1","max-image-preview":"max-image-preview:large","max-video-preview":"max-video-preview:-1"},"canonical":"https:\/\/sandzakpress.net\/arhiva\/stv-u-krnjaci-bez-dzemata-i-duse-bi-nam-bile-rastrkane\/","og_locale":"bs_BA","og_type":"article","og_title":"STV u Krnja\u010di: Bez d\u017eemata i du\u0161e bi nam bile ra\u0161trkane","og_description":"D\u017eamijsko dvori\u0161te i put kojim d\u017eematlije u Krnja\u010di dolaze do d\u017eamije sad je odvojeno. Vi\u0161e se tako ne prolazi kroz dvori\u0161te imama pokraj njegove ku\u0107e, a ba\u0161 je tu d\u017eamija i sagra\u0111ena. I to je jedna od specifi\u010dnosti\u00a0 d\u017eemata u Krnja\u010di kod Beograda. -Moram da ka\u017eem da kad imate organizaciju i dobre ljude koji ho\u0107e [&hellip;]","og_url":"https:\/\/sandzakpress.net\/arhiva\/stv-u-krnjaci-bez-dzemata-i-duse-bi-nam-bile-rastrkane\/","og_site_name":"Sand\u017eak PRESS","article_published_time":"2019-04-09T11:57:18+00:00","og_image":[{"width":480,"height":360,"url":"https:\/\/sandzakpress.net\/arhiva\/wp-content\/uploads\/2019\/04\/krnjaca.jpg","type":"image\/jpeg"}],"author":"Agencija","twitter_card":"summary_large_image","twitter_misc":{"Written by":"Agencija","Est. reading time":"1 minuta"},"schema":{"@context":"https:\/\/schema.org","@graph":[{"@type":"Article","@id":"https:\/\/sandzakpress.net\/arhiva\/stv-u-krnjaci-bez-dzemata-i-duse-bi-nam-bile-rastrkane\/#article","isPartOf":{"@id":"https:\/\/sandzakpress.net\/arhiva\/stv-u-krnjaci-bez-dzemata-i-duse-bi-nam-bile-rastrkane\/"},"author":{"name":"Agencija","@id":"https:\/\/sandzakpress.net\/arhiva\/#\/schema\/person\/cb59d7e3ab91ab90dd680ad0305a6185"},"headline":"STV u Krnja\u010di: Bez d\u017eemata i du\u0161e bi nam bile ra\u0161trkane","datePublished":"2019-04-09T11:57:18+00:00","mainEntityOfPage":{"@id":"https:\/\/sandzakpress.net\/arhiva\/stv-u-krnjaci-bez-dzemata-i-duse-bi-nam-bile-rastrkane\/"},"wordCount":263,"commentCount":0,"publisher":{"@id":"https:\/\/sandzakpress.net\/arhiva\/#\/schema\/person\/6e72b67d6e51910a1117b3b483ba20bd"},"image":{"@id":"https:\/\/sandzakpress.net\/arhiva\/stv-u-krnjaci-bez-dzemata-i-duse-bi-nam-bile-rastrkane\/#primaryimage"},"thumbnailUrl":"https:\/\/sandzakpress.net\/arhiva\/wp-content\/uploads\/2019\/04\/krnjaca.jpg","articleSection":["Srbija","Islamska zajednica","VA\u017dNO!"],"inLanguage":"bs-BA","potentialAction":[{"@type":"CommentAction","name":"Comment","target":["https:\/\/sandzakpress.net\/arhiva\/stv-u-krnjaci-bez-dzemata-i-duse-bi-nam-bile-rastrkane\/#respond"]}]},{"@type":"WebPage","@id":"https:\/\/sandzakpress.net\/arhiva\/stv-u-krnjaci-bez-dzemata-i-duse-bi-nam-bile-rastrkane\/","url":"https:\/\/sandzakpress.net\/arhiva\/stv-u-krnjaci-bez-dzemata-i-duse-bi-nam-bile-rastrkane\/","name":"STV u Krnja\u010di: Bez d\u017eemata i du\u0161e bi nam bile ra\u0161trkane","isPartOf":{"@id":"https:\/\/sandzakpress.net\/arhiva\/#website"},"primaryImageOfPage":{"@id":"https:\/\/sandzakpress.net\/arhiva\/stv-u-krnjaci-bez-dzemata-i-duse-bi-nam-bile-rastrkane\/#primaryimage"},"image":{"@id":"https:\/\/sandzakpress.net\/arhiva\/stv-u-krnjaci-bez-dzemata-i-duse-bi-nam-bile-rastrkane\/#primaryimage"},"thumbnailUrl":"https:\/\/sandzakpress.net\/arhiva\/wp-content\/uploads\/2019\/04\/krnjaca.jpg","datePublished":"2019-04-09T11:57:18+00:00","breadcrumb":{"@id":"https:\/\/sandzakpress.net\/arhiva\/stv-u-krnjaci-bez-dzemata-i-duse-bi-nam-bile-rastrkane\/#breadcrumb"},"inLanguage":"bs-BA","potentialAction":[{"@type":"ReadAction","target":["https:\/\/sandzakpress.net\/arhiva\/stv-u-krnjaci-bez-dzemata-i-duse-bi-nam-bile-rastrkane\/"]}]},{"@type":"ImageObject","inLanguage":"bs-BA","@id":"https:\/\/sandzakpress.net\/arhiva\/stv-u-krnjaci-bez-dzemata-i-duse-bi-nam-bile-rastrkane\/#primaryimage","url":"https:\/\/sandzakpress.net\/arhiva\/wp-content\/uploads\/2019\/04\/krnjaca.jpg","contentUrl":"https:\/\/sandzakpress.net\/arhiva\/wp-content\/uploads\/2019\/04\/krnjaca.jpg","width":480,"height":360},{"@type":"BreadcrumbList","@id":"https:\/\/sandzakpress.net\/arhiva\/stv-u-krnjaci-bez-dzemata-i-duse-bi-nam-bile-rastrkane\/#breadcrumb","itemListElement":[{"@type":"ListItem","position":1,"name":"Home","item":"https:\/\/sandzakpress.net\/arhiva\/"},{"@type":"ListItem","position":2,"name":"STV u Krnja\u010di: Bez d\u017eemata i du\u0161e bi nam bile ra\u0161trkane"}]},{"@type":"WebSite","@id":"https:\/\/sandzakpress.net\/arhiva\/#website","url":"https:\/\/sandzakpress.net\/arhiva\/","name":"Sand\u017eak PRESS","description":"Prve elektronske novine u Sand\u017eaku","publisher":{"@id":"https:\/\/sandzakpress.net\/arhiva\/#\/schema\/person\/6e72b67d6e51910a1117b3b483ba20bd"},"potentialAction":[{"@type":"SearchAction","target":{"@type":"EntryPoint","urlTemplate":"https:\/\/sandzakpress.net\/arhiva\/?s={search_term_string}"},"query-input":{"@type":"PropertyValueSpecification","valueRequired":true,"valueName":"search_term_string"}}],"inLanguage":"bs-BA"},{"@type":["Person","Organization"],"@id":"https:\/\/sandzakpress.net\/arhiva\/#\/schema\/person\/6e72b67d6e51910a1117b3b483ba20bd","name":"Kul","image":{"@type":"ImageObject","inLanguage":"bs-BA","@id":"https:\/\/sandzakpress.net\/arhiva\/#\/schema\/person\/image\/","url":"https:\/\/secure.gravatar.com\/avatar\/42263f39aa27ac04c43cab85c280eb2e?s=96&d=mm&r=pg","contentUrl":"https:\/\/secure.gravatar.com\/avatar\/42263f39aa27ac04c43cab85c280eb2e?s=96&d=mm&r=pg","caption":"Kul"},"logo":{"@id":"https:\/\/sandzakpress.net\/arhiva\/#\/schema\/person\/image\/"}},{"@type":"Person","@id":"https:\/\/sandzakpress.net\/arhiva\/#\/schema\/person\/cb59d7e3ab91ab90dd680ad0305a6185","name":"Agencija","image":{"@type":"ImageObject","inLanguage":"bs-BA","@id":"https:\/\/sandzakpress.net\/arhiva\/#\/schema\/person\/image\/","url":"https:\/\/secure.gravatar.com\/avatar\/4b7fafa80a22f0c2afe23966b3961fe0?s=96&d=mm&r=pg","contentUrl":"https:\/\/secure.gravatar.com\/avatar\/4b7fafa80a22f0c2afe23966b3961fe0?s=96&d=mm&r=pg","caption":"Agencija"},"url":"https:\/\/sandzakpress.net\/arhiva\/author\/agencija\/"}]}},"_links":{"self":[{"href":"https:\/\/sandzakpress.net\/arhiva\/wp-json\/wp\/v2\/posts\/221289"}],"collection":[{"href":"https:\/\/sandzakpress.net\/arhiva\/wp-json\/wp\/v2\/posts"}],"about":[{"href":"https:\/\/sandzakpress.net\/arhiva\/wp-json\/wp\/v2\/types\/post"}],"author":[{"embeddable":true,"href":"https:\/\/sandzakpress.net\/arhiva\/wp-json\/wp\/v2\/users\/509"}],"replies":[{"embeddable":true,"href":"https:\/\/sandzakpress.net\/arhiva\/wp-json\/wp\/v2\/comments?post=221289"}],"version-history":[{"count":0,"href":"https:\/\/sandzakpress.net\/arhiva\/wp-json\/wp\/v2\/posts\/221289\/revisions"}],"wp:featuredmedia":[{"embeddable":true,"href":"https:\/\/sandzakpress.net\/arhiva\/wp-json\/wp\/v2\/media\/221293"}],"wp:attachment":[{"href":"https:\/\/sandzakpress.net\/arhiva\/wp-json\/wp\/v2\/media?parent=221289"}],"wp:term":[{"taxonomy":"category","embeddable":true,"href":"https:\/\/sandzakpress.net\/arhiva\/wp-json\/wp\/v2\/categories?post=221289"},{"taxonomy":"post_tag","embeddable":true,"href":"https:\/\/sandzakpress.net\/arhiva\/wp-json\/wp\/v2\/tags?post=221289"}],"curies":[{"name":"wp","href":"https:\/\/api.w.org\/{rel}","templated":true}]}}