{"id":221169,"date":"2019-04-07T17:10:18","date_gmt":"2019-04-07T15:10:18","guid":{"rendered":"https:\/\/sandzakpress.net\/arhiva\/?p=221169"},"modified":"2019-04-07T17:10:18","modified_gmt":"2019-04-07T15:10:18","slug":"razbijacima-iz-e-zabranjeno-djelovanje-i-u-dijaspori","status":"publish","type":"post","link":"https:\/\/sandzakpress.net\/arhiva\/razbijacima-iz-e-zabranjeno-djelovanje-i-u-dijaspori\/","title":{"rendered":"Razbija\u010dima IZ-e zabranjeno djelovanje i u Dijaspori"},"content":{"rendered":"<p><img decoding=\"async\" src=\"http:\/\/sanapress.info\/wp-content\/uploads\/2019\/04\/IMG-6b7bfac7202192c185a3aa574bb828d5-V-1-661x1024.jpg\" \/><\/p>\n<p><strong>U subotu, 6. aprila 2019. godine u organizaciji d\u017eemata \u201cSabah\u201d iz Nijmegena u Holandiji, uprili\u010dena je ve\u010der Kur\u2019ana na kojoj se oglasila i ulema. Muftija IZ-e Bo\u0161njaka u Evropi dr. Osman ef. Kozli\u0107 zahvalio je Bo\u0161njacima koji su do\u0161li iz raznih krajeva Evrope i uveli\u010dali skup, a onda je u svom obra\u0107anju istakao va\u017enost jedinstva Bo\u0161njaka u Evropi i cijelom svijetu.<\/strong><\/p>\n<p>Izme\u0111u ostalog, kazao je: ,,Do nedavno Bo\u0161njaci muslimani u Srbiji imali su dvije Islamske zajednice: jednu legitimnu Islamsku zajednicu koja je u sastavu IZ u Bosni i Hercegovini i koju predvodi muftija Mevlud ef. Dudi\u0107; i drugu koja je osnovana od strane dr\u017eave Srbije i koja ima za cilj da podijeli muslimane! Prije mjesec dana pojavila se i \u201ctre\u0107a IZ\u201d koju je osnovala, na\u0161a bratska i prijateljska, dr\u017eava Turska. Na\u017ealost, ona aktivno djeluje unutar pojedinih d\u017eemata \u0161irom dijaspore\u201d.<\/p>\n<p>Zaklju\u010dak je da sve ukazuje da je od velike va\u017enosti boriti se i ustrajati na putu dobra u cilju o\u010duvanja jedinstva IZ-e i Bo\u0161njaka muslimana, na \u010delu sa jedinom legitimnom Islamskom zajednicom. Dijaspora ne smije dozvoliti da se u njene d\u017eemate uvuku razbija\u010di jedinstva Islamske zajednice. \u010clanovi d\u017eemata im to ne smiju dozvoliti. Razbija\u010di Islamske zajednice moraju biti pobije\u0111eni i odstanjeni iz zdravog tkiva jedne i jedinstvene Islamske zajednice.<br \/>Nagla\u0161ena je i va\u017enost mjeseca ramazana koji svi vjernici sa rado\u0161\u0107u i\u0161\u010dekuju i neizmjerni zna\u010daj dove kojom vjernik upu\u0107uje molbu Allahu d\u017e.\u0161. da uputi na Pravi put osobe koje su oti\u0161le na stranputicu. U mjesecu ramazanu Allah prima pokajanja od onih koji \u017eele u\u010diniti tevbu.<\/p>\n<p>Muftija Osman ef. Kozli\u0107 poziva na jedinstvo sve Bo\u0161njake kojima je duhovni centar Rijaset Islamske zajednice u Bosni i Hercegovini, na \u010delu sa reis-ul-ulemom Huseinom ef. Kavazovi\u0107em. Samo takva jedinstvena islamska zajednica je garant za\u0161tite Bo\u0161njacima muslimanima u Evropi i svijetu. Sve drugo je stranputica na koju ne smijemo dozvoliti da odu na\u0161a bra\u0107a. Sve u svemu, zaklju\u010dak sa skupa bio je da razbija\u010dima islamske zajednice nema mjesta, kako u domovini, tako i u dijaspori. <br \/>Radujemo se skorom dolasku ramazana koji je dobra \u0161ansa nekim Bo\u0161njacima da se vrate Pravom putu.<\/p>\n<p><strong>Dopisnik SANA iz Dijaspore<\/strong><\/p>\n<p><strong>Asmir Bihorac<\/strong><\/p>\n<p><iframe loading=\"lazy\" title=\"Muftija Kozli\u0107 u Holandiji o parazajednicama u Srbiji i dijaspori\" width=\"696\" height=\"522\" src=\"https:\/\/www.youtube.com\/embed\/Ng1F1nHgmS8?feature=oembed\" frameborder=\"0\" allow=\"accelerometer; autoplay; encrypted-media; gyroscope; picture-in-picture\" allowfullscreen><\/iframe><\/p>\n","protected":false},"excerpt":{"rendered":"<p>U subotu, 6. aprila 2019. godine u organizaciji d\u017eemata \u201cSabah\u201d iz Nijmegena u Holandiji, uprili\u010dena je ve\u010der Kur\u2019ana na kojoj se oglasila i ulema. Muftija IZ-e Bo\u0161njaka u Evropi dr. Osman ef. Kozli\u0107 zahvalio je Bo\u0161njacima koji su do\u0161li iz raznih krajeva Evrope i uveli\u010dali skup, a onda je u svom obra\u0107anju istakao va\u017enost jedinstva [&hellip;]<\/p>\n","protected":false},"author":509,"featured_media":221170,"comment_status":"open","ping_status":"open","sticky":false,"template":"","format":"standard","meta":{"footnotes":""},"categories":[72,9538,9539,802,8957,798,10193,2693],"tags":[],"class_list":{"0":"post-221169","1":"post","2":"type-post","3":"status-publish","4":"format-standard","5":"has-post-thumbnail","7":"category-novi-pazar","8":"category-njemacka-dijaspora-gradovi-vase-vijesti","9":"category-austrija-dijaspora-gradovi-vase-vijesti","10":"category-islamska_zajednica","11":"category-vijesti-dana","12":"category-teme","13":"category-sandzak-2","14":"category-dijaspora-gradovi"},"yoast_head":"<!-- This site is optimized with the Yoast SEO Premium plugin v23.1 (Yoast SEO v24.9) - https:\/\/yoast.com\/wordpress\/plugins\/seo\/ -->\n<title>Razbija\u010dima IZ-e zabranjeno djelovanje i u Dijaspori<\/title>\n<meta name=\"robots\" content=\"index, follow, max-snippet:-1, max-image-preview:large, max-video-preview:-1\" \/>\n<link rel=\"canonical\" href=\"https:\/\/sandzakpress.net\/arhiva\/razbijacima-iz-e-zabranjeno-djelovanje-i-u-dijaspori\/\" \/>\n<meta property=\"og:locale\" content=\"bs_BA\" \/>\n<meta property=\"og:type\" content=\"article\" \/>\n<meta property=\"og:title\" content=\"Razbija\u010dima IZ-e zabranjeno djelovanje i u Dijaspori\" \/>\n<meta property=\"og:description\" content=\"U subotu, 6. aprila 2019. godine u organizaciji d\u017eemata \u201cSabah\u201d iz Nijmegena u Holandiji, uprili\u010dena je ve\u010der Kur\u2019ana na kojoj se oglasila i ulema. Muftija IZ-e Bo\u0161njaka u Evropi dr. Osman ef. Kozli\u0107 zahvalio je Bo\u0161njacima koji su do\u0161li iz raznih krajeva Evrope i uveli\u010dali skup, a onda je u svom obra\u0107anju istakao va\u017enost jedinstva [&hellip;]\" \/>\n<meta property=\"og:url\" content=\"https:\/\/sandzakpress.net\/arhiva\/razbijacima-iz-e-zabranjeno-djelovanje-i-u-dijaspori\/\" \/>\n<meta property=\"og:site_name\" content=\"Sand\u017eak PRESS\" \/>\n<meta property=\"article:published_time\" content=\"2019-04-07T15:10:18+00:00\" \/>\n<meta property=\"og:image\" content=\"https:\/\/sandzakpress.net\/arhiva\/wp-content\/uploads\/2019\/04\/IMG-6b7bfac7202192c185a3aa574bb828d5-V-1-661x1024.jpg\" \/>\n\t<meta property=\"og:image:width\" content=\"661\" \/>\n\t<meta property=\"og:image:height\" content=\"1024\" \/>\n\t<meta property=\"og:image:type\" content=\"image\/jpeg\" \/>\n<meta name=\"author\" content=\"Agencija\" \/>\n<meta name=\"twitter:card\" content=\"summary_large_image\" \/>\n<meta name=\"twitter:label1\" content=\"Written by\" \/>\n\t<meta name=\"twitter:data1\" content=\"Agencija\" \/>\n\t<meta name=\"twitter:label2\" content=\"Est. reading time\" \/>\n\t<meta name=\"twitter:data2\" content=\"2 minute\" \/>\n<script type=\"application\/ld+json\" class=\"yoast-schema-graph\">{\"@context\":\"https:\/\/schema.org\",\"@graph\":[{\"@type\":\"Article\",\"@id\":\"https:\/\/sandzakpress.net\/arhiva\/razbijacima-iz-e-zabranjeno-djelovanje-i-u-dijaspori\/#article\",\"isPartOf\":{\"@id\":\"https:\/\/sandzakpress.net\/arhiva\/razbijacima-iz-e-zabranjeno-djelovanje-i-u-dijaspori\/\"},\"author\":{\"name\":\"Agencija\",\"@id\":\"https:\/\/sandzakpress.net\/arhiva\/#\/schema\/person\/cb59d7e3ab91ab90dd680ad0305a6185\"},\"headline\":\"Razbija\u010dima IZ-e zabranjeno djelovanje i u Dijaspori\",\"datePublished\":\"2019-04-07T15:10:18+00:00\",\"mainEntityOfPage\":{\"@id\":\"https:\/\/sandzakpress.net\/arhiva\/razbijacima-iz-e-zabranjeno-djelovanje-i-u-dijaspori\/\"},\"wordCount\":407,\"commentCount\":0,\"publisher\":{\"@id\":\"https:\/\/sandzakpress.net\/arhiva\/#\/schema\/person\/6e72b67d6e51910a1117b3b483ba20bd\"},\"image\":{\"@id\":\"https:\/\/sandzakpress.net\/arhiva\/razbijacima-iz-e-zabranjeno-djelovanje-i-u-dijaspori\/#primaryimage\"},\"thumbnailUrl\":\"https:\/\/sandzakpress.net\/arhiva\/wp-content\/uploads\/2019\/04\/IMG-6b7bfac7202192c185a3aa574bb828d5-V-1-661x1024.jpg\",\"articleSection\":[\"Novi Pazar\",\"Njema\u010dka\",\"Austrija\",\"Islamska zajednica\",\"VIJESTI DANA\",\"NAJNOVIJE\",\"Sand\u017eak\",\"Evropa\"],\"inLanguage\":\"bs-BA\",\"potentialAction\":[{\"@type\":\"CommentAction\",\"name\":\"Comment\",\"target\":[\"https:\/\/sandzakpress.net\/arhiva\/razbijacima-iz-e-zabranjeno-djelovanje-i-u-dijaspori\/#respond\"]}]},{\"@type\":\"WebPage\",\"@id\":\"https:\/\/sandzakpress.net\/arhiva\/razbijacima-iz-e-zabranjeno-djelovanje-i-u-dijaspori\/\",\"url\":\"https:\/\/sandzakpress.net\/arhiva\/razbijacima-iz-e-zabranjeno-djelovanje-i-u-dijaspori\/\",\"name\":\"Razbija\u010dima IZ-e zabranjeno djelovanje i u Dijaspori\",\"isPartOf\":{\"@id\":\"https:\/\/sandzakpress.net\/arhiva\/#website\"},\"primaryImageOfPage\":{\"@id\":\"https:\/\/sandzakpress.net\/arhiva\/razbijacima-iz-e-zabranjeno-djelovanje-i-u-dijaspori\/#primaryimage\"},\"image\":{\"@id\":\"https:\/\/sandzakpress.net\/arhiva\/razbijacima-iz-e-zabranjeno-djelovanje-i-u-dijaspori\/#primaryimage\"},\"thumbnailUrl\":\"https:\/\/sandzakpress.net\/arhiva\/wp-content\/uploads\/2019\/04\/IMG-6b7bfac7202192c185a3aa574bb828d5-V-1-661x1024.jpg\",\"datePublished\":\"2019-04-07T15:10:18+00:00\",\"breadcrumb\":{\"@id\":\"https:\/\/sandzakpress.net\/arhiva\/razbijacima-iz-e-zabranjeno-djelovanje-i-u-dijaspori\/#breadcrumb\"},\"inLanguage\":\"bs-BA\",\"potentialAction\":[{\"@type\":\"ReadAction\",\"target\":[\"https:\/\/sandzakpress.net\/arhiva\/razbijacima-iz-e-zabranjeno-djelovanje-i-u-dijaspori\/\"]}]},{\"@type\":\"ImageObject\",\"inLanguage\":\"bs-BA\",\"@id\":\"https:\/\/sandzakpress.net\/arhiva\/razbijacima-iz-e-zabranjeno-djelovanje-i-u-dijaspori\/#primaryimage\",\"url\":\"https:\/\/sandzakpress.net\/arhiva\/wp-content\/uploads\/2019\/04\/IMG-6b7bfac7202192c185a3aa574bb828d5-V-1-661x1024.jpg\",\"contentUrl\":\"https:\/\/sandzakpress.net\/arhiva\/wp-content\/uploads\/2019\/04\/IMG-6b7bfac7202192c185a3aa574bb828d5-V-1-661x1024.jpg\",\"width\":661,\"height\":1024},{\"@type\":\"BreadcrumbList\",\"@id\":\"https:\/\/sandzakpress.net\/arhiva\/razbijacima-iz-e-zabranjeno-djelovanje-i-u-dijaspori\/#breadcrumb\",\"itemListElement\":[{\"@type\":\"ListItem\",\"position\":1,\"name\":\"Home\",\"item\":\"https:\/\/sandzakpress.net\/arhiva\/\"},{\"@type\":\"ListItem\",\"position\":2,\"name\":\"Razbija\u010dima IZ-e zabranjeno djelovanje i u Dijaspori\"}]},{\"@type\":\"WebSite\",\"@id\":\"https:\/\/sandzakpress.net\/arhiva\/#website\",\"url\":\"https:\/\/sandzakpress.net\/arhiva\/\",\"name\":\"Sand\u017eak PRESS\",\"description\":\"Prve elektronske novine u Sand\u017eaku\",\"publisher\":{\"@id\":\"https:\/\/sandzakpress.net\/arhiva\/#\/schema\/person\/6e72b67d6e51910a1117b3b483ba20bd\"},\"potentialAction\":[{\"@type\":\"SearchAction\",\"target\":{\"@type\":\"EntryPoint\",\"urlTemplate\":\"https:\/\/sandzakpress.net\/arhiva\/?s={search_term_string}\"},\"query-input\":{\"@type\":\"PropertyValueSpecification\",\"valueRequired\":true,\"valueName\":\"search_term_string\"}}],\"inLanguage\":\"bs-BA\"},{\"@type\":[\"Person\",\"Organization\"],\"@id\":\"https:\/\/sandzakpress.net\/arhiva\/#\/schema\/person\/6e72b67d6e51910a1117b3b483ba20bd\",\"name\":\"Kul\",\"image\":{\"@type\":\"ImageObject\",\"inLanguage\":\"bs-BA\",\"@id\":\"https:\/\/sandzakpress.net\/arhiva\/#\/schema\/person\/image\/\",\"url\":\"https:\/\/secure.gravatar.com\/avatar\/42263f39aa27ac04c43cab85c280eb2e?s=96&d=mm&r=pg\",\"contentUrl\":\"https:\/\/secure.gravatar.com\/avatar\/42263f39aa27ac04c43cab85c280eb2e?s=96&d=mm&r=pg\",\"caption\":\"Kul\"},\"logo\":{\"@id\":\"https:\/\/sandzakpress.net\/arhiva\/#\/schema\/person\/image\/\"}},{\"@type\":\"Person\",\"@id\":\"https:\/\/sandzakpress.net\/arhiva\/#\/schema\/person\/cb59d7e3ab91ab90dd680ad0305a6185\",\"name\":\"Agencija\",\"image\":{\"@type\":\"ImageObject\",\"inLanguage\":\"bs-BA\",\"@id\":\"https:\/\/sandzakpress.net\/arhiva\/#\/schema\/person\/image\/\",\"url\":\"https:\/\/secure.gravatar.com\/avatar\/4b7fafa80a22f0c2afe23966b3961fe0?s=96&d=mm&r=pg\",\"contentUrl\":\"https:\/\/secure.gravatar.com\/avatar\/4b7fafa80a22f0c2afe23966b3961fe0?s=96&d=mm&r=pg\",\"caption\":\"Agencija\"},\"url\":\"https:\/\/sandzakpress.net\/arhiva\/author\/agencija\/\"}]}<\/script>\n<!-- \/ Yoast SEO Premium plugin. -->","yoast_head_json":{"title":"Razbija\u010dima IZ-e zabranjeno djelovanje i u Dijaspori","robots":{"index":"index","follow":"follow","max-snippet":"max-snippet:-1","max-image-preview":"max-image-preview:large","max-video-preview":"max-video-preview:-1"},"canonical":"https:\/\/sandzakpress.net\/arhiva\/razbijacima-iz-e-zabranjeno-djelovanje-i-u-dijaspori\/","og_locale":"bs_BA","og_type":"article","og_title":"Razbija\u010dima IZ-e zabranjeno djelovanje i u Dijaspori","og_description":"U subotu, 6. aprila 2019. godine u organizaciji d\u017eemata \u201cSabah\u201d iz Nijmegena u Holandiji, uprili\u010dena je ve\u010der Kur\u2019ana na kojoj se oglasila i ulema. Muftija IZ-e Bo\u0161njaka u Evropi dr. Osman ef. Kozli\u0107 zahvalio je Bo\u0161njacima koji su do\u0161li iz raznih krajeva Evrope i uveli\u010dali skup, a onda je u svom obra\u0107anju istakao va\u017enost jedinstva [&hellip;]","og_url":"https:\/\/sandzakpress.net\/arhiva\/razbijacima-iz-e-zabranjeno-djelovanje-i-u-dijaspori\/","og_site_name":"Sand\u017eak PRESS","article_published_time":"2019-04-07T15:10:18+00:00","og_image":[{"width":661,"height":1024,"url":"https:\/\/sandzakpress.net\/arhiva\/wp-content\/uploads\/2019\/04\/IMG-6b7bfac7202192c185a3aa574bb828d5-V-1-661x1024.jpg","type":"image\/jpeg"}],"author":"Agencija","twitter_card":"summary_large_image","twitter_misc":{"Written by":"Agencija","Est. reading time":"2 minute"},"schema":{"@context":"https:\/\/schema.org","@graph":[{"@type":"Article","@id":"https:\/\/sandzakpress.net\/arhiva\/razbijacima-iz-e-zabranjeno-djelovanje-i-u-dijaspori\/#article","isPartOf":{"@id":"https:\/\/sandzakpress.net\/arhiva\/razbijacima-iz-e-zabranjeno-djelovanje-i-u-dijaspori\/"},"author":{"name":"Agencija","@id":"https:\/\/sandzakpress.net\/arhiva\/#\/schema\/person\/cb59d7e3ab91ab90dd680ad0305a6185"},"headline":"Razbija\u010dima IZ-e zabranjeno djelovanje i u Dijaspori","datePublished":"2019-04-07T15:10:18+00:00","mainEntityOfPage":{"@id":"https:\/\/sandzakpress.net\/arhiva\/razbijacima-iz-e-zabranjeno-djelovanje-i-u-dijaspori\/"},"wordCount":407,"commentCount":0,"publisher":{"@id":"https:\/\/sandzakpress.net\/arhiva\/#\/schema\/person\/6e72b67d6e51910a1117b3b483ba20bd"},"image":{"@id":"https:\/\/sandzakpress.net\/arhiva\/razbijacima-iz-e-zabranjeno-djelovanje-i-u-dijaspori\/#primaryimage"},"thumbnailUrl":"https:\/\/sandzakpress.net\/arhiva\/wp-content\/uploads\/2019\/04\/IMG-6b7bfac7202192c185a3aa574bb828d5-V-1-661x1024.jpg","articleSection":["Novi Pazar","Njema\u010dka","Austrija","Islamska zajednica","VIJESTI DANA","NAJNOVIJE","Sand\u017eak","Evropa"],"inLanguage":"bs-BA","potentialAction":[{"@type":"CommentAction","name":"Comment","target":["https:\/\/sandzakpress.net\/arhiva\/razbijacima-iz-e-zabranjeno-djelovanje-i-u-dijaspori\/#respond"]}]},{"@type":"WebPage","@id":"https:\/\/sandzakpress.net\/arhiva\/razbijacima-iz-e-zabranjeno-djelovanje-i-u-dijaspori\/","url":"https:\/\/sandzakpress.net\/arhiva\/razbijacima-iz-e-zabranjeno-djelovanje-i-u-dijaspori\/","name":"Razbija\u010dima IZ-e zabranjeno djelovanje i u Dijaspori","isPartOf":{"@id":"https:\/\/sandzakpress.net\/arhiva\/#website"},"primaryImageOfPage":{"@id":"https:\/\/sandzakpress.net\/arhiva\/razbijacima-iz-e-zabranjeno-djelovanje-i-u-dijaspori\/#primaryimage"},"image":{"@id":"https:\/\/sandzakpress.net\/arhiva\/razbijacima-iz-e-zabranjeno-djelovanje-i-u-dijaspori\/#primaryimage"},"thumbnailUrl":"https:\/\/sandzakpress.net\/arhiva\/wp-content\/uploads\/2019\/04\/IMG-6b7bfac7202192c185a3aa574bb828d5-V-1-661x1024.jpg","datePublished":"2019-04-07T15:10:18+00:00","breadcrumb":{"@id":"https:\/\/sandzakpress.net\/arhiva\/razbijacima-iz-e-zabranjeno-djelovanje-i-u-dijaspori\/#breadcrumb"},"inLanguage":"bs-BA","potentialAction":[{"@type":"ReadAction","target":["https:\/\/sandzakpress.net\/arhiva\/razbijacima-iz-e-zabranjeno-djelovanje-i-u-dijaspori\/"]}]},{"@type":"ImageObject","inLanguage":"bs-BA","@id":"https:\/\/sandzakpress.net\/arhiva\/razbijacima-iz-e-zabranjeno-djelovanje-i-u-dijaspori\/#primaryimage","url":"https:\/\/sandzakpress.net\/arhiva\/wp-content\/uploads\/2019\/04\/IMG-6b7bfac7202192c185a3aa574bb828d5-V-1-661x1024.jpg","contentUrl":"https:\/\/sandzakpress.net\/arhiva\/wp-content\/uploads\/2019\/04\/IMG-6b7bfac7202192c185a3aa574bb828d5-V-1-661x1024.jpg","width":661,"height":1024},{"@type":"BreadcrumbList","@id":"https:\/\/sandzakpress.net\/arhiva\/razbijacima-iz-e-zabranjeno-djelovanje-i-u-dijaspori\/#breadcrumb","itemListElement":[{"@type":"ListItem","position":1,"name":"Home","item":"https:\/\/sandzakpress.net\/arhiva\/"},{"@type":"ListItem","position":2,"name":"Razbija\u010dima IZ-e zabranjeno djelovanje i u Dijaspori"}]},{"@type":"WebSite","@id":"https:\/\/sandzakpress.net\/arhiva\/#website","url":"https:\/\/sandzakpress.net\/arhiva\/","name":"Sand\u017eak PRESS","description":"Prve elektronske novine u Sand\u017eaku","publisher":{"@id":"https:\/\/sandzakpress.net\/arhiva\/#\/schema\/person\/6e72b67d6e51910a1117b3b483ba20bd"},"potentialAction":[{"@type":"SearchAction","target":{"@type":"EntryPoint","urlTemplate":"https:\/\/sandzakpress.net\/arhiva\/?s={search_term_string}"},"query-input":{"@type":"PropertyValueSpecification","valueRequired":true,"valueName":"search_term_string"}}],"inLanguage":"bs-BA"},{"@type":["Person","Organization"],"@id":"https:\/\/sandzakpress.net\/arhiva\/#\/schema\/person\/6e72b67d6e51910a1117b3b483ba20bd","name":"Kul","image":{"@type":"ImageObject","inLanguage":"bs-BA","@id":"https:\/\/sandzakpress.net\/arhiva\/#\/schema\/person\/image\/","url":"https:\/\/secure.gravatar.com\/avatar\/42263f39aa27ac04c43cab85c280eb2e?s=96&d=mm&r=pg","contentUrl":"https:\/\/secure.gravatar.com\/avatar\/42263f39aa27ac04c43cab85c280eb2e?s=96&d=mm&r=pg","caption":"Kul"},"logo":{"@id":"https:\/\/sandzakpress.net\/arhiva\/#\/schema\/person\/image\/"}},{"@type":"Person","@id":"https:\/\/sandzakpress.net\/arhiva\/#\/schema\/person\/cb59d7e3ab91ab90dd680ad0305a6185","name":"Agencija","image":{"@type":"ImageObject","inLanguage":"bs-BA","@id":"https:\/\/sandzakpress.net\/arhiva\/#\/schema\/person\/image\/","url":"https:\/\/secure.gravatar.com\/avatar\/4b7fafa80a22f0c2afe23966b3961fe0?s=96&d=mm&r=pg","contentUrl":"https:\/\/secure.gravatar.com\/avatar\/4b7fafa80a22f0c2afe23966b3961fe0?s=96&d=mm&r=pg","caption":"Agencija"},"url":"https:\/\/sandzakpress.net\/arhiva\/author\/agencija\/"}]}},"_links":{"self":[{"href":"https:\/\/sandzakpress.net\/arhiva\/wp-json\/wp\/v2\/posts\/221169"}],"collection":[{"href":"https:\/\/sandzakpress.net\/arhiva\/wp-json\/wp\/v2\/posts"}],"about":[{"href":"https:\/\/sandzakpress.net\/arhiva\/wp-json\/wp\/v2\/types\/post"}],"author":[{"embeddable":true,"href":"https:\/\/sandzakpress.net\/arhiva\/wp-json\/wp\/v2\/users\/509"}],"replies":[{"embeddable":true,"href":"https:\/\/sandzakpress.net\/arhiva\/wp-json\/wp\/v2\/comments?post=221169"}],"version-history":[{"count":0,"href":"https:\/\/sandzakpress.net\/arhiva\/wp-json\/wp\/v2\/posts\/221169\/revisions"}],"wp:featuredmedia":[{"embeddable":true,"href":"https:\/\/sandzakpress.net\/arhiva\/wp-json\/wp\/v2\/media\/221170"}],"wp:attachment":[{"href":"https:\/\/sandzakpress.net\/arhiva\/wp-json\/wp\/v2\/media?parent=221169"}],"wp:term":[{"taxonomy":"category","embeddable":true,"href":"https:\/\/sandzakpress.net\/arhiva\/wp-json\/wp\/v2\/categories?post=221169"},{"taxonomy":"post_tag","embeddable":true,"href":"https:\/\/sandzakpress.net\/arhiva\/wp-json\/wp\/v2\/tags?post=221169"}],"curies":[{"name":"wp","href":"https:\/\/api.w.org\/{rel}","templated":true}]}}